{"id":14788,"date":"2016-12-05T17:01:41","date_gmt":"2016-12-05T17:01:41","guid":{"rendered":"http:\/\/www.psol50.org.br\/?p=14788"},"modified":"2016-12-05T17:01:41","modified_gmt":"2016-12-05T17:01:41","slug":"rosa-weber-nega-pedido-de-temer-e-mantem-acao-do-psol-e-intervozes-contra-concessoes-a-politicos","status":"publish","type":"post","link":"https:\/\/psol50.org.br\/rosa-weber-nega-pedido-de-temer-e-mantem-acao-do-psol-e-intervozes-contra-concessoes-a-politicos\/","title":{"rendered":"Rosa Weber nega pedido de Temer e mant\u00e9m a\u00e7\u00e3o do PSOL e Intervozes contra concess\u00f5es a pol\u00edticos"},"content":{"rendered":"<p>A Ministra Rosa Weber, do Supremo Tribunal Federal (STF), rejeitou na \u00faltima semana o <span style=\"color: #3366ff\"><strong><a style=\"color: #3366ff\" href=\"http:\/\/www.psol50.org.br\/blog\/2016\/11\/23\/psol-questiona-temer-contra-concessoes-de-radiodifusao-a-politicos\/\" target=\"_blank\" rel=\"noopener\">pedido do presidente Michel Temer<\/a><\/strong><\/span> para suspender a a\u00e7\u00e3o, movida pelo PSOL junto ao coletivo de direito \u00e0 comunica\u00e7\u00e3o Intervozes, para cassar concess\u00f5es de r\u00e1dio e TV para pol\u00edticos.<\/p>\n<p>J\u00e1 h\u00e1 duas Argui\u00e7\u00f5es de\u00a0Descumprimento de Preceito Fundamental (ADPFs) no Supremo, ambas fruto de a\u00e7\u00f5es assinadas pelo PSOL. Quem relata \u00e9 o Ministro Gilmar Mendes. O pedido de Temer, enviado em novembro, foi feito pela Advocacia-Geral da Uni\u00e3o (AGU).<\/p>\n<p>Apenas neste ano, tr\u00eas concess\u00f5es de radiodifus\u00e3o que estavam nas m\u00e3os de pol\u00edticos foram desfeitas. Ap\u00f3s a\u00e7\u00e3o do Minist\u00e9rio P\u00fablico Federal (MPF) de S\u00e3o Paulo, os deputados federais Baleia Rossi (PMDB), Beto Mansur (PRB) e Ant\u00f4nio Bulh\u00f5es (PRB) tiveram suas concess\u00f5es cassadas. <strong><span style=\"color: #3366ff\"><a style=\"color: #3366ff\" href=\"http:\/\/intervozes.org.br\/mpf-recebera-representacao-contra-politicos-donos-de-radio-e-tv\/\" target=\"_blank\" rel=\"noopener\">A lista de concession\u00e1rios com mandato, por\u00e9m, \u00e9 longa.<\/a><\/span><\/strong><\/p>\n<p>A \u00faltima a\u00e7\u00e3o do PSOL e Intervozes foi feita em dezembro de 2015 e j\u00e1 teve <span style=\"color: #3366ff\"><strong><a style=\"color: #3366ff\" href=\"http:\/\/www.psol50.org.br\/blog\/2016\/08\/26\/janot-concorda-com-acao-do-psol-e-pede-veto-a-concessoes-de-radio-e-tv-a-politicos\/\" target=\"_blank\" rel=\"noopener\">parecer favor\u00e1vel do procurador-geral da Rep\u00fablica<\/a><\/strong><\/span>, Rodrigo Janot.\u00a0Para ele, detentores de mandatos eletivos n\u00e3o podem ter qualquer tipo de participa\u00e7\u00e3o, inclusive indireta, em empresas de radiodifus\u00e3o, j\u00e1 que dependem de concess\u00e3o p\u00fablica para funcionar.<\/p>\n<p>A Constitui\u00e7\u00e3o \u00e9 expl\u00edcita sobre a proibi\u00e7\u00e3o de recebimento de concess\u00f5es de radiodifus\u00e3o a pol\u00edticos com mandatos eletivos. Na a\u00e7\u00e3o, o PSOL pede o cancelamento das outorgas de emissoras aos parlamentares. Um dos advogados respons\u00e1veis pela a\u00e7\u00e3o, Br\u00e1ulio Ara\u00fajo, afirmou \u00e0 \u00e9poca:\u00a0\u201cN\u00f3s entendemos, nesse caso, que existe uma viola\u00e7\u00e3o clara em rela\u00e7\u00e3o \u00e0 legisla\u00e7\u00e3o visto que a fun\u00e7\u00e3o da imprensa \u00e9 de justamente controlar o exerc\u00edcio do poder p\u00fablico e, por isso, precisa ter autonomia\u201d.<\/p>\n","protected":false},"excerpt":{"rendered":"<p>A Ministra Rosa Weber, do Supremo Tribunal Federal (STF), rejeitou na \u00faltima semana o pedido do presidente Michel Temer para suspender a a\u00e7\u00e3o, movida pelo PSOL junto ao coletivo de direito \u00e0 comunica\u00e7\u00e3o Intervozes, para cassar concess\u00f5es de r\u00e1dio e TV para pol\u00edticos. J\u00e1 h\u00e1 duas Argui\u00e7\u00f5es de\u00a0Descumprimento de Preceito Fundamental (ADPFs) no Supremo, ambas [&hellip;]<\/p>\n","protected":false},"author":2,"featured_media":14793,"comment_status":"open","ping_status":"open","sticky":false,"template":"","format":"standard","meta":{"_acf_changed":false,"footnotes":""},"categories":[1882,1104,6],"tags":[4708,860,1410,578,45],"class_list":{"0":"post-14788","1":"post","2":"type-post","3":"status-publish","4":"format-standard","5":"has-post-thumbnail","7":"category-brasil","8":"category-movimento","9":"category-noticias","10":"tag-direito-a-comunicacao","11":"tag-intervozes","12":"tag-politicos-donos-da-midia","13":"tag-rosa-weber","14":"tag-stf"},"acf":[],"yoast_head":"<!-- This site is optimized with the Yoast SEO plugin v26.5 - https:\/\/yoast.com\/wordpress\/plugins\/seo\/ -->\n<title>Rosa Weber nega pedido de Temer e mant\u00e9m a\u00e7\u00e3o do PSOL e Intervozes contra concess\u00f5es a pol\u00edticos - PSOL 50<\/title>\n<meta name=\"robots\" content=\"index, follow, max-snippet:-1, max-image-preview:large, max-video-preview:-1\" \/>\n<link rel=\"canonical\" href=\"https:\/\/psol50.org.br\/rosa-weber-nega-pedido-de-temer-e-mantem-acao-do-psol-e-intervozes-contra-concessoes-a-politicos\/\" \/>\n<meta property=\"og:locale\" content=\"pt_BR\" \/>\n<meta property=\"og:type\" content=\"article\" \/>\n<meta property=\"og:title\" content=\"Rosa Weber nega pedido de Temer e mant\u00e9m a\u00e7\u00e3o do PSOL e Intervozes contra concess\u00f5es a pol\u00edticos - PSOL 50\" \/>\n<meta property=\"og:description\" content=\"A Ministra Rosa Weber, do Supremo Tribunal Federal (STF), rejeitou na \u00faltima semana o pedido do presidente Michel Temer para suspender a a\u00e7\u00e3o, movida pelo PSOL junto ao coletivo de direito \u00e0 comunica\u00e7\u00e3o Intervozes, para cassar concess\u00f5es de r\u00e1dio e TV para pol\u00edticos. J\u00e1 h\u00e1 duas Argui\u00e7\u00f5es de\u00a0Descumprimento de Preceito Fundamental (ADPFs) no Supremo, ambas [&hellip;]\" \/>\n<meta property=\"og:url\" content=\"https:\/\/psol50.org.br\/rosa-weber-nega-pedido-de-temer-e-mantem-acao-do-psol-e-intervozes-contra-concessoes-a-politicos\/\" \/>\n<meta property=\"og:site_name\" content=\"PSOL 50\" \/>\n<meta property=\"article:publisher\" content=\"https:\/\/www.facebook.com\/psol50\" \/>\n<meta property=\"article:published_time\" content=\"2016-12-05T17:01:41+00:00\" \/>\n<meta property=\"og:image\" content=\"https:\/\/psol50.org.br\/inc\/uploads\/2018\/07\/capa.png\" \/>\n\t<meta property=\"og:image:width\" content=\"1350\" \/>\n\t<meta property=\"og:image:height\" content=\"900\" \/>\n\t<meta property=\"og:image:type\" content=\"image\/png\" \/>\n<meta name=\"author\" content=\"Comunica\u00e7\u00e3o PSOL\" \/>\n<meta name=\"twitter:card\" content=\"summary_large_image\" \/>\n<meta name=\"twitter:creator\" content=\"@psol50\" \/>\n<meta name=\"twitter:site\" content=\"@psol50\" \/>\n<meta name=\"twitter:label1\" content=\"Escrito por\" \/>\n\t<meta name=\"twitter:data1\" content=\"Comunica\u00e7\u00e3o PSOL\" \/>\n\t<meta name=\"twitter:label2\" content=\"Est. tempo de leitura\" \/>\n\t<meta name=\"twitter:data2\" content=\"2 minutos\" \/>\n<script type=\"application\/ld+json\" class=\"yoast-schema-graph\">{\"@context\":\"https:\/\/schema.org\",\"@graph\":[{\"@type\":\"Article\",\"@id\":\"https:\/\/psol50.org.br\/rosa-weber-nega-pedido-de-temer-e-mantem-acao-do-psol-e-intervozes-contra-concessoes-a-politicos\/#article\",\"isPartOf\":{\"@id\":\"https:\/\/psol50.org.br\/rosa-weber-nega-pedido-de-temer-e-mantem-acao-do-psol-e-intervozes-contra-concessoes-a-politicos\/\"},\"author\":{\"name\":\"Comunica\u00e7\u00e3o PSOL\",\"@id\":\"https:\/\/psol50.org.br\/#\/schema\/person\/475dfa57d0b815993c714c2e96491fcd\"},\"headline\":\"Rosa Weber nega pedido de Temer e mant\u00e9m a\u00e7\u00e3o do PSOL e Intervozes contra concess\u00f5es a pol\u00edticos\",\"datePublished\":\"2016-12-05T17:01:41+00:00\",\"mainEntityOfPage\":{\"@id\":\"https:\/\/psol50.org.br\/rosa-weber-nega-pedido-de-temer-e-mantem-acao-do-psol-e-intervozes-contra-concessoes-a-politicos\/\"},\"wordCount\":323,\"commentCount\":0,\"publisher\":{\"@id\":\"https:\/\/psol50.org.br\/#organization\"},\"image\":{\"@id\":\"https:\/\/psol50.org.br\/rosa-weber-nega-pedido-de-temer-e-mantem-acao-do-psol-e-intervozes-contra-concessoes-a-politicos\/#primaryimage\"},\"thumbnailUrl\":\"\",\"keywords\":[\"Direito \u00e0 comunica\u00e7\u00e3o\",\"Intervozes\",\"pol\u00edticos donos da m\u00eddia\",\"Rosa Weber\",\"STF\"],\"articleSection\":[\"Brasil\",\"Movimento\",\"Not\u00edcias\"],\"inLanguage\":\"pt-BR\",\"potentialAction\":[{\"@type\":\"CommentAction\",\"name\":\"Comment\",\"target\":[\"https:\/\/psol50.org.br\/rosa-weber-nega-pedido-de-temer-e-mantem-acao-do-psol-e-intervozes-contra-concessoes-a-politicos\/#respond\"]}]},{\"@type\":\"WebPage\",\"@id\":\"https:\/\/psol50.org.br\/rosa-weber-nega-pedido-de-temer-e-mantem-acao-do-psol-e-intervozes-contra-concessoes-a-politicos\/\",\"url\":\"https:\/\/psol50.org.br\/rosa-weber-nega-pedido-de-temer-e-mantem-acao-do-psol-e-intervozes-contra-concessoes-a-politicos\/\",\"name\":\"Rosa Weber nega pedido de Temer e mant\u00e9m a\u00e7\u00e3o do PSOL e Intervozes contra concess\u00f5es a pol\u00edticos - PSOL 50\",\"isPartOf\":{\"@id\":\"https:\/\/psol50.org.br\/#website\"},\"primaryImageOfPage\":{\"@id\":\"https:\/\/psol50.org.br\/rosa-weber-nega-pedido-de-temer-e-mantem-acao-do-psol-e-intervozes-contra-concessoes-a-politicos\/#primaryimage\"},\"image\":{\"@id\":\"https:\/\/psol50.org.br\/rosa-weber-nega-pedido-de-temer-e-mantem-acao-do-psol-e-intervozes-contra-concessoes-a-politicos\/#primaryimage\"},\"thumbnailUrl\":\"\",\"datePublished\":\"2016-12-05T17:01:41+00:00\",\"breadcrumb\":{\"@id\":\"https:\/\/psol50.org.br\/rosa-weber-nega-pedido-de-temer-e-mantem-acao-do-psol-e-intervozes-contra-concessoes-a-politicos\/#breadcrumb\"},\"inLanguage\":\"pt-BR\",\"potentialAction\":[{\"@type\":\"ReadAction\",\"target\":[\"https:\/\/psol50.org.br\/rosa-weber-nega-pedido-de-temer-e-mantem-acao-do-psol-e-intervozes-contra-concessoes-a-politicos\/\"]}]},{\"@type\":\"ImageObject\",\"inLanguage\":\"pt-BR\",\"@id\":\"https:\/\/psol50.org.br\/rosa-weber-nega-pedido-de-temer-e-mantem-acao-do-psol-e-intervozes-contra-concessoes-a-politicos\/#primaryimage\",\"url\":\"\",\"contentUrl\":\"\"},{\"@type\":\"BreadcrumbList\",\"@id\":\"https:\/\/psol50.org.br\/rosa-weber-nega-pedido-de-temer-e-mantem-acao-do-psol-e-intervozes-contra-concessoes-a-politicos\/#breadcrumb\",\"itemListElement\":[{\"@type\":\"ListItem\",\"position\":1,\"name\":\"In\u00edcio\",\"item\":\"https:\/\/psol50.org.br\/\"},{\"@type\":\"ListItem\",\"position\":2,\"name\":\"Rosa Weber nega pedido de Temer e mant\u00e9m a\u00e7\u00e3o do PSOL e Intervozes contra concess\u00f5es a pol\u00edticos\"}]},{\"@type\":\"WebSite\",\"@id\":\"https:\/\/psol50.org.br\/#website\",\"url\":\"https:\/\/psol50.org.br\/\",\"name\":\"PSOL 50\",\"description\":\"Site oficial do Partido Socialismo e Liberdade\",\"publisher\":{\"@id\":\"https:\/\/psol50.org.br\/#organization\"},\"alternateName\":\"PSOL50\",\"potentialAction\":[{\"@type\":\"SearchAction\",\"target\":{\"@type\":\"EntryPoint\",\"urlTemplate\":\"https:\/\/psol50.org.br\/?s={search_term_string}\"},\"query-input\":{\"@type\":\"PropertyValueSpecification\",\"valueRequired\":true,\"valueName\":\"search_term_string\"}}],\"inLanguage\":\"pt-BR\"},{\"@type\":\"Organization\",\"@id\":\"https:\/\/psol50.org.br\/#organization\",\"name\":\"PSOL 50\",\"alternateName\":\"PSOL 50\",\"url\":\"https:\/\/psol50.org.br\/\",\"logo\":{\"@type\":\"ImageObject\",\"inLanguage\":\"pt-BR\",\"@id\":\"https:\/\/psol50.org.br\/#\/schema\/logo\/image\/\",\"url\":\"https:\/\/psol50.org.br\/inc\/uploads\/2018\/07\/capa.png\",\"contentUrl\":\"https:\/\/psol50.org.br\/inc\/uploads\/2018\/07\/capa.png\",\"width\":1350,\"height\":900,\"caption\":\"PSOL 50\"},\"image\":{\"@id\":\"https:\/\/psol50.org.br\/#\/schema\/logo\/image\/\"},\"sameAs\":[\"https:\/\/www.facebook.com\/psol50\",\"https:\/\/x.com\/psol50\",\"https:\/\/www.instagram.com\/psol50\/\",\"https:\/\/www.youtube.com\/channel\/UC7SnJS5o1os7a6CaiNabzcg\"]},{\"@type\":\"Person\",\"@id\":\"https:\/\/psol50.org.br\/#\/schema\/person\/475dfa57d0b815993c714c2e96491fcd\",\"name\":\"Comunica\u00e7\u00e3o PSOL\",\"image\":{\"@type\":\"ImageObject\",\"inLanguage\":\"pt-BR\",\"@id\":\"https:\/\/psol50.org.br\/#\/schema\/person\/image\/\",\"url\":\"https:\/\/secure.gravatar.com\/avatar\/b34fc4f4e468a4e51785917065a3db57b841f5c95dba6ad8c73aaf8f66f8f9bf?s=96&d=mm&r=g\",\"contentUrl\":\"https:\/\/secure.gravatar.com\/avatar\/b34fc4f4e468a4e51785917065a3db57b841f5c95dba6ad8c73aaf8f66f8f9bf?s=96&d=mm&r=g\",\"caption\":\"Comunica\u00e7\u00e3o PSOL\"}}]}<\/script>\n<!-- \/ Yoast SEO plugin. -->","yoast_head_json":{"title":"Rosa Weber nega pedido de Temer e mant\u00e9m a\u00e7\u00e3o do PSOL e Intervozes contra concess\u00f5es a pol\u00edticos - PSOL 50","robots":{"index":"index","follow":"follow","max-snippet":"max-snippet:-1","max-image-preview":"max-image-preview:large","max-video-preview":"max-video-preview:-1"},"canonical":"https:\/\/psol50.org.br\/rosa-weber-nega-pedido-de-temer-e-mantem-acao-do-psol-e-intervozes-contra-concessoes-a-politicos\/","og_locale":"pt_BR","og_type":"article","og_title":"Rosa Weber nega pedido de Temer e mant\u00e9m a\u00e7\u00e3o do PSOL e Intervozes contra concess\u00f5es a pol\u00edticos - PSOL 50","og_description":"A Ministra Rosa Weber, do Supremo Tribunal Federal (STF), rejeitou na \u00faltima semana o pedido do presidente Michel Temer para suspender a a\u00e7\u00e3o, movida pelo PSOL junto ao coletivo de direito \u00e0 comunica\u00e7\u00e3o Intervozes, para cassar concess\u00f5es de r\u00e1dio e TV para pol\u00edticos. J\u00e1 h\u00e1 duas Argui\u00e7\u00f5es de\u00a0Descumprimento de Preceito Fundamental (ADPFs) no Supremo, ambas [&hellip;]","og_url":"https:\/\/psol50.org.br\/rosa-weber-nega-pedido-de-temer-e-mantem-acao-do-psol-e-intervozes-contra-concessoes-a-politicos\/","og_site_name":"PSOL 50","article_publisher":"https:\/\/www.facebook.com\/psol50","article_published_time":"2016-12-05T17:01:41+00:00","og_image":[{"width":1350,"height":900,"url":"https:\/\/psol50.org.br\/inc\/uploads\/2018\/07\/capa.png","type":"image\/png"}],"author":"Comunica\u00e7\u00e3o PSOL","twitter_card":"summary_large_image","twitter_creator":"@psol50","twitter_site":"@psol50","twitter_misc":{"Escrito por":"Comunica\u00e7\u00e3o PSOL","Est. tempo de leitura":"2 minutos"},"schema":{"@context":"https:\/\/schema.org","@graph":[{"@type":"Article","@id":"https:\/\/psol50.org.br\/rosa-weber-nega-pedido-de-temer-e-mantem-acao-do-psol-e-intervozes-contra-concessoes-a-politicos\/#article","isPartOf":{"@id":"https:\/\/psol50.org.br\/rosa-weber-nega-pedido-de-temer-e-mantem-acao-do-psol-e-intervozes-contra-concessoes-a-politicos\/"},"author":{"name":"Comunica\u00e7\u00e3o PSOL","@id":"https:\/\/psol50.org.br\/#\/schema\/person\/475dfa57d0b815993c714c2e96491fcd"},"headline":"Rosa Weber nega pedido de Temer e mant\u00e9m a\u00e7\u00e3o do PSOL e Intervozes contra concess\u00f5es a pol\u00edticos","datePublished":"2016-12-05T17:01:41+00:00","mainEntityOfPage":{"@id":"https:\/\/psol50.org.br\/rosa-weber-nega-pedido-de-temer-e-mantem-acao-do-psol-e-intervozes-contra-concessoes-a-politicos\/"},"wordCount":323,"commentCount":0,"publisher":{"@id":"https:\/\/psol50.org.br\/#organization"},"image":{"@id":"https:\/\/psol50.org.br\/rosa-weber-nega-pedido-de-temer-e-mantem-acao-do-psol-e-intervozes-contra-concessoes-a-politicos\/#primaryimage"},"thumbnailUrl":"","keywords":["Direito \u00e0 comunica\u00e7\u00e3o","Intervozes","pol\u00edticos donos da m\u00eddia","Rosa Weber","STF"],"articleSection":["Brasil","Movimento","Not\u00edcias"],"inLanguage":"pt-BR","potentialAction":[{"@type":"CommentAction","name":"Comment","target":["https:\/\/psol50.org.br\/rosa-weber-nega-pedido-de-temer-e-mantem-acao-do-psol-e-intervozes-contra-concessoes-a-politicos\/#respond"]}]},{"@type":"WebPage","@id":"https:\/\/psol50.org.br\/rosa-weber-nega-pedido-de-temer-e-mantem-acao-do-psol-e-intervozes-contra-concessoes-a-politicos\/","url":"https:\/\/psol50.org.br\/rosa-weber-nega-pedido-de-temer-e-mantem-acao-do-psol-e-intervozes-contra-concessoes-a-politicos\/","name":"Rosa Weber nega pedido de Temer e mant\u00e9m a\u00e7\u00e3o do PSOL e Intervozes contra concess\u00f5es a pol\u00edticos - PSOL 50","isPartOf":{"@id":"https:\/\/psol50.org.br\/#website"},"primaryImageOfPage":{"@id":"https:\/\/psol50.org.br\/rosa-weber-nega-pedido-de-temer-e-mantem-acao-do-psol-e-intervozes-contra-concessoes-a-politicos\/#primaryimage"},"image":{"@id":"https:\/\/psol50.org.br\/rosa-weber-nega-pedido-de-temer-e-mantem-acao-do-psol-e-intervozes-contra-concessoes-a-politicos\/#primaryimage"},"thumbnailUrl":"","datePublished":"2016-12-05T17:01:41+00:00","breadcrumb":{"@id":"https:\/\/psol50.org.br\/rosa-weber-nega-pedido-de-temer-e-mantem-acao-do-psol-e-intervozes-contra-concessoes-a-politicos\/#breadcrumb"},"inLanguage":"pt-BR","potentialAction":[{"@type":"ReadAction","target":["https:\/\/psol50.org.br\/rosa-weber-nega-pedido-de-temer-e-mantem-acao-do-psol-e-intervozes-contra-concessoes-a-politicos\/"]}]},{"@type":"ImageObject","inLanguage":"pt-BR","@id":"https:\/\/psol50.org.br\/rosa-weber-nega-pedido-de-temer-e-mantem-acao-do-psol-e-intervozes-contra-concessoes-a-politicos\/#primaryimage","url":"","contentUrl":""},{"@type":"BreadcrumbList","@id":"https:\/\/psol50.org.br\/rosa-weber-nega-pedido-de-temer-e-mantem-acao-do-psol-e-intervozes-contra-concessoes-a-politicos\/#breadcrumb","itemListElement":[{"@type":"ListItem","position":1,"name":"In\u00edcio","item":"https:\/\/psol50.org.br\/"},{"@type":"ListItem","position":2,"name":"Rosa Weber nega pedido de Temer e mant\u00e9m a\u00e7\u00e3o do PSOL e Intervozes contra concess\u00f5es a pol\u00edticos"}]},{"@type":"WebSite","@id":"https:\/\/psol50.org.br\/#website","url":"https:\/\/psol50.org.br\/","name":"PSOL 50","description":"Site oficial do Partido Socialismo e Liberdade","publisher":{"@id":"https:\/\/psol50.org.br\/#organization"},"alternateName":"PSOL50","potentialAction":[{"@type":"SearchAction","target":{"@type":"EntryPoint","urlTemplate":"https:\/\/psol50.org.br\/?s={search_term_string}"},"query-input":{"@type":"PropertyValueSpecification","valueRequired":true,"valueName":"search_term_string"}}],"inLanguage":"pt-BR"},{"@type":"Organization","@id":"https:\/\/psol50.org.br\/#organization","name":"PSOL 50","alternateName":"PSOL 50","url":"https:\/\/psol50.org.br\/","logo":{"@type":"ImageObject","inLanguage":"pt-BR","@id":"https:\/\/psol50.org.br\/#\/schema\/logo\/image\/","url":"https:\/\/psol50.org.br\/inc\/uploads\/2018\/07\/capa.png","contentUrl":"https:\/\/psol50.org.br\/inc\/uploads\/2018\/07\/capa.png","width":1350,"height":900,"caption":"PSOL 50"},"image":{"@id":"https:\/\/psol50.org.br\/#\/schema\/logo\/image\/"},"sameAs":["https:\/\/www.facebook.com\/psol50","https:\/\/x.com\/psol50","https:\/\/www.instagram.com\/psol50\/","https:\/\/www.youtube.com\/channel\/UC7SnJS5o1os7a6CaiNabzcg"]},{"@type":"Person","@id":"https:\/\/psol50.org.br\/#\/schema\/person\/475dfa57d0b815993c714c2e96491fcd","name":"Comunica\u00e7\u00e3o PSOL","image":{"@type":"ImageObject","inLanguage":"pt-BR","@id":"https:\/\/psol50.org.br\/#\/schema\/person\/image\/","url":"https:\/\/secure.gravatar.com\/avatar\/b34fc4f4e468a4e51785917065a3db57b841f5c95dba6ad8c73aaf8f66f8f9bf?s=96&d=mm&r=g","contentUrl":"https:\/\/secure.gravatar.com\/avatar\/b34fc4f4e468a4e51785917065a3db57b841f5c95dba6ad8c73aaf8f66f8f9bf?s=96&d=mm&r=g","caption":"Comunica\u00e7\u00e3o PSOL"}}]}},"_links":{"self":[{"href":"https:\/\/psol50.org.br\/rest\/wp\/v2\/posts\/14788","targetHints":{"allow":["GET"]}}],"collection":[{"href":"https:\/\/psol50.org.br\/rest\/wp\/v2\/posts"}],"about":[{"href":"https:\/\/psol50.org.br\/rest\/wp\/v2\/types\/post"}],"author":[{"embeddable":true,"href":"https:\/\/psol50.org.br\/rest\/wp\/v2\/users\/2"}],"replies":[{"embeddable":true,"href":"https:\/\/psol50.org.br\/rest\/wp\/v2\/comments?post=14788"}],"version-history":[{"count":0,"href":"https:\/\/psol50.org.br\/rest\/wp\/v2\/posts\/14788\/revisions"}],"wp:featuredmedia":[{"embeddable":true,"href":"https:\/\/psol50.org.br\/rest\/"}],"wp:attachment":[{"href":"https:\/\/psol50.org.br\/rest\/wp\/v2\/media?parent=14788"}],"wp:term":[{"taxonomy":"category","embeddable":true,"href":"https:\/\/psol50.org.br\/rest\/wp\/v2\/categories?post=14788"},{"taxonomy":"post_tag","embeddable":true,"href":"https:\/\/psol50.org.br\/rest\/wp\/v2\/tags?post=14788"}],"curies":[{"name":"wp","href":"https:\/\/api.w.org\/{rel}","templated":true}]}}