{"id":14794,"date":"2016-12-06T11:26:05","date_gmt":"2016-12-06T11:26:05","guid":{"rendered":"http:\/\/www.psol50.org.br\/?p=14794"},"modified":"2016-12-06T11:26:05","modified_gmt":"2016-12-06T11:26:05","slug":"renan-fora-da-presidencia-do-senado-agora-so-falta-temer","status":"publish","type":"post","link":"https:\/\/psol50.org.br\/renan-fora-da-presidencia-do-senado-agora-so-falta-temer\/","title":{"rendered":"Renan fora da Presid\u00eancia do Senado; agora s\u00f3 falta Temer"},"content":{"rendered":"<p>O senador Renan Calheiros (PMDB-AL), aliado de primeira hora do presidente ileg\u00edtimo Michel Temer, n\u00e3o estar\u00e1 mais \u00e0 frente do Senado Federal e tamb\u00e9m do Congresso Nacional. A decis\u00e3o foi do ministro do Supremo Tribunal Federal (STF) Marco Aur\u00e9lio, proferida nesta segunda-feira (05\/12), com o objetivo de afastar Calheiros do cargo da presidente. Marco Aur\u00e9lio atendeu a um pedido de liminar feito pela Rede Sustentabilidade\u00a0na manh\u00e3 o mesmo dia.<\/p>\n<p><em>Atualiza\u00e7\u00e3o (16h30): nesta tarde, a mesa-diretora do Senado decidiu por descumprir a liminar.<\/em><\/p>\n<p>O pedido de afastamento foi feito pelo partido ap\u00f3s a decis\u00e3o proferida pela Corte na semana passada, <span style=\"color: #0000ff\"><strong><a style=\"color: #0000ff\" href=\"http:\/\/www.psol50.org.br\/blog\/2016\/12\/02\/renan-calheiros-fiel-aliado-de-temer-e-considerado-reu-pelo-stf\/\" target=\"_blank\" rel=\"noopener\">que tornou Renan r\u00e9u pelo crime de peculat<\/a>o<\/strong><\/span>. De acordo com a legenda, a liminar era urgente porque o recesso no Supremo come\u00e7a no dia 19 de dezembro, e Renan deixar\u00e1 a presid\u00eancia no dia 1\u00ba de fevereiro do ano que vem, quando a Corte retorna ao trabalho.<\/p>\n<p>\u201cDefiro a liminar pleiteada. Fa\u00e7o-o para afastar n\u00e3o do exerc\u00edcio do mandato de Senador, outorgado pelo povo alagoano, mas do cargo de Presidente do Senado o senador Renan Calheiros\u201d, decidiu o ministro Marco Aur\u00e9lio.<\/p>\n<p>Segundo informa\u00e7\u00f5es da Ag\u00eancia Brasil, ainda na noite de ontem (5), <a href=\"http:\/\/agenciabrasil.ebc.com.br\/politica\/noticia\/2016-12\/renan-marca-para-amanha-recebimento-de-notificacao-oficial-sobre-decisao-do\" target=\"_blank\" rel=\"noopener\"><strong><span style=\"color: #0000ff\">um oficial de justi\u00e7a foi at\u00e9 a resid\u00eancia oficial de Calheiros, para notific\u00e1-lo oficialmente da decis\u00e3o do ministro do STF<\/span><\/strong><\/a>. No entanto, o oficial n\u00e3o foi recebido pelo senador, que marcou para que a medida fosse cumprida no final da manh\u00e3 desta ter\u00e7a-feira (06\/12), na pr\u00f3pria presid\u00eancia do Senado. De acordo com Luiz Bandeira, Secret\u00e1rio-Geral da Casa, ap\u00f3s as 18h o senador n\u00e3o era obrigado a receber a notifica\u00e7\u00e3o, podendo agendar para o dia seguinte. Calheiros prefere que a notifica\u00e7\u00e3o seja feita de forma p\u00fablica, de acordo com Bandeira.<\/p>\n<p>O PSOL, que foi autor do pedido de cassa\u00e7\u00e3o no Conselho de \u00c9tica da C\u00e2mara do ent\u00e3o presidente Eduardo Cunha, tamb\u00e9m sempre defendeu o afastamento de Renan Calheiros da presid\u00eancia do Senado para que as den\u00fancias contra ele fossem investigadas com isen\u00e7\u00e3o. O partido, em sua ainda breve hist\u00f3ria, nunca fugiu do combate \u00e0 corrup\u00e7\u00e3o. Para lembrar, em 2012, liderou o Fora Sarney. Em 2013, foi pelo Fora Renan, junto aos milh\u00f5es que estavam nas ruas em junho. No ano passado, liderou a trincheira contra Eduardo Cunha e seus desmandos. Agora, tamb\u00e9m est\u00e1 na luta pela sa\u00edda de Renan Calheiros, finalmente afastado do comando do Legislativo. S\u00f3 falta Michel Temer ser afastado do Pal\u00e1cio do Planalto.<\/p>\n<p>O l\u00edder do partido na C\u00e2mara, deputado Ivan Valente (SP), lembra que o afastamento de Renan \u00e9 consequ\u00eancia da queda de Eduardo Cunha, que levou o STF a analisar se r\u00e9us podem ou n\u00e3o estar na linha sucess\u00f3ria da Presid\u00eancia da Rep\u00fablica. O ministro\u00a0Dias Toffoli fez um pedido de vista em novembro quanto \u00e0 decis\u00e3o que j\u00e1 contava com o apoio da maioria dos ministros, mas a liminar recente de Marco Aur\u00e9lio joga press\u00e3o sobre o destino de Renan Calheiros.<\/p>\n<p>\u201cRenan vinha atuando em sinergia com o governo Temer. Com sua sa\u00edda da presid\u00eancia do Senado, o pr\u00f3prio Temer se enfraquece, perdendo um grande articulador. Veremos em breve que consequ\u00eancias isso trar\u00e1 para as reformas conservadoras da agenda de Temer, como a PEC 55 (antiga 241), a reforma da Previd\u00eancia, a reforma do ensino m\u00e9dio e a \u2018flexibiliza\u00e7\u00e3o\u2019 dos direitos trabalhistas. Seja com Renan ou sem, o PSOL far\u00e1 dura oposi\u00e7\u00e3o a todos estes retrocessos\u201d.<\/p>\n<p>Ainda na avalia\u00e7\u00e3o de Valente, Temer n\u00e3o aguentar\u00e1 de p\u00e9 por muito tempo. \u201cNada menos do que sete de seus ministros estariam implicadas na dela\u00e7\u00e3o da Odebrecht, e o pr\u00f3prio presidente usurpador deve ser citado. Como n\u00f3s j\u00e1 v\u00ednhamos alertando h\u00e1 muito tempo, este governo golpista n\u00e3o veio nem para combater a corrup\u00e7\u00e3o, nem para salvar a economia. A dela\u00e7\u00e3o das dela\u00e7\u00f5es vai desnudar o ataque brutal ao pa\u00eds que este governo ileg\u00edtimo significa\u201d. E, agora, o presidente ileg\u00edtimo perde o seu fiel aliado no Congresso Nacional, que tem conduzido muito bem, ao lado de Rodrigo Maia no comando da C\u00e2mara, as medidas que imp\u00f5em retrocessos \u00e0 classe trabalhadora, aos estudantes e a popula\u00e7\u00e3o mais empobrecida do pa\u00eds.<\/p>\n","protected":false},"excerpt":{"rendered":"<p>O senador Renan Calheiros (PMDB-AL), aliado de primeira hora do presidente ileg\u00edtimo Michel Temer, n\u00e3o estar\u00e1 mais \u00e0 frente do Senado Federal e tamb\u00e9m do Congresso Nacional. A decis\u00e3o foi do ministro do Supremo Tribunal Federal (STF) Marco Aur\u00e9lio, proferida nesta segunda-feira (05\/12), com o objetivo de afastar Calheiros do cargo da presidente. Marco Aur\u00e9lio [&hellip;]<\/p>\n","protected":false},"author":2,"featured_media":14795,"comment_status":"open","ping_status":"open","sticky":false,"template":"","format":"standard","meta":{"_acf_changed":false,"footnotes":""},"categories":[10,1882],"tags":[4709,4697,552,1748,4710,4711,22,3307,4076,4035,45],"class_list":{"0":"post-14794","1":"post","2":"type-post","3":"status-publish","4":"format-standard","5":"has-post-thumbnail","7":"category-acao-parlamentares","8":"category-brasil","9":"tag-afastado","10":"tag-crime-de-peculato","11":"tag-ivan-valente","12":"tag-michel-temer","13":"tag-ministro-marco-aurelio-melo","14":"tag-presidencia-do-senado","15":"tag-psol","16":"tag-rede-sustentabilidade","17":"tag-renan-calheiros","18":"tag-reu","19":"tag-stf"},"acf":[],"yoast_head":"<!-- This site is optimized with the Yoast SEO plugin v26.5 - https:\/\/yoast.com\/wordpress\/plugins\/seo\/ -->\n<title>Renan fora da Presid\u00eancia do Senado; agora s\u00f3 falta Temer - PSOL 50<\/title>\n<meta name=\"robots\" content=\"index, follow, max-snippet:-1, max-image-preview:large, max-video-preview:-1\" \/>\n<link rel=\"canonical\" href=\"https:\/\/psol50.org.br\/renan-fora-da-presidencia-do-senado-agora-so-falta-temer\/\" \/>\n<meta property=\"og:locale\" content=\"pt_BR\" \/>\n<meta property=\"og:type\" content=\"article\" \/>\n<meta property=\"og:title\" content=\"Renan fora da Presid\u00eancia do Senado; agora s\u00f3 falta Temer - PSOL 50\" \/>\n<meta property=\"og:description\" content=\"O senador Renan Calheiros (PMDB-AL), aliado de primeira hora do presidente ileg\u00edtimo Michel Temer, n\u00e3o estar\u00e1 mais \u00e0 frente do Senado Federal e tamb\u00e9m do Congresso Nacional. A decis\u00e3o foi do ministro do Supremo Tribunal Federal (STF) Marco Aur\u00e9lio, proferida nesta segunda-feira (05\/12), com o objetivo de afastar Calheiros do cargo da presidente. Marco Aur\u00e9lio [&hellip;]\" \/>\n<meta property=\"og:url\" content=\"https:\/\/psol50.org.br\/renan-fora-da-presidencia-do-senado-agora-so-falta-temer\/\" \/>\n<meta property=\"og:site_name\" content=\"PSOL 50\" \/>\n<meta property=\"article:publisher\" content=\"https:\/\/www.facebook.com\/psol50\" \/>\n<meta property=\"article:published_time\" content=\"2016-12-06T11:26:05+00:00\" \/>\n<meta property=\"og:image\" content=\"https:\/\/psol50.org.br\/inc\/uploads\/2018\/07\/capa.png\" \/>\n\t<meta property=\"og:image:width\" content=\"1350\" \/>\n\t<meta property=\"og:image:height\" content=\"900\" \/>\n\t<meta property=\"og:image:type\" content=\"image\/png\" \/>\n<meta name=\"author\" content=\"Comunica\u00e7\u00e3o PSOL\" \/>\n<meta name=\"twitter:card\" content=\"summary_large_image\" \/>\n<meta name=\"twitter:creator\" content=\"@psol50\" \/>\n<meta name=\"twitter:site\" content=\"@psol50\" \/>\n<meta name=\"twitter:label1\" content=\"Escrito por\" \/>\n\t<meta name=\"twitter:data1\" content=\"Comunica\u00e7\u00e3o PSOL\" \/>\n\t<meta name=\"twitter:label2\" content=\"Est. tempo de leitura\" \/>\n\t<meta name=\"twitter:data2\" content=\"4 minutos\" \/>\n<script type=\"application\/ld+json\" class=\"yoast-schema-graph\">{\"@context\":\"https:\/\/schema.org\",\"@graph\":[{\"@type\":\"Article\",\"@id\":\"https:\/\/psol50.org.br\/renan-fora-da-presidencia-do-senado-agora-so-falta-temer\/#article\",\"isPartOf\":{\"@id\":\"https:\/\/psol50.org.br\/renan-fora-da-presidencia-do-senado-agora-so-falta-temer\/\"},\"author\":{\"name\":\"Comunica\u00e7\u00e3o PSOL\",\"@id\":\"https:\/\/psol50.org.br\/#\/schema\/person\/475dfa57d0b815993c714c2e96491fcd\"},\"headline\":\"Renan fora da Presid\u00eancia do Senado; agora s\u00f3 falta Temer\",\"datePublished\":\"2016-12-06T11:26:05+00:00\",\"mainEntityOfPage\":{\"@id\":\"https:\/\/psol50.org.br\/renan-fora-da-presidencia-do-senado-agora-so-falta-temer\/\"},\"wordCount\":750,\"commentCount\":0,\"publisher\":{\"@id\":\"https:\/\/psol50.org.br\/#organization\"},\"image\":{\"@id\":\"https:\/\/psol50.org.br\/renan-fora-da-presidencia-do-senado-agora-so-falta-temer\/#primaryimage\"},\"thumbnailUrl\":\"\",\"keywords\":[\"afastado\",\"crime de peculato\",\"Ivan Valente\",\"Michel Temer\",\"ministro Marco Aur\u00e9lio Melo\",\"presid\u00eancia do Senado\",\"PSOL\",\"Rede Sustentabilidade\",\"Renan Calheiros\",\"r\u00e9u\",\"STF\"],\"articleSection\":[\"A\u00e7\u00e3o Parlamentar\",\"Brasil\"],\"inLanguage\":\"pt-BR\",\"potentialAction\":[{\"@type\":\"CommentAction\",\"name\":\"Comment\",\"target\":[\"https:\/\/psol50.org.br\/renan-fora-da-presidencia-do-senado-agora-so-falta-temer\/#respond\"]}]},{\"@type\":\"WebPage\",\"@id\":\"https:\/\/psol50.org.br\/renan-fora-da-presidencia-do-senado-agora-so-falta-temer\/\",\"url\":\"https:\/\/psol50.org.br\/renan-fora-da-presidencia-do-senado-agora-so-falta-temer\/\",\"name\":\"Renan fora da Presid\u00eancia do Senado; agora s\u00f3 falta Temer - PSOL 50\",\"isPartOf\":{\"@id\":\"https:\/\/psol50.org.br\/#website\"},\"primaryImageOfPage\":{\"@id\":\"https:\/\/psol50.org.br\/renan-fora-da-presidencia-do-senado-agora-so-falta-temer\/#primaryimage\"},\"image\":{\"@id\":\"https:\/\/psol50.org.br\/renan-fora-da-presidencia-do-senado-agora-so-falta-temer\/#primaryimage\"},\"thumbnailUrl\":\"\",\"datePublished\":\"2016-12-06T11:26:05+00:00\",\"breadcrumb\":{\"@id\":\"https:\/\/psol50.org.br\/renan-fora-da-presidencia-do-senado-agora-so-falta-temer\/#breadcrumb\"},\"inLanguage\":\"pt-BR\",\"potentialAction\":[{\"@type\":\"ReadAction\",\"target\":[\"https:\/\/psol50.org.br\/renan-fora-da-presidencia-do-senado-agora-so-falta-temer\/\"]}]},{\"@type\":\"ImageObject\",\"inLanguage\":\"pt-BR\",\"@id\":\"https:\/\/psol50.org.br\/renan-fora-da-presidencia-do-senado-agora-so-falta-temer\/#primaryimage\",\"url\":\"\",\"contentUrl\":\"\"},{\"@type\":\"BreadcrumbList\",\"@id\":\"https:\/\/psol50.org.br\/renan-fora-da-presidencia-do-senado-agora-so-falta-temer\/#breadcrumb\",\"itemListElement\":[{\"@type\":\"ListItem\",\"position\":1,\"name\":\"In\u00edcio\",\"item\":\"https:\/\/psol50.org.br\/\"},{\"@type\":\"ListItem\",\"position\":2,\"name\":\"Renan fora da Presid\u00eancia do Senado; agora s\u00f3 falta Temer\"}]},{\"@type\":\"WebSite\",\"@id\":\"https:\/\/psol50.org.br\/#website\",\"url\":\"https:\/\/psol50.org.br\/\",\"name\":\"PSOL 50\",\"description\":\"Site oficial do Partido Socialismo e Liberdade\",\"publisher\":{\"@id\":\"https:\/\/psol50.org.br\/#organization\"},\"alternateName\":\"PSOL50\",\"potentialAction\":[{\"@type\":\"SearchAction\",\"target\":{\"@type\":\"EntryPoint\",\"urlTemplate\":\"https:\/\/psol50.org.br\/?s={search_term_string}\"},\"query-input\":{\"@type\":\"PropertyValueSpecification\",\"valueRequired\":true,\"valueName\":\"search_term_string\"}}],\"inLanguage\":\"pt-BR\"},{\"@type\":\"Organization\",\"@id\":\"https:\/\/psol50.org.br\/#organization\",\"name\":\"PSOL 50\",\"alternateName\":\"PSOL 50\",\"url\":\"https:\/\/psol50.org.br\/\",\"logo\":{\"@type\":\"ImageObject\",\"inLanguage\":\"pt-BR\",\"@id\":\"https:\/\/psol50.org.br\/#\/schema\/logo\/image\/\",\"url\":\"https:\/\/psol50.org.br\/inc\/uploads\/2018\/07\/capa.png\",\"contentUrl\":\"https:\/\/psol50.org.br\/inc\/uploads\/2018\/07\/capa.png\",\"width\":1350,\"height\":900,\"caption\":\"PSOL 50\"},\"image\":{\"@id\":\"https:\/\/psol50.org.br\/#\/schema\/logo\/image\/\"},\"sameAs\":[\"https:\/\/www.facebook.com\/psol50\",\"https:\/\/x.com\/psol50\",\"https:\/\/www.instagram.com\/psol50\/\",\"https:\/\/www.youtube.com\/channel\/UC7SnJS5o1os7a6CaiNabzcg\"]},{\"@type\":\"Person\",\"@id\":\"https:\/\/psol50.org.br\/#\/schema\/person\/475dfa57d0b815993c714c2e96491fcd\",\"name\":\"Comunica\u00e7\u00e3o PSOL\",\"image\":{\"@type\":\"ImageObject\",\"inLanguage\":\"pt-BR\",\"@id\":\"https:\/\/psol50.org.br\/#\/schema\/person\/image\/\",\"url\":\"https:\/\/secure.gravatar.com\/avatar\/b34fc4f4e468a4e51785917065a3db57b841f5c95dba6ad8c73aaf8f66f8f9bf?s=96&d=mm&r=g\",\"contentUrl\":\"https:\/\/secure.gravatar.com\/avatar\/b34fc4f4e468a4e51785917065a3db57b841f5c95dba6ad8c73aaf8f66f8f9bf?s=96&d=mm&r=g\",\"caption\":\"Comunica\u00e7\u00e3o PSOL\"}}]}<\/script>\n<!-- \/ Yoast SEO plugin. -->","yoast_head_json":{"title":"Renan fora da Presid\u00eancia do Senado; agora s\u00f3 falta Temer - PSOL 50","robots":{"index":"index","follow":"follow","max-snippet":"max-snippet:-1","max-image-preview":"max-image-preview:large","max-video-preview":"max-video-preview:-1"},"canonical":"https:\/\/psol50.org.br\/renan-fora-da-presidencia-do-senado-agora-so-falta-temer\/","og_locale":"pt_BR","og_type":"article","og_title":"Renan fora da Presid\u00eancia do Senado; agora s\u00f3 falta Temer - PSOL 50","og_description":"O senador Renan Calheiros (PMDB-AL), aliado de primeira hora do presidente ileg\u00edtimo Michel Temer, n\u00e3o estar\u00e1 mais \u00e0 frente do Senado Federal e tamb\u00e9m do Congresso Nacional. A decis\u00e3o foi do ministro do Supremo Tribunal Federal (STF) Marco Aur\u00e9lio, proferida nesta segunda-feira (05\/12), com o objetivo de afastar Calheiros do cargo da presidente. Marco Aur\u00e9lio [&hellip;]","og_url":"https:\/\/psol50.org.br\/renan-fora-da-presidencia-do-senado-agora-so-falta-temer\/","og_site_name":"PSOL 50","article_publisher":"https:\/\/www.facebook.com\/psol50","article_published_time":"2016-12-06T11:26:05+00:00","og_image":[{"width":1350,"height":900,"url":"https:\/\/psol50.org.br\/inc\/uploads\/2018\/07\/capa.png","type":"image\/png"}],"author":"Comunica\u00e7\u00e3o PSOL","twitter_card":"summary_large_image","twitter_creator":"@psol50","twitter_site":"@psol50","twitter_misc":{"Escrito por":"Comunica\u00e7\u00e3o PSOL","Est. tempo de leitura":"4 minutos"},"schema":{"@context":"https:\/\/schema.org","@graph":[{"@type":"Article","@id":"https:\/\/psol50.org.br\/renan-fora-da-presidencia-do-senado-agora-so-falta-temer\/#article","isPartOf":{"@id":"https:\/\/psol50.org.br\/renan-fora-da-presidencia-do-senado-agora-so-falta-temer\/"},"author":{"name":"Comunica\u00e7\u00e3o PSOL","@id":"https:\/\/psol50.org.br\/#\/schema\/person\/475dfa57d0b815993c714c2e96491fcd"},"headline":"Renan fora da Presid\u00eancia do Senado; agora s\u00f3 falta Temer","datePublished":"2016-12-06T11:26:05+00:00","mainEntityOfPage":{"@id":"https:\/\/psol50.org.br\/renan-fora-da-presidencia-do-senado-agora-so-falta-temer\/"},"wordCount":750,"commentCount":0,"publisher":{"@id":"https:\/\/psol50.org.br\/#organization"},"image":{"@id":"https:\/\/psol50.org.br\/renan-fora-da-presidencia-do-senado-agora-so-falta-temer\/#primaryimage"},"thumbnailUrl":"","keywords":["afastado","crime de peculato","Ivan Valente","Michel Temer","ministro Marco Aur\u00e9lio Melo","presid\u00eancia do Senado","PSOL","Rede Sustentabilidade","Renan Calheiros","r\u00e9u","STF"],"articleSection":["A\u00e7\u00e3o Parlamentar","Brasil"],"inLanguage":"pt-BR","potentialAction":[{"@type":"CommentAction","name":"Comment","target":["https:\/\/psol50.org.br\/renan-fora-da-presidencia-do-senado-agora-so-falta-temer\/#respond"]}]},{"@type":"WebPage","@id":"https:\/\/psol50.org.br\/renan-fora-da-presidencia-do-senado-agora-so-falta-temer\/","url":"https:\/\/psol50.org.br\/renan-fora-da-presidencia-do-senado-agora-so-falta-temer\/","name":"Renan fora da Presid\u00eancia do Senado; agora s\u00f3 falta Temer - PSOL 50","isPartOf":{"@id":"https:\/\/psol50.org.br\/#website"},"primaryImageOfPage":{"@id":"https:\/\/psol50.org.br\/renan-fora-da-presidencia-do-senado-agora-so-falta-temer\/#primaryimage"},"image":{"@id":"https:\/\/psol50.org.br\/renan-fora-da-presidencia-do-senado-agora-so-falta-temer\/#primaryimage"},"thumbnailUrl":"","datePublished":"2016-12-06T11:26:05+00:00","breadcrumb":{"@id":"https:\/\/psol50.org.br\/renan-fora-da-presidencia-do-senado-agora-so-falta-temer\/#breadcrumb"},"inLanguage":"pt-BR","potentialAction":[{"@type":"ReadAction","target":["https:\/\/psol50.org.br\/renan-fora-da-presidencia-do-senado-agora-so-falta-temer\/"]}]},{"@type":"ImageObject","inLanguage":"pt-BR","@id":"https:\/\/psol50.org.br\/renan-fora-da-presidencia-do-senado-agora-so-falta-temer\/#primaryimage","url":"","contentUrl":""},{"@type":"BreadcrumbList","@id":"https:\/\/psol50.org.br\/renan-fora-da-presidencia-do-senado-agora-so-falta-temer\/#breadcrumb","itemListElement":[{"@type":"ListItem","position":1,"name":"In\u00edcio","item":"https:\/\/psol50.org.br\/"},{"@type":"ListItem","position":2,"name":"Renan fora da Presid\u00eancia do Senado; agora s\u00f3 falta Temer"}]},{"@type":"WebSite","@id":"https:\/\/psol50.org.br\/#website","url":"https:\/\/psol50.org.br\/","name":"PSOL 50","description":"Site oficial do Partido Socialismo e Liberdade","publisher":{"@id":"https:\/\/psol50.org.br\/#organization"},"alternateName":"PSOL50","potentialAction":[{"@type":"SearchAction","target":{"@type":"EntryPoint","urlTemplate":"https:\/\/psol50.org.br\/?s={search_term_string}"},"query-input":{"@type":"PropertyValueSpecification","valueRequired":true,"valueName":"search_term_string"}}],"inLanguage":"pt-BR"},{"@type":"Organization","@id":"https:\/\/psol50.org.br\/#organization","name":"PSOL 50","alternateName":"PSOL 50","url":"https:\/\/psol50.org.br\/","logo":{"@type":"ImageObject","inLanguage":"pt-BR","@id":"https:\/\/psol50.org.br\/#\/schema\/logo\/image\/","url":"https:\/\/psol50.org.br\/inc\/uploads\/2018\/07\/capa.png","contentUrl":"https:\/\/psol50.org.br\/inc\/uploads\/2018\/07\/capa.png","width":1350,"height":900,"caption":"PSOL 50"},"image":{"@id":"https:\/\/psol50.org.br\/#\/schema\/logo\/image\/"},"sameAs":["https:\/\/www.facebook.com\/psol50","https:\/\/x.com\/psol50","https:\/\/www.instagram.com\/psol50\/","https:\/\/www.youtube.com\/channel\/UC7SnJS5o1os7a6CaiNabzcg"]},{"@type":"Person","@id":"https:\/\/psol50.org.br\/#\/schema\/person\/475dfa57d0b815993c714c2e96491fcd","name":"Comunica\u00e7\u00e3o PSOL","image":{"@type":"ImageObject","inLanguage":"pt-BR","@id":"https:\/\/psol50.org.br\/#\/schema\/person\/image\/","url":"https:\/\/secure.gravatar.com\/avatar\/b34fc4f4e468a4e51785917065a3db57b841f5c95dba6ad8c73aaf8f66f8f9bf?s=96&d=mm&r=g","contentUrl":"https:\/\/secure.gravatar.com\/avatar\/b34fc4f4e468a4e51785917065a3db57b841f5c95dba6ad8c73aaf8f66f8f9bf?s=96&d=mm&r=g","caption":"Comunica\u00e7\u00e3o PSOL"}}]}},"_links":{"self":[{"href":"https:\/\/psol50.org.br\/rest\/wp\/v2\/posts\/14794","targetHints":{"allow":["GET"]}}],"collection":[{"href":"https:\/\/psol50.org.br\/rest\/wp\/v2\/posts"}],"about":[{"href":"https:\/\/psol50.org.br\/rest\/wp\/v2\/types\/post"}],"author":[{"embeddable":true,"href":"https:\/\/psol50.org.br\/rest\/wp\/v2\/users\/2"}],"replies":[{"embeddable":true,"href":"https:\/\/psol50.org.br\/rest\/wp\/v2\/comments?post=14794"}],"version-history":[{"count":0,"href":"https:\/\/psol50.org.br\/rest\/wp\/v2\/posts\/14794\/revisions"}],"wp:featuredmedia":[{"embeddable":true,"href":"https:\/\/psol50.org.br\/rest\/"}],"wp:attachment":[{"href":"https:\/\/psol50.org.br\/rest\/wp\/v2\/media?parent=14794"}],"wp:term":[{"taxonomy":"category","embeddable":true,"href":"https:\/\/psol50.org.br\/rest\/wp\/v2\/categories?post=14794"},{"taxonomy":"post_tag","embeddable":true,"href":"https:\/\/psol50.org.br\/rest\/wp\/v2\/tags?post=14794"}],"curies":[{"name":"wp","href":"https:\/\/api.w.org\/{rel}","templated":true}]}}