{"id":14801,"date":"2016-12-06T12:07:21","date_gmt":"2016-12-06T12:07:21","guid":{"rendered":"http:\/\/www.psol50.org.br\/?p=14801"},"modified":"2016-12-06T12:07:21","modified_gmt":"2016-12-06T12:07:21","slug":"luiz-araujo-afastamento-de-renan-com-uma-decada-de-atraso","status":"publish","type":"post","link":"https:\/\/psol50.org.br\/luiz-araujo-afastamento-de-renan-com-uma-decada-de-atraso\/","title":{"rendered":"Luiz Ara\u00fajo | Afastamento de Renan: com uma d\u00e9cada de atraso"},"content":{"rendered":"<p>Faz uma d\u00e9cada que o Partido Socialismo e Liberdade (PSOL) alerta para a necessidade de investiga\u00e7\u00e3o e puni\u00e7\u00e3o do senhor Renan Calheiros por suas pr\u00e1ticas criminosas. Essa semana, felizmente, o STF finalmente o tornou r\u00e9u em uma das a\u00e7\u00f5es que tramitam contra ele e o ministro Marco Aur\u00e9lio tomou a s\u00e1bia decis\u00e3o de afast\u00e1-lo da presid\u00eancia do Senado Federal, impedindo que este senhor assuma interinamente a presid\u00eancia do pa\u00eds.<\/p>\n<p>Estamos diante de um governo ileg\u00edtimo e em crise \u00e9tica permanente. Ao inv\u00e9s da convoca\u00e7\u00e3o de novas elei\u00e7\u00f5es e puni\u00e7\u00e3o a todos os culpados pelos esc\u00e2ndalos de corrup\u00e7\u00e3o, o que vemos \u00e9 uma tentativa da maioria do Congresso Nacional de se resguardar contra futuras puni\u00e7\u00f5es por caixa-dois e um governo que a cada crise acelera os ataques aos direitos sociais, forma que encontra para ganhar sobrevida junto ao mercado.<\/p>\n<p>A cada revela\u00e7\u00e3o de corrup\u00e7\u00e3o envolvendo um ministro, o ileg\u00edtimo Michel Temer envia \u00e0s pressas mais uma tentativa de tirar direitos dos trabalhadores. A reforma da Previd\u00eancia, que deve ser enviada esta semana ao Congresso Nacional, \u00e9 sua mais recente a\u00e7\u00e3o nefasta.<\/p>\n<p>\u00c9 urgente que seja paralisada toda e qualquer vota\u00e7\u00e3o que ataque os direitos sociais conquistados na Constitui\u00e7\u00e3o Federal de 1988, come\u00e7ando pela suspens\u00e3o da vota\u00e7\u00e3o da PEC 55 no Senado Federal. Da mesma forma \u00e9 necess\u00e1rio que a opera\u00e7\u00e3o Lava Jato apresente para a sociedade brasileira todos os elementos que envolvam pol\u00edticos de v\u00e1rios partidos, pondo fim \u00e0 seletividade na divulga\u00e7\u00e3o destes dados, especialmente a t\u00e3o aguardada lista de citados pela dele\u00e7\u00e3o premiada da empreiteira Odebrecht.<\/p>\n<p>Para superar a instabilidade pol\u00edtica e para reverter a ilegitimidade do atual governo, defendemos imediata convoca\u00e7\u00e3o de elei\u00e7\u00f5es para a Presid\u00eancia da Rep\u00fablica. \u00c9 antidemocr\u00e1tico que sejam votadas medidas que jogam na lata do lixo os direitos sociais conquistados pelos trabalhadores sem que esse programa tenha sido respaldado pelo povo brasileiro em elei\u00e7\u00f5es leg\u00edtimas. \u00c9 um ataque ao principio constitucional de que o poder emana do povo. Que Temer e seus aliados submetam seu programa de austeridade de forma clara e l\u00edmpida ao povo brasileiro.<\/p>\n","protected":false},"excerpt":{"rendered":"<p>Faz uma d\u00e9cada que o Partido Socialismo e Liberdade (PSOL) alerta para a necessidade de investiga\u00e7\u00e3o e puni\u00e7\u00e3o do senhor Renan Calheiros por suas pr\u00e1ticas criminosas. Essa semana, felizmente, o STF finalmente o tornou r\u00e9u em uma das a\u00e7\u00f5es que tramitam contra ele e o ministro Marco Aur\u00e9lio tomou a s\u00e1bia decis\u00e3o de afast\u00e1-lo da [&hellip;]<\/p>\n","protected":false},"author":2,"featured_media":14802,"comment_status":"open","ping_status":"open","sticky":false,"template":"","format":"standard","meta":{"_acf_changed":false,"footnotes":""},"categories":[10,3,1882,14],"tags":[343,1801,4712,1748,4641,2310,22,39,4076,2431,45],"class_list":{"0":"post-14801","1":"post","2":"type-post","3":"status-publish","4":"format-standard","5":"has-post-thumbnail","7":"category-acao-parlamentares","8":"category-artigos-e-entrevistas","9":"category-brasil","10":"category-partido","11":"tag-eleicoes","12":"tag-luiz-araujo","13":"tag-marco-aurelio-melo","14":"tag-michel-temer","15":"tag-pec-55","16":"tag-presidencia-da-republica","17":"tag-psol","18":"tag-reforma-da-previdencia","19":"tag-renan-calheiros","20":"tag-senado-federal","21":"tag-stf"},"acf":[],"yoast_head":"<!-- This site is optimized with the Yoast SEO plugin v26.5 - https:\/\/yoast.com\/wordpress\/plugins\/seo\/ -->\n<title>Luiz Ara\u00fajo | Afastamento de Renan: com uma d\u00e9cada de atraso - PSOL 50<\/title>\n<meta name=\"robots\" content=\"index, follow, max-snippet:-1, max-image-preview:large, max-video-preview:-1\" \/>\n<link rel=\"canonical\" href=\"https:\/\/psol50.org.br\/luiz-araujo-afastamento-de-renan-com-uma-decada-de-atraso\/\" \/>\n<meta property=\"og:locale\" content=\"pt_BR\" \/>\n<meta property=\"og:type\" content=\"article\" \/>\n<meta property=\"og:title\" content=\"Luiz Ara\u00fajo | Afastamento de Renan: com uma d\u00e9cada de atraso - PSOL 50\" \/>\n<meta property=\"og:description\" content=\"Faz uma d\u00e9cada que o Partido Socialismo e Liberdade (PSOL) alerta para a necessidade de investiga\u00e7\u00e3o e puni\u00e7\u00e3o do senhor Renan Calheiros por suas pr\u00e1ticas criminosas. Essa semana, felizmente, o STF finalmente o tornou r\u00e9u em uma das a\u00e7\u00f5es que tramitam contra ele e o ministro Marco Aur\u00e9lio tomou a s\u00e1bia decis\u00e3o de afast\u00e1-lo da [&hellip;]\" \/>\n<meta property=\"og:url\" content=\"https:\/\/psol50.org.br\/luiz-araujo-afastamento-de-renan-com-uma-decada-de-atraso\/\" \/>\n<meta property=\"og:site_name\" content=\"PSOL 50\" \/>\n<meta property=\"article:publisher\" content=\"https:\/\/www.facebook.com\/psol50\" \/>\n<meta property=\"article:published_time\" content=\"2016-12-06T12:07:21+00:00\" \/>\n<meta property=\"og:image\" content=\"https:\/\/psol50.org.br\/inc\/uploads\/2018\/07\/capa.png\" \/>\n\t<meta property=\"og:image:width\" content=\"1350\" \/>\n\t<meta property=\"og:image:height\" content=\"900\" \/>\n\t<meta property=\"og:image:type\" content=\"image\/png\" \/>\n<meta name=\"author\" content=\"Comunica\u00e7\u00e3o PSOL\" \/>\n<meta name=\"twitter:card\" content=\"summary_large_image\" \/>\n<meta name=\"twitter:creator\" content=\"@psol50\" \/>\n<meta name=\"twitter:site\" content=\"@psol50\" \/>\n<meta name=\"twitter:label1\" content=\"Escrito por\" \/>\n\t<meta name=\"twitter:data1\" content=\"Comunica\u00e7\u00e3o PSOL\" \/>\n\t<meta name=\"twitter:label2\" content=\"Est. tempo de leitura\" \/>\n\t<meta name=\"twitter:data2\" content=\"2 minutos\" \/>\n<script type=\"application\/ld+json\" class=\"yoast-schema-graph\">{\"@context\":\"https:\/\/schema.org\",\"@graph\":[{\"@type\":\"Article\",\"@id\":\"https:\/\/psol50.org.br\/luiz-araujo-afastamento-de-renan-com-uma-decada-de-atraso\/#article\",\"isPartOf\":{\"@id\":\"https:\/\/psol50.org.br\/luiz-araujo-afastamento-de-renan-com-uma-decada-de-atraso\/\"},\"author\":{\"name\":\"Comunica\u00e7\u00e3o PSOL\",\"@id\":\"https:\/\/psol50.org.br\/#\/schema\/person\/475dfa57d0b815993c714c2e96491fcd\"},\"headline\":\"Luiz Ara\u00fajo | Afastamento de Renan: com uma d\u00e9cada de atraso\",\"datePublished\":\"2016-12-06T12:07:21+00:00\",\"mainEntityOfPage\":{\"@id\":\"https:\/\/psol50.org.br\/luiz-araujo-afastamento-de-renan-com-uma-decada-de-atraso\/\"},\"wordCount\":391,\"commentCount\":0,\"publisher\":{\"@id\":\"https:\/\/psol50.org.br\/#organization\"},\"image\":{\"@id\":\"https:\/\/psol50.org.br\/luiz-araujo-afastamento-de-renan-com-uma-decada-de-atraso\/#primaryimage\"},\"thumbnailUrl\":\"\",\"keywords\":[\"elei\u00e7\u00f5es\",\"Luiz Ara\u00fajo\",\"Marco Aur\u00e9lio Melo\",\"Michel Temer\",\"PEC 55\",\"Presid\u00eancia da Rep\u00fablica\",\"PSOL\",\"reforma da previd\u00eancia\",\"Renan Calheiros\",\"Senado Federal\",\"STF\"],\"articleSection\":[\"A\u00e7\u00e3o Parlamentar\",\"Artigos\",\"Brasil\",\"Partido\"],\"inLanguage\":\"pt-BR\",\"potentialAction\":[{\"@type\":\"CommentAction\",\"name\":\"Comment\",\"target\":[\"https:\/\/psol50.org.br\/luiz-araujo-afastamento-de-renan-com-uma-decada-de-atraso\/#respond\"]}]},{\"@type\":\"WebPage\",\"@id\":\"https:\/\/psol50.org.br\/luiz-araujo-afastamento-de-renan-com-uma-decada-de-atraso\/\",\"url\":\"https:\/\/psol50.org.br\/luiz-araujo-afastamento-de-renan-com-uma-decada-de-atraso\/\",\"name\":\"Luiz Ara\u00fajo | Afastamento de Renan: com uma d\u00e9cada de atraso - PSOL 50\",\"isPartOf\":{\"@id\":\"https:\/\/psol50.org.br\/#website\"},\"primaryImageOfPage\":{\"@id\":\"https:\/\/psol50.org.br\/luiz-araujo-afastamento-de-renan-com-uma-decada-de-atraso\/#primaryimage\"},\"image\":{\"@id\":\"https:\/\/psol50.org.br\/luiz-araujo-afastamento-de-renan-com-uma-decada-de-atraso\/#primaryimage\"},\"thumbnailUrl\":\"\",\"datePublished\":\"2016-12-06T12:07:21+00:00\",\"breadcrumb\":{\"@id\":\"https:\/\/psol50.org.br\/luiz-araujo-afastamento-de-renan-com-uma-decada-de-atraso\/#breadcrumb\"},\"inLanguage\":\"pt-BR\",\"potentialAction\":[{\"@type\":\"ReadAction\",\"target\":[\"https:\/\/psol50.org.br\/luiz-araujo-afastamento-de-renan-com-uma-decada-de-atraso\/\"]}]},{\"@type\":\"ImageObject\",\"inLanguage\":\"pt-BR\",\"@id\":\"https:\/\/psol50.org.br\/luiz-araujo-afastamento-de-renan-com-uma-decada-de-atraso\/#primaryimage\",\"url\":\"\",\"contentUrl\":\"\"},{\"@type\":\"BreadcrumbList\",\"@id\":\"https:\/\/psol50.org.br\/luiz-araujo-afastamento-de-renan-com-uma-decada-de-atraso\/#breadcrumb\",\"itemListElement\":[{\"@type\":\"ListItem\",\"position\":1,\"name\":\"In\u00edcio\",\"item\":\"https:\/\/psol50.org.br\/\"},{\"@type\":\"ListItem\",\"position\":2,\"name\":\"Luiz Ara\u00fajo | Afastamento de Renan: com uma d\u00e9cada de atraso\"}]},{\"@type\":\"WebSite\",\"@id\":\"https:\/\/psol50.org.br\/#website\",\"url\":\"https:\/\/psol50.org.br\/\",\"name\":\"PSOL 50\",\"description\":\"Site oficial do Partido Socialismo e Liberdade\",\"publisher\":{\"@id\":\"https:\/\/psol50.org.br\/#organization\"},\"alternateName\":\"PSOL50\",\"potentialAction\":[{\"@type\":\"SearchAction\",\"target\":{\"@type\":\"EntryPoint\",\"urlTemplate\":\"https:\/\/psol50.org.br\/?s={search_term_string}\"},\"query-input\":{\"@type\":\"PropertyValueSpecification\",\"valueRequired\":true,\"valueName\":\"search_term_string\"}}],\"inLanguage\":\"pt-BR\"},{\"@type\":\"Organization\",\"@id\":\"https:\/\/psol50.org.br\/#organization\",\"name\":\"PSOL 50\",\"alternateName\":\"PSOL 50\",\"url\":\"https:\/\/psol50.org.br\/\",\"logo\":{\"@type\":\"ImageObject\",\"inLanguage\":\"pt-BR\",\"@id\":\"https:\/\/psol50.org.br\/#\/schema\/logo\/image\/\",\"url\":\"https:\/\/psol50.org.br\/inc\/uploads\/2018\/07\/capa.png\",\"contentUrl\":\"https:\/\/psol50.org.br\/inc\/uploads\/2018\/07\/capa.png\",\"width\":1350,\"height\":900,\"caption\":\"PSOL 50\"},\"image\":{\"@id\":\"https:\/\/psol50.org.br\/#\/schema\/logo\/image\/\"},\"sameAs\":[\"https:\/\/www.facebook.com\/psol50\",\"https:\/\/x.com\/psol50\",\"https:\/\/www.instagram.com\/psol50\/\",\"https:\/\/www.youtube.com\/channel\/UC7SnJS5o1os7a6CaiNabzcg\"]},{\"@type\":\"Person\",\"@id\":\"https:\/\/psol50.org.br\/#\/schema\/person\/475dfa57d0b815993c714c2e96491fcd\",\"name\":\"Comunica\u00e7\u00e3o PSOL\",\"image\":{\"@type\":\"ImageObject\",\"inLanguage\":\"pt-BR\",\"@id\":\"https:\/\/psol50.org.br\/#\/schema\/person\/image\/\",\"url\":\"https:\/\/secure.gravatar.com\/avatar\/b34fc4f4e468a4e51785917065a3db57b841f5c95dba6ad8c73aaf8f66f8f9bf?s=96&d=mm&r=g\",\"contentUrl\":\"https:\/\/secure.gravatar.com\/avatar\/b34fc4f4e468a4e51785917065a3db57b841f5c95dba6ad8c73aaf8f66f8f9bf?s=96&d=mm&r=g\",\"caption\":\"Comunica\u00e7\u00e3o PSOL\"}}]}<\/script>\n<!-- \/ Yoast SEO plugin. -->","yoast_head_json":{"title":"Luiz Ara\u00fajo | Afastamento de Renan: com uma d\u00e9cada de atraso - PSOL 50","robots":{"index":"index","follow":"follow","max-snippet":"max-snippet:-1","max-image-preview":"max-image-preview:large","max-video-preview":"max-video-preview:-1"},"canonical":"https:\/\/psol50.org.br\/luiz-araujo-afastamento-de-renan-com-uma-decada-de-atraso\/","og_locale":"pt_BR","og_type":"article","og_title":"Luiz Ara\u00fajo | Afastamento de Renan: com uma d\u00e9cada de atraso - PSOL 50","og_description":"Faz uma d\u00e9cada que o Partido Socialismo e Liberdade (PSOL) alerta para a necessidade de investiga\u00e7\u00e3o e puni\u00e7\u00e3o do senhor Renan Calheiros por suas pr\u00e1ticas criminosas. Essa semana, felizmente, o STF finalmente o tornou r\u00e9u em uma das a\u00e7\u00f5es que tramitam contra ele e o ministro Marco Aur\u00e9lio tomou a s\u00e1bia decis\u00e3o de afast\u00e1-lo da [&hellip;]","og_url":"https:\/\/psol50.org.br\/luiz-araujo-afastamento-de-renan-com-uma-decada-de-atraso\/","og_site_name":"PSOL 50","article_publisher":"https:\/\/www.facebook.com\/psol50","article_published_time":"2016-12-06T12:07:21+00:00","og_image":[{"width":1350,"height":900,"url":"https:\/\/psol50.org.br\/inc\/uploads\/2018\/07\/capa.png","type":"image\/png"}],"author":"Comunica\u00e7\u00e3o PSOL","twitter_card":"summary_large_image","twitter_creator":"@psol50","twitter_site":"@psol50","twitter_misc":{"Escrito por":"Comunica\u00e7\u00e3o PSOL","Est. tempo de leitura":"2 minutos"},"schema":{"@context":"https:\/\/schema.org","@graph":[{"@type":"Article","@id":"https:\/\/psol50.org.br\/luiz-araujo-afastamento-de-renan-com-uma-decada-de-atraso\/#article","isPartOf":{"@id":"https:\/\/psol50.org.br\/luiz-araujo-afastamento-de-renan-com-uma-decada-de-atraso\/"},"author":{"name":"Comunica\u00e7\u00e3o PSOL","@id":"https:\/\/psol50.org.br\/#\/schema\/person\/475dfa57d0b815993c714c2e96491fcd"},"headline":"Luiz Ara\u00fajo | Afastamento de Renan: com uma d\u00e9cada de atraso","datePublished":"2016-12-06T12:07:21+00:00","mainEntityOfPage":{"@id":"https:\/\/psol50.org.br\/luiz-araujo-afastamento-de-renan-com-uma-decada-de-atraso\/"},"wordCount":391,"commentCount":0,"publisher":{"@id":"https:\/\/psol50.org.br\/#organization"},"image":{"@id":"https:\/\/psol50.org.br\/luiz-araujo-afastamento-de-renan-com-uma-decada-de-atraso\/#primaryimage"},"thumbnailUrl":"","keywords":["elei\u00e7\u00f5es","Luiz Ara\u00fajo","Marco Aur\u00e9lio Melo","Michel Temer","PEC 55","Presid\u00eancia da Rep\u00fablica","PSOL","reforma da previd\u00eancia","Renan Calheiros","Senado Federal","STF"],"articleSection":["A\u00e7\u00e3o Parlamentar","Artigos","Brasil","Partido"],"inLanguage":"pt-BR","potentialAction":[{"@type":"CommentAction","name":"Comment","target":["https:\/\/psol50.org.br\/luiz-araujo-afastamento-de-renan-com-uma-decada-de-atraso\/#respond"]}]},{"@type":"WebPage","@id":"https:\/\/psol50.org.br\/luiz-araujo-afastamento-de-renan-com-uma-decada-de-atraso\/","url":"https:\/\/psol50.org.br\/luiz-araujo-afastamento-de-renan-com-uma-decada-de-atraso\/","name":"Luiz Ara\u00fajo | Afastamento de Renan: com uma d\u00e9cada de atraso - PSOL 50","isPartOf":{"@id":"https:\/\/psol50.org.br\/#website"},"primaryImageOfPage":{"@id":"https:\/\/psol50.org.br\/luiz-araujo-afastamento-de-renan-com-uma-decada-de-atraso\/#primaryimage"},"image":{"@id":"https:\/\/psol50.org.br\/luiz-araujo-afastamento-de-renan-com-uma-decada-de-atraso\/#primaryimage"},"thumbnailUrl":"","datePublished":"2016-12-06T12:07:21+00:00","breadcrumb":{"@id":"https:\/\/psol50.org.br\/luiz-araujo-afastamento-de-renan-com-uma-decada-de-atraso\/#breadcrumb"},"inLanguage":"pt-BR","potentialAction":[{"@type":"ReadAction","target":["https:\/\/psol50.org.br\/luiz-araujo-afastamento-de-renan-com-uma-decada-de-atraso\/"]}]},{"@type":"ImageObject","inLanguage":"pt-BR","@id":"https:\/\/psol50.org.br\/luiz-araujo-afastamento-de-renan-com-uma-decada-de-atraso\/#primaryimage","url":"","contentUrl":""},{"@type":"BreadcrumbList","@id":"https:\/\/psol50.org.br\/luiz-araujo-afastamento-de-renan-com-uma-decada-de-atraso\/#breadcrumb","itemListElement":[{"@type":"ListItem","position":1,"name":"In\u00edcio","item":"https:\/\/psol50.org.br\/"},{"@type":"ListItem","position":2,"name":"Luiz Ara\u00fajo | Afastamento de Renan: com uma d\u00e9cada de atraso"}]},{"@type":"WebSite","@id":"https:\/\/psol50.org.br\/#website","url":"https:\/\/psol50.org.br\/","name":"PSOL 50","description":"Site oficial do Partido Socialismo e Liberdade","publisher":{"@id":"https:\/\/psol50.org.br\/#organization"},"alternateName":"PSOL50","potentialAction":[{"@type":"SearchAction","target":{"@type":"EntryPoint","urlTemplate":"https:\/\/psol50.org.br\/?s={search_term_string}"},"query-input":{"@type":"PropertyValueSpecification","valueRequired":true,"valueName":"search_term_string"}}],"inLanguage":"pt-BR"},{"@type":"Organization","@id":"https:\/\/psol50.org.br\/#organization","name":"PSOL 50","alternateName":"PSOL 50","url":"https:\/\/psol50.org.br\/","logo":{"@type":"ImageObject","inLanguage":"pt-BR","@id":"https:\/\/psol50.org.br\/#\/schema\/logo\/image\/","url":"https:\/\/psol50.org.br\/inc\/uploads\/2018\/07\/capa.png","contentUrl":"https:\/\/psol50.org.br\/inc\/uploads\/2018\/07\/capa.png","width":1350,"height":900,"caption":"PSOL 50"},"image":{"@id":"https:\/\/psol50.org.br\/#\/schema\/logo\/image\/"},"sameAs":["https:\/\/www.facebook.com\/psol50","https:\/\/x.com\/psol50","https:\/\/www.instagram.com\/psol50\/","https:\/\/www.youtube.com\/channel\/UC7SnJS5o1os7a6CaiNabzcg"]},{"@type":"Person","@id":"https:\/\/psol50.org.br\/#\/schema\/person\/475dfa57d0b815993c714c2e96491fcd","name":"Comunica\u00e7\u00e3o PSOL","image":{"@type":"ImageObject","inLanguage":"pt-BR","@id":"https:\/\/psol50.org.br\/#\/schema\/person\/image\/","url":"https:\/\/secure.gravatar.com\/avatar\/b34fc4f4e468a4e51785917065a3db57b841f5c95dba6ad8c73aaf8f66f8f9bf?s=96&d=mm&r=g","contentUrl":"https:\/\/secure.gravatar.com\/avatar\/b34fc4f4e468a4e51785917065a3db57b841f5c95dba6ad8c73aaf8f66f8f9bf?s=96&d=mm&r=g","caption":"Comunica\u00e7\u00e3o PSOL"}}]}},"_links":{"self":[{"href":"https:\/\/psol50.org.br\/rest\/wp\/v2\/posts\/14801","targetHints":{"allow":["GET"]}}],"collection":[{"href":"https:\/\/psol50.org.br\/rest\/wp\/v2\/posts"}],"about":[{"href":"https:\/\/psol50.org.br\/rest\/wp\/v2\/types\/post"}],"author":[{"embeddable":true,"href":"https:\/\/psol50.org.br\/rest\/wp\/v2\/users\/2"}],"replies":[{"embeddable":true,"href":"https:\/\/psol50.org.br\/rest\/wp\/v2\/comments?post=14801"}],"version-history":[{"count":0,"href":"https:\/\/psol50.org.br\/rest\/wp\/v2\/posts\/14801\/revisions"}],"wp:featuredmedia":[{"embeddable":true,"href":"https:\/\/psol50.org.br\/rest\/"}],"wp:attachment":[{"href":"https:\/\/psol50.org.br\/rest\/wp\/v2\/media?parent=14801"}],"wp:term":[{"taxonomy":"category","embeddable":true,"href":"https:\/\/psol50.org.br\/rest\/wp\/v2\/categories?post=14801"},{"taxonomy":"post_tag","embeddable":true,"href":"https:\/\/psol50.org.br\/rest\/wp\/v2\/tags?post=14801"}],"curies":[{"name":"wp","href":"https:\/\/api.w.org\/{rel}","templated":true}]}}