{"id":14810,"date":"2016-12-06T14:12:56","date_gmt":"2016-12-06T14:12:56","guid":{"rendered":"http:\/\/www.psol50.org.br\/?p=14810"},"modified":"2016-12-06T14:12:56","modified_gmt":"2016-12-06T14:12:56","slug":"novo-retrocesso-reforma-da-previdencia-de-temer-aumenta-em-quase-20-anos-idade-de-contribuicao","status":"publish","type":"post","link":"https:\/\/psol50.org.br\/novo-retrocesso-reforma-da-previdencia-de-temer-aumenta-em-quase-20-anos-idade-de-contribuicao\/","title":{"rendered":"Novo retrocesso: Reforma da Previd\u00eancia de Temer aumenta em quase 20 anos idade de contribui\u00e7\u00e3o"},"content":{"rendered":"<p>A agenda de retrocessos imposta pelo governo de Michel Temer ganhou novo cap\u00edtulo nesta ter\u00e7a-feira (06\/12), com o envio da proposta de reforma da Previd\u00eancia para o Congresso Nacional. Pelo projeto, considerado um dos pilares do ajuste fiscal do governo ileg\u00edtimo \u2013 refor\u00e7ando a PEC 55\/2016, que estabelece o teto de gastos pelos pr\u00f3ximos 20 anos \u2013 todos os trabalhadores, homens e mulheres, poder\u00e3o se aposentar somente a partir dos 65 anos de idade. Mas o\u00a0tempo de contribui\u00e7\u00e3o m\u00ednima para quem quiser se aposentar com integralidade ser\u00e1 de\u00a049 anos, diferentemente do que \u00e9 praticado hoje, cuja aposentadoria pode ser aos 30 anos de contribui\u00e7\u00e3o, no caso das mulheres, e aos 35 anos no dos homens.\u00a0A\u00a0regra valer\u00e1 para homens com idade inferior a 50 anos e mulheres com menos de 45 anos.<\/p>\n<p>Al\u00e9m de aumentar em quase 20 anos o tempo para o trabalhador poder se aposentar, a proposta de Temer traz uma contradi\u00e7\u00e3o enorme em rela\u00e7\u00e3o ao tempo m\u00ednimo de contribui\u00e7\u00e3o. Uma pessoa que come\u00e7ou a trabalhar aos 18 anos de idade e que ser\u00e1 atingida pela nova regra, contribuir\u00e1 47 anos com a Previd\u00eancia \u2013 esse valor aumenta para 49 anos, no caso daqueles que tiveram a sua primeira carteira assinada aos 16 anos de idade. No entanto, o tempo m\u00ednimo de contribui\u00e7\u00e3o previdenci\u00e1ria previsto na reforma \u00e9 de 25 anos, permitindo que uma pessoa que comece a trabalhar aos 40 anos tamb\u00e9m possa se aposentar aos 65 anos de idade.<\/p>\n<p>Mas para ter direito ao benef\u00edcio integral, ser\u00e1 necess\u00e1rio somar 49 anos de contribui\u00e7\u00e3o com a Previd\u00eancia. Isso porque a regra de c\u00e1lculo do benef\u00edcio prev\u00ea direito a 76% da base de c\u00e1lculo do benef\u00edcio com 25 anos de contribui\u00e7\u00e3o. Essa taxa aumenta 1% a cada ano. Portanto, para chegar a 100%, ser\u00e1 necess\u00e1rio somar 49 anos de contribui\u00e7\u00e3o. Isso significa que a proposta do governo define que para se aposentar com o valor integral, o trabalhador tenha que ter iniciado a sua vida no trabalho logo cedo, ainda no final da adolesc\u00eancia, muitas vezes abrindo m\u00e3o dos estudos para garantir o sustento da fam\u00edlia. J\u00e1 aqueles que, devido \u00e0s altas taxas de desemprego, ficaram longos per\u00edodos sem trabalho com carteira assinada, para se aposentar integralmente ter\u00e3o de trabalhar at\u00e9 os\u00a080 anos de idade ou mais.<\/p>\n<p>Ainda como exemplo, vale citar uma pessoa que teve a sua carteira assinada pela primeira vez aos 20 anos de idade, para ter a sua aposentadoria integral, ter\u00e1 de trabalhar at\u00e9 os 69\u00a0anos de idade. Uma que come\u00e7ou aos 23, vai at\u00e9 os 72.<\/p>\n<p>E tem mais. A idade m\u00ednima de 65 pode aumentar para 67 anos em 2060. Durante o an\u00fancio feito durante esta ter\u00e7a-feira, o secret\u00e1rio de Previd\u00eancia, Marcelo Caetano, explicou que a prev\u00ea um mecanismo autom\u00e1tico de ajuste da idade m\u00ednima. Esse gatilho depende da evolu\u00e7\u00e3o demogr\u00e1fica. Assim, a cada vez que os dados do IBGE mostrarem aumento de um ano na expectativa de sobrevida do brasileiro a partir dos 65 anos, a idade m\u00ednima de aposentadoria subir\u00e1 um ano.<\/p>\n<p>O l\u00edder do PSOL\u00a0na C\u00e2mara, deputado Ivan Valente (SP), ironizou apelidando a proposta de Temer como a reforma &#8220;P\u00e9 na Cova&#8221;, destacando que o trabalhador ter\u00e1 que contribuir em m\u00e9dia mais 50 anos de contribui\u00e7\u00e3o para ter a sua aposentadoria integral.<\/p>\n<p><strong>PSOL atuar\u00e1 contra<br \/>\n<\/strong>A mat\u00e9ria tramitar\u00e1 como Proposta de Emenda \u00e0 Constitui\u00e7\u00e3o e, na C\u00e2mara, ser\u00e1 analisada primeiro na Comiss\u00e3o de Constitui\u00e7\u00e3o e Justi\u00e7a (CCJ), que ter\u00e1 prazo de cinco sess\u00f5es para dar seu parecer a respeito da admissibilidade e constitucionalidade da PEC. Em seguida, passar\u00e1 a tramitar em comiss\u00e3o especial convocada para esse fim. S\u00f3 depois, a proposta ser\u00e1 analisada em plen\u00e1rio, em dois turnos, necessitando de qu\u00f3rum qualificado de 308 dos 513 deputados para ser aprovada.<\/p>\n<p>O PSOL atuar\u00e1 intensamente em todas as fases da tramita\u00e7\u00e3o na C\u00e2mara para tentar barrar mais esse retrocesso do governo Temer. Al\u00e9m de sua aguerrida bancada de deputados, a sua milit\u00e2ncia, nas ruas, se juntar\u00e1 \u00e0s organiza\u00e7\u00f5es da classe trabalhadora para denunciar mais esse ataque aos direitos.<\/p>\n<p>&nbsp;<\/p>\n","protected":false},"excerpt":{"rendered":"<p>A agenda de retrocessos imposta pelo governo de Michel Temer ganhou novo cap\u00edtulo nesta ter\u00e7a-feira (06\/12), com o envio da proposta de reforma da Previd\u00eancia para o Congresso Nacional. Pelo projeto, considerado um dos pilares do ajuste fiscal do governo ileg\u00edtimo \u2013 refor\u00e7ando a PEC 55\/2016, que estabelece o teto de gastos pelos pr\u00f3ximos 20 [&hellip;]<\/p>\n","protected":false},"author":2,"featured_media":14811,"comment_status":"open","ping_status":"open","sticky":false,"template":"","format":"standard","meta":{"_acf_changed":false,"footnotes":""},"categories":[10,1882,6],"tags":[4713,1735,2772,4714,552,1748,63,22,39,3194,3820],"class_list":{"0":"post-14810","1":"post","2":"type-post","3":"status-publish","4":"format-standard","5":"has-post-thumbnail","7":"category-acao-parlamentares","8":"category-brasil","9":"category-noticias","10":"tag-65-anos","11":"tag-aposentadoria","12":"tag-classe-trabalhadora","13":"tag-idade-minima","14":"tag-ivan-valente","15":"tag-michel-temer","16":"tag-previdencia","17":"tag-psol","18":"tag-reforma-da-previdencia","19":"tag-retrocesso","20":"tag-tempo-de-contribuicao"},"acf":[],"yoast_head":"<!-- This site is optimized with the Yoast SEO plugin v26.5 - https:\/\/yoast.com\/wordpress\/plugins\/seo\/ -->\n<title>Novo retrocesso: Reforma da Previd\u00eancia de Temer aumenta em quase 20 anos idade de contribui\u00e7\u00e3o - PSOL 50<\/title>\n<meta name=\"robots\" content=\"index, follow, max-snippet:-1, max-image-preview:large, max-video-preview:-1\" \/>\n<link rel=\"canonical\" href=\"https:\/\/psol50.org.br\/novo-retrocesso-reforma-da-previdencia-de-temer-aumenta-em-quase-20-anos-idade-de-contribuicao\/\" \/>\n<meta property=\"og:locale\" content=\"pt_BR\" \/>\n<meta property=\"og:type\" content=\"article\" \/>\n<meta property=\"og:title\" content=\"Novo retrocesso: Reforma da Previd\u00eancia de Temer aumenta em quase 20 anos idade de contribui\u00e7\u00e3o - PSOL 50\" \/>\n<meta property=\"og:description\" content=\"A agenda de retrocessos imposta pelo governo de Michel Temer ganhou novo cap\u00edtulo nesta ter\u00e7a-feira (06\/12), com o envio da proposta de reforma da Previd\u00eancia para o Congresso Nacional. Pelo projeto, considerado um dos pilares do ajuste fiscal do governo ileg\u00edtimo \u2013 refor\u00e7ando a PEC 55\/2016, que estabelece o teto de gastos pelos pr\u00f3ximos 20 [&hellip;]\" \/>\n<meta property=\"og:url\" content=\"https:\/\/psol50.org.br\/novo-retrocesso-reforma-da-previdencia-de-temer-aumenta-em-quase-20-anos-idade-de-contribuicao\/\" \/>\n<meta property=\"og:site_name\" content=\"PSOL 50\" \/>\n<meta property=\"article:publisher\" content=\"https:\/\/www.facebook.com\/psol50\" \/>\n<meta property=\"article:published_time\" content=\"2016-12-06T14:12:56+00:00\" \/>\n<meta property=\"og:image\" content=\"https:\/\/psol50.org.br\/inc\/uploads\/2018\/07\/capa.png\" \/>\n\t<meta property=\"og:image:width\" content=\"1350\" \/>\n\t<meta property=\"og:image:height\" content=\"900\" \/>\n\t<meta property=\"og:image:type\" content=\"image\/png\" \/>\n<meta name=\"author\" content=\"Comunica\u00e7\u00e3o PSOL\" \/>\n<meta name=\"twitter:card\" content=\"summary_large_image\" \/>\n<meta name=\"twitter:creator\" content=\"@psol50\" \/>\n<meta name=\"twitter:site\" content=\"@psol50\" \/>\n<meta name=\"twitter:label1\" content=\"Escrito por\" \/>\n\t<meta name=\"twitter:data1\" content=\"Comunica\u00e7\u00e3o PSOL\" \/>\n\t<meta name=\"twitter:label2\" content=\"Est. tempo de leitura\" \/>\n\t<meta name=\"twitter:data2\" content=\"4 minutos\" \/>\n<script type=\"application\/ld+json\" class=\"yoast-schema-graph\">{\"@context\":\"https:\/\/schema.org\",\"@graph\":[{\"@type\":\"Article\",\"@id\":\"https:\/\/psol50.org.br\/novo-retrocesso-reforma-da-previdencia-de-temer-aumenta-em-quase-20-anos-idade-de-contribuicao\/#article\",\"isPartOf\":{\"@id\":\"https:\/\/psol50.org.br\/novo-retrocesso-reforma-da-previdencia-de-temer-aumenta-em-quase-20-anos-idade-de-contribuicao\/\"},\"author\":{\"name\":\"Comunica\u00e7\u00e3o PSOL\",\"@id\":\"https:\/\/psol50.org.br\/#\/schema\/person\/475dfa57d0b815993c714c2e96491fcd\"},\"headline\":\"Novo retrocesso: Reforma da Previd\u00eancia de Temer aumenta em quase 20 anos idade de contribui\u00e7\u00e3o\",\"datePublished\":\"2016-12-06T14:12:56+00:00\",\"mainEntityOfPage\":{\"@id\":\"https:\/\/psol50.org.br\/novo-retrocesso-reforma-da-previdencia-de-temer-aumenta-em-quase-20-anos-idade-de-contribuicao\/\"},\"wordCount\":717,\"commentCount\":0,\"publisher\":{\"@id\":\"https:\/\/psol50.org.br\/#organization\"},\"image\":{\"@id\":\"https:\/\/psol50.org.br\/novo-retrocesso-reforma-da-previdencia-de-temer-aumenta-em-quase-20-anos-idade-de-contribuicao\/#primaryimage\"},\"thumbnailUrl\":\"\",\"keywords\":[\"65 anos\",\"aposentadoria\",\"classe trabalhadora\",\"idade m\u00ednima\",\"Ivan Valente\",\"Michel Temer\",\"previd\u00eancia\",\"PSOL\",\"reforma da previd\u00eancia\",\"retrocesso\",\"tempo de contribui\u00e7\u00e3o\"],\"articleSection\":[\"A\u00e7\u00e3o Parlamentar\",\"Brasil\",\"Not\u00edcias\"],\"inLanguage\":\"pt-BR\",\"potentialAction\":[{\"@type\":\"CommentAction\",\"name\":\"Comment\",\"target\":[\"https:\/\/psol50.org.br\/novo-retrocesso-reforma-da-previdencia-de-temer-aumenta-em-quase-20-anos-idade-de-contribuicao\/#respond\"]}]},{\"@type\":\"WebPage\",\"@id\":\"https:\/\/psol50.org.br\/novo-retrocesso-reforma-da-previdencia-de-temer-aumenta-em-quase-20-anos-idade-de-contribuicao\/\",\"url\":\"https:\/\/psol50.org.br\/novo-retrocesso-reforma-da-previdencia-de-temer-aumenta-em-quase-20-anos-idade-de-contribuicao\/\",\"name\":\"Novo retrocesso: Reforma da Previd\u00eancia de Temer aumenta em quase 20 anos idade de contribui\u00e7\u00e3o - PSOL 50\",\"isPartOf\":{\"@id\":\"https:\/\/psol50.org.br\/#website\"},\"primaryImageOfPage\":{\"@id\":\"https:\/\/psol50.org.br\/novo-retrocesso-reforma-da-previdencia-de-temer-aumenta-em-quase-20-anos-idade-de-contribuicao\/#primaryimage\"},\"image\":{\"@id\":\"https:\/\/psol50.org.br\/novo-retrocesso-reforma-da-previdencia-de-temer-aumenta-em-quase-20-anos-idade-de-contribuicao\/#primaryimage\"},\"thumbnailUrl\":\"\",\"datePublished\":\"2016-12-06T14:12:56+00:00\",\"breadcrumb\":{\"@id\":\"https:\/\/psol50.org.br\/novo-retrocesso-reforma-da-previdencia-de-temer-aumenta-em-quase-20-anos-idade-de-contribuicao\/#breadcrumb\"},\"inLanguage\":\"pt-BR\",\"potentialAction\":[{\"@type\":\"ReadAction\",\"target\":[\"https:\/\/psol50.org.br\/novo-retrocesso-reforma-da-previdencia-de-temer-aumenta-em-quase-20-anos-idade-de-contribuicao\/\"]}]},{\"@type\":\"ImageObject\",\"inLanguage\":\"pt-BR\",\"@id\":\"https:\/\/psol50.org.br\/novo-retrocesso-reforma-da-previdencia-de-temer-aumenta-em-quase-20-anos-idade-de-contribuicao\/#primaryimage\",\"url\":\"\",\"contentUrl\":\"\"},{\"@type\":\"BreadcrumbList\",\"@id\":\"https:\/\/psol50.org.br\/novo-retrocesso-reforma-da-previdencia-de-temer-aumenta-em-quase-20-anos-idade-de-contribuicao\/#breadcrumb\",\"itemListElement\":[{\"@type\":\"ListItem\",\"position\":1,\"name\":\"In\u00edcio\",\"item\":\"https:\/\/psol50.org.br\/\"},{\"@type\":\"ListItem\",\"position\":2,\"name\":\"Novo retrocesso: Reforma da Previd\u00eancia de Temer aumenta em quase 20 anos idade de contribui\u00e7\u00e3o\"}]},{\"@type\":\"WebSite\",\"@id\":\"https:\/\/psol50.org.br\/#website\",\"url\":\"https:\/\/psol50.org.br\/\",\"name\":\"PSOL 50\",\"description\":\"Site oficial do Partido Socialismo e Liberdade\",\"publisher\":{\"@id\":\"https:\/\/psol50.org.br\/#organization\"},\"alternateName\":\"PSOL50\",\"potentialAction\":[{\"@type\":\"SearchAction\",\"target\":{\"@type\":\"EntryPoint\",\"urlTemplate\":\"https:\/\/psol50.org.br\/?s={search_term_string}\"},\"query-input\":{\"@type\":\"PropertyValueSpecification\",\"valueRequired\":true,\"valueName\":\"search_term_string\"}}],\"inLanguage\":\"pt-BR\"},{\"@type\":\"Organization\",\"@id\":\"https:\/\/psol50.org.br\/#organization\",\"name\":\"PSOL 50\",\"alternateName\":\"PSOL 50\",\"url\":\"https:\/\/psol50.org.br\/\",\"logo\":{\"@type\":\"ImageObject\",\"inLanguage\":\"pt-BR\",\"@id\":\"https:\/\/psol50.org.br\/#\/schema\/logo\/image\/\",\"url\":\"https:\/\/psol50.org.br\/inc\/uploads\/2018\/07\/capa.png\",\"contentUrl\":\"https:\/\/psol50.org.br\/inc\/uploads\/2018\/07\/capa.png\",\"width\":1350,\"height\":900,\"caption\":\"PSOL 50\"},\"image\":{\"@id\":\"https:\/\/psol50.org.br\/#\/schema\/logo\/image\/\"},\"sameAs\":[\"https:\/\/www.facebook.com\/psol50\",\"https:\/\/x.com\/psol50\",\"https:\/\/www.instagram.com\/psol50\/\",\"https:\/\/www.youtube.com\/channel\/UC7SnJS5o1os7a6CaiNabzcg\"]},{\"@type\":\"Person\",\"@id\":\"https:\/\/psol50.org.br\/#\/schema\/person\/475dfa57d0b815993c714c2e96491fcd\",\"name\":\"Comunica\u00e7\u00e3o PSOL\",\"image\":{\"@type\":\"ImageObject\",\"inLanguage\":\"pt-BR\",\"@id\":\"https:\/\/psol50.org.br\/#\/schema\/person\/image\/\",\"url\":\"https:\/\/secure.gravatar.com\/avatar\/b34fc4f4e468a4e51785917065a3db57b841f5c95dba6ad8c73aaf8f66f8f9bf?s=96&d=mm&r=g\",\"contentUrl\":\"https:\/\/secure.gravatar.com\/avatar\/b34fc4f4e468a4e51785917065a3db57b841f5c95dba6ad8c73aaf8f66f8f9bf?s=96&d=mm&r=g\",\"caption\":\"Comunica\u00e7\u00e3o PSOL\"}}]}<\/script>\n<!-- \/ Yoast SEO plugin. -->","yoast_head_json":{"title":"Novo retrocesso: Reforma da Previd\u00eancia de Temer aumenta em quase 20 anos idade de contribui\u00e7\u00e3o - PSOL 50","robots":{"index":"index","follow":"follow","max-snippet":"max-snippet:-1","max-image-preview":"max-image-preview:large","max-video-preview":"max-video-preview:-1"},"canonical":"https:\/\/psol50.org.br\/novo-retrocesso-reforma-da-previdencia-de-temer-aumenta-em-quase-20-anos-idade-de-contribuicao\/","og_locale":"pt_BR","og_type":"article","og_title":"Novo retrocesso: Reforma da Previd\u00eancia de Temer aumenta em quase 20 anos idade de contribui\u00e7\u00e3o - PSOL 50","og_description":"A agenda de retrocessos imposta pelo governo de Michel Temer ganhou novo cap\u00edtulo nesta ter\u00e7a-feira (06\/12), com o envio da proposta de reforma da Previd\u00eancia para o Congresso Nacional. Pelo projeto, considerado um dos pilares do ajuste fiscal do governo ileg\u00edtimo \u2013 refor\u00e7ando a PEC 55\/2016, que estabelece o teto de gastos pelos pr\u00f3ximos 20 [&hellip;]","og_url":"https:\/\/psol50.org.br\/novo-retrocesso-reforma-da-previdencia-de-temer-aumenta-em-quase-20-anos-idade-de-contribuicao\/","og_site_name":"PSOL 50","article_publisher":"https:\/\/www.facebook.com\/psol50","article_published_time":"2016-12-06T14:12:56+00:00","og_image":[{"width":1350,"height":900,"url":"https:\/\/psol50.org.br\/inc\/uploads\/2018\/07\/capa.png","type":"image\/png"}],"author":"Comunica\u00e7\u00e3o PSOL","twitter_card":"summary_large_image","twitter_creator":"@psol50","twitter_site":"@psol50","twitter_misc":{"Escrito por":"Comunica\u00e7\u00e3o PSOL","Est. tempo de leitura":"4 minutos"},"schema":{"@context":"https:\/\/schema.org","@graph":[{"@type":"Article","@id":"https:\/\/psol50.org.br\/novo-retrocesso-reforma-da-previdencia-de-temer-aumenta-em-quase-20-anos-idade-de-contribuicao\/#article","isPartOf":{"@id":"https:\/\/psol50.org.br\/novo-retrocesso-reforma-da-previdencia-de-temer-aumenta-em-quase-20-anos-idade-de-contribuicao\/"},"author":{"name":"Comunica\u00e7\u00e3o PSOL","@id":"https:\/\/psol50.org.br\/#\/schema\/person\/475dfa57d0b815993c714c2e96491fcd"},"headline":"Novo retrocesso: Reforma da Previd\u00eancia de Temer aumenta em quase 20 anos idade de contribui\u00e7\u00e3o","datePublished":"2016-12-06T14:12:56+00:00","mainEntityOfPage":{"@id":"https:\/\/psol50.org.br\/novo-retrocesso-reforma-da-previdencia-de-temer-aumenta-em-quase-20-anos-idade-de-contribuicao\/"},"wordCount":717,"commentCount":0,"publisher":{"@id":"https:\/\/psol50.org.br\/#organization"},"image":{"@id":"https:\/\/psol50.org.br\/novo-retrocesso-reforma-da-previdencia-de-temer-aumenta-em-quase-20-anos-idade-de-contribuicao\/#primaryimage"},"thumbnailUrl":"","keywords":["65 anos","aposentadoria","classe trabalhadora","idade m\u00ednima","Ivan Valente","Michel Temer","previd\u00eancia","PSOL","reforma da previd\u00eancia","retrocesso","tempo de contribui\u00e7\u00e3o"],"articleSection":["A\u00e7\u00e3o Parlamentar","Brasil","Not\u00edcias"],"inLanguage":"pt-BR","potentialAction":[{"@type":"CommentAction","name":"Comment","target":["https:\/\/psol50.org.br\/novo-retrocesso-reforma-da-previdencia-de-temer-aumenta-em-quase-20-anos-idade-de-contribuicao\/#respond"]}]},{"@type":"WebPage","@id":"https:\/\/psol50.org.br\/novo-retrocesso-reforma-da-previdencia-de-temer-aumenta-em-quase-20-anos-idade-de-contribuicao\/","url":"https:\/\/psol50.org.br\/novo-retrocesso-reforma-da-previdencia-de-temer-aumenta-em-quase-20-anos-idade-de-contribuicao\/","name":"Novo retrocesso: Reforma da Previd\u00eancia de Temer aumenta em quase 20 anos idade de contribui\u00e7\u00e3o - PSOL 50","isPartOf":{"@id":"https:\/\/psol50.org.br\/#website"},"primaryImageOfPage":{"@id":"https:\/\/psol50.org.br\/novo-retrocesso-reforma-da-previdencia-de-temer-aumenta-em-quase-20-anos-idade-de-contribuicao\/#primaryimage"},"image":{"@id":"https:\/\/psol50.org.br\/novo-retrocesso-reforma-da-previdencia-de-temer-aumenta-em-quase-20-anos-idade-de-contribuicao\/#primaryimage"},"thumbnailUrl":"","datePublished":"2016-12-06T14:12:56+00:00","breadcrumb":{"@id":"https:\/\/psol50.org.br\/novo-retrocesso-reforma-da-previdencia-de-temer-aumenta-em-quase-20-anos-idade-de-contribuicao\/#breadcrumb"},"inLanguage":"pt-BR","potentialAction":[{"@type":"ReadAction","target":["https:\/\/psol50.org.br\/novo-retrocesso-reforma-da-previdencia-de-temer-aumenta-em-quase-20-anos-idade-de-contribuicao\/"]}]},{"@type":"ImageObject","inLanguage":"pt-BR","@id":"https:\/\/psol50.org.br\/novo-retrocesso-reforma-da-previdencia-de-temer-aumenta-em-quase-20-anos-idade-de-contribuicao\/#primaryimage","url":"","contentUrl":""},{"@type":"BreadcrumbList","@id":"https:\/\/psol50.org.br\/novo-retrocesso-reforma-da-previdencia-de-temer-aumenta-em-quase-20-anos-idade-de-contribuicao\/#breadcrumb","itemListElement":[{"@type":"ListItem","position":1,"name":"In\u00edcio","item":"https:\/\/psol50.org.br\/"},{"@type":"ListItem","position":2,"name":"Novo retrocesso: Reforma da Previd\u00eancia de Temer aumenta em quase 20 anos idade de contribui\u00e7\u00e3o"}]},{"@type":"WebSite","@id":"https:\/\/psol50.org.br\/#website","url":"https:\/\/psol50.org.br\/","name":"PSOL 50","description":"Site oficial do Partido Socialismo e Liberdade","publisher":{"@id":"https:\/\/psol50.org.br\/#organization"},"alternateName":"PSOL50","potentialAction":[{"@type":"SearchAction","target":{"@type":"EntryPoint","urlTemplate":"https:\/\/psol50.org.br\/?s={search_term_string}"},"query-input":{"@type":"PropertyValueSpecification","valueRequired":true,"valueName":"search_term_string"}}],"inLanguage":"pt-BR"},{"@type":"Organization","@id":"https:\/\/psol50.org.br\/#organization","name":"PSOL 50","alternateName":"PSOL 50","url":"https:\/\/psol50.org.br\/","logo":{"@type":"ImageObject","inLanguage":"pt-BR","@id":"https:\/\/psol50.org.br\/#\/schema\/logo\/image\/","url":"https:\/\/psol50.org.br\/inc\/uploads\/2018\/07\/capa.png","contentUrl":"https:\/\/psol50.org.br\/inc\/uploads\/2018\/07\/capa.png","width":1350,"height":900,"caption":"PSOL 50"},"image":{"@id":"https:\/\/psol50.org.br\/#\/schema\/logo\/image\/"},"sameAs":["https:\/\/www.facebook.com\/psol50","https:\/\/x.com\/psol50","https:\/\/www.instagram.com\/psol50\/","https:\/\/www.youtube.com\/channel\/UC7SnJS5o1os7a6CaiNabzcg"]},{"@type":"Person","@id":"https:\/\/psol50.org.br\/#\/schema\/person\/475dfa57d0b815993c714c2e96491fcd","name":"Comunica\u00e7\u00e3o PSOL","image":{"@type":"ImageObject","inLanguage":"pt-BR","@id":"https:\/\/psol50.org.br\/#\/schema\/person\/image\/","url":"https:\/\/secure.gravatar.com\/avatar\/b34fc4f4e468a4e51785917065a3db57b841f5c95dba6ad8c73aaf8f66f8f9bf?s=96&d=mm&r=g","contentUrl":"https:\/\/secure.gravatar.com\/avatar\/b34fc4f4e468a4e51785917065a3db57b841f5c95dba6ad8c73aaf8f66f8f9bf?s=96&d=mm&r=g","caption":"Comunica\u00e7\u00e3o PSOL"}}]}},"_links":{"self":[{"href":"https:\/\/psol50.org.br\/rest\/wp\/v2\/posts\/14810","targetHints":{"allow":["GET"]}}],"collection":[{"href":"https:\/\/psol50.org.br\/rest\/wp\/v2\/posts"}],"about":[{"href":"https:\/\/psol50.org.br\/rest\/wp\/v2\/types\/post"}],"author":[{"embeddable":true,"href":"https:\/\/psol50.org.br\/rest\/wp\/v2\/users\/2"}],"replies":[{"embeddable":true,"href":"https:\/\/psol50.org.br\/rest\/wp\/v2\/comments?post=14810"}],"version-history":[{"count":0,"href":"https:\/\/psol50.org.br\/rest\/wp\/v2\/posts\/14810\/revisions"}],"wp:featuredmedia":[{"embeddable":true,"href":"https:\/\/psol50.org.br\/rest\/"}],"wp:attachment":[{"href":"https:\/\/psol50.org.br\/rest\/wp\/v2\/media?parent=14810"}],"wp:term":[{"taxonomy":"category","embeddable":true,"href":"https:\/\/psol50.org.br\/rest\/wp\/v2\/categories?post=14810"},{"taxonomy":"post_tag","embeddable":true,"href":"https:\/\/psol50.org.br\/rest\/wp\/v2\/tags?post=14810"}],"curies":[{"name":"wp","href":"https:\/\/api.w.org\/{rel}","templated":true}]}}