{"id":14857,"date":"2016-12-08T12:54:01","date_gmt":"2016-12-08T12:54:01","guid":{"rendered":"http:\/\/www.psol50.org.br\/?p=14857"},"modified":"2016-12-08T12:54:01","modified_gmt":"2016-12-08T12:54:01","slug":"com-voto-contrario-do-psol-camara-aprova-mp-que-propoe-retrocessos-no-ensino-medio","status":"publish","type":"post","link":"https:\/\/psol50.org.br\/com-voto-contrario-do-psol-camara-aprova-mp-que-propoe-retrocessos-no-ensino-medio\/","title":{"rendered":"Com voto contr\u00e1rio do PSOL, C\u00e2mara aprova MP que prop\u00f5e retrocessos no ensino m\u00e9dio"},"content":{"rendered":"<p>O plen\u00e1rio da C\u00e2mara dos Deputados aprovou na noite desta quarta-feira (07\/12) o texto principal da medida provis\u00f3ria que reformula o ensino m\u00e9dio (MP\u00a0<a href=\"http:\/\/www2.camara.leg.br\/camaranoticias\/noticias\/EDUCACAO-E-CULTURA\/520439-COMISSAO-MISTA-APROVA-MEDIDA-PROVISORIA-QUE-REFORMA-O-ENSINO-MEDIO.html\">746\/16<\/a>), trazendo retrocessos para a educa\u00e7\u00e3o de milh\u00f5es de adolescentes e jovens brasileiros. Foram 263 votos favor\u00e1veis, 106 contr\u00e1rios e tr\u00eas absten\u00e7\u00f5es.<\/p>\n<p>Toda a bancada do PSOL votou contra a proposta, uma das primeiras apresentadas pelo presidente ileg\u00edtimo Michel Temer, t\u00e3o logo ele assumiu o Pal\u00e1cio do Planalto. Sem qualquer di\u00e1logo com entidades sindicais de trabalhadores da educa\u00e7\u00e3o e dos estudantes, o governo quer impor altera\u00e7\u00f5es severas que trar\u00e3o preju\u00edzos, no decorrer dos anos, para professores e alunos. Em setembro, o partido <a href=\"http:\/\/www.psol50.org.br\/blog\/2016\/09\/27\/psol-recorre-nessa-quarta-ao-stf-contra-reforma-do-ensino-medio\/\" target=\"_blank\" rel=\"noopener\"><span style=\"color: #0000ff\"><u>protocolou uma A\u00e7\u00e3o Direta de Inconstitucionalidade no STF contra a medida provis\u00f3ria<\/u><\/span><\/a>.<\/p>\n<p>Entre os principais itens da proposta, se destacam o aumento da carga hor\u00e1ria e a divis\u00e3o dos temas a serem estudados, al\u00e9m da retirada de disciplinas como Sociologia e Filosofia da grade curricular. Em rela\u00e7\u00e3o ao per\u00edodo integral, o PSOL argumenta que essa mudan\u00e7a contraria o direito \u00e0 educa\u00e7\u00e3o, garantido pelo artigo 206 da Constitui\u00e7\u00e3o Federal. Como no ensino m\u00e9dio muitos alunos j\u00e1 est\u00e3o no mercado de trabalho, o per\u00edodo integral sem pol\u00edticas p\u00fablicas de perman\u00eancia retira dos estudantes a possibilidade de se sustentar e estudar.<\/p>\n<p>Al\u00e9m disso, a MP de Temer acaba com o pr\u00e9-requisito de possuir licenciatura para ministrar aulas, limitando a quest\u00e3o a \u201cnot\u00f3rio saber\u201d. Isso prejudica a qualidade da educa\u00e7\u00e3o, j\u00e1 que a forma\u00e7\u00e3o de um professor vai al\u00e9m de conhecimento t\u00e9cnico e o ensino m\u00e9dio\u00a0n\u00e3o se trata de ensino profissionalizante.<\/p>\n<p>O l\u00edder do PSOL na C\u00e2mara, deputado Ivan Valente (SP), apresentou duras cr\u00edticas \u00e0 proposta. Ele explicou que cerca de 35% dos jovens entre 15 e 17 anos est\u00e3o no mercado de trabalho e que a mudan\u00e7a para o per\u00edodo integral for\u00e7aria uma parcela consider\u00e1vel a parar os estudos. \u201cEsse governo confunde duas coisas: ensino de tempo integral, com aumento de horas, com ensino integral, que \u00e9 ter um projeto pedag\u00f3gico para oferecer ao estudante do ensino m\u00e9dio. E aqui predomina uma vis\u00e3o da elite brasileira, que pensa \u2018o ensino m\u00e9dio nunca serviu para nada, ent\u00e3o vamos dar cursos profissionalizantes para o estudante do ensino m\u00e9dio\u2019. Vai entrar como no mercado de trabalho? A maioria dos estudantes nem pensam em chegar ao ensino superior e receber uma forma\u00e7\u00e3o human\u00edstica e profissional. N\u00e3o \u00e9 atoa que o projeto original retirava o ensino de Artes, de Educa\u00e7\u00e3o F\u00edsica, de Filosofia e de Sociologia\u201d, criticou o l\u00edder do partido.<\/p>\n<p>Todos os demais deputados do PSOL se posicionaram contr\u00e1rios \u00e0 mat\u00e9ria. \u201cEsse projeto tem v\u00e1rios problemas. Eles aumentam a carga hor\u00e1ria, mas com um congelamento de 20 anos nos recursos. Retiram Filosofia e Sociologia para que a gente tenha uma escola que n\u00e3o seja cr\u00edtica\u201d, criticou Glauber Braga (RJ), durante a vota\u00e7\u00e3o. \u201cSe uma reforma do ensino m\u00e9dio deveria acontecer, ela deveria partir de um projeto de lei desta casa e n\u00e3o de uma medida provis\u00f3ria enviada por um governo golpista\u201d, disse Jean Wyllys, questionando a legitimidade da proposta. \u201cQualquer mudan\u00e7a educacional precisa do comprometimento e do envolvimento n\u00e3o s\u00f3 do setor docente, mas tamb\u00e9m do discente, mas tamb\u00e9m da valoriza\u00e7\u00e3o da forma\u00e7\u00e3o profissional\u201d, pontuou Chico Alencar (RJ), comentando o fato de que a MP de Temer foi enviada sem o debate pr\u00e9vio com as entidades estudantis e dos trabalhadores.<\/p>\n<p>Os destaques apresentadas \u00e0 mat\u00e9ria ser\u00e3o apreciados em sess\u00e3o na pr\u00f3xima segunda-feira (12\/12).<\/p>\n<p>&nbsp;<\/p>\n<p>&nbsp;<\/p>\n","protected":false},"excerpt":{"rendered":"<p>O plen\u00e1rio da C\u00e2mara dos Deputados aprovou na noite desta quarta-feira (07\/12) o texto principal da medida provis\u00f3ria que reformula o ensino m\u00e9dio (MP\u00a0746\/16), trazendo retrocessos para a educa\u00e7\u00e3o de milh\u00f5es de adolescentes e jovens brasileiros. Foram 263 votos favor\u00e1veis, 106 contr\u00e1rios e tr\u00eas absten\u00e7\u00f5es. Toda a bancada do PSOL votou contra a proposta, uma [&hellip;]<\/p>\n","protected":false},"author":2,"featured_media":14858,"comment_status":"open","ping_status":"open","sticky":false,"template":"","format":"standard","meta":{"_acf_changed":false,"footnotes":""},"categories":[10,1882,2208,6,14],"tags":[4715,4716,4717,1423,1748,4687,4718,22,2195,4719],"class_list":{"0":"post-14857","1":"post","2":"type-post","3":"status-publish","4":"format-standard","5":"has-post-thumbnail","7":"category-acao-parlamentares","8":"category-brasil","9":"category-educacao","10":"category-noticias","11":"category-partido","12":"tag-artes","13":"tag-educacao-fisica","14":"tag-filosofia","15":"tag-medida-provisoria","16":"tag-michel-temer","17":"tag-mp-74616","18":"tag-periodo-integral","19":"tag-psol","20":"tag-reforma-do-ensino-medio","21":"tag-sociologia"},"acf":[],"yoast_head":"<!-- This site is optimized with the Yoast SEO plugin v26.5 - https:\/\/yoast.com\/wordpress\/plugins\/seo\/ -->\n<title>Com voto contr\u00e1rio do PSOL, C\u00e2mara aprova MP que prop\u00f5e retrocessos no ensino m\u00e9dio - PSOL 50<\/title>\n<meta name=\"robots\" content=\"index, follow, max-snippet:-1, max-image-preview:large, max-video-preview:-1\" \/>\n<link rel=\"canonical\" href=\"https:\/\/psol50.org.br\/com-voto-contrario-do-psol-camara-aprova-mp-que-propoe-retrocessos-no-ensino-medio\/\" \/>\n<meta property=\"og:locale\" content=\"pt_BR\" \/>\n<meta property=\"og:type\" content=\"article\" \/>\n<meta property=\"og:title\" content=\"Com voto contr\u00e1rio do PSOL, C\u00e2mara aprova MP que prop\u00f5e retrocessos no ensino m\u00e9dio - PSOL 50\" \/>\n<meta property=\"og:description\" content=\"O plen\u00e1rio da C\u00e2mara dos Deputados aprovou na noite desta quarta-feira (07\/12) o texto principal da medida provis\u00f3ria que reformula o ensino m\u00e9dio (MP\u00a0746\/16), trazendo retrocessos para a educa\u00e7\u00e3o de milh\u00f5es de adolescentes e jovens brasileiros. Foram 263 votos favor\u00e1veis, 106 contr\u00e1rios e tr\u00eas absten\u00e7\u00f5es. Toda a bancada do PSOL votou contra a proposta, uma [&hellip;]\" \/>\n<meta property=\"og:url\" content=\"https:\/\/psol50.org.br\/com-voto-contrario-do-psol-camara-aprova-mp-que-propoe-retrocessos-no-ensino-medio\/\" \/>\n<meta property=\"og:site_name\" content=\"PSOL 50\" \/>\n<meta property=\"article:publisher\" content=\"https:\/\/www.facebook.com\/psol50\" \/>\n<meta property=\"article:published_time\" content=\"2016-12-08T12:54:01+00:00\" \/>\n<meta property=\"og:image\" content=\"https:\/\/psol50.org.br\/inc\/uploads\/2018\/07\/capa.png\" \/>\n\t<meta property=\"og:image:width\" content=\"1350\" \/>\n\t<meta property=\"og:image:height\" content=\"900\" \/>\n\t<meta property=\"og:image:type\" content=\"image\/png\" \/>\n<meta name=\"author\" content=\"Comunica\u00e7\u00e3o PSOL\" \/>\n<meta name=\"twitter:card\" content=\"summary_large_image\" \/>\n<meta name=\"twitter:creator\" content=\"@psol50\" \/>\n<meta name=\"twitter:site\" content=\"@psol50\" \/>\n<meta name=\"twitter:label1\" content=\"Escrito por\" \/>\n\t<meta name=\"twitter:data1\" content=\"Comunica\u00e7\u00e3o PSOL\" \/>\n\t<meta name=\"twitter:label2\" content=\"Est. tempo de leitura\" \/>\n\t<meta name=\"twitter:data2\" content=\"3 minutos\" \/>\n<script type=\"application\/ld+json\" class=\"yoast-schema-graph\">{\"@context\":\"https:\/\/schema.org\",\"@graph\":[{\"@type\":\"Article\",\"@id\":\"https:\/\/psol50.org.br\/com-voto-contrario-do-psol-camara-aprova-mp-que-propoe-retrocessos-no-ensino-medio\/#article\",\"isPartOf\":{\"@id\":\"https:\/\/psol50.org.br\/com-voto-contrario-do-psol-camara-aprova-mp-que-propoe-retrocessos-no-ensino-medio\/\"},\"author\":{\"name\":\"Comunica\u00e7\u00e3o PSOL\",\"@id\":\"https:\/\/psol50.org.br\/#\/schema\/person\/475dfa57d0b815993c714c2e96491fcd\"},\"headline\":\"Com voto contr\u00e1rio do PSOL, C\u00e2mara aprova MP que prop\u00f5e retrocessos no ensino m\u00e9dio\",\"datePublished\":\"2016-12-08T12:54:01+00:00\",\"mainEntityOfPage\":{\"@id\":\"https:\/\/psol50.org.br\/com-voto-contrario-do-psol-camara-aprova-mp-que-propoe-retrocessos-no-ensino-medio\/\"},\"wordCount\":652,\"commentCount\":0,\"publisher\":{\"@id\":\"https:\/\/psol50.org.br\/#organization\"},\"image\":{\"@id\":\"https:\/\/psol50.org.br\/com-voto-contrario-do-psol-camara-aprova-mp-que-propoe-retrocessos-no-ensino-medio\/#primaryimage\"},\"thumbnailUrl\":\"\",\"keywords\":[\"artes\",\"educa\u00e7\u00e3o f\u00edsica\",\"filosofia\",\"medida provis\u00f3ria\",\"Michel Temer\",\"MP 746\/16\",\"per\u00edodo integral\",\"PSOL\",\"reforma do ensino m\u00e9dio\",\"sociologia\"],\"articleSection\":[\"A\u00e7\u00e3o Parlamentar\",\"Brasil\",\"Educa\u00e7\u00e3o\",\"Not\u00edcias\",\"Partido\"],\"inLanguage\":\"pt-BR\",\"potentialAction\":[{\"@type\":\"CommentAction\",\"name\":\"Comment\",\"target\":[\"https:\/\/psol50.org.br\/com-voto-contrario-do-psol-camara-aprova-mp-que-propoe-retrocessos-no-ensino-medio\/#respond\"]}]},{\"@type\":\"WebPage\",\"@id\":\"https:\/\/psol50.org.br\/com-voto-contrario-do-psol-camara-aprova-mp-que-propoe-retrocessos-no-ensino-medio\/\",\"url\":\"https:\/\/psol50.org.br\/com-voto-contrario-do-psol-camara-aprova-mp-que-propoe-retrocessos-no-ensino-medio\/\",\"name\":\"Com voto contr\u00e1rio do PSOL, C\u00e2mara aprova MP que prop\u00f5e retrocessos no ensino m\u00e9dio - PSOL 50\",\"isPartOf\":{\"@id\":\"https:\/\/psol50.org.br\/#website\"},\"primaryImageOfPage\":{\"@id\":\"https:\/\/psol50.org.br\/com-voto-contrario-do-psol-camara-aprova-mp-que-propoe-retrocessos-no-ensino-medio\/#primaryimage\"},\"image\":{\"@id\":\"https:\/\/psol50.org.br\/com-voto-contrario-do-psol-camara-aprova-mp-que-propoe-retrocessos-no-ensino-medio\/#primaryimage\"},\"thumbnailUrl\":\"\",\"datePublished\":\"2016-12-08T12:54:01+00:00\",\"breadcrumb\":{\"@id\":\"https:\/\/psol50.org.br\/com-voto-contrario-do-psol-camara-aprova-mp-que-propoe-retrocessos-no-ensino-medio\/#breadcrumb\"},\"inLanguage\":\"pt-BR\",\"potentialAction\":[{\"@type\":\"ReadAction\",\"target\":[\"https:\/\/psol50.org.br\/com-voto-contrario-do-psol-camara-aprova-mp-que-propoe-retrocessos-no-ensino-medio\/\"]}]},{\"@type\":\"ImageObject\",\"inLanguage\":\"pt-BR\",\"@id\":\"https:\/\/psol50.org.br\/com-voto-contrario-do-psol-camara-aprova-mp-que-propoe-retrocessos-no-ensino-medio\/#primaryimage\",\"url\":\"\",\"contentUrl\":\"\"},{\"@type\":\"BreadcrumbList\",\"@id\":\"https:\/\/psol50.org.br\/com-voto-contrario-do-psol-camara-aprova-mp-que-propoe-retrocessos-no-ensino-medio\/#breadcrumb\",\"itemListElement\":[{\"@type\":\"ListItem\",\"position\":1,\"name\":\"In\u00edcio\",\"item\":\"https:\/\/psol50.org.br\/\"},{\"@type\":\"ListItem\",\"position\":2,\"name\":\"Com voto contr\u00e1rio do PSOL, C\u00e2mara aprova MP que prop\u00f5e retrocessos no ensino m\u00e9dio\"}]},{\"@type\":\"WebSite\",\"@id\":\"https:\/\/psol50.org.br\/#website\",\"url\":\"https:\/\/psol50.org.br\/\",\"name\":\"PSOL 50\",\"description\":\"Site oficial do Partido Socialismo e Liberdade\",\"publisher\":{\"@id\":\"https:\/\/psol50.org.br\/#organization\"},\"alternateName\":\"PSOL50\",\"potentialAction\":[{\"@type\":\"SearchAction\",\"target\":{\"@type\":\"EntryPoint\",\"urlTemplate\":\"https:\/\/psol50.org.br\/?s={search_term_string}\"},\"query-input\":{\"@type\":\"PropertyValueSpecification\",\"valueRequired\":true,\"valueName\":\"search_term_string\"}}],\"inLanguage\":\"pt-BR\"},{\"@type\":\"Organization\",\"@id\":\"https:\/\/psol50.org.br\/#organization\",\"name\":\"PSOL 50\",\"alternateName\":\"PSOL 50\",\"url\":\"https:\/\/psol50.org.br\/\",\"logo\":{\"@type\":\"ImageObject\",\"inLanguage\":\"pt-BR\",\"@id\":\"https:\/\/psol50.org.br\/#\/schema\/logo\/image\/\",\"url\":\"https:\/\/psol50.org.br\/inc\/uploads\/2018\/07\/capa.png\",\"contentUrl\":\"https:\/\/psol50.org.br\/inc\/uploads\/2018\/07\/capa.png\",\"width\":1350,\"height\":900,\"caption\":\"PSOL 50\"},\"image\":{\"@id\":\"https:\/\/psol50.org.br\/#\/schema\/logo\/image\/\"},\"sameAs\":[\"https:\/\/www.facebook.com\/psol50\",\"https:\/\/x.com\/psol50\",\"https:\/\/www.instagram.com\/psol50\/\",\"https:\/\/www.youtube.com\/channel\/UC7SnJS5o1os7a6CaiNabzcg\"]},{\"@type\":\"Person\",\"@id\":\"https:\/\/psol50.org.br\/#\/schema\/person\/475dfa57d0b815993c714c2e96491fcd\",\"name\":\"Comunica\u00e7\u00e3o PSOL\",\"image\":{\"@type\":\"ImageObject\",\"inLanguage\":\"pt-BR\",\"@id\":\"https:\/\/psol50.org.br\/#\/schema\/person\/image\/\",\"url\":\"https:\/\/secure.gravatar.com\/avatar\/b34fc4f4e468a4e51785917065a3db57b841f5c95dba6ad8c73aaf8f66f8f9bf?s=96&d=mm&r=g\",\"contentUrl\":\"https:\/\/secure.gravatar.com\/avatar\/b34fc4f4e468a4e51785917065a3db57b841f5c95dba6ad8c73aaf8f66f8f9bf?s=96&d=mm&r=g\",\"caption\":\"Comunica\u00e7\u00e3o PSOL\"}}]}<\/script>\n<!-- \/ Yoast SEO plugin. -->","yoast_head_json":{"title":"Com voto contr\u00e1rio do PSOL, C\u00e2mara aprova MP que prop\u00f5e retrocessos no ensino m\u00e9dio - PSOL 50","robots":{"index":"index","follow":"follow","max-snippet":"max-snippet:-1","max-image-preview":"max-image-preview:large","max-video-preview":"max-video-preview:-1"},"canonical":"https:\/\/psol50.org.br\/com-voto-contrario-do-psol-camara-aprova-mp-que-propoe-retrocessos-no-ensino-medio\/","og_locale":"pt_BR","og_type":"article","og_title":"Com voto contr\u00e1rio do PSOL, C\u00e2mara aprova MP que prop\u00f5e retrocessos no ensino m\u00e9dio - PSOL 50","og_description":"O plen\u00e1rio da C\u00e2mara dos Deputados aprovou na noite desta quarta-feira (07\/12) o texto principal da medida provis\u00f3ria que reformula o ensino m\u00e9dio (MP\u00a0746\/16), trazendo retrocessos para a educa\u00e7\u00e3o de milh\u00f5es de adolescentes e jovens brasileiros. Foram 263 votos favor\u00e1veis, 106 contr\u00e1rios e tr\u00eas absten\u00e7\u00f5es. Toda a bancada do PSOL votou contra a proposta, uma [&hellip;]","og_url":"https:\/\/psol50.org.br\/com-voto-contrario-do-psol-camara-aprova-mp-que-propoe-retrocessos-no-ensino-medio\/","og_site_name":"PSOL 50","article_publisher":"https:\/\/www.facebook.com\/psol50","article_published_time":"2016-12-08T12:54:01+00:00","og_image":[{"width":1350,"height":900,"url":"https:\/\/psol50.org.br\/inc\/uploads\/2018\/07\/capa.png","type":"image\/png"}],"author":"Comunica\u00e7\u00e3o PSOL","twitter_card":"summary_large_image","twitter_creator":"@psol50","twitter_site":"@psol50","twitter_misc":{"Escrito por":"Comunica\u00e7\u00e3o PSOL","Est. tempo de leitura":"3 minutos"},"schema":{"@context":"https:\/\/schema.org","@graph":[{"@type":"Article","@id":"https:\/\/psol50.org.br\/com-voto-contrario-do-psol-camara-aprova-mp-que-propoe-retrocessos-no-ensino-medio\/#article","isPartOf":{"@id":"https:\/\/psol50.org.br\/com-voto-contrario-do-psol-camara-aprova-mp-que-propoe-retrocessos-no-ensino-medio\/"},"author":{"name":"Comunica\u00e7\u00e3o PSOL","@id":"https:\/\/psol50.org.br\/#\/schema\/person\/475dfa57d0b815993c714c2e96491fcd"},"headline":"Com voto contr\u00e1rio do PSOL, C\u00e2mara aprova MP que prop\u00f5e retrocessos no ensino m\u00e9dio","datePublished":"2016-12-08T12:54:01+00:00","mainEntityOfPage":{"@id":"https:\/\/psol50.org.br\/com-voto-contrario-do-psol-camara-aprova-mp-que-propoe-retrocessos-no-ensino-medio\/"},"wordCount":652,"commentCount":0,"publisher":{"@id":"https:\/\/psol50.org.br\/#organization"},"image":{"@id":"https:\/\/psol50.org.br\/com-voto-contrario-do-psol-camara-aprova-mp-que-propoe-retrocessos-no-ensino-medio\/#primaryimage"},"thumbnailUrl":"","keywords":["artes","educa\u00e7\u00e3o f\u00edsica","filosofia","medida provis\u00f3ria","Michel Temer","MP 746\/16","per\u00edodo integral","PSOL","reforma do ensino m\u00e9dio","sociologia"],"articleSection":["A\u00e7\u00e3o Parlamentar","Brasil","Educa\u00e7\u00e3o","Not\u00edcias","Partido"],"inLanguage":"pt-BR","potentialAction":[{"@type":"CommentAction","name":"Comment","target":["https:\/\/psol50.org.br\/com-voto-contrario-do-psol-camara-aprova-mp-que-propoe-retrocessos-no-ensino-medio\/#respond"]}]},{"@type":"WebPage","@id":"https:\/\/psol50.org.br\/com-voto-contrario-do-psol-camara-aprova-mp-que-propoe-retrocessos-no-ensino-medio\/","url":"https:\/\/psol50.org.br\/com-voto-contrario-do-psol-camara-aprova-mp-que-propoe-retrocessos-no-ensino-medio\/","name":"Com voto contr\u00e1rio do PSOL, C\u00e2mara aprova MP que prop\u00f5e retrocessos no ensino m\u00e9dio - PSOL 50","isPartOf":{"@id":"https:\/\/psol50.org.br\/#website"},"primaryImageOfPage":{"@id":"https:\/\/psol50.org.br\/com-voto-contrario-do-psol-camara-aprova-mp-que-propoe-retrocessos-no-ensino-medio\/#primaryimage"},"image":{"@id":"https:\/\/psol50.org.br\/com-voto-contrario-do-psol-camara-aprova-mp-que-propoe-retrocessos-no-ensino-medio\/#primaryimage"},"thumbnailUrl":"","datePublished":"2016-12-08T12:54:01+00:00","breadcrumb":{"@id":"https:\/\/psol50.org.br\/com-voto-contrario-do-psol-camara-aprova-mp-que-propoe-retrocessos-no-ensino-medio\/#breadcrumb"},"inLanguage":"pt-BR","potentialAction":[{"@type":"ReadAction","target":["https:\/\/psol50.org.br\/com-voto-contrario-do-psol-camara-aprova-mp-que-propoe-retrocessos-no-ensino-medio\/"]}]},{"@type":"ImageObject","inLanguage":"pt-BR","@id":"https:\/\/psol50.org.br\/com-voto-contrario-do-psol-camara-aprova-mp-que-propoe-retrocessos-no-ensino-medio\/#primaryimage","url":"","contentUrl":""},{"@type":"BreadcrumbList","@id":"https:\/\/psol50.org.br\/com-voto-contrario-do-psol-camara-aprova-mp-que-propoe-retrocessos-no-ensino-medio\/#breadcrumb","itemListElement":[{"@type":"ListItem","position":1,"name":"In\u00edcio","item":"https:\/\/psol50.org.br\/"},{"@type":"ListItem","position":2,"name":"Com voto contr\u00e1rio do PSOL, C\u00e2mara aprova MP que prop\u00f5e retrocessos no ensino m\u00e9dio"}]},{"@type":"WebSite","@id":"https:\/\/psol50.org.br\/#website","url":"https:\/\/psol50.org.br\/","name":"PSOL 50","description":"Site oficial do Partido Socialismo e Liberdade","publisher":{"@id":"https:\/\/psol50.org.br\/#organization"},"alternateName":"PSOL50","potentialAction":[{"@type":"SearchAction","target":{"@type":"EntryPoint","urlTemplate":"https:\/\/psol50.org.br\/?s={search_term_string}"},"query-input":{"@type":"PropertyValueSpecification","valueRequired":true,"valueName":"search_term_string"}}],"inLanguage":"pt-BR"},{"@type":"Organization","@id":"https:\/\/psol50.org.br\/#organization","name":"PSOL 50","alternateName":"PSOL 50","url":"https:\/\/psol50.org.br\/","logo":{"@type":"ImageObject","inLanguage":"pt-BR","@id":"https:\/\/psol50.org.br\/#\/schema\/logo\/image\/","url":"https:\/\/psol50.org.br\/inc\/uploads\/2018\/07\/capa.png","contentUrl":"https:\/\/psol50.org.br\/inc\/uploads\/2018\/07\/capa.png","width":1350,"height":900,"caption":"PSOL 50"},"image":{"@id":"https:\/\/psol50.org.br\/#\/schema\/logo\/image\/"},"sameAs":["https:\/\/www.facebook.com\/psol50","https:\/\/x.com\/psol50","https:\/\/www.instagram.com\/psol50\/","https:\/\/www.youtube.com\/channel\/UC7SnJS5o1os7a6CaiNabzcg"]},{"@type":"Person","@id":"https:\/\/psol50.org.br\/#\/schema\/person\/475dfa57d0b815993c714c2e96491fcd","name":"Comunica\u00e7\u00e3o PSOL","image":{"@type":"ImageObject","inLanguage":"pt-BR","@id":"https:\/\/psol50.org.br\/#\/schema\/person\/image\/","url":"https:\/\/secure.gravatar.com\/avatar\/b34fc4f4e468a4e51785917065a3db57b841f5c95dba6ad8c73aaf8f66f8f9bf?s=96&d=mm&r=g","contentUrl":"https:\/\/secure.gravatar.com\/avatar\/b34fc4f4e468a4e51785917065a3db57b841f5c95dba6ad8c73aaf8f66f8f9bf?s=96&d=mm&r=g","caption":"Comunica\u00e7\u00e3o PSOL"}}]}},"_links":{"self":[{"href":"https:\/\/psol50.org.br\/rest\/wp\/v2\/posts\/14857","targetHints":{"allow":["GET"]}}],"collection":[{"href":"https:\/\/psol50.org.br\/rest\/wp\/v2\/posts"}],"about":[{"href":"https:\/\/psol50.org.br\/rest\/wp\/v2\/types\/post"}],"author":[{"embeddable":true,"href":"https:\/\/psol50.org.br\/rest\/wp\/v2\/users\/2"}],"replies":[{"embeddable":true,"href":"https:\/\/psol50.org.br\/rest\/wp\/v2\/comments?post=14857"}],"version-history":[{"count":0,"href":"https:\/\/psol50.org.br\/rest\/wp\/v2\/posts\/14857\/revisions"}],"wp:featuredmedia":[{"embeddable":true,"href":"https:\/\/psol50.org.br\/rest\/"}],"wp:attachment":[{"href":"https:\/\/psol50.org.br\/rest\/wp\/v2\/media?parent=14857"}],"wp:term":[{"taxonomy":"category","embeddable":true,"href":"https:\/\/psol50.org.br\/rest\/wp\/v2\/categories?post=14857"},{"taxonomy":"post_tag","embeddable":true,"href":"https:\/\/psol50.org.br\/rest\/wp\/v2\/tags?post=14857"}],"curies":[{"name":"wp","href":"https:\/\/api.w.org\/{rel}","templated":true}]}}