{"id":14860,"date":"2016-12-08T14:03:14","date_gmt":"2016-12-08T14:03:14","guid":{"rendered":"http:\/\/www.psol50.org.br\/?p=14860"},"modified":"2016-12-08T14:03:14","modified_gmt":"2016-12-08T14:03:14","slug":"temer-determina-congelamento-de-vagas-em-universidades-federais","status":"publish","type":"post","link":"https:\/\/psol50.org.br\/temer-determina-congelamento-de-vagas-em-universidades-federais\/","title":{"rendered":"Temer determina congelamento de vagas em universidades federais"},"content":{"rendered":"<p>Reforma do ensino m\u00e9dio sem di\u00e1logo com entidades de estudantes e professores, teto de investimentos p\u00fablicos nos pr\u00f3ximos 20 anos, reforma da Previd\u00eancia que aumenta o tempo de contribui\u00e7\u00e3o para 49 anos, desmonte da comunica\u00e7\u00e3o p\u00fablica e da Empresa Brasil de Comunica\u00e7\u00e3o (EBC) e agora congelamento de vagas nas universidades p\u00fablicas. Essas s\u00e3o algumas das medidas que o governo de Michel Temer tem para oferecer \u00e0 popula\u00e7\u00e3o brasileira.<\/p>\n<p>Na esteira da onda de retrocessos, acirrada nas \u00faltimas semanas, o Minist\u00e9rio da Educa\u00e7\u00e3o, sob a lideran\u00e7a de Mendon\u00e7a Filho, do DEM, anunciou que vai congelar, nos pr\u00f3ximos dois anos, a amplia\u00e7\u00e3o do n\u00famero de vagas nas universidades federais. Segundo reportagem do Estad\u00e3o, o secret\u00e1rio de Ensino Superior, Paulo Barone, disse que a prioridade nos investimentos ser\u00e1 para &#8220;assegurar a continuidade do processo de expans\u00e3o que est\u00e1 em andamento&#8221;. Ele s\u00f3 n\u00e3o explicou como continuar a expans\u00e3o do ensino superior congelando vagas e sem o ingresso de novos alunos e professores para dar conta das demandas.<\/p>\n<p>A informa\u00e7\u00e3o \u00e9 preocupante, principalmente porque a meta do Plano Nacional de Educa\u00e7\u00e3o \u00e9 ampliar a taxa bruta de matr\u00edcula na educa\u00e7\u00e3o para 50% da popula\u00e7\u00e3o de 18 a 24 anos. O n\u00famero, no entanto, ainda \u00e9 distante, conforme dados de 2014, que aponta uma taxa de apenas 34,2%. O PNE prev\u00ea, ainda, a necessidade de assegurar a qualidade da oferta e a expans\u00e3o para, pelo menos, 40% das novas matr\u00edculas no segmento p\u00fablico.\u00a0O governo precisa explicar como atingir\u00e1 esses patamares, limitando os investimentos p\u00fablicos nos pr\u00f3ximos anos e congelamento a amplia\u00e7\u00e3o do n\u00famero de vagas.<\/p>\n<p>Institui\u00e7\u00f5es federais de ensino superior j\u00e1 sofrem h\u00e1 anos com o corte de verbas, como caso da Universidade Federal do Rio de Janeiro (UFRJ), que tem passado por uma de suas piores crises desde a sua funda\u00e7\u00e3o. A maior universidade federal do pa\u00eds enfrenta dificuldades para manter contas b\u00e1sicas em dia, como a de energia el\u00e9trica.\u00a0 J\u00e1 as federais que foram criadas ou tiveram expans\u00e3o para novos campus nos \u00faltimos cinco anos enfrentam o desafio de continuar recebendo ingressantes no pr\u00f3ximo ano e dar andamento para os seus cursos com qualidade.<\/p>\n<p><a href=\"http:\/\/educacao.estadao.com.br\/noticias\/geral,mec-decide-congelar-ampliacao-de-vagas-em-universidades-federais,10000093242\" target=\"_blank\" rel=\"noopener\"><span style=\"color: #0000ff\"><strong>Leia a reportagem completa aqui<\/strong><\/span><\/a>.<\/p>\n<p>&nbsp;<\/p>\n","protected":false},"excerpt":{"rendered":"<p>Reforma do ensino m\u00e9dio sem di\u00e1logo com entidades de estudantes e professores, teto de investimentos p\u00fablicos nos pr\u00f3ximos 20 anos, reforma da Previd\u00eancia que aumenta o tempo de contribui\u00e7\u00e3o para 49 anos, desmonte da comunica\u00e7\u00e3o p\u00fablica e da Empresa Brasil de Comunica\u00e7\u00e3o (EBC) e agora congelamento de vagas nas universidades p\u00fablicas. Essas s\u00e3o algumas das [&hellip;]<\/p>\n","protected":false},"author":2,"featured_media":10338,"comment_status":"open","ping_status":"open","sticky":false,"template":"","format":"standard","meta":{"_acf_changed":false,"footnotes":""},"categories":[1882,2208,6],"tags":[3486,2675,91,3062,1748,4720,3236,3237,4721,4722],"class_list":{"0":"post-14860","1":"post","2":"type-post","3":"status-publish","4":"format-standard","5":"has-post-thumbnail","7":"category-brasil","8":"category-educacao","9":"category-noticias","10":"tag-congelamento","11":"tag-ensino-superior","12":"tag-mec","13":"tag-mendonca-filho","14":"tag-michel-temer","15":"tag-paulo-barone","16":"tag-plano-nacional-de-educacao","17":"tag-pne","18":"tag-universidades-federais","19":"tag-vagas"},"acf":[],"yoast_head":"<!-- This site is optimized with the Yoast SEO plugin v26.5 - https:\/\/yoast.com\/wordpress\/plugins\/seo\/ -->\n<title>Temer determina congelamento de vagas em universidades federais - PSOL 50<\/title>\n<meta name=\"robots\" content=\"index, follow, max-snippet:-1, max-image-preview:large, max-video-preview:-1\" \/>\n<link rel=\"canonical\" href=\"https:\/\/psol50.org.br\/temer-determina-congelamento-de-vagas-em-universidades-federais\/\" \/>\n<meta property=\"og:locale\" content=\"pt_BR\" \/>\n<meta property=\"og:type\" content=\"article\" \/>\n<meta property=\"og:title\" content=\"Temer determina congelamento de vagas em universidades federais - PSOL 50\" \/>\n<meta property=\"og:description\" content=\"Reforma do ensino m\u00e9dio sem di\u00e1logo com entidades de estudantes e professores, teto de investimentos p\u00fablicos nos pr\u00f3ximos 20 anos, reforma da Previd\u00eancia que aumenta o tempo de contribui\u00e7\u00e3o para 49 anos, desmonte da comunica\u00e7\u00e3o p\u00fablica e da Empresa Brasil de Comunica\u00e7\u00e3o (EBC) e agora congelamento de vagas nas universidades p\u00fablicas. Essas s\u00e3o algumas das [&hellip;]\" \/>\n<meta property=\"og:url\" content=\"https:\/\/psol50.org.br\/temer-determina-congelamento-de-vagas-em-universidades-federais\/\" \/>\n<meta property=\"og:site_name\" content=\"PSOL 50\" \/>\n<meta property=\"article:publisher\" content=\"https:\/\/www.facebook.com\/psol50\" \/>\n<meta property=\"article:published_time\" content=\"2016-12-08T14:03:14+00:00\" \/>\n<meta property=\"og:image\" content=\"https:\/\/psol50.org.br\/inc\/uploads\/2015\/10\/UnB-Minhocao-Agencia-UnB.jpg\" \/>\n\t<meta property=\"og:image:width\" content=\"942\" \/>\n\t<meta property=\"og:image:height\" content=\"628\" \/>\n\t<meta property=\"og:image:type\" content=\"image\/jpeg\" \/>\n<meta name=\"author\" content=\"Comunica\u00e7\u00e3o PSOL\" \/>\n<meta name=\"twitter:card\" content=\"summary_large_image\" \/>\n<meta name=\"twitter:creator\" content=\"@psol50\" \/>\n<meta name=\"twitter:site\" content=\"@psol50\" \/>\n<meta name=\"twitter:label1\" content=\"Escrito por\" \/>\n\t<meta name=\"twitter:data1\" content=\"Comunica\u00e7\u00e3o PSOL\" \/>\n\t<meta name=\"twitter:label2\" content=\"Est. tempo de leitura\" \/>\n\t<meta name=\"twitter:data2\" content=\"2 minutos\" \/>\n<script type=\"application\/ld+json\" class=\"yoast-schema-graph\">{\"@context\":\"https:\/\/schema.org\",\"@graph\":[{\"@type\":\"Article\",\"@id\":\"https:\/\/psol50.org.br\/temer-determina-congelamento-de-vagas-em-universidades-federais\/#article\",\"isPartOf\":{\"@id\":\"https:\/\/psol50.org.br\/temer-determina-congelamento-de-vagas-em-universidades-federais\/\"},\"author\":{\"name\":\"Comunica\u00e7\u00e3o PSOL\",\"@id\":\"https:\/\/psol50.org.br\/#\/schema\/person\/475dfa57d0b815993c714c2e96491fcd\"},\"headline\":\"Temer determina congelamento de vagas em universidades federais\",\"datePublished\":\"2016-12-08T14:03:14+00:00\",\"mainEntityOfPage\":{\"@id\":\"https:\/\/psol50.org.br\/temer-determina-congelamento-de-vagas-em-universidades-federais\/\"},\"wordCount\":398,\"commentCount\":0,\"publisher\":{\"@id\":\"https:\/\/psol50.org.br\/#organization\"},\"image\":{\"@id\":\"https:\/\/psol50.org.br\/temer-determina-congelamento-de-vagas-em-universidades-federais\/#primaryimage\"},\"thumbnailUrl\":\"https:\/\/psol50.org.br\/inc\/uploads\/2015\/10\/UnB-Minhocao-Agencia-UnB.jpg\",\"keywords\":[\"congelamento\",\"ensino superior\",\"MEC\",\"Mendon\u00e7a Filho\",\"Michel Temer\",\"Paulo Barone\",\"Plano Nacional de Educa\u00e7\u00e3o\",\"PNE\",\"universidades federais\",\"vagas\"],\"articleSection\":[\"Brasil\",\"Educa\u00e7\u00e3o\",\"Not\u00edcias\"],\"inLanguage\":\"pt-BR\",\"potentialAction\":[{\"@type\":\"CommentAction\",\"name\":\"Comment\",\"target\":[\"https:\/\/psol50.org.br\/temer-determina-congelamento-de-vagas-em-universidades-federais\/#respond\"]}]},{\"@type\":\"WebPage\",\"@id\":\"https:\/\/psol50.org.br\/temer-determina-congelamento-de-vagas-em-universidades-federais\/\",\"url\":\"https:\/\/psol50.org.br\/temer-determina-congelamento-de-vagas-em-universidades-federais\/\",\"name\":\"Temer determina congelamento de vagas em universidades federais - PSOL 50\",\"isPartOf\":{\"@id\":\"https:\/\/psol50.org.br\/#website\"},\"primaryImageOfPage\":{\"@id\":\"https:\/\/psol50.org.br\/temer-determina-congelamento-de-vagas-em-universidades-federais\/#primaryimage\"},\"image\":{\"@id\":\"https:\/\/psol50.org.br\/temer-determina-congelamento-de-vagas-em-universidades-federais\/#primaryimage\"},\"thumbnailUrl\":\"https:\/\/psol50.org.br\/inc\/uploads\/2015\/10\/UnB-Minhocao-Agencia-UnB.jpg\",\"datePublished\":\"2016-12-08T14:03:14+00:00\",\"breadcrumb\":{\"@id\":\"https:\/\/psol50.org.br\/temer-determina-congelamento-de-vagas-em-universidades-federais\/#breadcrumb\"},\"inLanguage\":\"pt-BR\",\"potentialAction\":[{\"@type\":\"ReadAction\",\"target\":[\"https:\/\/psol50.org.br\/temer-determina-congelamento-de-vagas-em-universidades-federais\/\"]}]},{\"@type\":\"ImageObject\",\"inLanguage\":\"pt-BR\",\"@id\":\"https:\/\/psol50.org.br\/temer-determina-congelamento-de-vagas-em-universidades-federais\/#primaryimage\",\"url\":\"https:\/\/psol50.org.br\/inc\/uploads\/2015\/10\/UnB-Minhocao-Agencia-UnB.jpg\",\"contentUrl\":\"https:\/\/psol50.org.br\/inc\/uploads\/2015\/10\/UnB-Minhocao-Agencia-UnB.jpg\",\"width\":942,\"height\":628},{\"@type\":\"BreadcrumbList\",\"@id\":\"https:\/\/psol50.org.br\/temer-determina-congelamento-de-vagas-em-universidades-federais\/#breadcrumb\",\"itemListElement\":[{\"@type\":\"ListItem\",\"position\":1,\"name\":\"In\u00edcio\",\"item\":\"https:\/\/psol50.org.br\/\"},{\"@type\":\"ListItem\",\"position\":2,\"name\":\"Temer determina congelamento de vagas em universidades federais\"}]},{\"@type\":\"WebSite\",\"@id\":\"https:\/\/psol50.org.br\/#website\",\"url\":\"https:\/\/psol50.org.br\/\",\"name\":\"PSOL 50\",\"description\":\"Site oficial do Partido Socialismo e Liberdade\",\"publisher\":{\"@id\":\"https:\/\/psol50.org.br\/#organization\"},\"alternateName\":\"PSOL50\",\"potentialAction\":[{\"@type\":\"SearchAction\",\"target\":{\"@type\":\"EntryPoint\",\"urlTemplate\":\"https:\/\/psol50.org.br\/?s={search_term_string}\"},\"query-input\":{\"@type\":\"PropertyValueSpecification\",\"valueRequired\":true,\"valueName\":\"search_term_string\"}}],\"inLanguage\":\"pt-BR\"},{\"@type\":\"Organization\",\"@id\":\"https:\/\/psol50.org.br\/#organization\",\"name\":\"PSOL 50\",\"alternateName\":\"PSOL 50\",\"url\":\"https:\/\/psol50.org.br\/\",\"logo\":{\"@type\":\"ImageObject\",\"inLanguage\":\"pt-BR\",\"@id\":\"https:\/\/psol50.org.br\/#\/schema\/logo\/image\/\",\"url\":\"https:\/\/psol50.org.br\/inc\/uploads\/2018\/07\/capa.png\",\"contentUrl\":\"https:\/\/psol50.org.br\/inc\/uploads\/2018\/07\/capa.png\",\"width\":1350,\"height\":900,\"caption\":\"PSOL 50\"},\"image\":{\"@id\":\"https:\/\/psol50.org.br\/#\/schema\/logo\/image\/\"},\"sameAs\":[\"https:\/\/www.facebook.com\/psol50\",\"https:\/\/x.com\/psol50\",\"https:\/\/www.instagram.com\/psol50\/\",\"https:\/\/www.youtube.com\/channel\/UC7SnJS5o1os7a6CaiNabzcg\"]},{\"@type\":\"Person\",\"@id\":\"https:\/\/psol50.org.br\/#\/schema\/person\/475dfa57d0b815993c714c2e96491fcd\",\"name\":\"Comunica\u00e7\u00e3o PSOL\",\"image\":{\"@type\":\"ImageObject\",\"inLanguage\":\"pt-BR\",\"@id\":\"https:\/\/psol50.org.br\/#\/schema\/person\/image\/\",\"url\":\"https:\/\/secure.gravatar.com\/avatar\/b34fc4f4e468a4e51785917065a3db57b841f5c95dba6ad8c73aaf8f66f8f9bf?s=96&d=mm&r=g\",\"contentUrl\":\"https:\/\/secure.gravatar.com\/avatar\/b34fc4f4e468a4e51785917065a3db57b841f5c95dba6ad8c73aaf8f66f8f9bf?s=96&d=mm&r=g\",\"caption\":\"Comunica\u00e7\u00e3o PSOL\"}}]}<\/script>\n<!-- \/ Yoast SEO plugin. -->","yoast_head_json":{"title":"Temer determina congelamento de vagas em universidades federais - PSOL 50","robots":{"index":"index","follow":"follow","max-snippet":"max-snippet:-1","max-image-preview":"max-image-preview:large","max-video-preview":"max-video-preview:-1"},"canonical":"https:\/\/psol50.org.br\/temer-determina-congelamento-de-vagas-em-universidades-federais\/","og_locale":"pt_BR","og_type":"article","og_title":"Temer determina congelamento de vagas em universidades federais - PSOL 50","og_description":"Reforma do ensino m\u00e9dio sem di\u00e1logo com entidades de estudantes e professores, teto de investimentos p\u00fablicos nos pr\u00f3ximos 20 anos, reforma da Previd\u00eancia que aumenta o tempo de contribui\u00e7\u00e3o para 49 anos, desmonte da comunica\u00e7\u00e3o p\u00fablica e da Empresa Brasil de Comunica\u00e7\u00e3o (EBC) e agora congelamento de vagas nas universidades p\u00fablicas. Essas s\u00e3o algumas das [&hellip;]","og_url":"https:\/\/psol50.org.br\/temer-determina-congelamento-de-vagas-em-universidades-federais\/","og_site_name":"PSOL 50","article_publisher":"https:\/\/www.facebook.com\/psol50","article_published_time":"2016-12-08T14:03:14+00:00","og_image":[{"width":942,"height":628,"url":"https:\/\/psol50.org.br\/inc\/uploads\/2015\/10\/UnB-Minhocao-Agencia-UnB.jpg","type":"image\/jpeg"}],"author":"Comunica\u00e7\u00e3o PSOL","twitter_card":"summary_large_image","twitter_creator":"@psol50","twitter_site":"@psol50","twitter_misc":{"Escrito por":"Comunica\u00e7\u00e3o PSOL","Est. tempo de leitura":"2 minutos"},"schema":{"@context":"https:\/\/schema.org","@graph":[{"@type":"Article","@id":"https:\/\/psol50.org.br\/temer-determina-congelamento-de-vagas-em-universidades-federais\/#article","isPartOf":{"@id":"https:\/\/psol50.org.br\/temer-determina-congelamento-de-vagas-em-universidades-federais\/"},"author":{"name":"Comunica\u00e7\u00e3o PSOL","@id":"https:\/\/psol50.org.br\/#\/schema\/person\/475dfa57d0b815993c714c2e96491fcd"},"headline":"Temer determina congelamento de vagas em universidades federais","datePublished":"2016-12-08T14:03:14+00:00","mainEntityOfPage":{"@id":"https:\/\/psol50.org.br\/temer-determina-congelamento-de-vagas-em-universidades-federais\/"},"wordCount":398,"commentCount":0,"publisher":{"@id":"https:\/\/psol50.org.br\/#organization"},"image":{"@id":"https:\/\/psol50.org.br\/temer-determina-congelamento-de-vagas-em-universidades-federais\/#primaryimage"},"thumbnailUrl":"https:\/\/psol50.org.br\/inc\/uploads\/2015\/10\/UnB-Minhocao-Agencia-UnB.jpg","keywords":["congelamento","ensino superior","MEC","Mendon\u00e7a Filho","Michel Temer","Paulo Barone","Plano Nacional de Educa\u00e7\u00e3o","PNE","universidades federais","vagas"],"articleSection":["Brasil","Educa\u00e7\u00e3o","Not\u00edcias"],"inLanguage":"pt-BR","potentialAction":[{"@type":"CommentAction","name":"Comment","target":["https:\/\/psol50.org.br\/temer-determina-congelamento-de-vagas-em-universidades-federais\/#respond"]}]},{"@type":"WebPage","@id":"https:\/\/psol50.org.br\/temer-determina-congelamento-de-vagas-em-universidades-federais\/","url":"https:\/\/psol50.org.br\/temer-determina-congelamento-de-vagas-em-universidades-federais\/","name":"Temer determina congelamento de vagas em universidades federais - PSOL 50","isPartOf":{"@id":"https:\/\/psol50.org.br\/#website"},"primaryImageOfPage":{"@id":"https:\/\/psol50.org.br\/temer-determina-congelamento-de-vagas-em-universidades-federais\/#primaryimage"},"image":{"@id":"https:\/\/psol50.org.br\/temer-determina-congelamento-de-vagas-em-universidades-federais\/#primaryimage"},"thumbnailUrl":"https:\/\/psol50.org.br\/inc\/uploads\/2015\/10\/UnB-Minhocao-Agencia-UnB.jpg","datePublished":"2016-12-08T14:03:14+00:00","breadcrumb":{"@id":"https:\/\/psol50.org.br\/temer-determina-congelamento-de-vagas-em-universidades-federais\/#breadcrumb"},"inLanguage":"pt-BR","potentialAction":[{"@type":"ReadAction","target":["https:\/\/psol50.org.br\/temer-determina-congelamento-de-vagas-em-universidades-federais\/"]}]},{"@type":"ImageObject","inLanguage":"pt-BR","@id":"https:\/\/psol50.org.br\/temer-determina-congelamento-de-vagas-em-universidades-federais\/#primaryimage","url":"https:\/\/psol50.org.br\/inc\/uploads\/2015\/10\/UnB-Minhocao-Agencia-UnB.jpg","contentUrl":"https:\/\/psol50.org.br\/inc\/uploads\/2015\/10\/UnB-Minhocao-Agencia-UnB.jpg","width":942,"height":628},{"@type":"BreadcrumbList","@id":"https:\/\/psol50.org.br\/temer-determina-congelamento-de-vagas-em-universidades-federais\/#breadcrumb","itemListElement":[{"@type":"ListItem","position":1,"name":"In\u00edcio","item":"https:\/\/psol50.org.br\/"},{"@type":"ListItem","position":2,"name":"Temer determina congelamento de vagas em universidades federais"}]},{"@type":"WebSite","@id":"https:\/\/psol50.org.br\/#website","url":"https:\/\/psol50.org.br\/","name":"PSOL 50","description":"Site oficial do Partido Socialismo e Liberdade","publisher":{"@id":"https:\/\/psol50.org.br\/#organization"},"alternateName":"PSOL50","potentialAction":[{"@type":"SearchAction","target":{"@type":"EntryPoint","urlTemplate":"https:\/\/psol50.org.br\/?s={search_term_string}"},"query-input":{"@type":"PropertyValueSpecification","valueRequired":true,"valueName":"search_term_string"}}],"inLanguage":"pt-BR"},{"@type":"Organization","@id":"https:\/\/psol50.org.br\/#organization","name":"PSOL 50","alternateName":"PSOL 50","url":"https:\/\/psol50.org.br\/","logo":{"@type":"ImageObject","inLanguage":"pt-BR","@id":"https:\/\/psol50.org.br\/#\/schema\/logo\/image\/","url":"https:\/\/psol50.org.br\/inc\/uploads\/2018\/07\/capa.png","contentUrl":"https:\/\/psol50.org.br\/inc\/uploads\/2018\/07\/capa.png","width":1350,"height":900,"caption":"PSOL 50"},"image":{"@id":"https:\/\/psol50.org.br\/#\/schema\/logo\/image\/"},"sameAs":["https:\/\/www.facebook.com\/psol50","https:\/\/x.com\/psol50","https:\/\/www.instagram.com\/psol50\/","https:\/\/www.youtube.com\/channel\/UC7SnJS5o1os7a6CaiNabzcg"]},{"@type":"Person","@id":"https:\/\/psol50.org.br\/#\/schema\/person\/475dfa57d0b815993c714c2e96491fcd","name":"Comunica\u00e7\u00e3o PSOL","image":{"@type":"ImageObject","inLanguage":"pt-BR","@id":"https:\/\/psol50.org.br\/#\/schema\/person\/image\/","url":"https:\/\/secure.gravatar.com\/avatar\/b34fc4f4e468a4e51785917065a3db57b841f5c95dba6ad8c73aaf8f66f8f9bf?s=96&d=mm&r=g","contentUrl":"https:\/\/secure.gravatar.com\/avatar\/b34fc4f4e468a4e51785917065a3db57b841f5c95dba6ad8c73aaf8f66f8f9bf?s=96&d=mm&r=g","caption":"Comunica\u00e7\u00e3o PSOL"}}]}},"_links":{"self":[{"href":"https:\/\/psol50.org.br\/rest\/wp\/v2\/posts\/14860","targetHints":{"allow":["GET"]}}],"collection":[{"href":"https:\/\/psol50.org.br\/rest\/wp\/v2\/posts"}],"about":[{"href":"https:\/\/psol50.org.br\/rest\/wp\/v2\/types\/post"}],"author":[{"embeddable":true,"href":"https:\/\/psol50.org.br\/rest\/wp\/v2\/users\/2"}],"replies":[{"embeddable":true,"href":"https:\/\/psol50.org.br\/rest\/wp\/v2\/comments?post=14860"}],"version-history":[{"count":0,"href":"https:\/\/psol50.org.br\/rest\/wp\/v2\/posts\/14860\/revisions"}],"wp:featuredmedia":[{"embeddable":true,"href":"https:\/\/psol50.org.br\/rest\/wp\/v2\/media\/10338"}],"wp:attachment":[{"href":"https:\/\/psol50.org.br\/rest\/wp\/v2\/media?parent=14860"}],"wp:term":[{"taxonomy":"category","embeddable":true,"href":"https:\/\/psol50.org.br\/rest\/wp\/v2\/categories?post=14860"},{"taxonomy":"post_tag","embeddable":true,"href":"https:\/\/psol50.org.br\/rest\/wp\/v2\/tags?post=14860"}],"curies":[{"name":"wp","href":"https:\/\/api.w.org\/{rel}","templated":true}]}}