{"id":14895,"date":"2016-12-12T13:50:25","date_gmt":"2016-12-12T13:50:25","guid":{"rendered":"http:\/\/www.psol50.org.br\/?p=14895"},"modified":"2016-12-12T13:50:25","modified_gmt":"2016-12-12T13:50:25","slug":"senado-deve-votar-nesta-terca-pec-do-teto-de-gastos-entidades-convocam-protestos","status":"publish","type":"post","link":"https:\/\/psol50.org.br\/senado-deve-votar-nesta-terca-pec-do-teto-de-gastos-entidades-convocam-protestos\/","title":{"rendered":"Senado deve votar nesta ter\u00e7a PEC do teto de gastos; entidades convocam protestos"},"content":{"rendered":"<p>Diante da crise que vem se agravando cada novo dia no governo, acirrada agora com cita\u00e7\u00f5es de Michel Temer e membros do primeiro escal\u00e3o na \u00faltima dela\u00e7\u00e3o premiada da Opera\u00e7\u00e3o Lava Jato, a ordem do Pal\u00e1cio do Planalto \u00e9 garantir que as principais propostas do ajuste fiscal avancem no Congresso Nacional. Com isso, o governo jogar\u00e1 toda a press\u00e3o poss\u00edvel para que a PEC 55\/2016, que limita os investimentos em servi\u00e7os p\u00fablicos nos pr\u00f3ximos 20 anos, seja efetivamente votada na sess\u00e3o desta ter\u00e7a-feira (13\/12) no Senado Federal.<\/p>\n<p><a href=\"http:\/\/www.psol50.org.br\/blog\/2016\/12\/01\/repressao-pela-pm-contra-manifestantes-marca-votacao-do-teto-de-gastos-que-avanca-no-senado\/\" target=\"_blank\" rel=\"noopener\"><span style=\"color: #0000ff\">Aprovada em primeiro turno no dia 29 de novembro<\/span><\/a>, a mat\u00e9ria \u00e9 a proposta central do ajuste que vem sendo implementado por Temer e que abrir\u00e1 o caminho para o avan\u00e7o de outras mat\u00e9rias, como a reforma da Previd\u00eancia. \u00a0A sess\u00e3o deliberativa de ter\u00e7a-feira, em que a PEC deve votada, est\u00e1 marcada para as 10h.\u00a0Em entrevista, o presidente do Senado, Renan Calheiros (PMDB-AL) \u2013 considerando r\u00e9u pelo Supremo Tribunal Federal (STF), afirmou que a PEC deve ser promulgada pelo Congresso no dia 15 de dezembro.<\/p>\n<p><strong>Resist\u00eancia<br \/>\n<\/strong>Para esta ter\u00e7a-feira, entidades sindicais e estudantis convocam novo <a href=\"http:\/\/www.psol50.org.br\/blog\/2016\/12\/08\/entidades-convocam-novo-ato-nacional-contra-a-pec-do-fim-do-mundo-no-dia-13\/\" target=\"_blank\" rel=\"noopener\"><span style=\"color: #0000ff\">protesto com o objetivo de tentar barrar a aprova\u00e7\u00e3o da mat\u00e9ria<\/span><\/a>. Diferente do dia 29\/12, as manifesta\u00e7\u00f5es de amanh\u00e3 ocorrer\u00e3o em outras capitais do pa\u00eds, al\u00e9m de Bras\u00edlia. Na pauta, al\u00e9m da luta contra PEC 55, tamb\u00e9m estar\u00e3o o rep\u00fadio a PEC 287\/16 (reforma da Previd\u00eancia), a MP da reforma do ensino m\u00e9dio e a reforma trabalhista j\u00e1 anunciada por Temer.<\/p>\n<p>Na <a href=\"https:\/\/www.facebook.com\/events\/112909455869920\/\" target=\"_blank\" rel=\"noopener\"><span style=\"color: #0000ff\"><u>capital do pa\u00eds<\/u><\/span><\/a>, centrais, confedera\u00e7\u00f5es, federa\u00e7\u00f5es e sindicatos de base se reunir\u00e3o a partir das 15h, no Museu Nacional da Rep\u00fablica. De l\u00e1, a manifesta\u00e7\u00e3o, que est\u00e1 sendo chamada tamb\u00e9m pelo F\u00f3rum Nacional de Entidades dos Servidores Federais (Fonasefe), sair\u00e1 em caminhada, por volta das 17h, rumo ao Congresso Nacional, onde ser\u00e1 realizado ato p\u00fablico com interven\u00e7\u00f5es das lideran\u00e7as das organiza\u00e7\u00f5es. Estudantes secundaristas e universit\u00e1rios se reunir\u00e3o mais cedo, por volta das 14h, no Teatro Nacional. No meio da tarde, eles tamb\u00e9m seguir\u00e3o para a concentra\u00e7\u00e3o no Museu. Antes disso, lideran\u00e7as sindicais far\u00e3o trabalho de press\u00e3o no Senado, na tentativa de garantir a derrota da proposta na vota\u00e7\u00e3o em segundo turno. \u00a0Em <a href=\"https:\/\/www.facebook.com\/events\/1701660473480845\/\" target=\"_blank\" rel=\"noopener\"><span style=\"color: #0000ff\"><u>S\u00e3o Paulo<\/u><\/span><\/a>, a manifesta\u00e7\u00e3o ser\u00e1 na Pra\u00e7a do Ciclista, na Avenida Paulista, a partir das 18h.<\/p>\n","protected":false},"excerpt":{"rendered":"<p>Diante da crise que vem se agravando cada novo dia no governo, acirrada agora com cita\u00e7\u00f5es de Michel Temer e membros do primeiro escal\u00e3o na \u00faltima dela\u00e7\u00e3o premiada da Opera\u00e7\u00e3o Lava Jato, a ordem do Pal\u00e1cio do Planalto \u00e9 garantir que as principais propostas do ajuste fiscal avancem no Congresso Nacional. Com isso, o governo [&hellip;]<\/p>\n","protected":false},"author":2,"featured_media":14896,"comment_status":"open","ping_status":"open","sticky":false,"template":"","format":"standard","meta":{"_acf_changed":false,"footnotes":""},"categories":[10,1882,1104],"tags":[287,1748,4641,116,1214,2431,350,1877],"class_list":{"0":"post-14895","1":"post","2":"type-post","3":"status-publish","4":"format-standard","5":"has-post-thumbnail","7":"category-acao-parlamentares","8":"category-brasil","9":"category-movimento","10":"tag-manifestacao","11":"tag-michel-temer","12":"tag-pec-55","13":"tag-protestos","14":"tag-segundo-turno","15":"tag-senado-federal","16":"tag-teto-de-gastos","17":"tag-votacao"},"acf":[],"yoast_head":"<!-- This site is optimized with the Yoast SEO plugin v26.5 - https:\/\/yoast.com\/wordpress\/plugins\/seo\/ -->\n<title>Senado deve votar nesta ter\u00e7a PEC do teto de gastos; entidades convocam protestos - PSOL 50<\/title>\n<meta name=\"robots\" content=\"index, follow, max-snippet:-1, max-image-preview:large, max-video-preview:-1\" \/>\n<link rel=\"canonical\" href=\"https:\/\/psol50.org.br\/senado-deve-votar-nesta-terca-pec-do-teto-de-gastos-entidades-convocam-protestos\/\" \/>\n<meta property=\"og:locale\" content=\"pt_BR\" \/>\n<meta property=\"og:type\" content=\"article\" \/>\n<meta property=\"og:title\" content=\"Senado deve votar nesta ter\u00e7a PEC do teto de gastos; entidades convocam protestos - PSOL 50\" \/>\n<meta property=\"og:description\" content=\"Diante da crise que vem se agravando cada novo dia no governo, acirrada agora com cita\u00e7\u00f5es de Michel Temer e membros do primeiro escal\u00e3o na \u00faltima dela\u00e7\u00e3o premiada da Opera\u00e7\u00e3o Lava Jato, a ordem do Pal\u00e1cio do Planalto \u00e9 garantir que as principais propostas do ajuste fiscal avancem no Congresso Nacional. Com isso, o governo [&hellip;]\" \/>\n<meta property=\"og:url\" content=\"https:\/\/psol50.org.br\/senado-deve-votar-nesta-terca-pec-do-teto-de-gastos-entidades-convocam-protestos\/\" \/>\n<meta property=\"og:site_name\" content=\"PSOL 50\" \/>\n<meta property=\"article:publisher\" content=\"https:\/\/www.facebook.com\/psol50\" \/>\n<meta property=\"article:published_time\" content=\"2016-12-12T13:50:25+00:00\" \/>\n<meta property=\"og:image\" content=\"https:\/\/psol50.org.br\/inc\/uploads\/2016\/12\/pec-do-fim-do-mundo-Ninja.jpg\" \/>\n\t<meta property=\"og:image:width\" content=\"1350\" \/>\n\t<meta property=\"og:image:height\" content=\"900\" \/>\n\t<meta property=\"og:image:type\" content=\"image\/jpeg\" \/>\n<meta name=\"author\" content=\"Comunica\u00e7\u00e3o PSOL\" \/>\n<meta name=\"twitter:card\" content=\"summary_large_image\" \/>\n<meta name=\"twitter:creator\" content=\"@psol50\" \/>\n<meta name=\"twitter:site\" content=\"@psol50\" \/>\n<meta name=\"twitter:label1\" content=\"Escrito por\" \/>\n\t<meta name=\"twitter:data1\" content=\"Comunica\u00e7\u00e3o PSOL\" \/>\n\t<meta name=\"twitter:label2\" content=\"Est. tempo de leitura\" \/>\n\t<meta name=\"twitter:data2\" content=\"2 minutos\" \/>\n<script type=\"application\/ld+json\" class=\"yoast-schema-graph\">{\"@context\":\"https:\/\/schema.org\",\"@graph\":[{\"@type\":\"Article\",\"@id\":\"https:\/\/psol50.org.br\/senado-deve-votar-nesta-terca-pec-do-teto-de-gastos-entidades-convocam-protestos\/#article\",\"isPartOf\":{\"@id\":\"https:\/\/psol50.org.br\/senado-deve-votar-nesta-terca-pec-do-teto-de-gastos-entidades-convocam-protestos\/\"},\"author\":{\"name\":\"Comunica\u00e7\u00e3o PSOL\",\"@id\":\"https:\/\/psol50.org.br\/#\/schema\/person\/475dfa57d0b815993c714c2e96491fcd\"},\"headline\":\"Senado deve votar nesta ter\u00e7a PEC do teto de gastos; entidades convocam protestos\",\"datePublished\":\"2016-12-12T13:50:25+00:00\",\"mainEntityOfPage\":{\"@id\":\"https:\/\/psol50.org.br\/senado-deve-votar-nesta-terca-pec-do-teto-de-gastos-entidades-convocam-protestos\/\"},\"wordCount\":434,\"commentCount\":0,\"publisher\":{\"@id\":\"https:\/\/psol50.org.br\/#organization\"},\"image\":{\"@id\":\"https:\/\/psol50.org.br\/senado-deve-votar-nesta-terca-pec-do-teto-de-gastos-entidades-convocam-protestos\/#primaryimage\"},\"thumbnailUrl\":\"https:\/\/psol50.org.br\/inc\/uploads\/2016\/12\/pec-do-fim-do-mundo-Ninja.jpg\",\"keywords\":[\"manifesta\u00e7\u00e3o\",\"Michel Temer\",\"PEC 55\",\"protestos\",\"segundo turno\",\"Senado Federal\",\"Teto de gastos\",\"vota\u00e7\u00e3o\"],\"articleSection\":[\"A\u00e7\u00e3o Parlamentar\",\"Brasil\",\"Movimento\"],\"inLanguage\":\"pt-BR\",\"potentialAction\":[{\"@type\":\"CommentAction\",\"name\":\"Comment\",\"target\":[\"https:\/\/psol50.org.br\/senado-deve-votar-nesta-terca-pec-do-teto-de-gastos-entidades-convocam-protestos\/#respond\"]}]},{\"@type\":\"WebPage\",\"@id\":\"https:\/\/psol50.org.br\/senado-deve-votar-nesta-terca-pec-do-teto-de-gastos-entidades-convocam-protestos\/\",\"url\":\"https:\/\/psol50.org.br\/senado-deve-votar-nesta-terca-pec-do-teto-de-gastos-entidades-convocam-protestos\/\",\"name\":\"Senado deve votar nesta ter\u00e7a PEC do teto de gastos; entidades convocam protestos - PSOL 50\",\"isPartOf\":{\"@id\":\"https:\/\/psol50.org.br\/#website\"},\"primaryImageOfPage\":{\"@id\":\"https:\/\/psol50.org.br\/senado-deve-votar-nesta-terca-pec-do-teto-de-gastos-entidades-convocam-protestos\/#primaryimage\"},\"image\":{\"@id\":\"https:\/\/psol50.org.br\/senado-deve-votar-nesta-terca-pec-do-teto-de-gastos-entidades-convocam-protestos\/#primaryimage\"},\"thumbnailUrl\":\"https:\/\/psol50.org.br\/inc\/uploads\/2016\/12\/pec-do-fim-do-mundo-Ninja.jpg\",\"datePublished\":\"2016-12-12T13:50:25+00:00\",\"breadcrumb\":{\"@id\":\"https:\/\/psol50.org.br\/senado-deve-votar-nesta-terca-pec-do-teto-de-gastos-entidades-convocam-protestos\/#breadcrumb\"},\"inLanguage\":\"pt-BR\",\"potentialAction\":[{\"@type\":\"ReadAction\",\"target\":[\"https:\/\/psol50.org.br\/senado-deve-votar-nesta-terca-pec-do-teto-de-gastos-entidades-convocam-protestos\/\"]}]},{\"@type\":\"ImageObject\",\"inLanguage\":\"pt-BR\",\"@id\":\"https:\/\/psol50.org.br\/senado-deve-votar-nesta-terca-pec-do-teto-de-gastos-entidades-convocam-protestos\/#primaryimage\",\"url\":\"https:\/\/psol50.org.br\/inc\/uploads\/2016\/12\/pec-do-fim-do-mundo-Ninja.jpg\",\"contentUrl\":\"https:\/\/psol50.org.br\/inc\/uploads\/2016\/12\/pec-do-fim-do-mundo-Ninja.jpg\",\"width\":1350,\"height\":900},{\"@type\":\"BreadcrumbList\",\"@id\":\"https:\/\/psol50.org.br\/senado-deve-votar-nesta-terca-pec-do-teto-de-gastos-entidades-convocam-protestos\/#breadcrumb\",\"itemListElement\":[{\"@type\":\"ListItem\",\"position\":1,\"name\":\"In\u00edcio\",\"item\":\"https:\/\/psol50.org.br\/\"},{\"@type\":\"ListItem\",\"position\":2,\"name\":\"Senado deve votar nesta ter\u00e7a PEC do teto de gastos; entidades convocam protestos\"}]},{\"@type\":\"WebSite\",\"@id\":\"https:\/\/psol50.org.br\/#website\",\"url\":\"https:\/\/psol50.org.br\/\",\"name\":\"PSOL 50\",\"description\":\"Site oficial do Partido Socialismo e Liberdade\",\"publisher\":{\"@id\":\"https:\/\/psol50.org.br\/#organization\"},\"alternateName\":\"PSOL50\",\"potentialAction\":[{\"@type\":\"SearchAction\",\"target\":{\"@type\":\"EntryPoint\",\"urlTemplate\":\"https:\/\/psol50.org.br\/?s={search_term_string}\"},\"query-input\":{\"@type\":\"PropertyValueSpecification\",\"valueRequired\":true,\"valueName\":\"search_term_string\"}}],\"inLanguage\":\"pt-BR\"},{\"@type\":\"Organization\",\"@id\":\"https:\/\/psol50.org.br\/#organization\",\"name\":\"PSOL 50\",\"alternateName\":\"PSOL 50\",\"url\":\"https:\/\/psol50.org.br\/\",\"logo\":{\"@type\":\"ImageObject\",\"inLanguage\":\"pt-BR\",\"@id\":\"https:\/\/psol50.org.br\/#\/schema\/logo\/image\/\",\"url\":\"https:\/\/psol50.org.br\/inc\/uploads\/2018\/07\/capa.png\",\"contentUrl\":\"https:\/\/psol50.org.br\/inc\/uploads\/2018\/07\/capa.png\",\"width\":1350,\"height\":900,\"caption\":\"PSOL 50\"},\"image\":{\"@id\":\"https:\/\/psol50.org.br\/#\/schema\/logo\/image\/\"},\"sameAs\":[\"https:\/\/www.facebook.com\/psol50\",\"https:\/\/x.com\/psol50\",\"https:\/\/www.instagram.com\/psol50\/\",\"https:\/\/www.youtube.com\/channel\/UC7SnJS5o1os7a6CaiNabzcg\"]},{\"@type\":\"Person\",\"@id\":\"https:\/\/psol50.org.br\/#\/schema\/person\/475dfa57d0b815993c714c2e96491fcd\",\"name\":\"Comunica\u00e7\u00e3o PSOL\",\"image\":{\"@type\":\"ImageObject\",\"inLanguage\":\"pt-BR\",\"@id\":\"https:\/\/psol50.org.br\/#\/schema\/person\/image\/\",\"url\":\"https:\/\/secure.gravatar.com\/avatar\/b34fc4f4e468a4e51785917065a3db57b841f5c95dba6ad8c73aaf8f66f8f9bf?s=96&d=mm&r=g\",\"contentUrl\":\"https:\/\/secure.gravatar.com\/avatar\/b34fc4f4e468a4e51785917065a3db57b841f5c95dba6ad8c73aaf8f66f8f9bf?s=96&d=mm&r=g\",\"caption\":\"Comunica\u00e7\u00e3o PSOL\"}}]}<\/script>\n<!-- \/ Yoast SEO plugin. -->","yoast_head_json":{"title":"Senado deve votar nesta ter\u00e7a PEC do teto de gastos; entidades convocam protestos - PSOL 50","robots":{"index":"index","follow":"follow","max-snippet":"max-snippet:-1","max-image-preview":"max-image-preview:large","max-video-preview":"max-video-preview:-1"},"canonical":"https:\/\/psol50.org.br\/senado-deve-votar-nesta-terca-pec-do-teto-de-gastos-entidades-convocam-protestos\/","og_locale":"pt_BR","og_type":"article","og_title":"Senado deve votar nesta ter\u00e7a PEC do teto de gastos; entidades convocam protestos - PSOL 50","og_description":"Diante da crise que vem se agravando cada novo dia no governo, acirrada agora com cita\u00e7\u00f5es de Michel Temer e membros do primeiro escal\u00e3o na \u00faltima dela\u00e7\u00e3o premiada da Opera\u00e7\u00e3o Lava Jato, a ordem do Pal\u00e1cio do Planalto \u00e9 garantir que as principais propostas do ajuste fiscal avancem no Congresso Nacional. Com isso, o governo [&hellip;]","og_url":"https:\/\/psol50.org.br\/senado-deve-votar-nesta-terca-pec-do-teto-de-gastos-entidades-convocam-protestos\/","og_site_name":"PSOL 50","article_publisher":"https:\/\/www.facebook.com\/psol50","article_published_time":"2016-12-12T13:50:25+00:00","og_image":[{"width":1350,"height":900,"url":"https:\/\/psol50.org.br\/inc\/uploads\/2016\/12\/pec-do-fim-do-mundo-Ninja.jpg","type":"image\/jpeg"}],"author":"Comunica\u00e7\u00e3o PSOL","twitter_card":"summary_large_image","twitter_creator":"@psol50","twitter_site":"@psol50","twitter_misc":{"Escrito por":"Comunica\u00e7\u00e3o PSOL","Est. tempo de leitura":"2 minutos"},"schema":{"@context":"https:\/\/schema.org","@graph":[{"@type":"Article","@id":"https:\/\/psol50.org.br\/senado-deve-votar-nesta-terca-pec-do-teto-de-gastos-entidades-convocam-protestos\/#article","isPartOf":{"@id":"https:\/\/psol50.org.br\/senado-deve-votar-nesta-terca-pec-do-teto-de-gastos-entidades-convocam-protestos\/"},"author":{"name":"Comunica\u00e7\u00e3o PSOL","@id":"https:\/\/psol50.org.br\/#\/schema\/person\/475dfa57d0b815993c714c2e96491fcd"},"headline":"Senado deve votar nesta ter\u00e7a PEC do teto de gastos; entidades convocam protestos","datePublished":"2016-12-12T13:50:25+00:00","mainEntityOfPage":{"@id":"https:\/\/psol50.org.br\/senado-deve-votar-nesta-terca-pec-do-teto-de-gastos-entidades-convocam-protestos\/"},"wordCount":434,"commentCount":0,"publisher":{"@id":"https:\/\/psol50.org.br\/#organization"},"image":{"@id":"https:\/\/psol50.org.br\/senado-deve-votar-nesta-terca-pec-do-teto-de-gastos-entidades-convocam-protestos\/#primaryimage"},"thumbnailUrl":"https:\/\/psol50.org.br\/inc\/uploads\/2016\/12\/pec-do-fim-do-mundo-Ninja.jpg","keywords":["manifesta\u00e7\u00e3o","Michel Temer","PEC 55","protestos","segundo turno","Senado Federal","Teto de gastos","vota\u00e7\u00e3o"],"articleSection":["A\u00e7\u00e3o Parlamentar","Brasil","Movimento"],"inLanguage":"pt-BR","potentialAction":[{"@type":"CommentAction","name":"Comment","target":["https:\/\/psol50.org.br\/senado-deve-votar-nesta-terca-pec-do-teto-de-gastos-entidades-convocam-protestos\/#respond"]}]},{"@type":"WebPage","@id":"https:\/\/psol50.org.br\/senado-deve-votar-nesta-terca-pec-do-teto-de-gastos-entidades-convocam-protestos\/","url":"https:\/\/psol50.org.br\/senado-deve-votar-nesta-terca-pec-do-teto-de-gastos-entidades-convocam-protestos\/","name":"Senado deve votar nesta ter\u00e7a PEC do teto de gastos; entidades convocam protestos - PSOL 50","isPartOf":{"@id":"https:\/\/psol50.org.br\/#website"},"primaryImageOfPage":{"@id":"https:\/\/psol50.org.br\/senado-deve-votar-nesta-terca-pec-do-teto-de-gastos-entidades-convocam-protestos\/#primaryimage"},"image":{"@id":"https:\/\/psol50.org.br\/senado-deve-votar-nesta-terca-pec-do-teto-de-gastos-entidades-convocam-protestos\/#primaryimage"},"thumbnailUrl":"https:\/\/psol50.org.br\/inc\/uploads\/2016\/12\/pec-do-fim-do-mundo-Ninja.jpg","datePublished":"2016-12-12T13:50:25+00:00","breadcrumb":{"@id":"https:\/\/psol50.org.br\/senado-deve-votar-nesta-terca-pec-do-teto-de-gastos-entidades-convocam-protestos\/#breadcrumb"},"inLanguage":"pt-BR","potentialAction":[{"@type":"ReadAction","target":["https:\/\/psol50.org.br\/senado-deve-votar-nesta-terca-pec-do-teto-de-gastos-entidades-convocam-protestos\/"]}]},{"@type":"ImageObject","inLanguage":"pt-BR","@id":"https:\/\/psol50.org.br\/senado-deve-votar-nesta-terca-pec-do-teto-de-gastos-entidades-convocam-protestos\/#primaryimage","url":"https:\/\/psol50.org.br\/inc\/uploads\/2016\/12\/pec-do-fim-do-mundo-Ninja.jpg","contentUrl":"https:\/\/psol50.org.br\/inc\/uploads\/2016\/12\/pec-do-fim-do-mundo-Ninja.jpg","width":1350,"height":900},{"@type":"BreadcrumbList","@id":"https:\/\/psol50.org.br\/senado-deve-votar-nesta-terca-pec-do-teto-de-gastos-entidades-convocam-protestos\/#breadcrumb","itemListElement":[{"@type":"ListItem","position":1,"name":"In\u00edcio","item":"https:\/\/psol50.org.br\/"},{"@type":"ListItem","position":2,"name":"Senado deve votar nesta ter\u00e7a PEC do teto de gastos; entidades convocam protestos"}]},{"@type":"WebSite","@id":"https:\/\/psol50.org.br\/#website","url":"https:\/\/psol50.org.br\/","name":"PSOL 50","description":"Site oficial do Partido Socialismo e Liberdade","publisher":{"@id":"https:\/\/psol50.org.br\/#organization"},"alternateName":"PSOL50","potentialAction":[{"@type":"SearchAction","target":{"@type":"EntryPoint","urlTemplate":"https:\/\/psol50.org.br\/?s={search_term_string}"},"query-input":{"@type":"PropertyValueSpecification","valueRequired":true,"valueName":"search_term_string"}}],"inLanguage":"pt-BR"},{"@type":"Organization","@id":"https:\/\/psol50.org.br\/#organization","name":"PSOL 50","alternateName":"PSOL 50","url":"https:\/\/psol50.org.br\/","logo":{"@type":"ImageObject","inLanguage":"pt-BR","@id":"https:\/\/psol50.org.br\/#\/schema\/logo\/image\/","url":"https:\/\/psol50.org.br\/inc\/uploads\/2018\/07\/capa.png","contentUrl":"https:\/\/psol50.org.br\/inc\/uploads\/2018\/07\/capa.png","width":1350,"height":900,"caption":"PSOL 50"},"image":{"@id":"https:\/\/psol50.org.br\/#\/schema\/logo\/image\/"},"sameAs":["https:\/\/www.facebook.com\/psol50","https:\/\/x.com\/psol50","https:\/\/www.instagram.com\/psol50\/","https:\/\/www.youtube.com\/channel\/UC7SnJS5o1os7a6CaiNabzcg"]},{"@type":"Person","@id":"https:\/\/psol50.org.br\/#\/schema\/person\/475dfa57d0b815993c714c2e96491fcd","name":"Comunica\u00e7\u00e3o PSOL","image":{"@type":"ImageObject","inLanguage":"pt-BR","@id":"https:\/\/psol50.org.br\/#\/schema\/person\/image\/","url":"https:\/\/secure.gravatar.com\/avatar\/b34fc4f4e468a4e51785917065a3db57b841f5c95dba6ad8c73aaf8f66f8f9bf?s=96&d=mm&r=g","contentUrl":"https:\/\/secure.gravatar.com\/avatar\/b34fc4f4e468a4e51785917065a3db57b841f5c95dba6ad8c73aaf8f66f8f9bf?s=96&d=mm&r=g","caption":"Comunica\u00e7\u00e3o PSOL"}}]}},"_links":{"self":[{"href":"https:\/\/psol50.org.br\/rest\/wp\/v2\/posts\/14895","targetHints":{"allow":["GET"]}}],"collection":[{"href":"https:\/\/psol50.org.br\/rest\/wp\/v2\/posts"}],"about":[{"href":"https:\/\/psol50.org.br\/rest\/wp\/v2\/types\/post"}],"author":[{"embeddable":true,"href":"https:\/\/psol50.org.br\/rest\/wp\/v2\/users\/2"}],"replies":[{"embeddable":true,"href":"https:\/\/psol50.org.br\/rest\/wp\/v2\/comments?post=14895"}],"version-history":[{"count":0,"href":"https:\/\/psol50.org.br\/rest\/wp\/v2\/posts\/14895\/revisions"}],"wp:featuredmedia":[{"embeddable":true,"href":"https:\/\/psol50.org.br\/rest\/wp\/v2\/media\/14896"}],"wp:attachment":[{"href":"https:\/\/psol50.org.br\/rest\/wp\/v2\/media?parent=14895"}],"wp:term":[{"taxonomy":"category","embeddable":true,"href":"https:\/\/psol50.org.br\/rest\/wp\/v2\/categories?post=14895"},{"taxonomy":"post_tag","embeddable":true,"href":"https:\/\/psol50.org.br\/rest\/wp\/v2\/tags?post=14895"}],"curies":[{"name":"wp","href":"https:\/\/api.w.org\/{rel}","templated":true}]}}