{"id":14898,"date":"2016-12-12T14:43:33","date_gmt":"2016-12-12T14:43:33","guid":{"rendered":"http:\/\/www.psol50.org.br\/?p=14898"},"modified":"2016-12-12T14:43:33","modified_gmt":"2016-12-12T14:43:33","slug":"base-aliada-de-temer-acelera-reforma-da-previdencia-que-pode-ser-votada-nesta-quarta","status":"publish","type":"post","link":"https:\/\/psol50.org.br\/base-aliada-de-temer-acelera-reforma-da-previdencia-que-pode-ser-votada-nesta-quarta\/","title":{"rendered":"Base aliada de Temer acelera reforma da Previd\u00eancia, que pode ser votada nesta quarta na CCJ"},"content":{"rendered":"<p>A proposta de reforma da Previd\u00eancia \u2013 <strong><a href=\"http:\/\/www.camara.gov.br\/proposicoesWeb\/fichadetramitacao?idProposicao=2119881\" target=\"_blank\" rel=\"noopener\"><span style=\"color: #0000ff\">PEC 287\/20166<\/span><\/a><\/strong>, <strong><a href=\"http:\/\/www.psol50.org.br\/blog\/2016\/12\/06\/novo-retrocesso-reforma-da-previdencia-de-temer-aumenta-em-quase-20-anos-idade-de-contribuicao\/\" target=\"_blank\" rel=\"noopener\"><span style=\"color: #0000ff\">enviada \u00e0 C\u00e2mara dos Deputados na \u00faltima ter\u00e7a-feira (06\/12)<\/span><\/a><\/strong> pelo presidente Michel Temer, tamb\u00e9m estar\u00e1 entre as prioridades do governo no pr\u00f3ximo per\u00edodo no Legislativo. Com apenas 24 horas ap\u00f3s a mat\u00e9ria chegar \u00e0 Comiss\u00e3o de Constitui\u00e7\u00e3o, Justi\u00e7a e Cidadania (CCJ) da C\u00e2mara, o relator, deputado Alceu Moreira (PMDB-RS), anunciou seu parecer favor\u00e1vel \u00e0 proposta que, entre outras medidas, aumenta o tempo de contribui\u00e7\u00e3o para 49 anos e iguala a idade m\u00ednima de aposentadoria para homens e mulheres em 65 anos.<\/p>\n<p>Na sess\u00e3o convocada para esta segunda-feira (12\/12) na CCJ, estava prevista a leitura do relat\u00f3rio, protocolado na \u00faltima quinta-feira (08). No entanto, devido aos protestos de deputados da oposi\u00e7\u00e3o, incluindo Ivan Valente (SP) e Chico Alencar (RJ), que reivindicavam mais tempo para debater o assunto, o relat\u00f3rio n\u00e3o chegou a ser lido, mas foi formalmente apresentado.\u00a0A vota\u00e7\u00e3o acabou sendo adiada para esta quarta-feira (14) por causa do <span class=\"termoGlossario\">pedido de vista<\/span> coletivo.<\/p>\n<p>Do mesmo partido de Temer, o relator Alceu Moreira afirma, em seu parecer, que a proposta tem preocupa\u00e7\u00e3o em preservar os direitos adquiridos e proteger as expectativas de direitos dos segurados, estabelecendo um amplo conjunto de regras de transi\u00e7\u00e3o. Ele n\u00e3o considera, no entanto, os v\u00e1rios problemas previstos no texto, como o aumento em quase 20 anos do tempo de contribui\u00e7\u00e3o e com o descaso com as mulheres, que geralmente come\u00e7am a trabalhar bem mais cedo que seus companheiros homens e acumulam jornada dupla e \u00e0s vezes tripla.<\/p>\n<p>A expectativa do presidente do colegiado, deputado Osmar Serraglio (PMDB-PR), \u00e9 garantir a vota\u00e7\u00e3o nesta\u00a0quarta-feira. Se o relat\u00f3rio\u00a0for aprovado na CCJ, ser\u00e1 criada uma comiss\u00e3o especial para analisar o m\u00e9rito da PEC. Como os trabalhos legislativos de 2016 terminam nesta semana, a comiss\u00e3o especial dever\u00e1 ser instalada somente no pr\u00f3ximo ano, mas o governo Temer j\u00e1 adiantou que tratar\u00e1 a reforma da Previd\u00eancia como a prioridade do seu governo, ap\u00f3s a vota\u00e7\u00e3o da PEC 55\/2016, que limita os investimentos em servi\u00e7os p\u00fablicos nos pr\u00f3ximos 20 anos.<\/p>\n<p>O PSOL atuar\u00e1 intensamente em todas as fases da tramita\u00e7\u00e3o na C\u00e2mara para tentar barrar mais esse retrocesso do governo Temer. Al\u00e9m de sua aguerrida bancada de deputados, a sua milit\u00e2ncia, nas ruas, se juntar\u00e1 \u00e0s organiza\u00e7\u00f5es da classe trabalhadora para denunciar mais esse ataque aos direitos.<\/p>\n<p><em><span style=\"font-size: 13px\">*Mat\u00e9ria atualizada \u00e0s 13h30 de ter\u00e7a-feira (13\/12).\u00a0<\/span><\/em><\/p>\n<p>&nbsp;<\/p>\n","protected":false},"excerpt":{"rendered":"<p>A proposta de reforma da Previd\u00eancia \u2013 PEC 287\/20166, enviada \u00e0 C\u00e2mara dos Deputados na \u00faltima ter\u00e7a-feira (06\/12) pelo presidente Michel Temer, tamb\u00e9m estar\u00e1 entre as prioridades do governo no pr\u00f3ximo per\u00edodo no Legislativo. Com apenas 24 horas ap\u00f3s a mat\u00e9ria chegar \u00e0 Comiss\u00e3o de Constitui\u00e7\u00e3o, Justi\u00e7a e Cidadania (CCJ) da C\u00e2mara, o relator, deputado [&hellip;]<\/p>\n","protected":false},"author":2,"featured_media":14899,"comment_status":"open","ping_status":"open","sticky":false,"template":"","format":"standard","meta":{"_acf_changed":false,"footnotes":""},"categories":[10,1882,2208,6],"tags":[4733,4713,1735,1813,4734,4714,1748,4,2831,22,39,3820],"class_list":{"0":"post-14898","1":"post","2":"type-post","3":"status-publish","4":"format-standard","5":"has-post-thumbnail","7":"category-acao-parlamentares","8":"category-brasil","9":"category-educacao","10":"category-noticias","11":"tag-49-anos","12":"tag-65-anos","13":"tag-aposentadoria","14":"tag-ccj-da-camara","15":"tag-deputado-alceu-moreira","16":"tag-idade-minima","17":"tag-michel-temer","18":"tag-mulheres","19":"tag-pec-2872016","20":"tag-psol","21":"tag-reforma-da-previdencia","22":"tag-tempo-de-contribuicao"},"acf":[],"yoast_head":"<!-- This site is optimized with the Yoast SEO plugin v26.5 - https:\/\/yoast.com\/wordpress\/plugins\/seo\/ -->\n<title>Base aliada de Temer acelera reforma da Previd\u00eancia, que pode ser votada nesta quarta na CCJ - PSOL 50<\/title>\n<meta name=\"robots\" content=\"index, follow, max-snippet:-1, max-image-preview:large, max-video-preview:-1\" \/>\n<link rel=\"canonical\" href=\"https:\/\/psol50.org.br\/base-aliada-de-temer-acelera-reforma-da-previdencia-que-pode-ser-votada-nesta-quarta\/\" \/>\n<meta property=\"og:locale\" content=\"pt_BR\" \/>\n<meta property=\"og:type\" content=\"article\" \/>\n<meta property=\"og:title\" content=\"Base aliada de Temer acelera reforma da Previd\u00eancia, que pode ser votada nesta quarta na CCJ - PSOL 50\" \/>\n<meta property=\"og:description\" content=\"A proposta de reforma da Previd\u00eancia \u2013 PEC 287\/20166, enviada \u00e0 C\u00e2mara dos Deputados na \u00faltima ter\u00e7a-feira (06\/12) pelo presidente Michel Temer, tamb\u00e9m estar\u00e1 entre as prioridades do governo no pr\u00f3ximo per\u00edodo no Legislativo. Com apenas 24 horas ap\u00f3s a mat\u00e9ria chegar \u00e0 Comiss\u00e3o de Constitui\u00e7\u00e3o, Justi\u00e7a e Cidadania (CCJ) da C\u00e2mara, o relator, deputado [&hellip;]\" \/>\n<meta property=\"og:url\" content=\"https:\/\/psol50.org.br\/base-aliada-de-temer-acelera-reforma-da-previdencia-que-pode-ser-votada-nesta-quarta\/\" \/>\n<meta property=\"og:site_name\" content=\"PSOL 50\" \/>\n<meta property=\"article:publisher\" content=\"https:\/\/www.facebook.com\/psol50\" \/>\n<meta property=\"article:published_time\" content=\"2016-12-12T14:43:33+00:00\" \/>\n<meta property=\"og:image\" content=\"https:\/\/psol50.org.br\/inc\/uploads\/2018\/07\/capa.png\" \/>\n\t<meta property=\"og:image:width\" content=\"1350\" \/>\n\t<meta property=\"og:image:height\" content=\"900\" \/>\n\t<meta property=\"og:image:type\" content=\"image\/png\" \/>\n<meta name=\"author\" content=\"Comunica\u00e7\u00e3o PSOL\" \/>\n<meta name=\"twitter:card\" content=\"summary_large_image\" \/>\n<meta name=\"twitter:creator\" content=\"@psol50\" \/>\n<meta name=\"twitter:site\" content=\"@psol50\" \/>\n<meta name=\"twitter:label1\" content=\"Escrito por\" \/>\n\t<meta name=\"twitter:data1\" content=\"Comunica\u00e7\u00e3o PSOL\" \/>\n\t<meta name=\"twitter:label2\" content=\"Est. tempo de leitura\" \/>\n\t<meta name=\"twitter:data2\" content=\"2 minutos\" \/>\n<script type=\"application\/ld+json\" class=\"yoast-schema-graph\">{\"@context\":\"https:\/\/schema.org\",\"@graph\":[{\"@type\":\"Article\",\"@id\":\"https:\/\/psol50.org.br\/base-aliada-de-temer-acelera-reforma-da-previdencia-que-pode-ser-votada-nesta-quarta\/#article\",\"isPartOf\":{\"@id\":\"https:\/\/psol50.org.br\/base-aliada-de-temer-acelera-reforma-da-previdencia-que-pode-ser-votada-nesta-quarta\/\"},\"author\":{\"name\":\"Comunica\u00e7\u00e3o PSOL\",\"@id\":\"https:\/\/psol50.org.br\/#\/schema\/person\/475dfa57d0b815993c714c2e96491fcd\"},\"headline\":\"Base aliada de Temer acelera reforma da Previd\u00eancia, que pode ser votada nesta quarta na CCJ\",\"datePublished\":\"2016-12-12T14:43:33+00:00\",\"mainEntityOfPage\":{\"@id\":\"https:\/\/psol50.org.br\/base-aliada-de-temer-acelera-reforma-da-previdencia-que-pode-ser-votada-nesta-quarta\/\"},\"wordCount\":438,\"commentCount\":0,\"publisher\":{\"@id\":\"https:\/\/psol50.org.br\/#organization\"},\"image\":{\"@id\":\"https:\/\/psol50.org.br\/base-aliada-de-temer-acelera-reforma-da-previdencia-que-pode-ser-votada-nesta-quarta\/#primaryimage\"},\"thumbnailUrl\":\"\",\"keywords\":[\"49 anos\",\"65 anos\",\"aposentadoria\",\"CCJ da C\u00e2mara\",\"deputado Alceu Moreira\",\"idade m\u00ednima\",\"Michel Temer\",\"mulheres\",\"PEC 287\/2016\",\"PSOL\",\"reforma da previd\u00eancia\",\"tempo de contribui\u00e7\u00e3o\"],\"articleSection\":[\"A\u00e7\u00e3o Parlamentar\",\"Brasil\",\"Educa\u00e7\u00e3o\",\"Not\u00edcias\"],\"inLanguage\":\"pt-BR\",\"potentialAction\":[{\"@type\":\"CommentAction\",\"name\":\"Comment\",\"target\":[\"https:\/\/psol50.org.br\/base-aliada-de-temer-acelera-reforma-da-previdencia-que-pode-ser-votada-nesta-quarta\/#respond\"]}]},{\"@type\":\"WebPage\",\"@id\":\"https:\/\/psol50.org.br\/base-aliada-de-temer-acelera-reforma-da-previdencia-que-pode-ser-votada-nesta-quarta\/\",\"url\":\"https:\/\/psol50.org.br\/base-aliada-de-temer-acelera-reforma-da-previdencia-que-pode-ser-votada-nesta-quarta\/\",\"name\":\"Base aliada de Temer acelera reforma da Previd\u00eancia, que pode ser votada nesta quarta na CCJ - PSOL 50\",\"isPartOf\":{\"@id\":\"https:\/\/psol50.org.br\/#website\"},\"primaryImageOfPage\":{\"@id\":\"https:\/\/psol50.org.br\/base-aliada-de-temer-acelera-reforma-da-previdencia-que-pode-ser-votada-nesta-quarta\/#primaryimage\"},\"image\":{\"@id\":\"https:\/\/psol50.org.br\/base-aliada-de-temer-acelera-reforma-da-previdencia-que-pode-ser-votada-nesta-quarta\/#primaryimage\"},\"thumbnailUrl\":\"\",\"datePublished\":\"2016-12-12T14:43:33+00:00\",\"breadcrumb\":{\"@id\":\"https:\/\/psol50.org.br\/base-aliada-de-temer-acelera-reforma-da-previdencia-que-pode-ser-votada-nesta-quarta\/#breadcrumb\"},\"inLanguage\":\"pt-BR\",\"potentialAction\":[{\"@type\":\"ReadAction\",\"target\":[\"https:\/\/psol50.org.br\/base-aliada-de-temer-acelera-reforma-da-previdencia-que-pode-ser-votada-nesta-quarta\/\"]}]},{\"@type\":\"ImageObject\",\"inLanguage\":\"pt-BR\",\"@id\":\"https:\/\/psol50.org.br\/base-aliada-de-temer-acelera-reforma-da-previdencia-que-pode-ser-votada-nesta-quarta\/#primaryimage\",\"url\":\"\",\"contentUrl\":\"\"},{\"@type\":\"BreadcrumbList\",\"@id\":\"https:\/\/psol50.org.br\/base-aliada-de-temer-acelera-reforma-da-previdencia-que-pode-ser-votada-nesta-quarta\/#breadcrumb\",\"itemListElement\":[{\"@type\":\"ListItem\",\"position\":1,\"name\":\"In\u00edcio\",\"item\":\"https:\/\/psol50.org.br\/\"},{\"@type\":\"ListItem\",\"position\":2,\"name\":\"Base aliada de Temer acelera reforma da Previd\u00eancia, que pode ser votada nesta quarta na CCJ\"}]},{\"@type\":\"WebSite\",\"@id\":\"https:\/\/psol50.org.br\/#website\",\"url\":\"https:\/\/psol50.org.br\/\",\"name\":\"PSOL 50\",\"description\":\"Site oficial do Partido Socialismo e Liberdade\",\"publisher\":{\"@id\":\"https:\/\/psol50.org.br\/#organization\"},\"alternateName\":\"PSOL50\",\"potentialAction\":[{\"@type\":\"SearchAction\",\"target\":{\"@type\":\"EntryPoint\",\"urlTemplate\":\"https:\/\/psol50.org.br\/?s={search_term_string}\"},\"query-input\":{\"@type\":\"PropertyValueSpecification\",\"valueRequired\":true,\"valueName\":\"search_term_string\"}}],\"inLanguage\":\"pt-BR\"},{\"@type\":\"Organization\",\"@id\":\"https:\/\/psol50.org.br\/#organization\",\"name\":\"PSOL 50\",\"alternateName\":\"PSOL 50\",\"url\":\"https:\/\/psol50.org.br\/\",\"logo\":{\"@type\":\"ImageObject\",\"inLanguage\":\"pt-BR\",\"@id\":\"https:\/\/psol50.org.br\/#\/schema\/logo\/image\/\",\"url\":\"https:\/\/psol50.org.br\/inc\/uploads\/2018\/07\/capa.png\",\"contentUrl\":\"https:\/\/psol50.org.br\/inc\/uploads\/2018\/07\/capa.png\",\"width\":1350,\"height\":900,\"caption\":\"PSOL 50\"},\"image\":{\"@id\":\"https:\/\/psol50.org.br\/#\/schema\/logo\/image\/\"},\"sameAs\":[\"https:\/\/www.facebook.com\/psol50\",\"https:\/\/x.com\/psol50\",\"https:\/\/www.instagram.com\/psol50\/\",\"https:\/\/www.youtube.com\/channel\/UC7SnJS5o1os7a6CaiNabzcg\"]},{\"@type\":\"Person\",\"@id\":\"https:\/\/psol50.org.br\/#\/schema\/person\/475dfa57d0b815993c714c2e96491fcd\",\"name\":\"Comunica\u00e7\u00e3o PSOL\",\"image\":{\"@type\":\"ImageObject\",\"inLanguage\":\"pt-BR\",\"@id\":\"https:\/\/psol50.org.br\/#\/schema\/person\/image\/\",\"url\":\"https:\/\/secure.gravatar.com\/avatar\/b34fc4f4e468a4e51785917065a3db57b841f5c95dba6ad8c73aaf8f66f8f9bf?s=96&d=mm&r=g\",\"contentUrl\":\"https:\/\/secure.gravatar.com\/avatar\/b34fc4f4e468a4e51785917065a3db57b841f5c95dba6ad8c73aaf8f66f8f9bf?s=96&d=mm&r=g\",\"caption\":\"Comunica\u00e7\u00e3o PSOL\"}}]}<\/script>\n<!-- \/ Yoast SEO plugin. -->","yoast_head_json":{"title":"Base aliada de Temer acelera reforma da Previd\u00eancia, que pode ser votada nesta quarta na CCJ - PSOL 50","robots":{"index":"index","follow":"follow","max-snippet":"max-snippet:-1","max-image-preview":"max-image-preview:large","max-video-preview":"max-video-preview:-1"},"canonical":"https:\/\/psol50.org.br\/base-aliada-de-temer-acelera-reforma-da-previdencia-que-pode-ser-votada-nesta-quarta\/","og_locale":"pt_BR","og_type":"article","og_title":"Base aliada de Temer acelera reforma da Previd\u00eancia, que pode ser votada nesta quarta na CCJ - PSOL 50","og_description":"A proposta de reforma da Previd\u00eancia \u2013 PEC 287\/20166, enviada \u00e0 C\u00e2mara dos Deputados na \u00faltima ter\u00e7a-feira (06\/12) pelo presidente Michel Temer, tamb\u00e9m estar\u00e1 entre as prioridades do governo no pr\u00f3ximo per\u00edodo no Legislativo. Com apenas 24 horas ap\u00f3s a mat\u00e9ria chegar \u00e0 Comiss\u00e3o de Constitui\u00e7\u00e3o, Justi\u00e7a e Cidadania (CCJ) da C\u00e2mara, o relator, deputado [&hellip;]","og_url":"https:\/\/psol50.org.br\/base-aliada-de-temer-acelera-reforma-da-previdencia-que-pode-ser-votada-nesta-quarta\/","og_site_name":"PSOL 50","article_publisher":"https:\/\/www.facebook.com\/psol50","article_published_time":"2016-12-12T14:43:33+00:00","og_image":[{"width":1350,"height":900,"url":"https:\/\/psol50.org.br\/inc\/uploads\/2018\/07\/capa.png","type":"image\/png"}],"author":"Comunica\u00e7\u00e3o PSOL","twitter_card":"summary_large_image","twitter_creator":"@psol50","twitter_site":"@psol50","twitter_misc":{"Escrito por":"Comunica\u00e7\u00e3o PSOL","Est. tempo de leitura":"2 minutos"},"schema":{"@context":"https:\/\/schema.org","@graph":[{"@type":"Article","@id":"https:\/\/psol50.org.br\/base-aliada-de-temer-acelera-reforma-da-previdencia-que-pode-ser-votada-nesta-quarta\/#article","isPartOf":{"@id":"https:\/\/psol50.org.br\/base-aliada-de-temer-acelera-reforma-da-previdencia-que-pode-ser-votada-nesta-quarta\/"},"author":{"name":"Comunica\u00e7\u00e3o PSOL","@id":"https:\/\/psol50.org.br\/#\/schema\/person\/475dfa57d0b815993c714c2e96491fcd"},"headline":"Base aliada de Temer acelera reforma da Previd\u00eancia, que pode ser votada nesta quarta na CCJ","datePublished":"2016-12-12T14:43:33+00:00","mainEntityOfPage":{"@id":"https:\/\/psol50.org.br\/base-aliada-de-temer-acelera-reforma-da-previdencia-que-pode-ser-votada-nesta-quarta\/"},"wordCount":438,"commentCount":0,"publisher":{"@id":"https:\/\/psol50.org.br\/#organization"},"image":{"@id":"https:\/\/psol50.org.br\/base-aliada-de-temer-acelera-reforma-da-previdencia-que-pode-ser-votada-nesta-quarta\/#primaryimage"},"thumbnailUrl":"","keywords":["49 anos","65 anos","aposentadoria","CCJ da C\u00e2mara","deputado Alceu Moreira","idade m\u00ednima","Michel Temer","mulheres","PEC 287\/2016","PSOL","reforma da previd\u00eancia","tempo de contribui\u00e7\u00e3o"],"articleSection":["A\u00e7\u00e3o Parlamentar","Brasil","Educa\u00e7\u00e3o","Not\u00edcias"],"inLanguage":"pt-BR","potentialAction":[{"@type":"CommentAction","name":"Comment","target":["https:\/\/psol50.org.br\/base-aliada-de-temer-acelera-reforma-da-previdencia-que-pode-ser-votada-nesta-quarta\/#respond"]}]},{"@type":"WebPage","@id":"https:\/\/psol50.org.br\/base-aliada-de-temer-acelera-reforma-da-previdencia-que-pode-ser-votada-nesta-quarta\/","url":"https:\/\/psol50.org.br\/base-aliada-de-temer-acelera-reforma-da-previdencia-que-pode-ser-votada-nesta-quarta\/","name":"Base aliada de Temer acelera reforma da Previd\u00eancia, que pode ser votada nesta quarta na CCJ - PSOL 50","isPartOf":{"@id":"https:\/\/psol50.org.br\/#website"},"primaryImageOfPage":{"@id":"https:\/\/psol50.org.br\/base-aliada-de-temer-acelera-reforma-da-previdencia-que-pode-ser-votada-nesta-quarta\/#primaryimage"},"image":{"@id":"https:\/\/psol50.org.br\/base-aliada-de-temer-acelera-reforma-da-previdencia-que-pode-ser-votada-nesta-quarta\/#primaryimage"},"thumbnailUrl":"","datePublished":"2016-12-12T14:43:33+00:00","breadcrumb":{"@id":"https:\/\/psol50.org.br\/base-aliada-de-temer-acelera-reforma-da-previdencia-que-pode-ser-votada-nesta-quarta\/#breadcrumb"},"inLanguage":"pt-BR","potentialAction":[{"@type":"ReadAction","target":["https:\/\/psol50.org.br\/base-aliada-de-temer-acelera-reforma-da-previdencia-que-pode-ser-votada-nesta-quarta\/"]}]},{"@type":"ImageObject","inLanguage":"pt-BR","@id":"https:\/\/psol50.org.br\/base-aliada-de-temer-acelera-reforma-da-previdencia-que-pode-ser-votada-nesta-quarta\/#primaryimage","url":"","contentUrl":""},{"@type":"BreadcrumbList","@id":"https:\/\/psol50.org.br\/base-aliada-de-temer-acelera-reforma-da-previdencia-que-pode-ser-votada-nesta-quarta\/#breadcrumb","itemListElement":[{"@type":"ListItem","position":1,"name":"In\u00edcio","item":"https:\/\/psol50.org.br\/"},{"@type":"ListItem","position":2,"name":"Base aliada de Temer acelera reforma da Previd\u00eancia, que pode ser votada nesta quarta na CCJ"}]},{"@type":"WebSite","@id":"https:\/\/psol50.org.br\/#website","url":"https:\/\/psol50.org.br\/","name":"PSOL 50","description":"Site oficial do Partido Socialismo e Liberdade","publisher":{"@id":"https:\/\/psol50.org.br\/#organization"},"alternateName":"PSOL50","potentialAction":[{"@type":"SearchAction","target":{"@type":"EntryPoint","urlTemplate":"https:\/\/psol50.org.br\/?s={search_term_string}"},"query-input":{"@type":"PropertyValueSpecification","valueRequired":true,"valueName":"search_term_string"}}],"inLanguage":"pt-BR"},{"@type":"Organization","@id":"https:\/\/psol50.org.br\/#organization","name":"PSOL 50","alternateName":"PSOL 50","url":"https:\/\/psol50.org.br\/","logo":{"@type":"ImageObject","inLanguage":"pt-BR","@id":"https:\/\/psol50.org.br\/#\/schema\/logo\/image\/","url":"https:\/\/psol50.org.br\/inc\/uploads\/2018\/07\/capa.png","contentUrl":"https:\/\/psol50.org.br\/inc\/uploads\/2018\/07\/capa.png","width":1350,"height":900,"caption":"PSOL 50"},"image":{"@id":"https:\/\/psol50.org.br\/#\/schema\/logo\/image\/"},"sameAs":["https:\/\/www.facebook.com\/psol50","https:\/\/x.com\/psol50","https:\/\/www.instagram.com\/psol50\/","https:\/\/www.youtube.com\/channel\/UC7SnJS5o1os7a6CaiNabzcg"]},{"@type":"Person","@id":"https:\/\/psol50.org.br\/#\/schema\/person\/475dfa57d0b815993c714c2e96491fcd","name":"Comunica\u00e7\u00e3o PSOL","image":{"@type":"ImageObject","inLanguage":"pt-BR","@id":"https:\/\/psol50.org.br\/#\/schema\/person\/image\/","url":"https:\/\/secure.gravatar.com\/avatar\/b34fc4f4e468a4e51785917065a3db57b841f5c95dba6ad8c73aaf8f66f8f9bf?s=96&d=mm&r=g","contentUrl":"https:\/\/secure.gravatar.com\/avatar\/b34fc4f4e468a4e51785917065a3db57b841f5c95dba6ad8c73aaf8f66f8f9bf?s=96&d=mm&r=g","caption":"Comunica\u00e7\u00e3o PSOL"}}]}},"_links":{"self":[{"href":"https:\/\/psol50.org.br\/rest\/wp\/v2\/posts\/14898","targetHints":{"allow":["GET"]}}],"collection":[{"href":"https:\/\/psol50.org.br\/rest\/wp\/v2\/posts"}],"about":[{"href":"https:\/\/psol50.org.br\/rest\/wp\/v2\/types\/post"}],"author":[{"embeddable":true,"href":"https:\/\/psol50.org.br\/rest\/wp\/v2\/users\/2"}],"replies":[{"embeddable":true,"href":"https:\/\/psol50.org.br\/rest\/wp\/v2\/comments?post=14898"}],"version-history":[{"count":0,"href":"https:\/\/psol50.org.br\/rest\/wp\/v2\/posts\/14898\/revisions"}],"wp:featuredmedia":[{"embeddable":true,"href":"https:\/\/psol50.org.br\/rest\/"}],"wp:attachment":[{"href":"https:\/\/psol50.org.br\/rest\/wp\/v2\/media?parent=14898"}],"wp:term":[{"taxonomy":"category","embeddable":true,"href":"https:\/\/psol50.org.br\/rest\/wp\/v2\/categories?post=14898"},{"taxonomy":"post_tag","embeddable":true,"href":"https:\/\/psol50.org.br\/rest\/wp\/v2\/tags?post=14898"}],"curies":[{"name":"wp","href":"https:\/\/api.w.org\/{rel}","templated":true}]}}