{"id":14913,"date":"2016-12-13T11:56:38","date_gmt":"2016-12-13T11:56:38","guid":{"rendered":"http:\/\/www.psol50.org.br\/?p=14913"},"modified":"2016-12-13T11:56:38","modified_gmt":"2016-12-13T11:56:38","slug":"pesquisa-revela-que-maioria-da-populacao-e-contra-pec-do-teto-de-gastos","status":"publish","type":"post","link":"https:\/\/psol50.org.br\/pesquisa-revela-que-maioria-da-populacao-e-contra-pec-do-teto-de-gastos\/","title":{"rendered":"Pesquisa revela que maioria da popula\u00e7\u00e3o \u00e9 contra PEC do teto de gastos"},"content":{"rendered":"<p style=\"margin: 0cm;margin-bottom: .0001pt;background: white\">\u00a0A principal proposta das medidas de ajuste fiscal do governo de Michel Temer est\u00e1 na contram\u00e3o da vontade da maioria da popula\u00e7\u00e3o. Pesquisa realizada pelo instituto Datafolha, feita com 2.828 pessoas em 7 e 8 de dezembro, revela que 60% dos brasileiros s\u00e3o contra a aprova\u00e7\u00e3o da PEC 55\/2016, que limita os investimentos em servi\u00e7os p\u00fablicos nos pr\u00f3ximos 20 anos. <a href=\"http:\/\/www.psol50.org.br\/blog\/2016\/12\/12\/senado-deve-votar-nesta-terca-pec-do-teto-de-gastos-entidades-convocam-protestos\/\" target=\"_blank\" rel=\"noopener\"><strong><span style=\"color: #0000ff\">A proposta deve ser votada nesta ter\u00e7a-feira (13\/12), em segundo turno no Senado.<\/span><\/strong><\/a><\/p>\n<p>De acordo com a pesquisa, a PEC tem o apoio de 24% da popula\u00e7\u00e3o e a indiferen\u00e7a de 4%. Os outros 19% afirmaram n\u00e3o saber como responder. No entanto, para 62% dos brasileiros, a emenda trar\u00e1 mais preju\u00edzos do que benef\u00edcios, contra 19% que pensam o contr\u00e1rio.<\/p>\n<p>Segundo o Datafolha, a desaprova\u00e7\u00e3o \u00e0 PEC 55 \u00e9 maior entre os mais jovens. Entre os entrevistados de 16 a 24 anos, 65% s\u00e3o contra a medida, enquanto que 47% dos maiores de 60 n\u00e3o querem sua aprova\u00e7\u00e3o.<\/p>\n<p>Outro dado revelador da pesquisa \u00e9 que a rejei\u00e7\u00e3o \u00e9 maior entre os entrevistados com menores faixas de renda: 60% dos que recebem at\u00e9 dois sal\u00e1rios m\u00ednimos (R$ 1.670) e 62% dos que ganham entre dois e cinco sal\u00e1rios m\u00ednimos (at\u00e9 R$ 4.400) s\u00e3o contr\u00e1rios \u00e0 medida imposta por Temer.<\/p>\n<p>Quando questionados a respeito de \u00e1reas espec\u00edficas, 50% afirmaram acreditar que a sa\u00fade e a seguran\u00e7a devem piorar caso a PEC seja aprovada, 51% acham que a educa\u00e7\u00e3o sofrer\u00e1 com a aprova\u00e7\u00e3o e 47% que o transporte p\u00fablico e saneamento tamb\u00e9m.<\/p>\n<p><a href=\"http:\/\/www1.folha.uol.com.br\/poder\/2016\/12\/1840825-maioria-dos-brasileiros-reprova-emenda-dos-gastos-diz-datafolha.shtml\" target=\"_blank\" rel=\"noopener\"><strong><span style=\"color: #0000ff\">Leia o texto completo sobre a pesquisa divulgada hoje<\/span><\/strong><\/a>.<\/p>\n","protected":false},"excerpt":{"rendered":"<p>\u00a0A principal proposta das medidas de ajuste fiscal do governo de Michel Temer est\u00e1 na contram\u00e3o da vontade da maioria da popula\u00e7\u00e3o. Pesquisa realizada pelo instituto Datafolha, feita com 2.828 pessoas em 7 e 8 de dezembro, revela que 60% dos brasileiros s\u00e3o contra a aprova\u00e7\u00e3o da PEC 55\/2016, que limita os investimentos em servi\u00e7os [&hellip;]<\/p>\n","protected":false},"author":2,"featured_media":14474,"comment_status":"open","ping_status":"open","sticky":false,"template":"","format":"standard","meta":{"_acf_changed":false,"footnotes":""},"categories":[1882,6],"tags":[1432,1612,4735,1748,4634,403,350],"class_list":{"0":"post-14913","1":"post","2":"type-post","3":"status-publish","4":"format-standard","5":"has-post-thumbnail","7":"category-brasil","8":"category-noticias","9":"tag-ajuste-fiscal","10":"tag-datafolha","11":"tag-maioria","12":"tag-michel-temer","13":"tag-pec-552016","14":"tag-pesquisa","15":"tag-teto-de-gastos"},"acf":[],"yoast_head":"<!-- This site is optimized with the Yoast SEO plugin v26.5 - https:\/\/yoast.com\/wordpress\/plugins\/seo\/ -->\n<title>Pesquisa revela que maioria da popula\u00e7\u00e3o \u00e9 contra PEC do teto de gastos - PSOL 50<\/title>\n<meta name=\"robots\" content=\"index, follow, max-snippet:-1, max-image-preview:large, max-video-preview:-1\" \/>\n<link rel=\"canonical\" href=\"https:\/\/psol50.org.br\/pesquisa-revela-que-maioria-da-populacao-e-contra-pec-do-teto-de-gastos\/\" \/>\n<meta property=\"og:locale\" content=\"pt_BR\" \/>\n<meta property=\"og:type\" content=\"article\" \/>\n<meta property=\"og:title\" content=\"Pesquisa revela que maioria da popula\u00e7\u00e3o \u00e9 contra PEC do teto de gastos - PSOL 50\" \/>\n<meta property=\"og:description\" content=\"\u00a0A principal proposta das medidas de ajuste fiscal do governo de Michel Temer est\u00e1 na contram\u00e3o da vontade da maioria da popula\u00e7\u00e3o. Pesquisa realizada pelo instituto Datafolha, feita com 2.828 pessoas em 7 e 8 de dezembro, revela que 60% dos brasileiros s\u00e3o contra a aprova\u00e7\u00e3o da PEC 55\/2016, que limita os investimentos em servi\u00e7os [&hellip;]\" \/>\n<meta property=\"og:url\" content=\"https:\/\/psol50.org.br\/pesquisa-revela-que-maioria-da-populacao-e-contra-pec-do-teto-de-gastos\/\" \/>\n<meta property=\"og:site_name\" content=\"PSOL 50\" \/>\n<meta property=\"article:publisher\" content=\"https:\/\/www.facebook.com\/psol50\" \/>\n<meta property=\"article:published_time\" content=\"2016-12-13T11:56:38+00:00\" \/>\n<meta property=\"og:image\" content=\"https:\/\/psol50.org.br\/inc\/uploads\/2018\/07\/capa.png\" \/>\n\t<meta property=\"og:image:width\" content=\"1350\" \/>\n\t<meta property=\"og:image:height\" content=\"900\" \/>\n\t<meta property=\"og:image:type\" content=\"image\/png\" \/>\n<meta name=\"author\" content=\"Comunica\u00e7\u00e3o PSOL\" \/>\n<meta name=\"twitter:card\" content=\"summary_large_image\" \/>\n<meta name=\"twitter:creator\" content=\"@psol50\" \/>\n<meta name=\"twitter:site\" content=\"@psol50\" \/>\n<meta name=\"twitter:label1\" content=\"Escrito por\" \/>\n\t<meta name=\"twitter:data1\" content=\"Comunica\u00e7\u00e3o PSOL\" \/>\n\t<meta name=\"twitter:label2\" content=\"Est. tempo de leitura\" \/>\n\t<meta name=\"twitter:data2\" content=\"1 minuto\" \/>\n<script type=\"application\/ld+json\" class=\"yoast-schema-graph\">{\"@context\":\"https:\/\/schema.org\",\"@graph\":[{\"@type\":\"Article\",\"@id\":\"https:\/\/psol50.org.br\/pesquisa-revela-que-maioria-da-populacao-e-contra-pec-do-teto-de-gastos\/#article\",\"isPartOf\":{\"@id\":\"https:\/\/psol50.org.br\/pesquisa-revela-que-maioria-da-populacao-e-contra-pec-do-teto-de-gastos\/\"},\"author\":{\"name\":\"Comunica\u00e7\u00e3o PSOL\",\"@id\":\"https:\/\/psol50.org.br\/#\/schema\/person\/475dfa57d0b815993c714c2e96491fcd\"},\"headline\":\"Pesquisa revela que maioria da popula\u00e7\u00e3o \u00e9 contra PEC do teto de gastos\",\"datePublished\":\"2016-12-13T11:56:38+00:00\",\"mainEntityOfPage\":{\"@id\":\"https:\/\/psol50.org.br\/pesquisa-revela-que-maioria-da-populacao-e-contra-pec-do-teto-de-gastos\/\"},\"wordCount\":273,\"commentCount\":0,\"publisher\":{\"@id\":\"https:\/\/psol50.org.br\/#organization\"},\"image\":{\"@id\":\"https:\/\/psol50.org.br\/pesquisa-revela-que-maioria-da-populacao-e-contra-pec-do-teto-de-gastos\/#primaryimage\"},\"thumbnailUrl\":\"\",\"keywords\":[\"Ajuste Fiscal\",\"Datafolha\",\"maioria\",\"Michel Temer\",\"PEC 55\/2016\",\"pesquisa\",\"Teto de gastos\"],\"articleSection\":[\"Brasil\",\"Not\u00edcias\"],\"inLanguage\":\"pt-BR\",\"potentialAction\":[{\"@type\":\"CommentAction\",\"name\":\"Comment\",\"target\":[\"https:\/\/psol50.org.br\/pesquisa-revela-que-maioria-da-populacao-e-contra-pec-do-teto-de-gastos\/#respond\"]}]},{\"@type\":\"WebPage\",\"@id\":\"https:\/\/psol50.org.br\/pesquisa-revela-que-maioria-da-populacao-e-contra-pec-do-teto-de-gastos\/\",\"url\":\"https:\/\/psol50.org.br\/pesquisa-revela-que-maioria-da-populacao-e-contra-pec-do-teto-de-gastos\/\",\"name\":\"Pesquisa revela que maioria da popula\u00e7\u00e3o \u00e9 contra PEC do teto de gastos - PSOL 50\",\"isPartOf\":{\"@id\":\"https:\/\/psol50.org.br\/#website\"},\"primaryImageOfPage\":{\"@id\":\"https:\/\/psol50.org.br\/pesquisa-revela-que-maioria-da-populacao-e-contra-pec-do-teto-de-gastos\/#primaryimage\"},\"image\":{\"@id\":\"https:\/\/psol50.org.br\/pesquisa-revela-que-maioria-da-populacao-e-contra-pec-do-teto-de-gastos\/#primaryimage\"},\"thumbnailUrl\":\"\",\"datePublished\":\"2016-12-13T11:56:38+00:00\",\"breadcrumb\":{\"@id\":\"https:\/\/psol50.org.br\/pesquisa-revela-que-maioria-da-populacao-e-contra-pec-do-teto-de-gastos\/#breadcrumb\"},\"inLanguage\":\"pt-BR\",\"potentialAction\":[{\"@type\":\"ReadAction\",\"target\":[\"https:\/\/psol50.org.br\/pesquisa-revela-que-maioria-da-populacao-e-contra-pec-do-teto-de-gastos\/\"]}]},{\"@type\":\"ImageObject\",\"inLanguage\":\"pt-BR\",\"@id\":\"https:\/\/psol50.org.br\/pesquisa-revela-que-maioria-da-populacao-e-contra-pec-do-teto-de-gastos\/#primaryimage\",\"url\":\"\",\"contentUrl\":\"\"},{\"@type\":\"BreadcrumbList\",\"@id\":\"https:\/\/psol50.org.br\/pesquisa-revela-que-maioria-da-populacao-e-contra-pec-do-teto-de-gastos\/#breadcrumb\",\"itemListElement\":[{\"@type\":\"ListItem\",\"position\":1,\"name\":\"In\u00edcio\",\"item\":\"https:\/\/psol50.org.br\/\"},{\"@type\":\"ListItem\",\"position\":2,\"name\":\"Pesquisa revela que maioria da popula\u00e7\u00e3o \u00e9 contra PEC do teto de gastos\"}]},{\"@type\":\"WebSite\",\"@id\":\"https:\/\/psol50.org.br\/#website\",\"url\":\"https:\/\/psol50.org.br\/\",\"name\":\"PSOL 50\",\"description\":\"Site oficial do Partido Socialismo e Liberdade\",\"publisher\":{\"@id\":\"https:\/\/psol50.org.br\/#organization\"},\"alternateName\":\"PSOL50\",\"potentialAction\":[{\"@type\":\"SearchAction\",\"target\":{\"@type\":\"EntryPoint\",\"urlTemplate\":\"https:\/\/psol50.org.br\/?s={search_term_string}\"},\"query-input\":{\"@type\":\"PropertyValueSpecification\",\"valueRequired\":true,\"valueName\":\"search_term_string\"}}],\"inLanguage\":\"pt-BR\"},{\"@type\":\"Organization\",\"@id\":\"https:\/\/psol50.org.br\/#organization\",\"name\":\"PSOL 50\",\"alternateName\":\"PSOL 50\",\"url\":\"https:\/\/psol50.org.br\/\",\"logo\":{\"@type\":\"ImageObject\",\"inLanguage\":\"pt-BR\",\"@id\":\"https:\/\/psol50.org.br\/#\/schema\/logo\/image\/\",\"url\":\"https:\/\/psol50.org.br\/inc\/uploads\/2018\/07\/capa.png\",\"contentUrl\":\"https:\/\/psol50.org.br\/inc\/uploads\/2018\/07\/capa.png\",\"width\":1350,\"height\":900,\"caption\":\"PSOL 50\"},\"image\":{\"@id\":\"https:\/\/psol50.org.br\/#\/schema\/logo\/image\/\"},\"sameAs\":[\"https:\/\/www.facebook.com\/psol50\",\"https:\/\/x.com\/psol50\",\"https:\/\/www.instagram.com\/psol50\/\",\"https:\/\/www.youtube.com\/channel\/UC7SnJS5o1os7a6CaiNabzcg\"]},{\"@type\":\"Person\",\"@id\":\"https:\/\/psol50.org.br\/#\/schema\/person\/475dfa57d0b815993c714c2e96491fcd\",\"name\":\"Comunica\u00e7\u00e3o PSOL\",\"image\":{\"@type\":\"ImageObject\",\"inLanguage\":\"pt-BR\",\"@id\":\"https:\/\/psol50.org.br\/#\/schema\/person\/image\/\",\"url\":\"https:\/\/secure.gravatar.com\/avatar\/b34fc4f4e468a4e51785917065a3db57b841f5c95dba6ad8c73aaf8f66f8f9bf?s=96&d=mm&r=g\",\"contentUrl\":\"https:\/\/secure.gravatar.com\/avatar\/b34fc4f4e468a4e51785917065a3db57b841f5c95dba6ad8c73aaf8f66f8f9bf?s=96&d=mm&r=g\",\"caption\":\"Comunica\u00e7\u00e3o PSOL\"}}]}<\/script>\n<!-- \/ Yoast SEO plugin. -->","yoast_head_json":{"title":"Pesquisa revela que maioria da popula\u00e7\u00e3o \u00e9 contra PEC do teto de gastos - PSOL 50","robots":{"index":"index","follow":"follow","max-snippet":"max-snippet:-1","max-image-preview":"max-image-preview:large","max-video-preview":"max-video-preview:-1"},"canonical":"https:\/\/psol50.org.br\/pesquisa-revela-que-maioria-da-populacao-e-contra-pec-do-teto-de-gastos\/","og_locale":"pt_BR","og_type":"article","og_title":"Pesquisa revela que maioria da popula\u00e7\u00e3o \u00e9 contra PEC do teto de gastos - PSOL 50","og_description":"\u00a0A principal proposta das medidas de ajuste fiscal do governo de Michel Temer est\u00e1 na contram\u00e3o da vontade da maioria da popula\u00e7\u00e3o. Pesquisa realizada pelo instituto Datafolha, feita com 2.828 pessoas em 7 e 8 de dezembro, revela que 60% dos brasileiros s\u00e3o contra a aprova\u00e7\u00e3o da PEC 55\/2016, que limita os investimentos em servi\u00e7os [&hellip;]","og_url":"https:\/\/psol50.org.br\/pesquisa-revela-que-maioria-da-populacao-e-contra-pec-do-teto-de-gastos\/","og_site_name":"PSOL 50","article_publisher":"https:\/\/www.facebook.com\/psol50","article_published_time":"2016-12-13T11:56:38+00:00","og_image":[{"width":1350,"height":900,"url":"https:\/\/psol50.org.br\/inc\/uploads\/2018\/07\/capa.png","type":"image\/png"}],"author":"Comunica\u00e7\u00e3o PSOL","twitter_card":"summary_large_image","twitter_creator":"@psol50","twitter_site":"@psol50","twitter_misc":{"Escrito por":"Comunica\u00e7\u00e3o PSOL","Est. tempo de leitura":"1 minuto"},"schema":{"@context":"https:\/\/schema.org","@graph":[{"@type":"Article","@id":"https:\/\/psol50.org.br\/pesquisa-revela-que-maioria-da-populacao-e-contra-pec-do-teto-de-gastos\/#article","isPartOf":{"@id":"https:\/\/psol50.org.br\/pesquisa-revela-que-maioria-da-populacao-e-contra-pec-do-teto-de-gastos\/"},"author":{"name":"Comunica\u00e7\u00e3o PSOL","@id":"https:\/\/psol50.org.br\/#\/schema\/person\/475dfa57d0b815993c714c2e96491fcd"},"headline":"Pesquisa revela que maioria da popula\u00e7\u00e3o \u00e9 contra PEC do teto de gastos","datePublished":"2016-12-13T11:56:38+00:00","mainEntityOfPage":{"@id":"https:\/\/psol50.org.br\/pesquisa-revela-que-maioria-da-populacao-e-contra-pec-do-teto-de-gastos\/"},"wordCount":273,"commentCount":0,"publisher":{"@id":"https:\/\/psol50.org.br\/#organization"},"image":{"@id":"https:\/\/psol50.org.br\/pesquisa-revela-que-maioria-da-populacao-e-contra-pec-do-teto-de-gastos\/#primaryimage"},"thumbnailUrl":"","keywords":["Ajuste Fiscal","Datafolha","maioria","Michel Temer","PEC 55\/2016","pesquisa","Teto de gastos"],"articleSection":["Brasil","Not\u00edcias"],"inLanguage":"pt-BR","potentialAction":[{"@type":"CommentAction","name":"Comment","target":["https:\/\/psol50.org.br\/pesquisa-revela-que-maioria-da-populacao-e-contra-pec-do-teto-de-gastos\/#respond"]}]},{"@type":"WebPage","@id":"https:\/\/psol50.org.br\/pesquisa-revela-que-maioria-da-populacao-e-contra-pec-do-teto-de-gastos\/","url":"https:\/\/psol50.org.br\/pesquisa-revela-que-maioria-da-populacao-e-contra-pec-do-teto-de-gastos\/","name":"Pesquisa revela que maioria da popula\u00e7\u00e3o \u00e9 contra PEC do teto de gastos - PSOL 50","isPartOf":{"@id":"https:\/\/psol50.org.br\/#website"},"primaryImageOfPage":{"@id":"https:\/\/psol50.org.br\/pesquisa-revela-que-maioria-da-populacao-e-contra-pec-do-teto-de-gastos\/#primaryimage"},"image":{"@id":"https:\/\/psol50.org.br\/pesquisa-revela-que-maioria-da-populacao-e-contra-pec-do-teto-de-gastos\/#primaryimage"},"thumbnailUrl":"","datePublished":"2016-12-13T11:56:38+00:00","breadcrumb":{"@id":"https:\/\/psol50.org.br\/pesquisa-revela-que-maioria-da-populacao-e-contra-pec-do-teto-de-gastos\/#breadcrumb"},"inLanguage":"pt-BR","potentialAction":[{"@type":"ReadAction","target":["https:\/\/psol50.org.br\/pesquisa-revela-que-maioria-da-populacao-e-contra-pec-do-teto-de-gastos\/"]}]},{"@type":"ImageObject","inLanguage":"pt-BR","@id":"https:\/\/psol50.org.br\/pesquisa-revela-que-maioria-da-populacao-e-contra-pec-do-teto-de-gastos\/#primaryimage","url":"","contentUrl":""},{"@type":"BreadcrumbList","@id":"https:\/\/psol50.org.br\/pesquisa-revela-que-maioria-da-populacao-e-contra-pec-do-teto-de-gastos\/#breadcrumb","itemListElement":[{"@type":"ListItem","position":1,"name":"In\u00edcio","item":"https:\/\/psol50.org.br\/"},{"@type":"ListItem","position":2,"name":"Pesquisa revela que maioria da popula\u00e7\u00e3o \u00e9 contra PEC do teto de gastos"}]},{"@type":"WebSite","@id":"https:\/\/psol50.org.br\/#website","url":"https:\/\/psol50.org.br\/","name":"PSOL 50","description":"Site oficial do Partido Socialismo e Liberdade","publisher":{"@id":"https:\/\/psol50.org.br\/#organization"},"alternateName":"PSOL50","potentialAction":[{"@type":"SearchAction","target":{"@type":"EntryPoint","urlTemplate":"https:\/\/psol50.org.br\/?s={search_term_string}"},"query-input":{"@type":"PropertyValueSpecification","valueRequired":true,"valueName":"search_term_string"}}],"inLanguage":"pt-BR"},{"@type":"Organization","@id":"https:\/\/psol50.org.br\/#organization","name":"PSOL 50","alternateName":"PSOL 50","url":"https:\/\/psol50.org.br\/","logo":{"@type":"ImageObject","inLanguage":"pt-BR","@id":"https:\/\/psol50.org.br\/#\/schema\/logo\/image\/","url":"https:\/\/psol50.org.br\/inc\/uploads\/2018\/07\/capa.png","contentUrl":"https:\/\/psol50.org.br\/inc\/uploads\/2018\/07\/capa.png","width":1350,"height":900,"caption":"PSOL 50"},"image":{"@id":"https:\/\/psol50.org.br\/#\/schema\/logo\/image\/"},"sameAs":["https:\/\/www.facebook.com\/psol50","https:\/\/x.com\/psol50","https:\/\/www.instagram.com\/psol50\/","https:\/\/www.youtube.com\/channel\/UC7SnJS5o1os7a6CaiNabzcg"]},{"@type":"Person","@id":"https:\/\/psol50.org.br\/#\/schema\/person\/475dfa57d0b815993c714c2e96491fcd","name":"Comunica\u00e7\u00e3o PSOL","image":{"@type":"ImageObject","inLanguage":"pt-BR","@id":"https:\/\/psol50.org.br\/#\/schema\/person\/image\/","url":"https:\/\/secure.gravatar.com\/avatar\/b34fc4f4e468a4e51785917065a3db57b841f5c95dba6ad8c73aaf8f66f8f9bf?s=96&d=mm&r=g","contentUrl":"https:\/\/secure.gravatar.com\/avatar\/b34fc4f4e468a4e51785917065a3db57b841f5c95dba6ad8c73aaf8f66f8f9bf?s=96&d=mm&r=g","caption":"Comunica\u00e7\u00e3o PSOL"}}]}},"_links":{"self":[{"href":"https:\/\/psol50.org.br\/rest\/wp\/v2\/posts\/14913","targetHints":{"allow":["GET"]}}],"collection":[{"href":"https:\/\/psol50.org.br\/rest\/wp\/v2\/posts"}],"about":[{"href":"https:\/\/psol50.org.br\/rest\/wp\/v2\/types\/post"}],"author":[{"embeddable":true,"href":"https:\/\/psol50.org.br\/rest\/wp\/v2\/users\/2"}],"replies":[{"embeddable":true,"href":"https:\/\/psol50.org.br\/rest\/wp\/v2\/comments?post=14913"}],"version-history":[{"count":0,"href":"https:\/\/psol50.org.br\/rest\/wp\/v2\/posts\/14913\/revisions"}],"wp:featuredmedia":[{"embeddable":true,"href":"https:\/\/psol50.org.br\/rest\/"}],"wp:attachment":[{"href":"https:\/\/psol50.org.br\/rest\/wp\/v2\/media?parent=14913"}],"wp:term":[{"taxonomy":"category","embeddable":true,"href":"https:\/\/psol50.org.br\/rest\/wp\/v2\/categories?post=14913"},{"taxonomy":"post_tag","embeddable":true,"href":"https:\/\/psol50.org.br\/rest\/wp\/v2\/tags?post=14913"}],"curies":[{"name":"wp","href":"https:\/\/api.w.org\/{rel}","templated":true}]}}