{"id":14919,"date":"2016-12-13T13:40:34","date_gmt":"2016-12-13T13:40:34","guid":{"rendered":"http:\/\/www.psol50.org.br\/?p=14919"},"modified":"2016-12-13T13:40:34","modified_gmt":"2016-12-13T13:40:34","slug":"presidente-do-psol-encaminha-a-camara-abaixo-assinado-em-defesa-de-sociologia-e-filosofia-no-ensino-medio","status":"publish","type":"post","link":"https:\/\/psol50.org.br\/presidente-do-psol-encaminha-a-camara-abaixo-assinado-em-defesa-de-sociologia-e-filosofia-no-ensino-medio\/","title":{"rendered":"Presidente do PSOL encaminha \u00e0 C\u00e2mara abaixo-assinado em defesa de Sociologia e Filosofia no ensino m\u00e9dio"},"content":{"rendered":"<p>O presidente nacional do PSOL, Luiz Ara\u00fajo, por meio da Associa\u00e7\u00e3o Brasileira de Ensino de Ci\u00eancias Sociais (ABECS), encaminhou nesta segunda-feira (12\/12), \u00e0 C\u00e2mara dos Deputados, of\u00edcio, com peti\u00e7\u00e3o p\u00fablica e abaixo-assinado,\u00a0em defesa da perman\u00eancia, em car\u00e1ter obrigat\u00f3rio, das disciplinas de Sociologia e Filosofia no ensino m\u00e9dio. O documento, assinado pelo professor Thiago Ingrassia Pereira, presidente da entidade que atua na defesa e na consolida\u00e7\u00e3o do ensino de sociologia na educa\u00e7\u00e3o b\u00e1sica e superior, questiona o que est\u00e1 previsto na Medida Provis\u00f3ria 746\/2016, aprovada no \u00faltimo dia 7 de dezembro, no plen\u00e1rio da C\u00e2mara.<\/p>\n<p>O documento conta com o apoio de 130 representantes de entidades p\u00fablicas e privadas, escolas, universidades, sindicatos, movimentos sociais e estudantis. Luiz Ara\u00fajo, um dos idealizadores da peti\u00e7\u00e3o, \u00e9 professor na Faculdade de Educa\u00e7\u00e3o da Universidade de Bras\u00edlia (UnB).<\/p>\n<p><a href=\"http:\/\/www.abecs.com.br\/site\/vernoticia\/22\/abecs-entrega-oficio-peticao-publica-e-abaixo-assinado-ao-presidente-nacional-do-psol-professor-luiz-araujo-unb\" target=\"_blank\" rel=\"noopener\"><strong><span style=\"color: #0000ff\">Confira o inteiro teor do of\u00edci<\/span><span style=\"color: #0000ff\">o<\/span><\/strong><\/a>.<\/p>\n","protected":false},"excerpt":{"rendered":"<p>O presidente nacional do PSOL, Luiz Ara\u00fajo, por meio da Associa\u00e7\u00e3o Brasileira de Ensino de Ci\u00eancias Sociais (ABECS), encaminhou nesta segunda-feira (12\/12), \u00e0 C\u00e2mara dos Deputados, of\u00edcio, com peti\u00e7\u00e3o p\u00fablica e abaixo-assinado,\u00a0em defesa da perman\u00eancia, em car\u00e1ter obrigat\u00f3rio, das disciplinas de Sociologia e Filosofia no ensino m\u00e9dio. O documento, assinado pelo professor Thiago Ingrassia Pereira, [&hellip;]<\/p>\n","protected":false},"author":2,"featured_media":13990,"comment_status":"open","ping_status":"open","sticky":false,"template":"","format":"standard","meta":{"_acf_changed":false,"footnotes":""},"categories":[1882,2208,6],"tags":[4736,3002,4737,4480,4717,1801,2211,4738,2195,4719],"class_list":{"0":"post-14919","1":"post","2":"type-post","3":"status-publish","4":"format-standard","5":"has-post-thumbnail","7":"category-brasil","8":"category-educacao","9":"category-noticias","10":"tag-4736","11":"tag-abaixo-assinado","12":"tag-associacao-brasileira-de-ensino-de-ciencias-sociai","13":"tag-ensino-medio","14":"tag-filosofia","15":"tag-luiz-araujo","16":"tag-peticao","17":"tag-presidente-do-psol","18":"tag-reforma-do-ensino-medio","19":"tag-sociologia"},"acf":[],"yoast_head":"<!-- This site is optimized with the Yoast SEO plugin v26.5 - https:\/\/yoast.com\/wordpress\/plugins\/seo\/ -->\n<title>Presidente do PSOL encaminha \u00e0 C\u00e2mara abaixo-assinado em defesa de Sociologia e Filosofia no ensino m\u00e9dio - PSOL 50<\/title>\n<meta name=\"robots\" content=\"index, follow, max-snippet:-1, max-image-preview:large, max-video-preview:-1\" \/>\n<link rel=\"canonical\" href=\"https:\/\/psol50.org.br\/presidente-do-psol-encaminha-a-camara-abaixo-assinado-em-defesa-de-sociologia-e-filosofia-no-ensino-medio\/\" \/>\n<meta property=\"og:locale\" content=\"pt_BR\" \/>\n<meta property=\"og:type\" content=\"article\" \/>\n<meta property=\"og:title\" content=\"Presidente do PSOL encaminha \u00e0 C\u00e2mara abaixo-assinado em defesa de Sociologia e Filosofia no ensino m\u00e9dio - PSOL 50\" \/>\n<meta property=\"og:description\" content=\"O presidente nacional do PSOL, Luiz Ara\u00fajo, por meio da Associa\u00e7\u00e3o Brasileira de Ensino de Ci\u00eancias Sociais (ABECS), encaminhou nesta segunda-feira (12\/12), \u00e0 C\u00e2mara dos Deputados, of\u00edcio, com peti\u00e7\u00e3o p\u00fablica e abaixo-assinado,\u00a0em defesa da perman\u00eancia, em car\u00e1ter obrigat\u00f3rio, das disciplinas de Sociologia e Filosofia no ensino m\u00e9dio. O documento, assinado pelo professor Thiago Ingrassia Pereira, [&hellip;]\" \/>\n<meta property=\"og:url\" content=\"https:\/\/psol50.org.br\/presidente-do-psol-encaminha-a-camara-abaixo-assinado-em-defesa-de-sociologia-e-filosofia-no-ensino-medio\/\" \/>\n<meta property=\"og:site_name\" content=\"PSOL 50\" \/>\n<meta property=\"article:publisher\" content=\"https:\/\/www.facebook.com\/psol50\" \/>\n<meta property=\"article:published_time\" content=\"2016-12-13T13:40:34+00:00\" \/>\n<meta property=\"og:image\" content=\"https:\/\/psol50.org.br\/inc\/uploads\/2018\/07\/capa.png\" \/>\n\t<meta property=\"og:image:width\" content=\"1350\" \/>\n\t<meta property=\"og:image:height\" content=\"900\" \/>\n\t<meta property=\"og:image:type\" content=\"image\/png\" \/>\n<meta name=\"author\" content=\"Comunica\u00e7\u00e3o PSOL\" \/>\n<meta name=\"twitter:card\" content=\"summary_large_image\" \/>\n<meta name=\"twitter:creator\" content=\"@psol50\" \/>\n<meta name=\"twitter:site\" content=\"@psol50\" \/>\n<meta name=\"twitter:label1\" content=\"Escrito por\" \/>\n\t<meta name=\"twitter:data1\" content=\"Comunica\u00e7\u00e3o PSOL\" \/>\n\t<meta name=\"twitter:label2\" content=\"Est. tempo de leitura\" \/>\n\t<meta name=\"twitter:data2\" content=\"1 minuto\" \/>\n<script type=\"application\/ld+json\" class=\"yoast-schema-graph\">{\"@context\":\"https:\/\/schema.org\",\"@graph\":[{\"@type\":\"Article\",\"@id\":\"https:\/\/psol50.org.br\/presidente-do-psol-encaminha-a-camara-abaixo-assinado-em-defesa-de-sociologia-e-filosofia-no-ensino-medio\/#article\",\"isPartOf\":{\"@id\":\"https:\/\/psol50.org.br\/presidente-do-psol-encaminha-a-camara-abaixo-assinado-em-defesa-de-sociologia-e-filosofia-no-ensino-medio\/\"},\"author\":{\"name\":\"Comunica\u00e7\u00e3o PSOL\",\"@id\":\"https:\/\/psol50.org.br\/#\/schema\/person\/475dfa57d0b815993c714c2e96491fcd\"},\"headline\":\"Presidente do PSOL encaminha \u00e0 C\u00e2mara abaixo-assinado em defesa de Sociologia e Filosofia no ensino m\u00e9dio\",\"datePublished\":\"2016-12-13T13:40:34+00:00\",\"mainEntityOfPage\":{\"@id\":\"https:\/\/psol50.org.br\/presidente-do-psol-encaminha-a-camara-abaixo-assinado-em-defesa-de-sociologia-e-filosofia-no-ensino-medio\/\"},\"wordCount\":175,\"commentCount\":0,\"publisher\":{\"@id\":\"https:\/\/psol50.org.br\/#organization\"},\"image\":{\"@id\":\"https:\/\/psol50.org.br\/presidente-do-psol-encaminha-a-camara-abaixo-assinado-em-defesa-de-sociologia-e-filosofia-no-ensino-medio\/#primaryimage\"},\"thumbnailUrl\":\"\",\"keywords\":[\"746\/2016\",\"abaixo-assinado\",\"Associa\u00e7\u00e3o Brasileira de Ensino de Ci\u00eancias Sociai\",\"ensino m\u00e9dio\",\"filosofia\",\"Luiz Ara\u00fajo\",\"peti\u00e7\u00e3o\",\"presidente do PSOL\",\"reforma do ensino m\u00e9dio\",\"sociologia\"],\"articleSection\":[\"Brasil\",\"Educa\u00e7\u00e3o\",\"Not\u00edcias\"],\"inLanguage\":\"pt-BR\",\"potentialAction\":[{\"@type\":\"CommentAction\",\"name\":\"Comment\",\"target\":[\"https:\/\/psol50.org.br\/presidente-do-psol-encaminha-a-camara-abaixo-assinado-em-defesa-de-sociologia-e-filosofia-no-ensino-medio\/#respond\"]}]},{\"@type\":\"WebPage\",\"@id\":\"https:\/\/psol50.org.br\/presidente-do-psol-encaminha-a-camara-abaixo-assinado-em-defesa-de-sociologia-e-filosofia-no-ensino-medio\/\",\"url\":\"https:\/\/psol50.org.br\/presidente-do-psol-encaminha-a-camara-abaixo-assinado-em-defesa-de-sociologia-e-filosofia-no-ensino-medio\/\",\"name\":\"Presidente do PSOL encaminha \u00e0 C\u00e2mara abaixo-assinado em defesa de Sociologia e Filosofia no ensino m\u00e9dio - PSOL 50\",\"isPartOf\":{\"@id\":\"https:\/\/psol50.org.br\/#website\"},\"primaryImageOfPage\":{\"@id\":\"https:\/\/psol50.org.br\/presidente-do-psol-encaminha-a-camara-abaixo-assinado-em-defesa-de-sociologia-e-filosofia-no-ensino-medio\/#primaryimage\"},\"image\":{\"@id\":\"https:\/\/psol50.org.br\/presidente-do-psol-encaminha-a-camara-abaixo-assinado-em-defesa-de-sociologia-e-filosofia-no-ensino-medio\/#primaryimage\"},\"thumbnailUrl\":\"\",\"datePublished\":\"2016-12-13T13:40:34+00:00\",\"breadcrumb\":{\"@id\":\"https:\/\/psol50.org.br\/presidente-do-psol-encaminha-a-camara-abaixo-assinado-em-defesa-de-sociologia-e-filosofia-no-ensino-medio\/#breadcrumb\"},\"inLanguage\":\"pt-BR\",\"potentialAction\":[{\"@type\":\"ReadAction\",\"target\":[\"https:\/\/psol50.org.br\/presidente-do-psol-encaminha-a-camara-abaixo-assinado-em-defesa-de-sociologia-e-filosofia-no-ensino-medio\/\"]}]},{\"@type\":\"ImageObject\",\"inLanguage\":\"pt-BR\",\"@id\":\"https:\/\/psol50.org.br\/presidente-do-psol-encaminha-a-camara-abaixo-assinado-em-defesa-de-sociologia-e-filosofia-no-ensino-medio\/#primaryimage\",\"url\":\"\",\"contentUrl\":\"\"},{\"@type\":\"BreadcrumbList\",\"@id\":\"https:\/\/psol50.org.br\/presidente-do-psol-encaminha-a-camara-abaixo-assinado-em-defesa-de-sociologia-e-filosofia-no-ensino-medio\/#breadcrumb\",\"itemListElement\":[{\"@type\":\"ListItem\",\"position\":1,\"name\":\"In\u00edcio\",\"item\":\"https:\/\/psol50.org.br\/\"},{\"@type\":\"ListItem\",\"position\":2,\"name\":\"Presidente do PSOL encaminha \u00e0 C\u00e2mara abaixo-assinado em defesa de Sociologia e Filosofia no ensino m\u00e9dio\"}]},{\"@type\":\"WebSite\",\"@id\":\"https:\/\/psol50.org.br\/#website\",\"url\":\"https:\/\/psol50.org.br\/\",\"name\":\"PSOL 50\",\"description\":\"Site oficial do Partido Socialismo e Liberdade\",\"publisher\":{\"@id\":\"https:\/\/psol50.org.br\/#organization\"},\"alternateName\":\"PSOL50\",\"potentialAction\":[{\"@type\":\"SearchAction\",\"target\":{\"@type\":\"EntryPoint\",\"urlTemplate\":\"https:\/\/psol50.org.br\/?s={search_term_string}\"},\"query-input\":{\"@type\":\"PropertyValueSpecification\",\"valueRequired\":true,\"valueName\":\"search_term_string\"}}],\"inLanguage\":\"pt-BR\"},{\"@type\":\"Organization\",\"@id\":\"https:\/\/psol50.org.br\/#organization\",\"name\":\"PSOL 50\",\"alternateName\":\"PSOL 50\",\"url\":\"https:\/\/psol50.org.br\/\",\"logo\":{\"@type\":\"ImageObject\",\"inLanguage\":\"pt-BR\",\"@id\":\"https:\/\/psol50.org.br\/#\/schema\/logo\/image\/\",\"url\":\"https:\/\/psol50.org.br\/inc\/uploads\/2018\/07\/capa.png\",\"contentUrl\":\"https:\/\/psol50.org.br\/inc\/uploads\/2018\/07\/capa.png\",\"width\":1350,\"height\":900,\"caption\":\"PSOL 50\"},\"image\":{\"@id\":\"https:\/\/psol50.org.br\/#\/schema\/logo\/image\/\"},\"sameAs\":[\"https:\/\/www.facebook.com\/psol50\",\"https:\/\/x.com\/psol50\",\"https:\/\/www.instagram.com\/psol50\/\",\"https:\/\/www.youtube.com\/channel\/UC7SnJS5o1os7a6CaiNabzcg\"]},{\"@type\":\"Person\",\"@id\":\"https:\/\/psol50.org.br\/#\/schema\/person\/475dfa57d0b815993c714c2e96491fcd\",\"name\":\"Comunica\u00e7\u00e3o PSOL\",\"image\":{\"@type\":\"ImageObject\",\"inLanguage\":\"pt-BR\",\"@id\":\"https:\/\/psol50.org.br\/#\/schema\/person\/image\/\",\"url\":\"https:\/\/secure.gravatar.com\/avatar\/b34fc4f4e468a4e51785917065a3db57b841f5c95dba6ad8c73aaf8f66f8f9bf?s=96&d=mm&r=g\",\"contentUrl\":\"https:\/\/secure.gravatar.com\/avatar\/b34fc4f4e468a4e51785917065a3db57b841f5c95dba6ad8c73aaf8f66f8f9bf?s=96&d=mm&r=g\",\"caption\":\"Comunica\u00e7\u00e3o PSOL\"}}]}<\/script>\n<!-- \/ Yoast SEO plugin. -->","yoast_head_json":{"title":"Presidente do PSOL encaminha \u00e0 C\u00e2mara abaixo-assinado em defesa de Sociologia e Filosofia no ensino m\u00e9dio - PSOL 50","robots":{"index":"index","follow":"follow","max-snippet":"max-snippet:-1","max-image-preview":"max-image-preview:large","max-video-preview":"max-video-preview:-1"},"canonical":"https:\/\/psol50.org.br\/presidente-do-psol-encaminha-a-camara-abaixo-assinado-em-defesa-de-sociologia-e-filosofia-no-ensino-medio\/","og_locale":"pt_BR","og_type":"article","og_title":"Presidente do PSOL encaminha \u00e0 C\u00e2mara abaixo-assinado em defesa de Sociologia e Filosofia no ensino m\u00e9dio - PSOL 50","og_description":"O presidente nacional do PSOL, Luiz Ara\u00fajo, por meio da Associa\u00e7\u00e3o Brasileira de Ensino de Ci\u00eancias Sociais (ABECS), encaminhou nesta segunda-feira (12\/12), \u00e0 C\u00e2mara dos Deputados, of\u00edcio, com peti\u00e7\u00e3o p\u00fablica e abaixo-assinado,\u00a0em defesa da perman\u00eancia, em car\u00e1ter obrigat\u00f3rio, das disciplinas de Sociologia e Filosofia no ensino m\u00e9dio. O documento, assinado pelo professor Thiago Ingrassia Pereira, [&hellip;]","og_url":"https:\/\/psol50.org.br\/presidente-do-psol-encaminha-a-camara-abaixo-assinado-em-defesa-de-sociologia-e-filosofia-no-ensino-medio\/","og_site_name":"PSOL 50","article_publisher":"https:\/\/www.facebook.com\/psol50","article_published_time":"2016-12-13T13:40:34+00:00","og_image":[{"width":1350,"height":900,"url":"https:\/\/psol50.org.br\/inc\/uploads\/2018\/07\/capa.png","type":"image\/png"}],"author":"Comunica\u00e7\u00e3o PSOL","twitter_card":"summary_large_image","twitter_creator":"@psol50","twitter_site":"@psol50","twitter_misc":{"Escrito por":"Comunica\u00e7\u00e3o PSOL","Est. tempo de leitura":"1 minuto"},"schema":{"@context":"https:\/\/schema.org","@graph":[{"@type":"Article","@id":"https:\/\/psol50.org.br\/presidente-do-psol-encaminha-a-camara-abaixo-assinado-em-defesa-de-sociologia-e-filosofia-no-ensino-medio\/#article","isPartOf":{"@id":"https:\/\/psol50.org.br\/presidente-do-psol-encaminha-a-camara-abaixo-assinado-em-defesa-de-sociologia-e-filosofia-no-ensino-medio\/"},"author":{"name":"Comunica\u00e7\u00e3o PSOL","@id":"https:\/\/psol50.org.br\/#\/schema\/person\/475dfa57d0b815993c714c2e96491fcd"},"headline":"Presidente do PSOL encaminha \u00e0 C\u00e2mara abaixo-assinado em defesa de Sociologia e Filosofia no ensino m\u00e9dio","datePublished":"2016-12-13T13:40:34+00:00","mainEntityOfPage":{"@id":"https:\/\/psol50.org.br\/presidente-do-psol-encaminha-a-camara-abaixo-assinado-em-defesa-de-sociologia-e-filosofia-no-ensino-medio\/"},"wordCount":175,"commentCount":0,"publisher":{"@id":"https:\/\/psol50.org.br\/#organization"},"image":{"@id":"https:\/\/psol50.org.br\/presidente-do-psol-encaminha-a-camara-abaixo-assinado-em-defesa-de-sociologia-e-filosofia-no-ensino-medio\/#primaryimage"},"thumbnailUrl":"","keywords":["746\/2016","abaixo-assinado","Associa\u00e7\u00e3o Brasileira de Ensino de Ci\u00eancias Sociai","ensino m\u00e9dio","filosofia","Luiz Ara\u00fajo","peti\u00e7\u00e3o","presidente do PSOL","reforma do ensino m\u00e9dio","sociologia"],"articleSection":["Brasil","Educa\u00e7\u00e3o","Not\u00edcias"],"inLanguage":"pt-BR","potentialAction":[{"@type":"CommentAction","name":"Comment","target":["https:\/\/psol50.org.br\/presidente-do-psol-encaminha-a-camara-abaixo-assinado-em-defesa-de-sociologia-e-filosofia-no-ensino-medio\/#respond"]}]},{"@type":"WebPage","@id":"https:\/\/psol50.org.br\/presidente-do-psol-encaminha-a-camara-abaixo-assinado-em-defesa-de-sociologia-e-filosofia-no-ensino-medio\/","url":"https:\/\/psol50.org.br\/presidente-do-psol-encaminha-a-camara-abaixo-assinado-em-defesa-de-sociologia-e-filosofia-no-ensino-medio\/","name":"Presidente do PSOL encaminha \u00e0 C\u00e2mara abaixo-assinado em defesa de Sociologia e Filosofia no ensino m\u00e9dio - PSOL 50","isPartOf":{"@id":"https:\/\/psol50.org.br\/#website"},"primaryImageOfPage":{"@id":"https:\/\/psol50.org.br\/presidente-do-psol-encaminha-a-camara-abaixo-assinado-em-defesa-de-sociologia-e-filosofia-no-ensino-medio\/#primaryimage"},"image":{"@id":"https:\/\/psol50.org.br\/presidente-do-psol-encaminha-a-camara-abaixo-assinado-em-defesa-de-sociologia-e-filosofia-no-ensino-medio\/#primaryimage"},"thumbnailUrl":"","datePublished":"2016-12-13T13:40:34+00:00","breadcrumb":{"@id":"https:\/\/psol50.org.br\/presidente-do-psol-encaminha-a-camara-abaixo-assinado-em-defesa-de-sociologia-e-filosofia-no-ensino-medio\/#breadcrumb"},"inLanguage":"pt-BR","potentialAction":[{"@type":"ReadAction","target":["https:\/\/psol50.org.br\/presidente-do-psol-encaminha-a-camara-abaixo-assinado-em-defesa-de-sociologia-e-filosofia-no-ensino-medio\/"]}]},{"@type":"ImageObject","inLanguage":"pt-BR","@id":"https:\/\/psol50.org.br\/presidente-do-psol-encaminha-a-camara-abaixo-assinado-em-defesa-de-sociologia-e-filosofia-no-ensino-medio\/#primaryimage","url":"","contentUrl":""},{"@type":"BreadcrumbList","@id":"https:\/\/psol50.org.br\/presidente-do-psol-encaminha-a-camara-abaixo-assinado-em-defesa-de-sociologia-e-filosofia-no-ensino-medio\/#breadcrumb","itemListElement":[{"@type":"ListItem","position":1,"name":"In\u00edcio","item":"https:\/\/psol50.org.br\/"},{"@type":"ListItem","position":2,"name":"Presidente do PSOL encaminha \u00e0 C\u00e2mara abaixo-assinado em defesa de Sociologia e Filosofia no ensino m\u00e9dio"}]},{"@type":"WebSite","@id":"https:\/\/psol50.org.br\/#website","url":"https:\/\/psol50.org.br\/","name":"PSOL 50","description":"Site oficial do Partido Socialismo e Liberdade","publisher":{"@id":"https:\/\/psol50.org.br\/#organization"},"alternateName":"PSOL50","potentialAction":[{"@type":"SearchAction","target":{"@type":"EntryPoint","urlTemplate":"https:\/\/psol50.org.br\/?s={search_term_string}"},"query-input":{"@type":"PropertyValueSpecification","valueRequired":true,"valueName":"search_term_string"}}],"inLanguage":"pt-BR"},{"@type":"Organization","@id":"https:\/\/psol50.org.br\/#organization","name":"PSOL 50","alternateName":"PSOL 50","url":"https:\/\/psol50.org.br\/","logo":{"@type":"ImageObject","inLanguage":"pt-BR","@id":"https:\/\/psol50.org.br\/#\/schema\/logo\/image\/","url":"https:\/\/psol50.org.br\/inc\/uploads\/2018\/07\/capa.png","contentUrl":"https:\/\/psol50.org.br\/inc\/uploads\/2018\/07\/capa.png","width":1350,"height":900,"caption":"PSOL 50"},"image":{"@id":"https:\/\/psol50.org.br\/#\/schema\/logo\/image\/"},"sameAs":["https:\/\/www.facebook.com\/psol50","https:\/\/x.com\/psol50","https:\/\/www.instagram.com\/psol50\/","https:\/\/www.youtube.com\/channel\/UC7SnJS5o1os7a6CaiNabzcg"]},{"@type":"Person","@id":"https:\/\/psol50.org.br\/#\/schema\/person\/475dfa57d0b815993c714c2e96491fcd","name":"Comunica\u00e7\u00e3o PSOL","image":{"@type":"ImageObject","inLanguage":"pt-BR","@id":"https:\/\/psol50.org.br\/#\/schema\/person\/image\/","url":"https:\/\/secure.gravatar.com\/avatar\/b34fc4f4e468a4e51785917065a3db57b841f5c95dba6ad8c73aaf8f66f8f9bf?s=96&d=mm&r=g","contentUrl":"https:\/\/secure.gravatar.com\/avatar\/b34fc4f4e468a4e51785917065a3db57b841f5c95dba6ad8c73aaf8f66f8f9bf?s=96&d=mm&r=g","caption":"Comunica\u00e7\u00e3o PSOL"}}]}},"_links":{"self":[{"href":"https:\/\/psol50.org.br\/rest\/wp\/v2\/posts\/14919","targetHints":{"allow":["GET"]}}],"collection":[{"href":"https:\/\/psol50.org.br\/rest\/wp\/v2\/posts"}],"about":[{"href":"https:\/\/psol50.org.br\/rest\/wp\/v2\/types\/post"}],"author":[{"embeddable":true,"href":"https:\/\/psol50.org.br\/rest\/wp\/v2\/users\/2"}],"replies":[{"embeddable":true,"href":"https:\/\/psol50.org.br\/rest\/wp\/v2\/comments?post=14919"}],"version-history":[{"count":0,"href":"https:\/\/psol50.org.br\/rest\/wp\/v2\/posts\/14919\/revisions"}],"wp:featuredmedia":[{"embeddable":true,"href":"https:\/\/psol50.org.br\/rest\/"}],"wp:attachment":[{"href":"https:\/\/psol50.org.br\/rest\/wp\/v2\/media?parent=14919"}],"wp:term":[{"taxonomy":"category","embeddable":true,"href":"https:\/\/psol50.org.br\/rest\/wp\/v2\/categories?post=14919"},{"taxonomy":"post_tag","embeddable":true,"href":"https:\/\/psol50.org.br\/rest\/wp\/v2\/tags?post=14919"}],"curies":[{"name":"wp","href":"https:\/\/api.w.org\/{rel}","templated":true}]}}