{"id":14922,"date":"2016-12-13T14:06:48","date_gmt":"2016-12-13T14:06:48","guid":{"rendered":"http:\/\/www.psol50.org.br\/?p=14922"},"modified":"2016-12-13T14:06:48","modified_gmt":"2016-12-13T14:06:48","slug":"chico-alencar-republica-odebrechtiana-do-brasil","status":"publish","type":"post","link":"https:\/\/psol50.org.br\/chico-alencar-republica-odebrechtiana-do-brasil\/","title":{"rendered":"Chico Alencar | Rep\u00fablica Odebrechtiana do Brasil"},"content":{"rendered":"<p><em><span style=\"font-size: 13px\">Artigo publicado originalmente no <a href=\"http:\/\/noblat.oglobo.globo.com\/artigos\/noticia\/2016\/12\/republica-odebrechtiana-do-brasil.html\" target=\"_blank\" rel=\"noopener\"><span style=\"color: #0000ff\">Blog do Noblat<\/span><\/a><\/span><\/p>\n<p><\/em>Soubemos de duas dela\u00e7\u00f5es de diretores da Odebrecht. Faltam 75! Mas essas j\u00e1 foram arrasadoras: revelam, no dizer de um deles, Cl\u00e1udio Melo Filho, a\u00a0<em>\u201cprivatiza\u00e7\u00e3o indevida de agentes pol\u00edticos em favor de interesses empresariais nem sempre republicanos\u201d.<\/em>\u00a0Nunca republicanos, convenhamos, pois o m\u00e9todo contamina o m\u00e9rito.<\/p>\n<p>At\u00e9 aqui, foram citados 54 parlamentares de 12 partidos: PMDB, PSDB, PT, DEM, PSB, PSD, PTB, PP, PCdoB, PPS, PTC E PR.\u00a0 Claro que cada men\u00e7\u00e3o h\u00e1 de ser checada: caber\u00e1 \u00e0 Justi\u00e7a ver n\u00e3o apenas valores e procedimentos denunciados, mas as provas dos il\u00edcitos.<\/p>\n<p>O sistema revelado impressiona: a Odebrecht tinha um setor de propinas, chamado pomposamente de Departamento de Opera\u00e7\u00f5es Estruturadas. De 2006 para c\u00e1 esse DOE \u201caplicou\u201d pelo menos R$ 68 milh\u00f5es de reais \u2013 em parte do Caixa Dois da empresa \u2013 em campanhas eleitorais e em \u201cmimos\u201d pessoais, para garantir os seus neg\u00f3cios, tanto no Executivo quanto no Parlamento.<\/p>\n<p>Cl\u00e1udio detalha 14 MPs e projetos que foram alterados para atender os m\u00faltiplos interesses do grupo Odebrecht, nominando ao menos nove congressistas ou ex-congressistas que, segundo ele, \u201cvenderam\u201d sua a\u00e7\u00e3o legislativa e\/ou de influ\u00eancia: Romero Juc\u00e1, o \u201cResolvedor da Rep\u00fablica\u201d, os atuais presidentes da C\u00e2mara e do Senado, ministros do governo Dilma e de Temer e deputados v\u00e1rios, \u201cmais relevantes\u201d.<\/p>\n<p>O sistema propineiro era (talvez seja ainda) t\u00e3o sofisticado que os sujeitos das atividades il\u00edcitas ganhavam apelidos, para disfar\u00e7ar. Alguns reveladores do desprezo que a empresa devotava aos seus corrompidos. Daria para formar dois times de futebol \u2013 que t\u00eam como advers\u00e1rio preferido a \u00e9tica p\u00fablica: Justi\u00e7a, Caju, Babel, Bitelo e Corredor, Caranguejo e Gremista, Gripado, Campari, Piqui e Decr\u00e9pito. No banco de reservas, n\u00e3o necessariamente em fun\u00e7\u00e3o de menor import\u00e2ncia no esquema, estariam Ferrari, Angor\u00e1, Boca Mole, Botafogo e Moleza, Velhinho e Missa, \u00cdndio, Polo, Kimono e Tuca. Elenco grande e dispendioso, com muitos outros que nem cabem nesse espa\u00e7o. O delator Cl\u00e1udio diz que teve que recusar \u201catletas\u201d que o procuravam, pois s\u00f3 \u201ccontratava\u201d os que eram mais \u201cpromissores\u201d em termos de efetividade em resultados favor\u00e1veis \u00e0 empreiteira:<em>\u00a0<\/em><em>\u201cpercebi que deveria selecionar determinados agentes com relev\u00e2ncia pol\u00edtica e que teriam melhores condi\u00e7\u00f5es de gerar resultados positivos para a minha empresa\u201d<\/em>. Mais direto, imposs\u00edvel.<\/p>\n<p>\u00c9 preciso proclamar de novo a Rep\u00fablica, banindo essas pr\u00e1ticas esp\u00farias, o governo que as acolhe, os parlamentares que as viabilizam. S\u00f3 com elei\u00e7\u00f5es diretas, com igualdade de condi\u00e7\u00f5es na disputa de projetos para o pa\u00eds, come\u00e7aremos a sair desse lama\u00e7al. Repudiemos os costumeiros acordos de sobreviv\u00eancia da casta pol\u00edtica, j\u00e1 tramados nos bastidores dos pal\u00e1cios do Executivo, das mans\u00f5es dos presidentes do Legislativo e que almejam bater \u00e0s portas dos gabinetes de alguns ministros do Supremo. Chega!<\/p>\n<p>&nbsp;<\/p>\n","protected":false},"excerpt":{"rendered":"<p>Artigo publicado originalmente no Blog do Noblat Soubemos de duas dela\u00e7\u00f5es de diretores da Odebrecht. Faltam 75! Mas essas j\u00e1 foram arrasadoras: revelam, no dizer de um deles, Cl\u00e1udio Melo Filho, a\u00a0\u201cprivatiza\u00e7\u00e3o indevida de agentes pol\u00edticos em favor de interesses empresariais nem sempre republicanos\u201d.\u00a0Nunca republicanos, convenhamos, pois o m\u00e9todo contamina o m\u00e9rito. At\u00e9 aqui, foram [&hellip;]<\/p>\n","protected":false},"author":2,"featured_media":14923,"comment_status":"open","ping_status":"open","sticky":false,"template":"","format":"standard","meta":{"_acf_changed":false,"footnotes":""},"categories":[3,1882],"tags":[2955,1680,4739,4740,1748,2867,720,4741,3167],"class_list":{"0":"post-14922","1":"post","2":"type-post","3":"status-publish","4":"format-standard","5":"has-post-thumbnail","7":"category-artigos-e-entrevistas","8":"category-brasil","9":"tag-caixa-dois","10":"tag-chico-alencar","11":"tag-claudio-melo-filho","12":"tag-delacao-premiada","13":"tag-michel-temer","14":"tag-odebrecht","15":"tag-partidos","16":"tag-propinas","17":"tag-romero-juca"},"acf":[],"yoast_head":"<!-- This site is optimized with the Yoast SEO plugin v26.5 - https:\/\/yoast.com\/wordpress\/plugins\/seo\/ -->\n<title>Chico Alencar | Rep\u00fablica Odebrechtiana do Brasil - PSOL 50<\/title>\n<meta name=\"robots\" content=\"index, follow, max-snippet:-1, max-image-preview:large, max-video-preview:-1\" \/>\n<link rel=\"canonical\" href=\"https:\/\/psol50.org.br\/chico-alencar-republica-odebrechtiana-do-brasil\/\" \/>\n<meta property=\"og:locale\" content=\"pt_BR\" \/>\n<meta property=\"og:type\" content=\"article\" \/>\n<meta property=\"og:title\" content=\"Chico Alencar | Rep\u00fablica Odebrechtiana do Brasil - PSOL 50\" \/>\n<meta property=\"og:description\" content=\"Artigo publicado originalmente no Blog do Noblat Soubemos de duas dela\u00e7\u00f5es de diretores da Odebrecht. Faltam 75! Mas essas j\u00e1 foram arrasadoras: revelam, no dizer de um deles, Cl\u00e1udio Melo Filho, a\u00a0\u201cprivatiza\u00e7\u00e3o indevida de agentes pol\u00edticos em favor de interesses empresariais nem sempre republicanos\u201d.\u00a0Nunca republicanos, convenhamos, pois o m\u00e9todo contamina o m\u00e9rito. At\u00e9 aqui, foram [&hellip;]\" \/>\n<meta property=\"og:url\" content=\"https:\/\/psol50.org.br\/chico-alencar-republica-odebrechtiana-do-brasil\/\" \/>\n<meta property=\"og:site_name\" content=\"PSOL 50\" \/>\n<meta property=\"article:publisher\" content=\"https:\/\/www.facebook.com\/psol50\" \/>\n<meta property=\"article:published_time\" content=\"2016-12-13T14:06:48+00:00\" \/>\n<meta property=\"og:image\" content=\"https:\/\/psol50.org.br\/inc\/uploads\/2018\/07\/capa.png\" \/>\n\t<meta property=\"og:image:width\" content=\"1350\" \/>\n\t<meta property=\"og:image:height\" content=\"900\" \/>\n\t<meta property=\"og:image:type\" content=\"image\/png\" \/>\n<meta name=\"author\" content=\"Comunica\u00e7\u00e3o PSOL\" \/>\n<meta name=\"twitter:card\" content=\"summary_large_image\" \/>\n<meta name=\"twitter:creator\" content=\"@psol50\" \/>\n<meta name=\"twitter:site\" content=\"@psol50\" \/>\n<meta name=\"twitter:label1\" content=\"Escrito por\" \/>\n\t<meta name=\"twitter:data1\" content=\"Comunica\u00e7\u00e3o PSOL\" \/>\n\t<meta name=\"twitter:label2\" content=\"Est. tempo de leitura\" \/>\n\t<meta name=\"twitter:data2\" content=\"2 minutos\" \/>\n<script type=\"application\/ld+json\" class=\"yoast-schema-graph\">{\"@context\":\"https:\/\/schema.org\",\"@graph\":[{\"@type\":\"Article\",\"@id\":\"https:\/\/psol50.org.br\/chico-alencar-republica-odebrechtiana-do-brasil\/#article\",\"isPartOf\":{\"@id\":\"https:\/\/psol50.org.br\/chico-alencar-republica-odebrechtiana-do-brasil\/\"},\"author\":{\"name\":\"Comunica\u00e7\u00e3o PSOL\",\"@id\":\"https:\/\/psol50.org.br\/#\/schema\/person\/475dfa57d0b815993c714c2e96491fcd\"},\"headline\":\"Chico Alencar | Rep\u00fablica Odebrechtiana do Brasil\",\"datePublished\":\"2016-12-13T14:06:48+00:00\",\"mainEntityOfPage\":{\"@id\":\"https:\/\/psol50.org.br\/chico-alencar-republica-odebrechtiana-do-brasil\/\"},\"wordCount\":498,\"commentCount\":0,\"publisher\":{\"@id\":\"https:\/\/psol50.org.br\/#organization\"},\"image\":{\"@id\":\"https:\/\/psol50.org.br\/chico-alencar-republica-odebrechtiana-do-brasil\/#primaryimage\"},\"thumbnailUrl\":\"\",\"keywords\":[\"caixa dois\",\"Chico Alencar\",\"Cl\u00e1udio Melo Filho\",\"dela\u00e7\u00e3o premiada\",\"Michel Temer\",\"Odebrecht\",\"partidos\",\"propinas\",\"Romero Juc\u00e1\"],\"articleSection\":[\"Artigos\",\"Brasil\"],\"inLanguage\":\"pt-BR\",\"potentialAction\":[{\"@type\":\"CommentAction\",\"name\":\"Comment\",\"target\":[\"https:\/\/psol50.org.br\/chico-alencar-republica-odebrechtiana-do-brasil\/#respond\"]}]},{\"@type\":\"WebPage\",\"@id\":\"https:\/\/psol50.org.br\/chico-alencar-republica-odebrechtiana-do-brasil\/\",\"url\":\"https:\/\/psol50.org.br\/chico-alencar-republica-odebrechtiana-do-brasil\/\",\"name\":\"Chico Alencar | Rep\u00fablica Odebrechtiana do Brasil - PSOL 50\",\"isPartOf\":{\"@id\":\"https:\/\/psol50.org.br\/#website\"},\"primaryImageOfPage\":{\"@id\":\"https:\/\/psol50.org.br\/chico-alencar-republica-odebrechtiana-do-brasil\/#primaryimage\"},\"image\":{\"@id\":\"https:\/\/psol50.org.br\/chico-alencar-republica-odebrechtiana-do-brasil\/#primaryimage\"},\"thumbnailUrl\":\"\",\"datePublished\":\"2016-12-13T14:06:48+00:00\",\"breadcrumb\":{\"@id\":\"https:\/\/psol50.org.br\/chico-alencar-republica-odebrechtiana-do-brasil\/#breadcrumb\"},\"inLanguage\":\"pt-BR\",\"potentialAction\":[{\"@type\":\"ReadAction\",\"target\":[\"https:\/\/psol50.org.br\/chico-alencar-republica-odebrechtiana-do-brasil\/\"]}]},{\"@type\":\"ImageObject\",\"inLanguage\":\"pt-BR\",\"@id\":\"https:\/\/psol50.org.br\/chico-alencar-republica-odebrechtiana-do-brasil\/#primaryimage\",\"url\":\"\",\"contentUrl\":\"\"},{\"@type\":\"BreadcrumbList\",\"@id\":\"https:\/\/psol50.org.br\/chico-alencar-republica-odebrechtiana-do-brasil\/#breadcrumb\",\"itemListElement\":[{\"@type\":\"ListItem\",\"position\":1,\"name\":\"In\u00edcio\",\"item\":\"https:\/\/psol50.org.br\/\"},{\"@type\":\"ListItem\",\"position\":2,\"name\":\"Chico Alencar | Rep\u00fablica Odebrechtiana do Brasil\"}]},{\"@type\":\"WebSite\",\"@id\":\"https:\/\/psol50.org.br\/#website\",\"url\":\"https:\/\/psol50.org.br\/\",\"name\":\"PSOL 50\",\"description\":\"Site oficial do Partido Socialismo e Liberdade\",\"publisher\":{\"@id\":\"https:\/\/psol50.org.br\/#organization\"},\"alternateName\":\"PSOL50\",\"potentialAction\":[{\"@type\":\"SearchAction\",\"target\":{\"@type\":\"EntryPoint\",\"urlTemplate\":\"https:\/\/psol50.org.br\/?s={search_term_string}\"},\"query-input\":{\"@type\":\"PropertyValueSpecification\",\"valueRequired\":true,\"valueName\":\"search_term_string\"}}],\"inLanguage\":\"pt-BR\"},{\"@type\":\"Organization\",\"@id\":\"https:\/\/psol50.org.br\/#organization\",\"name\":\"PSOL 50\",\"alternateName\":\"PSOL 50\",\"url\":\"https:\/\/psol50.org.br\/\",\"logo\":{\"@type\":\"ImageObject\",\"inLanguage\":\"pt-BR\",\"@id\":\"https:\/\/psol50.org.br\/#\/schema\/logo\/image\/\",\"url\":\"https:\/\/psol50.org.br\/inc\/uploads\/2018\/07\/capa.png\",\"contentUrl\":\"https:\/\/psol50.org.br\/inc\/uploads\/2018\/07\/capa.png\",\"width\":1350,\"height\":900,\"caption\":\"PSOL 50\"},\"image\":{\"@id\":\"https:\/\/psol50.org.br\/#\/schema\/logo\/image\/\"},\"sameAs\":[\"https:\/\/www.facebook.com\/psol50\",\"https:\/\/x.com\/psol50\",\"https:\/\/www.instagram.com\/psol50\/\",\"https:\/\/www.youtube.com\/channel\/UC7SnJS5o1os7a6CaiNabzcg\"]},{\"@type\":\"Person\",\"@id\":\"https:\/\/psol50.org.br\/#\/schema\/person\/475dfa57d0b815993c714c2e96491fcd\",\"name\":\"Comunica\u00e7\u00e3o PSOL\",\"image\":{\"@type\":\"ImageObject\",\"inLanguage\":\"pt-BR\",\"@id\":\"https:\/\/psol50.org.br\/#\/schema\/person\/image\/\",\"url\":\"https:\/\/secure.gravatar.com\/avatar\/b34fc4f4e468a4e51785917065a3db57b841f5c95dba6ad8c73aaf8f66f8f9bf?s=96&d=mm&r=g\",\"contentUrl\":\"https:\/\/secure.gravatar.com\/avatar\/b34fc4f4e468a4e51785917065a3db57b841f5c95dba6ad8c73aaf8f66f8f9bf?s=96&d=mm&r=g\",\"caption\":\"Comunica\u00e7\u00e3o PSOL\"}}]}<\/script>\n<!-- \/ Yoast SEO plugin. -->","yoast_head_json":{"title":"Chico Alencar | Rep\u00fablica Odebrechtiana do Brasil - PSOL 50","robots":{"index":"index","follow":"follow","max-snippet":"max-snippet:-1","max-image-preview":"max-image-preview:large","max-video-preview":"max-video-preview:-1"},"canonical":"https:\/\/psol50.org.br\/chico-alencar-republica-odebrechtiana-do-brasil\/","og_locale":"pt_BR","og_type":"article","og_title":"Chico Alencar | Rep\u00fablica Odebrechtiana do Brasil - PSOL 50","og_description":"Artigo publicado originalmente no Blog do Noblat Soubemos de duas dela\u00e7\u00f5es de diretores da Odebrecht. Faltam 75! Mas essas j\u00e1 foram arrasadoras: revelam, no dizer de um deles, Cl\u00e1udio Melo Filho, a\u00a0\u201cprivatiza\u00e7\u00e3o indevida de agentes pol\u00edticos em favor de interesses empresariais nem sempre republicanos\u201d.\u00a0Nunca republicanos, convenhamos, pois o m\u00e9todo contamina o m\u00e9rito. At\u00e9 aqui, foram [&hellip;]","og_url":"https:\/\/psol50.org.br\/chico-alencar-republica-odebrechtiana-do-brasil\/","og_site_name":"PSOL 50","article_publisher":"https:\/\/www.facebook.com\/psol50","article_published_time":"2016-12-13T14:06:48+00:00","og_image":[{"width":1350,"height":900,"url":"https:\/\/psol50.org.br\/inc\/uploads\/2018\/07\/capa.png","type":"image\/png"}],"author":"Comunica\u00e7\u00e3o PSOL","twitter_card":"summary_large_image","twitter_creator":"@psol50","twitter_site":"@psol50","twitter_misc":{"Escrito por":"Comunica\u00e7\u00e3o PSOL","Est. tempo de leitura":"2 minutos"},"schema":{"@context":"https:\/\/schema.org","@graph":[{"@type":"Article","@id":"https:\/\/psol50.org.br\/chico-alencar-republica-odebrechtiana-do-brasil\/#article","isPartOf":{"@id":"https:\/\/psol50.org.br\/chico-alencar-republica-odebrechtiana-do-brasil\/"},"author":{"name":"Comunica\u00e7\u00e3o PSOL","@id":"https:\/\/psol50.org.br\/#\/schema\/person\/475dfa57d0b815993c714c2e96491fcd"},"headline":"Chico Alencar | Rep\u00fablica Odebrechtiana do Brasil","datePublished":"2016-12-13T14:06:48+00:00","mainEntityOfPage":{"@id":"https:\/\/psol50.org.br\/chico-alencar-republica-odebrechtiana-do-brasil\/"},"wordCount":498,"commentCount":0,"publisher":{"@id":"https:\/\/psol50.org.br\/#organization"},"image":{"@id":"https:\/\/psol50.org.br\/chico-alencar-republica-odebrechtiana-do-brasil\/#primaryimage"},"thumbnailUrl":"","keywords":["caixa dois","Chico Alencar","Cl\u00e1udio Melo Filho","dela\u00e7\u00e3o premiada","Michel Temer","Odebrecht","partidos","propinas","Romero Juc\u00e1"],"articleSection":["Artigos","Brasil"],"inLanguage":"pt-BR","potentialAction":[{"@type":"CommentAction","name":"Comment","target":["https:\/\/psol50.org.br\/chico-alencar-republica-odebrechtiana-do-brasil\/#respond"]}]},{"@type":"WebPage","@id":"https:\/\/psol50.org.br\/chico-alencar-republica-odebrechtiana-do-brasil\/","url":"https:\/\/psol50.org.br\/chico-alencar-republica-odebrechtiana-do-brasil\/","name":"Chico Alencar | Rep\u00fablica Odebrechtiana do Brasil - PSOL 50","isPartOf":{"@id":"https:\/\/psol50.org.br\/#website"},"primaryImageOfPage":{"@id":"https:\/\/psol50.org.br\/chico-alencar-republica-odebrechtiana-do-brasil\/#primaryimage"},"image":{"@id":"https:\/\/psol50.org.br\/chico-alencar-republica-odebrechtiana-do-brasil\/#primaryimage"},"thumbnailUrl":"","datePublished":"2016-12-13T14:06:48+00:00","breadcrumb":{"@id":"https:\/\/psol50.org.br\/chico-alencar-republica-odebrechtiana-do-brasil\/#breadcrumb"},"inLanguage":"pt-BR","potentialAction":[{"@type":"ReadAction","target":["https:\/\/psol50.org.br\/chico-alencar-republica-odebrechtiana-do-brasil\/"]}]},{"@type":"ImageObject","inLanguage":"pt-BR","@id":"https:\/\/psol50.org.br\/chico-alencar-republica-odebrechtiana-do-brasil\/#primaryimage","url":"","contentUrl":""},{"@type":"BreadcrumbList","@id":"https:\/\/psol50.org.br\/chico-alencar-republica-odebrechtiana-do-brasil\/#breadcrumb","itemListElement":[{"@type":"ListItem","position":1,"name":"In\u00edcio","item":"https:\/\/psol50.org.br\/"},{"@type":"ListItem","position":2,"name":"Chico Alencar | Rep\u00fablica Odebrechtiana do Brasil"}]},{"@type":"WebSite","@id":"https:\/\/psol50.org.br\/#website","url":"https:\/\/psol50.org.br\/","name":"PSOL 50","description":"Site oficial do Partido Socialismo e Liberdade","publisher":{"@id":"https:\/\/psol50.org.br\/#organization"},"alternateName":"PSOL50","potentialAction":[{"@type":"SearchAction","target":{"@type":"EntryPoint","urlTemplate":"https:\/\/psol50.org.br\/?s={search_term_string}"},"query-input":{"@type":"PropertyValueSpecification","valueRequired":true,"valueName":"search_term_string"}}],"inLanguage":"pt-BR"},{"@type":"Organization","@id":"https:\/\/psol50.org.br\/#organization","name":"PSOL 50","alternateName":"PSOL 50","url":"https:\/\/psol50.org.br\/","logo":{"@type":"ImageObject","inLanguage":"pt-BR","@id":"https:\/\/psol50.org.br\/#\/schema\/logo\/image\/","url":"https:\/\/psol50.org.br\/inc\/uploads\/2018\/07\/capa.png","contentUrl":"https:\/\/psol50.org.br\/inc\/uploads\/2018\/07\/capa.png","width":1350,"height":900,"caption":"PSOL 50"},"image":{"@id":"https:\/\/psol50.org.br\/#\/schema\/logo\/image\/"},"sameAs":["https:\/\/www.facebook.com\/psol50","https:\/\/x.com\/psol50","https:\/\/www.instagram.com\/psol50\/","https:\/\/www.youtube.com\/channel\/UC7SnJS5o1os7a6CaiNabzcg"]},{"@type":"Person","@id":"https:\/\/psol50.org.br\/#\/schema\/person\/475dfa57d0b815993c714c2e96491fcd","name":"Comunica\u00e7\u00e3o PSOL","image":{"@type":"ImageObject","inLanguage":"pt-BR","@id":"https:\/\/psol50.org.br\/#\/schema\/person\/image\/","url":"https:\/\/secure.gravatar.com\/avatar\/b34fc4f4e468a4e51785917065a3db57b841f5c95dba6ad8c73aaf8f66f8f9bf?s=96&d=mm&r=g","contentUrl":"https:\/\/secure.gravatar.com\/avatar\/b34fc4f4e468a4e51785917065a3db57b841f5c95dba6ad8c73aaf8f66f8f9bf?s=96&d=mm&r=g","caption":"Comunica\u00e7\u00e3o PSOL"}}]}},"_links":{"self":[{"href":"https:\/\/psol50.org.br\/rest\/wp\/v2\/posts\/14922","targetHints":{"allow":["GET"]}}],"collection":[{"href":"https:\/\/psol50.org.br\/rest\/wp\/v2\/posts"}],"about":[{"href":"https:\/\/psol50.org.br\/rest\/wp\/v2\/types\/post"}],"author":[{"embeddable":true,"href":"https:\/\/psol50.org.br\/rest\/wp\/v2\/users\/2"}],"replies":[{"embeddable":true,"href":"https:\/\/psol50.org.br\/rest\/wp\/v2\/comments?post=14922"}],"version-history":[{"count":0,"href":"https:\/\/psol50.org.br\/rest\/wp\/v2\/posts\/14922\/revisions"}],"wp:featuredmedia":[{"embeddable":true,"href":"https:\/\/psol50.org.br\/rest\/"}],"wp:attachment":[{"href":"https:\/\/psol50.org.br\/rest\/wp\/v2\/media?parent=14922"}],"wp:term":[{"taxonomy":"category","embeddable":true,"href":"https:\/\/psol50.org.br\/rest\/wp\/v2\/categories?post=14922"},{"taxonomy":"post_tag","embeddable":true,"href":"https:\/\/psol50.org.br\/rest\/wp\/v2\/tags?post=14922"}],"curies":[{"name":"wp","href":"https:\/\/api.w.org\/{rel}","templated":true}]}}