{"id":14929,"date":"2016-12-13T17:11:14","date_gmt":"2016-12-13T17:11:14","guid":{"rendered":"http:\/\/www.psol50.org.br\/?p=14929"},"modified":"2016-12-13T17:11:14","modified_gmt":"2016-12-13T17:11:14","slug":"fundacao-lauro-campos-lanca-nesta-terca-em-brasilia-livro-sobre-luta-das-mulheres-curdas","status":"publish","type":"post","link":"https:\/\/psol50.org.br\/fundacao-lauro-campos-lanca-nesta-terca-em-brasilia-livro-sobre-luta-das-mulheres-curdas\/","title":{"rendered":"Funda\u00e7\u00e3o Lauro Campos lan\u00e7a nesta ter\u00e7a (13), em Bras\u00edlia, livro sobre luta das mulheres curdas"},"content":{"rendered":"<p><span style=\"font-weight: 400\">Nesta ter\u00e7a\u00a0(13), \u00e0s 19h, ocorre em Bras\u00edlia o lan\u00e7amento de <\/span><span style=\"font-weight: 400\">\u00a0&#8220;Libertando a Vida &#8211; a Revolu\u00e7\u00e3o das Mulheres&#8221;, escrito por Abdullah \u00d6calan, l\u00edder independentista curdo que cumpre pris\u00e3o perp\u00e9tua desde 2002. Melike Yasar, militante do m<\/span><span style=\"font-weight: 400\">ovimento de mulheres do Curdist\u00e3o<\/span><span style=\"font-weight: 400\">, estar\u00e1 presente no lan\u00e7amento. <\/span><span style=\"font-weight: 400\"><br \/>\n<\/span><span style=\"font-weight: 400\"><br \/>\n<\/span><span style=\"font-weight: 400\">A vers\u00e3o em portugu\u00eas da obra \u00e9 uma iniciativa da Funda\u00e7\u00e3o Lauro Campos em parceria com o Setorial de Mulheres do PSOL. O livro j\u00e1 foi lan\u00e7ado em S\u00e3o Paulo e no Rio de Janeiro, com a presen\u00e7a do presidente da Funda\u00e7\u00e3o Lauro Campos, Juliano Medeiros, de Carolina Peters, do Setorial de Mulheres do PSOL, dentre outros.<\/span><span style=\"font-weight: 400\"><br \/>\n<\/span><span style=\"font-weight: 400\"><br \/>\n<\/span><span style=\"font-weight: 400\">A obra conta a hist\u00f3ria da luta pela independ\u00eancia curda pela perspectiva das militantes, que t\u00eam s\u00e9culos de resist\u00eancia na luta pela maior povo\u00a0sem territ\u00f3rio do mundo, desmistificando a imagem de submiss\u00e3o das mulheres orientais. Al\u00e9m de fazer uma an\u00e1lise da sociedade patriarcal e como ela afasta as mulheres da pol\u00edtica, \u00d6calan discorre sobre \u201cjineolog\u00ee\u201d, um conceito que fala sobre a ci\u00eancia das mulheres.<\/span><\/p>\n<p>O\u00a0movimento auto-organizado tornou-se conhecido mundialmente em 2015, quando os jornais divulgaram imagens e relatos da luta\u00a0contra o Estado Isl\u00e2mico no norte da S\u00edria. Participando da luta armada junto com os homens, elas defendem o territ\u00f3rio e combatem o fundamentalismo religioso. As mais de 9 mil militantes do Unidade de Defesa das Mulheres (YPJ) n\u00e3o recebem sal\u00e1rio e dependem de doa\u00e7\u00f5es de organiza\u00e7\u00f5es internacionais, al\u00e9m de doa\u00e7\u00f5es de comida da pr\u00f3pria comunidade curda.\u00a0<span style=\"font-weight: 400\"><br \/>\n<\/span><span style=\"font-weight: 400\"><br \/>\n<\/span><span style=\"font-weight: 400\"><span style=\"color: #3366ff\"><a style=\"color: #3366ff\" href=\"https:\/\/www.facebook.com\/events\/1704918896504387\/\" target=\"_blank\" rel=\"noopener\">Confirme presen\u00e7a<\/a><\/span> no evento.<\/span><\/p>\n","protected":false},"excerpt":{"rendered":"<p>Nesta ter\u00e7a\u00a0(13), \u00e0s 19h, ocorre em Bras\u00edlia o lan\u00e7amento de \u00a0&#8220;Libertando a Vida &#8211; a Revolu\u00e7\u00e3o das Mulheres&#8221;, escrito por Abdullah \u00d6calan, l\u00edder independentista curdo que cumpre pris\u00e3o perp\u00e9tua desde 2002. Melike Yasar, militante do movimento de mulheres do Curdist\u00e3o, estar\u00e1 presente no lan\u00e7amento. A vers\u00e3o em portugu\u00eas da obra \u00e9 uma iniciativa da Funda\u00e7\u00e3o [&hellip;]<\/p>\n","protected":false},"author":2,"featured_media":14930,"comment_status":"open","ping_status":"open","sticky":false,"template":"","format":"standard","meta":{"_acf_changed":false,"footnotes":""},"categories":[1882,14],"tags":[1688,616,2943,2177,4705,2244,4706,4707,2849],"class_list":{"0":"post-14929","1":"post","2":"type-post","3":"status-publish","4":"format-standard","5":"has-post-thumbnail","7":"category-brasil","8":"category-partido","9":"tag-abdullah-ocalan","10":"tag-brasilia","11":"tag-carolina-peters","12":"tag-curdistao","13":"tag-denise-simeao","14":"tag-fundacao-lauro-campos","15":"tag-melike-yasar","16":"tag-movimento-de-mulheres-do-curdistao","17":"tag-setorial-de-mulheres-do-psol"},"acf":[],"yoast_head":"<!-- This site is optimized with the Yoast SEO plugin v26.5 - https:\/\/yoast.com\/wordpress\/plugins\/seo\/ -->\n<title>Funda\u00e7\u00e3o Lauro Campos lan\u00e7a nesta ter\u00e7a (13), em Bras\u00edlia, livro sobre luta das mulheres curdas - PSOL 50<\/title>\n<meta name=\"robots\" content=\"index, follow, max-snippet:-1, max-image-preview:large, max-video-preview:-1\" \/>\n<link rel=\"canonical\" href=\"https:\/\/psol50.org.br\/fundacao-lauro-campos-lanca-nesta-terca-em-brasilia-livro-sobre-luta-das-mulheres-curdas\/\" \/>\n<meta property=\"og:locale\" content=\"pt_BR\" \/>\n<meta property=\"og:type\" content=\"article\" \/>\n<meta property=\"og:title\" content=\"Funda\u00e7\u00e3o Lauro Campos lan\u00e7a nesta ter\u00e7a (13), em Bras\u00edlia, livro sobre luta das mulheres curdas - PSOL 50\" \/>\n<meta property=\"og:description\" content=\"Nesta ter\u00e7a\u00a0(13), \u00e0s 19h, ocorre em Bras\u00edlia o lan\u00e7amento de \u00a0&#8220;Libertando a Vida &#8211; a Revolu\u00e7\u00e3o das Mulheres&#8221;, escrito por Abdullah \u00d6calan, l\u00edder independentista curdo que cumpre pris\u00e3o perp\u00e9tua desde 2002. Melike Yasar, militante do movimento de mulheres do Curdist\u00e3o, estar\u00e1 presente no lan\u00e7amento. A vers\u00e3o em portugu\u00eas da obra \u00e9 uma iniciativa da Funda\u00e7\u00e3o [&hellip;]\" \/>\n<meta property=\"og:url\" content=\"https:\/\/psol50.org.br\/fundacao-lauro-campos-lanca-nesta-terca-em-brasilia-livro-sobre-luta-das-mulheres-curdas\/\" \/>\n<meta property=\"og:site_name\" content=\"PSOL 50\" \/>\n<meta property=\"article:publisher\" content=\"https:\/\/www.facebook.com\/psol50\" \/>\n<meta property=\"article:published_time\" content=\"2016-12-13T17:11:14+00:00\" \/>\n<meta property=\"og:image\" content=\"https:\/\/psol50.org.br\/inc\/uploads\/2016\/12\/Libertando-a-Vida-das-Mulheres-Fundacao-Lauro-Campos.jpg\" \/>\n\t<meta property=\"og:image:width\" content=\"1350\" \/>\n\t<meta property=\"og:image:height\" content=\"900\" \/>\n\t<meta property=\"og:image:type\" content=\"image\/jpeg\" \/>\n<meta name=\"author\" content=\"Comunica\u00e7\u00e3o PSOL\" \/>\n<meta name=\"twitter:card\" content=\"summary_large_image\" \/>\n<meta name=\"twitter:creator\" content=\"@psol50\" \/>\n<meta name=\"twitter:site\" content=\"@psol50\" \/>\n<meta name=\"twitter:label1\" content=\"Escrito por\" \/>\n\t<meta name=\"twitter:data1\" content=\"Comunica\u00e7\u00e3o PSOL\" \/>\n\t<meta name=\"twitter:label2\" content=\"Est. tempo de leitura\" \/>\n\t<meta name=\"twitter:data2\" content=\"1 minuto\" \/>\n<script type=\"application\/ld+json\" class=\"yoast-schema-graph\">{\"@context\":\"https:\/\/schema.org\",\"@graph\":[{\"@type\":\"Article\",\"@id\":\"https:\/\/psol50.org.br\/fundacao-lauro-campos-lanca-nesta-terca-em-brasilia-livro-sobre-luta-das-mulheres-curdas\/#article\",\"isPartOf\":{\"@id\":\"https:\/\/psol50.org.br\/fundacao-lauro-campos-lanca-nesta-terca-em-brasilia-livro-sobre-luta-das-mulheres-curdas\/\"},\"author\":{\"name\":\"Comunica\u00e7\u00e3o PSOL\",\"@id\":\"https:\/\/psol50.org.br\/#\/schema\/person\/475dfa57d0b815993c714c2e96491fcd\"},\"headline\":\"Funda\u00e7\u00e3o Lauro Campos lan\u00e7a nesta ter\u00e7a (13), em Bras\u00edlia, livro sobre luta das mulheres curdas\",\"datePublished\":\"2016-12-13T17:11:14+00:00\",\"mainEntityOfPage\":{\"@id\":\"https:\/\/psol50.org.br\/fundacao-lauro-campos-lanca-nesta-terca-em-brasilia-livro-sobre-luta-das-mulheres-curdas\/\"},\"wordCount\":297,\"commentCount\":0,\"publisher\":{\"@id\":\"https:\/\/psol50.org.br\/#organization\"},\"image\":{\"@id\":\"https:\/\/psol50.org.br\/fundacao-lauro-campos-lanca-nesta-terca-em-brasilia-livro-sobre-luta-das-mulheres-curdas\/#primaryimage\"},\"thumbnailUrl\":\"https:\/\/psol50.org.br\/inc\/uploads\/2016\/12\/Libertando-a-Vida-das-Mulheres-Fundacao-Lauro-Campos.jpg\",\"keywords\":[\"Abdullah \u00d6calan\",\"Bras\u00edlia\",\"Carolina Peters\",\"Curdist\u00e3o\",\"Denise Sime\u00e3o\",\"Funda\u00e7\u00e3o Lauro Campos\",\"Melike Yasar\",\"Movimento de Mulheres do Curdist\u00e3o\",\"Setorial de Mulheres do PSOL\"],\"articleSection\":[\"Brasil\",\"Partido\"],\"inLanguage\":\"pt-BR\",\"potentialAction\":[{\"@type\":\"CommentAction\",\"name\":\"Comment\",\"target\":[\"https:\/\/psol50.org.br\/fundacao-lauro-campos-lanca-nesta-terca-em-brasilia-livro-sobre-luta-das-mulheres-curdas\/#respond\"]}]},{\"@type\":\"WebPage\",\"@id\":\"https:\/\/psol50.org.br\/fundacao-lauro-campos-lanca-nesta-terca-em-brasilia-livro-sobre-luta-das-mulheres-curdas\/\",\"url\":\"https:\/\/psol50.org.br\/fundacao-lauro-campos-lanca-nesta-terca-em-brasilia-livro-sobre-luta-das-mulheres-curdas\/\",\"name\":\"Funda\u00e7\u00e3o Lauro Campos lan\u00e7a nesta ter\u00e7a (13), em Bras\u00edlia, livro sobre luta das mulheres curdas - PSOL 50\",\"isPartOf\":{\"@id\":\"https:\/\/psol50.org.br\/#website\"},\"primaryImageOfPage\":{\"@id\":\"https:\/\/psol50.org.br\/fundacao-lauro-campos-lanca-nesta-terca-em-brasilia-livro-sobre-luta-das-mulheres-curdas\/#primaryimage\"},\"image\":{\"@id\":\"https:\/\/psol50.org.br\/fundacao-lauro-campos-lanca-nesta-terca-em-brasilia-livro-sobre-luta-das-mulheres-curdas\/#primaryimage\"},\"thumbnailUrl\":\"https:\/\/psol50.org.br\/inc\/uploads\/2016\/12\/Libertando-a-Vida-das-Mulheres-Fundacao-Lauro-Campos.jpg\",\"datePublished\":\"2016-12-13T17:11:14+00:00\",\"breadcrumb\":{\"@id\":\"https:\/\/psol50.org.br\/fundacao-lauro-campos-lanca-nesta-terca-em-brasilia-livro-sobre-luta-das-mulheres-curdas\/#breadcrumb\"},\"inLanguage\":\"pt-BR\",\"potentialAction\":[{\"@type\":\"ReadAction\",\"target\":[\"https:\/\/psol50.org.br\/fundacao-lauro-campos-lanca-nesta-terca-em-brasilia-livro-sobre-luta-das-mulheres-curdas\/\"]}]},{\"@type\":\"ImageObject\",\"inLanguage\":\"pt-BR\",\"@id\":\"https:\/\/psol50.org.br\/fundacao-lauro-campos-lanca-nesta-terca-em-brasilia-livro-sobre-luta-das-mulheres-curdas\/#primaryimage\",\"url\":\"https:\/\/psol50.org.br\/inc\/uploads\/2016\/12\/Libertando-a-Vida-das-Mulheres-Fundacao-Lauro-Campos.jpg\",\"contentUrl\":\"https:\/\/psol50.org.br\/inc\/uploads\/2016\/12\/Libertando-a-Vida-das-Mulheres-Fundacao-Lauro-Campos.jpg\",\"width\":1350,\"height\":900},{\"@type\":\"BreadcrumbList\",\"@id\":\"https:\/\/psol50.org.br\/fundacao-lauro-campos-lanca-nesta-terca-em-brasilia-livro-sobre-luta-das-mulheres-curdas\/#breadcrumb\",\"itemListElement\":[{\"@type\":\"ListItem\",\"position\":1,\"name\":\"In\u00edcio\",\"item\":\"https:\/\/psol50.org.br\/\"},{\"@type\":\"ListItem\",\"position\":2,\"name\":\"Funda\u00e7\u00e3o Lauro Campos lan\u00e7a nesta ter\u00e7a (13), em Bras\u00edlia, livro sobre luta das mulheres curdas\"}]},{\"@type\":\"WebSite\",\"@id\":\"https:\/\/psol50.org.br\/#website\",\"url\":\"https:\/\/psol50.org.br\/\",\"name\":\"PSOL 50\",\"description\":\"Site oficial do Partido Socialismo e Liberdade\",\"publisher\":{\"@id\":\"https:\/\/psol50.org.br\/#organization\"},\"alternateName\":\"PSOL50\",\"potentialAction\":[{\"@type\":\"SearchAction\",\"target\":{\"@type\":\"EntryPoint\",\"urlTemplate\":\"https:\/\/psol50.org.br\/?s={search_term_string}\"},\"query-input\":{\"@type\":\"PropertyValueSpecification\",\"valueRequired\":true,\"valueName\":\"search_term_string\"}}],\"inLanguage\":\"pt-BR\"},{\"@type\":\"Organization\",\"@id\":\"https:\/\/psol50.org.br\/#organization\",\"name\":\"PSOL 50\",\"alternateName\":\"PSOL 50\",\"url\":\"https:\/\/psol50.org.br\/\",\"logo\":{\"@type\":\"ImageObject\",\"inLanguage\":\"pt-BR\",\"@id\":\"https:\/\/psol50.org.br\/#\/schema\/logo\/image\/\",\"url\":\"https:\/\/psol50.org.br\/inc\/uploads\/2018\/07\/capa.png\",\"contentUrl\":\"https:\/\/psol50.org.br\/inc\/uploads\/2018\/07\/capa.png\",\"width\":1350,\"height\":900,\"caption\":\"PSOL 50\"},\"image\":{\"@id\":\"https:\/\/psol50.org.br\/#\/schema\/logo\/image\/\"},\"sameAs\":[\"https:\/\/www.facebook.com\/psol50\",\"https:\/\/x.com\/psol50\",\"https:\/\/www.instagram.com\/psol50\/\",\"https:\/\/www.youtube.com\/channel\/UC7SnJS5o1os7a6CaiNabzcg\"]},{\"@type\":\"Person\",\"@id\":\"https:\/\/psol50.org.br\/#\/schema\/person\/475dfa57d0b815993c714c2e96491fcd\",\"name\":\"Comunica\u00e7\u00e3o PSOL\",\"image\":{\"@type\":\"ImageObject\",\"inLanguage\":\"pt-BR\",\"@id\":\"https:\/\/psol50.org.br\/#\/schema\/person\/image\/\",\"url\":\"https:\/\/secure.gravatar.com\/avatar\/b34fc4f4e468a4e51785917065a3db57b841f5c95dba6ad8c73aaf8f66f8f9bf?s=96&d=mm&r=g\",\"contentUrl\":\"https:\/\/secure.gravatar.com\/avatar\/b34fc4f4e468a4e51785917065a3db57b841f5c95dba6ad8c73aaf8f66f8f9bf?s=96&d=mm&r=g\",\"caption\":\"Comunica\u00e7\u00e3o PSOL\"}}]}<\/script>\n<!-- \/ Yoast SEO plugin. -->","yoast_head_json":{"title":"Funda\u00e7\u00e3o Lauro Campos lan\u00e7a nesta ter\u00e7a (13), em Bras\u00edlia, livro sobre luta das mulheres curdas - PSOL 50","robots":{"index":"index","follow":"follow","max-snippet":"max-snippet:-1","max-image-preview":"max-image-preview:large","max-video-preview":"max-video-preview:-1"},"canonical":"https:\/\/psol50.org.br\/fundacao-lauro-campos-lanca-nesta-terca-em-brasilia-livro-sobre-luta-das-mulheres-curdas\/","og_locale":"pt_BR","og_type":"article","og_title":"Funda\u00e7\u00e3o Lauro Campos lan\u00e7a nesta ter\u00e7a (13), em Bras\u00edlia, livro sobre luta das mulheres curdas - PSOL 50","og_description":"Nesta ter\u00e7a\u00a0(13), \u00e0s 19h, ocorre em Bras\u00edlia o lan\u00e7amento de \u00a0&#8220;Libertando a Vida &#8211; a Revolu\u00e7\u00e3o das Mulheres&#8221;, escrito por Abdullah \u00d6calan, l\u00edder independentista curdo que cumpre pris\u00e3o perp\u00e9tua desde 2002. Melike Yasar, militante do movimento de mulheres do Curdist\u00e3o, estar\u00e1 presente no lan\u00e7amento. A vers\u00e3o em portugu\u00eas da obra \u00e9 uma iniciativa da Funda\u00e7\u00e3o [&hellip;]","og_url":"https:\/\/psol50.org.br\/fundacao-lauro-campos-lanca-nesta-terca-em-brasilia-livro-sobre-luta-das-mulheres-curdas\/","og_site_name":"PSOL 50","article_publisher":"https:\/\/www.facebook.com\/psol50","article_published_time":"2016-12-13T17:11:14+00:00","og_image":[{"width":1350,"height":900,"url":"https:\/\/psol50.org.br\/inc\/uploads\/2016\/12\/Libertando-a-Vida-das-Mulheres-Fundacao-Lauro-Campos.jpg","type":"image\/jpeg"}],"author":"Comunica\u00e7\u00e3o PSOL","twitter_card":"summary_large_image","twitter_creator":"@psol50","twitter_site":"@psol50","twitter_misc":{"Escrito por":"Comunica\u00e7\u00e3o PSOL","Est. tempo de leitura":"1 minuto"},"schema":{"@context":"https:\/\/schema.org","@graph":[{"@type":"Article","@id":"https:\/\/psol50.org.br\/fundacao-lauro-campos-lanca-nesta-terca-em-brasilia-livro-sobre-luta-das-mulheres-curdas\/#article","isPartOf":{"@id":"https:\/\/psol50.org.br\/fundacao-lauro-campos-lanca-nesta-terca-em-brasilia-livro-sobre-luta-das-mulheres-curdas\/"},"author":{"name":"Comunica\u00e7\u00e3o PSOL","@id":"https:\/\/psol50.org.br\/#\/schema\/person\/475dfa57d0b815993c714c2e96491fcd"},"headline":"Funda\u00e7\u00e3o Lauro Campos lan\u00e7a nesta ter\u00e7a (13), em Bras\u00edlia, livro sobre luta das mulheres curdas","datePublished":"2016-12-13T17:11:14+00:00","mainEntityOfPage":{"@id":"https:\/\/psol50.org.br\/fundacao-lauro-campos-lanca-nesta-terca-em-brasilia-livro-sobre-luta-das-mulheres-curdas\/"},"wordCount":297,"commentCount":0,"publisher":{"@id":"https:\/\/psol50.org.br\/#organization"},"image":{"@id":"https:\/\/psol50.org.br\/fundacao-lauro-campos-lanca-nesta-terca-em-brasilia-livro-sobre-luta-das-mulheres-curdas\/#primaryimage"},"thumbnailUrl":"https:\/\/psol50.org.br\/inc\/uploads\/2016\/12\/Libertando-a-Vida-das-Mulheres-Fundacao-Lauro-Campos.jpg","keywords":["Abdullah \u00d6calan","Bras\u00edlia","Carolina Peters","Curdist\u00e3o","Denise Sime\u00e3o","Funda\u00e7\u00e3o Lauro Campos","Melike Yasar","Movimento de Mulheres do Curdist\u00e3o","Setorial de Mulheres do PSOL"],"articleSection":["Brasil","Partido"],"inLanguage":"pt-BR","potentialAction":[{"@type":"CommentAction","name":"Comment","target":["https:\/\/psol50.org.br\/fundacao-lauro-campos-lanca-nesta-terca-em-brasilia-livro-sobre-luta-das-mulheres-curdas\/#respond"]}]},{"@type":"WebPage","@id":"https:\/\/psol50.org.br\/fundacao-lauro-campos-lanca-nesta-terca-em-brasilia-livro-sobre-luta-das-mulheres-curdas\/","url":"https:\/\/psol50.org.br\/fundacao-lauro-campos-lanca-nesta-terca-em-brasilia-livro-sobre-luta-das-mulheres-curdas\/","name":"Funda\u00e7\u00e3o Lauro Campos lan\u00e7a nesta ter\u00e7a (13), em Bras\u00edlia, livro sobre luta das mulheres curdas - PSOL 50","isPartOf":{"@id":"https:\/\/psol50.org.br\/#website"},"primaryImageOfPage":{"@id":"https:\/\/psol50.org.br\/fundacao-lauro-campos-lanca-nesta-terca-em-brasilia-livro-sobre-luta-das-mulheres-curdas\/#primaryimage"},"image":{"@id":"https:\/\/psol50.org.br\/fundacao-lauro-campos-lanca-nesta-terca-em-brasilia-livro-sobre-luta-das-mulheres-curdas\/#primaryimage"},"thumbnailUrl":"https:\/\/psol50.org.br\/inc\/uploads\/2016\/12\/Libertando-a-Vida-das-Mulheres-Fundacao-Lauro-Campos.jpg","datePublished":"2016-12-13T17:11:14+00:00","breadcrumb":{"@id":"https:\/\/psol50.org.br\/fundacao-lauro-campos-lanca-nesta-terca-em-brasilia-livro-sobre-luta-das-mulheres-curdas\/#breadcrumb"},"inLanguage":"pt-BR","potentialAction":[{"@type":"ReadAction","target":["https:\/\/psol50.org.br\/fundacao-lauro-campos-lanca-nesta-terca-em-brasilia-livro-sobre-luta-das-mulheres-curdas\/"]}]},{"@type":"ImageObject","inLanguage":"pt-BR","@id":"https:\/\/psol50.org.br\/fundacao-lauro-campos-lanca-nesta-terca-em-brasilia-livro-sobre-luta-das-mulheres-curdas\/#primaryimage","url":"https:\/\/psol50.org.br\/inc\/uploads\/2016\/12\/Libertando-a-Vida-das-Mulheres-Fundacao-Lauro-Campos.jpg","contentUrl":"https:\/\/psol50.org.br\/inc\/uploads\/2016\/12\/Libertando-a-Vida-das-Mulheres-Fundacao-Lauro-Campos.jpg","width":1350,"height":900},{"@type":"BreadcrumbList","@id":"https:\/\/psol50.org.br\/fundacao-lauro-campos-lanca-nesta-terca-em-brasilia-livro-sobre-luta-das-mulheres-curdas\/#breadcrumb","itemListElement":[{"@type":"ListItem","position":1,"name":"In\u00edcio","item":"https:\/\/psol50.org.br\/"},{"@type":"ListItem","position":2,"name":"Funda\u00e7\u00e3o Lauro Campos lan\u00e7a nesta ter\u00e7a (13), em Bras\u00edlia, livro sobre luta das mulheres curdas"}]},{"@type":"WebSite","@id":"https:\/\/psol50.org.br\/#website","url":"https:\/\/psol50.org.br\/","name":"PSOL 50","description":"Site oficial do Partido Socialismo e Liberdade","publisher":{"@id":"https:\/\/psol50.org.br\/#organization"},"alternateName":"PSOL50","potentialAction":[{"@type":"SearchAction","target":{"@type":"EntryPoint","urlTemplate":"https:\/\/psol50.org.br\/?s={search_term_string}"},"query-input":{"@type":"PropertyValueSpecification","valueRequired":true,"valueName":"search_term_string"}}],"inLanguage":"pt-BR"},{"@type":"Organization","@id":"https:\/\/psol50.org.br\/#organization","name":"PSOL 50","alternateName":"PSOL 50","url":"https:\/\/psol50.org.br\/","logo":{"@type":"ImageObject","inLanguage":"pt-BR","@id":"https:\/\/psol50.org.br\/#\/schema\/logo\/image\/","url":"https:\/\/psol50.org.br\/inc\/uploads\/2018\/07\/capa.png","contentUrl":"https:\/\/psol50.org.br\/inc\/uploads\/2018\/07\/capa.png","width":1350,"height":900,"caption":"PSOL 50"},"image":{"@id":"https:\/\/psol50.org.br\/#\/schema\/logo\/image\/"},"sameAs":["https:\/\/www.facebook.com\/psol50","https:\/\/x.com\/psol50","https:\/\/www.instagram.com\/psol50\/","https:\/\/www.youtube.com\/channel\/UC7SnJS5o1os7a6CaiNabzcg"]},{"@type":"Person","@id":"https:\/\/psol50.org.br\/#\/schema\/person\/475dfa57d0b815993c714c2e96491fcd","name":"Comunica\u00e7\u00e3o PSOL","image":{"@type":"ImageObject","inLanguage":"pt-BR","@id":"https:\/\/psol50.org.br\/#\/schema\/person\/image\/","url":"https:\/\/secure.gravatar.com\/avatar\/b34fc4f4e468a4e51785917065a3db57b841f5c95dba6ad8c73aaf8f66f8f9bf?s=96&d=mm&r=g","contentUrl":"https:\/\/secure.gravatar.com\/avatar\/b34fc4f4e468a4e51785917065a3db57b841f5c95dba6ad8c73aaf8f66f8f9bf?s=96&d=mm&r=g","caption":"Comunica\u00e7\u00e3o PSOL"}}]}},"_links":{"self":[{"href":"https:\/\/psol50.org.br\/rest\/wp\/v2\/posts\/14929","targetHints":{"allow":["GET"]}}],"collection":[{"href":"https:\/\/psol50.org.br\/rest\/wp\/v2\/posts"}],"about":[{"href":"https:\/\/psol50.org.br\/rest\/wp\/v2\/types\/post"}],"author":[{"embeddable":true,"href":"https:\/\/psol50.org.br\/rest\/wp\/v2\/users\/2"}],"replies":[{"embeddable":true,"href":"https:\/\/psol50.org.br\/rest\/wp\/v2\/comments?post=14929"}],"version-history":[{"count":0,"href":"https:\/\/psol50.org.br\/rest\/wp\/v2\/posts\/14929\/revisions"}],"wp:featuredmedia":[{"embeddable":true,"href":"https:\/\/psol50.org.br\/rest\/wp\/v2\/media\/14930"}],"wp:attachment":[{"href":"https:\/\/psol50.org.br\/rest\/wp\/v2\/media?parent=14929"}],"wp:term":[{"taxonomy":"category","embeddable":true,"href":"https:\/\/psol50.org.br\/rest\/wp\/v2\/categories?post=14929"},{"taxonomy":"post_tag","embeddable":true,"href":"https:\/\/psol50.org.br\/rest\/wp\/v2\/tags?post=14929"}],"curies":[{"name":"wp","href":"https:\/\/api.w.org\/{rel}","templated":true}]}}