{"id":1493,"date":"2011-03-10T00:00:00","date_gmt":"2011-03-10T00:00:00","guid":{"rendered":"http:\/\/psol50.org.br\/arquivo\/2011\/03\/10\/rs-revista-veja-mente-e-sera-processada-por-dano-moral-contra-luciana-genro\/"},"modified":"2011-03-10T00:00:00","modified_gmt":"2011-03-10T00:00:00","slug":"rs-revista-veja-mente-e-sera-processada-por-dano-moral-contra-luciana-genro","status":"publish","type":"post","link":"https:\/\/psol50.org.br\/rs-revista-veja-mente-e-sera-processada-por-dano-moral-contra-luciana-genro\/","title":{"rendered":"RS: Revista Veja mente e ser\u00e1 processada por dano moral contra Luciana Genro"},"content":{"rendered":"<p style=\"text-align: justify\"><a rel=\"attachment wp-att-6943\" href=\"http:\/\/psol50.org.br\/blog\/2011\/03\/10\/rs-revista-veja-mente-e-sera-processada-por-dano-moral-contra-luciana-genro\/lucianagenro\/\"><img loading=\"lazy\" decoding=\"async\" class=\"alignleft size-full wp-image-6943\" src=\"http:\/\/psol50.org.br\/files\/2011\/03\/LucianaGenro.jpg\" alt=\"\" width=\"240\" height=\"203\" \/><\/a>Por Luciana Genro*<\/p>\n<p>O Projeto Emancipa j\u00e1 \u00e9 um sucesso. As inscri\u00e7\u00f5es ainda n\u00e3o terminaram, mas j\u00e1 temos mais inscritos do que as 100 vagas dispon\u00edveis. O apoio que temos recebido \u00e9 enorme. Este apoio se expressou inclusive na imprensa ga\u00facha, que atrav\u00e9s de v\u00e1rios comunicadores e jornalistas ajudou a divulgar o projeto pela sua relev\u00e2ncia social, n\u00e3o se prestando a reproduzir as \u201cden\u00fancias\u201d da revista Veja. Todos sabem da lacuna existente na prepara\u00e7\u00e3o dos jovens oriundos das escolas p\u00fablicas que desejam entrar na universidade. Ent\u00e3o, quem poderia querer detonar um projeto que oferece prepara\u00e7\u00e3o para o vestibular e o Enem GRATUITAMENTE para estudantes de escolas p\u00fablicas? Aqui no Rio Grande do Sul, s\u00f3 os \u201cvi\u00favos\u201d de Yeda Crusius.<\/p>\n<p>Entretanto, em respeito \u00e0s pessoas que me apoiam e respeitam e que t\u00eam sido questionadas por quem n\u00e3o conhece a minha trajet\u00f3ria, esclare\u00e7o:<\/p>\n<p>&#8211; Vou processar a revista Veja por danos morais, visto que o jornalista que assina a mat\u00e9ria sequer me ouviu, publicando uma reportagem absolutamente fantasiosa sobre o Projeto Emancipa, coordenado por mim no Rio Grande do Sul.<\/p>\n<p>&#8211; A Secretaria de Educa\u00e7\u00e3o n\u00e3o me concedeu nenhum privil\u00e9gio como insinua a reportagem. A dire\u00e7\u00e3o do Col\u00e9gio J\u00falio de Castilhos, assim como outras escolas estaduais, proporciona a execu\u00e7\u00e3o de diversos projetos nas suas depend\u00eancias. O Emancipa \u00e9 um deles e paga \u00e0 escola R$ 600,00 por m\u00eas pelas duas salas.<\/p>\n<p>&#8211; Os (as) professores(as) n\u00e3o ser\u00e3o \u201cbem remunerados\u201d como maliciosamente diz a reportagem. Receber\u00e3o R$ 20,00 a hora aula. Como s\u00e3o apenas duas turmas, a m\u00e9dia de remunera\u00e7\u00e3o de cada professor dever\u00e1 ser por volta de R$ 300,00.<\/p>\n<p>&#8211; A cota de patroc\u00ednios do Emancipa est\u00e1 fechada com 5 empresas e n\u00e3o estamos em busca de mais patrocinadores como mentirosamente afirma a reportagem.<\/p>\n<p>&#8211; Sobre a Icatu Seguros, uma empresa que atua no mercado ga\u00facho atrav\u00e9s do Banrisul h\u00e1 mais de 10 anos, muito me estranha que somente agora, para me atacar, a Veja levante suspeitas sobre esta rela\u00e7\u00e3o. Eu n\u00e3o respondo pelas atividades de nenhuma empresa, mas a verdade \u00e9 sempre \u00fatil: basta verificar o balan\u00e7o 2010 do Banrisul, dispon\u00edvel na internet, para comprovar a mentira. A seguradora Icatu n\u00e3o tem contrato de exclusividade com o Banrisul. Al\u00e9m disso esta empresa ap\u00f3ia diversas OSCIPs e ONGs, n\u00e3o apenas o Emancipa.<\/p>\n<p>&#8211; Quanto \u00e0 afirma\u00e7\u00e3o de que \u201cLuciana, que na pol\u00edtica criticava o pai, na vida empresarial usa de seu prest\u00edgio para lucrar\u201d, quem ter\u00e1 que se explicar \u00e9 a Veja. E ter\u00e1 que faz\u00ea-lo no Justi\u00e7a. Primeiro, porque n\u00e3o estou \u201clucrando\u201d e nem sequer estou na \u201cvida empresarial\u201d. O Emancipa n\u00e3o \u00e9 uma empresa e n\u00e3o pode dar lucro. N\u00e3o \u00e9 por que deixei de ser deputada que vou abrir m\u00e3o de realizar atividades socialmente relevantes, mesmo que de forma privada, mas que respondam a interesses coletivos. Quanto ao suposto uso do prest\u00edgio do meu pai, Tarso Genro, minha trajet\u00f3ria me autoriza a ter certeza que os parceiros do Emancipa avaliaram em primeiro lugar o meu pr\u00f3prio prest\u00edgio para decidir pela participa\u00e7\u00e3o no projeto.<\/p>\n<p><strong>* Luciana Genro \u2013 Coordenadora do Projeto Emancipa-RS<\/strong><\/p>\n","protected":false},"excerpt":{"rendered":"<p>Por Luciana Genro* O Projeto Emancipa j\u00e1 \u00e9 um sucesso. As inscri\u00e7\u00f5es ainda n\u00e3o terminaram, mas j\u00e1 temos mais inscritos do que as 100 vagas dispon\u00edveis. O apoio que temos recebido \u00e9 enorme. Este apoio se expressou inclusive na imprensa ga\u00facha, que atrav\u00e9s de v\u00e1rios comunicadores e jornalistas ajudou a divulgar o projeto pela sua [&hellip;]<\/p>\n","protected":false},"author":2,"featured_media":0,"comment_status":"open","ping_status":"open","sticky":false,"template":"","format":"standard","meta":{"_acf_changed":false,"footnotes":""},"categories":[4766],"tags":[],"class_list":{"0":"post-1493","1":"post","2":"type-post","3":"status-publish","4":"format-standard","6":"category-arquivo"},"acf":[],"yoast_head":"<!-- This site is optimized with the Yoast SEO plugin v26.5 - https:\/\/yoast.com\/wordpress\/plugins\/seo\/ -->\n<title>RS: Revista Veja mente e ser\u00e1 processada por dano moral contra Luciana Genro - PSOL 50<\/title>\n<meta name=\"robots\" content=\"index, follow, max-snippet:-1, max-image-preview:large, max-video-preview:-1\" \/>\n<link rel=\"canonical\" href=\"https:\/\/psol50.org.br\/rs-revista-veja-mente-e-sera-processada-por-dano-moral-contra-luciana-genro\/\" \/>\n<meta property=\"og:locale\" content=\"pt_BR\" \/>\n<meta property=\"og:type\" content=\"article\" \/>\n<meta property=\"og:title\" content=\"RS: Revista Veja mente e ser\u00e1 processada por dano moral contra Luciana Genro - PSOL 50\" \/>\n<meta property=\"og:description\" content=\"Por Luciana Genro* O Projeto Emancipa j\u00e1 \u00e9 um sucesso. As inscri\u00e7\u00f5es ainda n\u00e3o terminaram, mas j\u00e1 temos mais inscritos do que as 100 vagas dispon\u00edveis. O apoio que temos recebido \u00e9 enorme. Este apoio se expressou inclusive na imprensa ga\u00facha, que atrav\u00e9s de v\u00e1rios comunicadores e jornalistas ajudou a divulgar o projeto pela sua [&hellip;]\" \/>\n<meta property=\"og:url\" content=\"https:\/\/psol50.org.br\/rs-revista-veja-mente-e-sera-processada-por-dano-moral-contra-luciana-genro\/\" \/>\n<meta property=\"og:site_name\" content=\"PSOL 50\" \/>\n<meta property=\"article:publisher\" content=\"https:\/\/www.facebook.com\/psol50\" \/>\n<meta property=\"article:published_time\" content=\"2011-03-10T00:00:00+00:00\" \/>\n<meta property=\"og:image\" content=\"http:\/\/psol50.org.br\/files\/2011\/03\/LucianaGenro.jpg\" \/>\n<meta name=\"author\" content=\"Comunica\u00e7\u00e3o PSOL\" \/>\n<meta name=\"twitter:card\" content=\"summary_large_image\" \/>\n<meta name=\"twitter:creator\" content=\"@psol50\" \/>\n<meta name=\"twitter:site\" content=\"@psol50\" \/>\n<meta name=\"twitter:label1\" content=\"Escrito por\" \/>\n\t<meta name=\"twitter:data1\" content=\"Comunica\u00e7\u00e3o PSOL\" \/>\n\t<meta name=\"twitter:label2\" content=\"Est. tempo de leitura\" \/>\n\t<meta name=\"twitter:data2\" content=\"3 minutos\" \/>\n<script type=\"application\/ld+json\" class=\"yoast-schema-graph\">{\"@context\":\"https:\/\/schema.org\",\"@graph\":[{\"@type\":\"Article\",\"@id\":\"https:\/\/psol50.org.br\/rs-revista-veja-mente-e-sera-processada-por-dano-moral-contra-luciana-genro\/#article\",\"isPartOf\":{\"@id\":\"https:\/\/psol50.org.br\/rs-revista-veja-mente-e-sera-processada-por-dano-moral-contra-luciana-genro\/\"},\"author\":{\"name\":\"Comunica\u00e7\u00e3o PSOL\",\"@id\":\"https:\/\/psol50.org.br\/#\/schema\/person\/475dfa57d0b815993c714c2e96491fcd\"},\"headline\":\"RS: Revista Veja mente e ser\u00e1 processada por dano moral contra Luciana Genro\",\"datePublished\":\"2011-03-10T00:00:00+00:00\",\"mainEntityOfPage\":{\"@id\":\"https:\/\/psol50.org.br\/rs-revista-veja-mente-e-sera-processada-por-dano-moral-contra-luciana-genro\/\"},\"wordCount\":571,\"commentCount\":0,\"publisher\":{\"@id\":\"https:\/\/psol50.org.br\/#organization\"},\"image\":{\"@id\":\"https:\/\/psol50.org.br\/rs-revista-veja-mente-e-sera-processada-por-dano-moral-contra-luciana-genro\/#primaryimage\"},\"thumbnailUrl\":\"http:\/\/psol50.org.br\/files\/2011\/03\/LucianaGenro.jpg\",\"articleSection\":[\"Arquivo\"],\"inLanguage\":\"pt-BR\",\"potentialAction\":[{\"@type\":\"CommentAction\",\"name\":\"Comment\",\"target\":[\"https:\/\/psol50.org.br\/rs-revista-veja-mente-e-sera-processada-por-dano-moral-contra-luciana-genro\/#respond\"]}]},{\"@type\":\"WebPage\",\"@id\":\"https:\/\/psol50.org.br\/rs-revista-veja-mente-e-sera-processada-por-dano-moral-contra-luciana-genro\/\",\"url\":\"https:\/\/psol50.org.br\/rs-revista-veja-mente-e-sera-processada-por-dano-moral-contra-luciana-genro\/\",\"name\":\"RS: Revista Veja mente e ser\u00e1 processada por dano moral contra Luciana Genro - PSOL 50\",\"isPartOf\":{\"@id\":\"https:\/\/psol50.org.br\/#website\"},\"primaryImageOfPage\":{\"@id\":\"https:\/\/psol50.org.br\/rs-revista-veja-mente-e-sera-processada-por-dano-moral-contra-luciana-genro\/#primaryimage\"},\"image\":{\"@id\":\"https:\/\/psol50.org.br\/rs-revista-veja-mente-e-sera-processada-por-dano-moral-contra-luciana-genro\/#primaryimage\"},\"thumbnailUrl\":\"http:\/\/psol50.org.br\/files\/2011\/03\/LucianaGenro.jpg\",\"datePublished\":\"2011-03-10T00:00:00+00:00\",\"breadcrumb\":{\"@id\":\"https:\/\/psol50.org.br\/rs-revista-veja-mente-e-sera-processada-por-dano-moral-contra-luciana-genro\/#breadcrumb\"},\"inLanguage\":\"pt-BR\",\"potentialAction\":[{\"@type\":\"ReadAction\",\"target\":[\"https:\/\/psol50.org.br\/rs-revista-veja-mente-e-sera-processada-por-dano-moral-contra-luciana-genro\/\"]}]},{\"@type\":\"ImageObject\",\"inLanguage\":\"pt-BR\",\"@id\":\"https:\/\/psol50.org.br\/rs-revista-veja-mente-e-sera-processada-por-dano-moral-contra-luciana-genro\/#primaryimage\",\"url\":\"http:\/\/psol50.org.br\/files\/2011\/03\/LucianaGenro.jpg\",\"contentUrl\":\"http:\/\/psol50.org.br\/files\/2011\/03\/LucianaGenro.jpg\"},{\"@type\":\"BreadcrumbList\",\"@id\":\"https:\/\/psol50.org.br\/rs-revista-veja-mente-e-sera-processada-por-dano-moral-contra-luciana-genro\/#breadcrumb\",\"itemListElement\":[{\"@type\":\"ListItem\",\"position\":1,\"name\":\"In\u00edcio\",\"item\":\"https:\/\/psol50.org.br\/\"},{\"@type\":\"ListItem\",\"position\":2,\"name\":\"RS: Revista Veja mente e ser\u00e1 processada por dano moral contra Luciana Genro\"}]},{\"@type\":\"WebSite\",\"@id\":\"https:\/\/psol50.org.br\/#website\",\"url\":\"https:\/\/psol50.org.br\/\",\"name\":\"PSOL 50\",\"description\":\"Site oficial do Partido Socialismo e Liberdade\",\"publisher\":{\"@id\":\"https:\/\/psol50.org.br\/#organization\"},\"alternateName\":\"PSOL50\",\"potentialAction\":[{\"@type\":\"SearchAction\",\"target\":{\"@type\":\"EntryPoint\",\"urlTemplate\":\"https:\/\/psol50.org.br\/?s={search_term_string}\"},\"query-input\":{\"@type\":\"PropertyValueSpecification\",\"valueRequired\":true,\"valueName\":\"search_term_string\"}}],\"inLanguage\":\"pt-BR\"},{\"@type\":\"Organization\",\"@id\":\"https:\/\/psol50.org.br\/#organization\",\"name\":\"PSOL 50\",\"alternateName\":\"PSOL 50\",\"url\":\"https:\/\/psol50.org.br\/\",\"logo\":{\"@type\":\"ImageObject\",\"inLanguage\":\"pt-BR\",\"@id\":\"https:\/\/psol50.org.br\/#\/schema\/logo\/image\/\",\"url\":\"https:\/\/psol50.org.br\/inc\/uploads\/2018\/07\/capa.png\",\"contentUrl\":\"https:\/\/psol50.org.br\/inc\/uploads\/2018\/07\/capa.png\",\"width\":1350,\"height\":900,\"caption\":\"PSOL 50\"},\"image\":{\"@id\":\"https:\/\/psol50.org.br\/#\/schema\/logo\/image\/\"},\"sameAs\":[\"https:\/\/www.facebook.com\/psol50\",\"https:\/\/x.com\/psol50\",\"https:\/\/www.instagram.com\/psol50\/\",\"https:\/\/www.youtube.com\/channel\/UC7SnJS5o1os7a6CaiNabzcg\"]},{\"@type\":\"Person\",\"@id\":\"https:\/\/psol50.org.br\/#\/schema\/person\/475dfa57d0b815993c714c2e96491fcd\",\"name\":\"Comunica\u00e7\u00e3o PSOL\",\"image\":{\"@type\":\"ImageObject\",\"inLanguage\":\"pt-BR\",\"@id\":\"https:\/\/psol50.org.br\/#\/schema\/person\/image\/\",\"url\":\"https:\/\/secure.gravatar.com\/avatar\/b34fc4f4e468a4e51785917065a3db57b841f5c95dba6ad8c73aaf8f66f8f9bf?s=96&d=mm&r=g\",\"contentUrl\":\"https:\/\/secure.gravatar.com\/avatar\/b34fc4f4e468a4e51785917065a3db57b841f5c95dba6ad8c73aaf8f66f8f9bf?s=96&d=mm&r=g\",\"caption\":\"Comunica\u00e7\u00e3o PSOL\"}}]}<\/script>\n<!-- \/ Yoast SEO plugin. -->","yoast_head_json":{"title":"RS: Revista Veja mente e ser\u00e1 processada por dano moral contra Luciana Genro - PSOL 50","robots":{"index":"index","follow":"follow","max-snippet":"max-snippet:-1","max-image-preview":"max-image-preview:large","max-video-preview":"max-video-preview:-1"},"canonical":"https:\/\/psol50.org.br\/rs-revista-veja-mente-e-sera-processada-por-dano-moral-contra-luciana-genro\/","og_locale":"pt_BR","og_type":"article","og_title":"RS: Revista Veja mente e ser\u00e1 processada por dano moral contra Luciana Genro - PSOL 50","og_description":"Por Luciana Genro* O Projeto Emancipa j\u00e1 \u00e9 um sucesso. As inscri\u00e7\u00f5es ainda n\u00e3o terminaram, mas j\u00e1 temos mais inscritos do que as 100 vagas dispon\u00edveis. O apoio que temos recebido \u00e9 enorme. Este apoio se expressou inclusive na imprensa ga\u00facha, que atrav\u00e9s de v\u00e1rios comunicadores e jornalistas ajudou a divulgar o projeto pela sua [&hellip;]","og_url":"https:\/\/psol50.org.br\/rs-revista-veja-mente-e-sera-processada-por-dano-moral-contra-luciana-genro\/","og_site_name":"PSOL 50","article_publisher":"https:\/\/www.facebook.com\/psol50","article_published_time":"2011-03-10T00:00:00+00:00","og_image":[{"url":"http:\/\/psol50.org.br\/files\/2011\/03\/LucianaGenro.jpg","type":"","width":"","height":""}],"author":"Comunica\u00e7\u00e3o PSOL","twitter_card":"summary_large_image","twitter_creator":"@psol50","twitter_site":"@psol50","twitter_misc":{"Escrito por":"Comunica\u00e7\u00e3o PSOL","Est. tempo de leitura":"3 minutos"},"schema":{"@context":"https:\/\/schema.org","@graph":[{"@type":"Article","@id":"https:\/\/psol50.org.br\/rs-revista-veja-mente-e-sera-processada-por-dano-moral-contra-luciana-genro\/#article","isPartOf":{"@id":"https:\/\/psol50.org.br\/rs-revista-veja-mente-e-sera-processada-por-dano-moral-contra-luciana-genro\/"},"author":{"name":"Comunica\u00e7\u00e3o PSOL","@id":"https:\/\/psol50.org.br\/#\/schema\/person\/475dfa57d0b815993c714c2e96491fcd"},"headline":"RS: Revista Veja mente e ser\u00e1 processada por dano moral contra Luciana Genro","datePublished":"2011-03-10T00:00:00+00:00","mainEntityOfPage":{"@id":"https:\/\/psol50.org.br\/rs-revista-veja-mente-e-sera-processada-por-dano-moral-contra-luciana-genro\/"},"wordCount":571,"commentCount":0,"publisher":{"@id":"https:\/\/psol50.org.br\/#organization"},"image":{"@id":"https:\/\/psol50.org.br\/rs-revista-veja-mente-e-sera-processada-por-dano-moral-contra-luciana-genro\/#primaryimage"},"thumbnailUrl":"http:\/\/psol50.org.br\/files\/2011\/03\/LucianaGenro.jpg","articleSection":["Arquivo"],"inLanguage":"pt-BR","potentialAction":[{"@type":"CommentAction","name":"Comment","target":["https:\/\/psol50.org.br\/rs-revista-veja-mente-e-sera-processada-por-dano-moral-contra-luciana-genro\/#respond"]}]},{"@type":"WebPage","@id":"https:\/\/psol50.org.br\/rs-revista-veja-mente-e-sera-processada-por-dano-moral-contra-luciana-genro\/","url":"https:\/\/psol50.org.br\/rs-revista-veja-mente-e-sera-processada-por-dano-moral-contra-luciana-genro\/","name":"RS: Revista Veja mente e ser\u00e1 processada por dano moral contra Luciana Genro - PSOL 50","isPartOf":{"@id":"https:\/\/psol50.org.br\/#website"},"primaryImageOfPage":{"@id":"https:\/\/psol50.org.br\/rs-revista-veja-mente-e-sera-processada-por-dano-moral-contra-luciana-genro\/#primaryimage"},"image":{"@id":"https:\/\/psol50.org.br\/rs-revista-veja-mente-e-sera-processada-por-dano-moral-contra-luciana-genro\/#primaryimage"},"thumbnailUrl":"http:\/\/psol50.org.br\/files\/2011\/03\/LucianaGenro.jpg","datePublished":"2011-03-10T00:00:00+00:00","breadcrumb":{"@id":"https:\/\/psol50.org.br\/rs-revista-veja-mente-e-sera-processada-por-dano-moral-contra-luciana-genro\/#breadcrumb"},"inLanguage":"pt-BR","potentialAction":[{"@type":"ReadAction","target":["https:\/\/psol50.org.br\/rs-revista-veja-mente-e-sera-processada-por-dano-moral-contra-luciana-genro\/"]}]},{"@type":"ImageObject","inLanguage":"pt-BR","@id":"https:\/\/psol50.org.br\/rs-revista-veja-mente-e-sera-processada-por-dano-moral-contra-luciana-genro\/#primaryimage","url":"http:\/\/psol50.org.br\/files\/2011\/03\/LucianaGenro.jpg","contentUrl":"http:\/\/psol50.org.br\/files\/2011\/03\/LucianaGenro.jpg"},{"@type":"BreadcrumbList","@id":"https:\/\/psol50.org.br\/rs-revista-veja-mente-e-sera-processada-por-dano-moral-contra-luciana-genro\/#breadcrumb","itemListElement":[{"@type":"ListItem","position":1,"name":"In\u00edcio","item":"https:\/\/psol50.org.br\/"},{"@type":"ListItem","position":2,"name":"RS: Revista Veja mente e ser\u00e1 processada por dano moral contra Luciana Genro"}]},{"@type":"WebSite","@id":"https:\/\/psol50.org.br\/#website","url":"https:\/\/psol50.org.br\/","name":"PSOL 50","description":"Site oficial do Partido Socialismo e Liberdade","publisher":{"@id":"https:\/\/psol50.org.br\/#organization"},"alternateName":"PSOL50","potentialAction":[{"@type":"SearchAction","target":{"@type":"EntryPoint","urlTemplate":"https:\/\/psol50.org.br\/?s={search_term_string}"},"query-input":{"@type":"PropertyValueSpecification","valueRequired":true,"valueName":"search_term_string"}}],"inLanguage":"pt-BR"},{"@type":"Organization","@id":"https:\/\/psol50.org.br\/#organization","name":"PSOL 50","alternateName":"PSOL 50","url":"https:\/\/psol50.org.br\/","logo":{"@type":"ImageObject","inLanguage":"pt-BR","@id":"https:\/\/psol50.org.br\/#\/schema\/logo\/image\/","url":"https:\/\/psol50.org.br\/inc\/uploads\/2018\/07\/capa.png","contentUrl":"https:\/\/psol50.org.br\/inc\/uploads\/2018\/07\/capa.png","width":1350,"height":900,"caption":"PSOL 50"},"image":{"@id":"https:\/\/psol50.org.br\/#\/schema\/logo\/image\/"},"sameAs":["https:\/\/www.facebook.com\/psol50","https:\/\/x.com\/psol50","https:\/\/www.instagram.com\/psol50\/","https:\/\/www.youtube.com\/channel\/UC7SnJS5o1os7a6CaiNabzcg"]},{"@type":"Person","@id":"https:\/\/psol50.org.br\/#\/schema\/person\/475dfa57d0b815993c714c2e96491fcd","name":"Comunica\u00e7\u00e3o PSOL","image":{"@type":"ImageObject","inLanguage":"pt-BR","@id":"https:\/\/psol50.org.br\/#\/schema\/person\/image\/","url":"https:\/\/secure.gravatar.com\/avatar\/b34fc4f4e468a4e51785917065a3db57b841f5c95dba6ad8c73aaf8f66f8f9bf?s=96&d=mm&r=g","contentUrl":"https:\/\/secure.gravatar.com\/avatar\/b34fc4f4e468a4e51785917065a3db57b841f5c95dba6ad8c73aaf8f66f8f9bf?s=96&d=mm&r=g","caption":"Comunica\u00e7\u00e3o PSOL"}}]}},"_links":{"self":[{"href":"https:\/\/psol50.org.br\/rest\/wp\/v2\/posts\/1493","targetHints":{"allow":["GET"]}}],"collection":[{"href":"https:\/\/psol50.org.br\/rest\/wp\/v2\/posts"}],"about":[{"href":"https:\/\/psol50.org.br\/rest\/wp\/v2\/types\/post"}],"author":[{"embeddable":true,"href":"https:\/\/psol50.org.br\/rest\/wp\/v2\/users\/2"}],"replies":[{"embeddable":true,"href":"https:\/\/psol50.org.br\/rest\/wp\/v2\/comments?post=1493"}],"version-history":[{"count":0,"href":"https:\/\/psol50.org.br\/rest\/wp\/v2\/posts\/1493\/revisions"}],"wp:attachment":[{"href":"https:\/\/psol50.org.br\/rest\/wp\/v2\/media?parent=1493"}],"wp:term":[{"taxonomy":"category","embeddable":true,"href":"https:\/\/psol50.org.br\/rest\/wp\/v2\/categories?post=1493"},{"taxonomy":"post_tag","embeddable":true,"href":"https:\/\/psol50.org.br\/rest\/wp\/v2\/tags?post=1493"}],"curies":[{"name":"wp","href":"https:\/\/api.w.org\/{rel}","templated":true}]}}