{"id":14943,"date":"2016-12-14T13:31:37","date_gmt":"2016-12-14T13:31:37","guid":{"rendered":"http:\/\/www.psol50.org.br\/?p=14943"},"modified":"2016-12-14T13:31:37","modified_gmt":"2016-12-14T13:31:37","slug":"com-graves-retrocessos-votacao-de-mudancas-no-ensino-medio-e-concluida-na-camara","status":"publish","type":"post","link":"https:\/\/psol50.org.br\/com-graves-retrocessos-votacao-de-mudancas-no-ensino-medio-e-concluida-na-camara\/","title":{"rendered":"Com graves retrocesso, vota\u00e7\u00e3o de mudan\u00e7as no ensino m\u00e9dio \u00e9 conclu\u00edda na C\u00e2mara"},"content":{"rendered":"<p><em>PSOL apresentou proposta para tornar sociologia e filosofia obrigat\u00f3rias na grade curricular. Destaque foi rejeitado<\/p>\n<p><\/em>A C\u00e2mara dos Deputados\u00a0concluiu na noite desta ter\u00e7a-feira (13\/12) a vota\u00e7\u00e3o da proposta que altera o ensino m\u00e9dio, trazendo graves retrocessos para a educa\u00e7\u00e3o brasileira. O texto principal da Medida Provis\u00f3ria 746 foi aprovado na semana passada, com o voto contr\u00e1rio de toda a bancada do PSOL, e faltavam os destaques.<\/p>\n<p>Entre os artigos da MP havia a retirada de disciplinas como sociologia e filosofia da grade curricular. Neste sentido, o PSOL prop\u00f4s destaque para tornar obrigat\u00f3rias estas duas mat\u00e9rias no ensino m\u00e9dio. \u201cIsto \u00e9 algo que todos aqueles que defendem uma educa\u00e7\u00e3o p\u00fablica gratuita de qualidade para todos e que defendem o ensino cr\u00edtico no nosso pa\u00eds e a forma\u00e7\u00e3o integral dos nossos estudantes defendem h\u00e1 muito tempo\u201d, defendeu o l\u00edder do PSOL, deputado Ivan Valente (SP).<\/p>\n<p>Antes da an\u00e1lise do destaque do PSOL, o DEM apresentou uma emenda aglutinativa que tornava obrigat\u00f3rios conte\u00fados de filosofia e sociologia, mas tamb\u00e9m determinava que os recursos destinados ao fomento da educa\u00e7\u00e3o em tempo integral pudessem ser utilizados para a compra de merenda. Na avalia\u00e7\u00e3o da bancada do PSOL, o dinheiro da merenda deveria vir de fonte pr\u00f3pria. Os partidos decidiriam rejeitar a emenda do DEM para aprovar em seguida a do PSOL.<\/p>\n<p>No entanto, a base governista articulou e inviabilizou a aprova\u00e7\u00e3o. A proposta do PSOL foi rejeitada por 208 votos a 148. Em seguida, foi aprovado outro destaque do DEM que inclui os conte\u00fados de sociologia e filosofia no ensino m\u00e9dio, mas n\u00e3o a obrigatoriedade das disciplinas. A bancada do PSOL votou favoravelmente, mas destacou que se tratava de uma solu\u00e7\u00e3o aqu\u00e9m da desejada, j\u00e1 que fica em aberto a possibilidade de os conte\u00fados serem dilu\u00eddos em outras disciplinas.<\/p>\n<p>\u201cPor que foi feita a aglutinativa se podiam ser feitas duas emendas separadas? Foi feita a aglutinativa, primeiro, para tirar a autoria do PSOL do destaque. N\u00f3s propomos uma emenda diferente, para que haja Filosofia e Sociologia em todos os anos do ensino m\u00e9dio, a favor de uma educa\u00e7\u00e3o progressista\u201d, afirmou o deputado Ivan Valente.<\/p>\n<p>A MP segue agora para an\u00e1lise no Senado Federal.<\/p>\n<p><strong>Inconstitucionalidade<\/strong><br \/>\nA bancada do PSOL desde a edi\u00e7\u00e3o da MP se manifestou contra a proposta, uma das primeiras apresentadas pelo presidente ileg\u00edtimo Michel Temer, t\u00e3o logo ele assumiu o Pal\u00e1cio do Planalto. Sem qualquer di\u00e1logo com entidades sindicais de trabalhadores da educa\u00e7\u00e3o e dos estudantes, o governo quer impor altera\u00e7\u00f5es severas que trar\u00e3o preju\u00edzos, no decorrer dos anos, para professores e alunos.<\/p>\n<p>Em setembro, o partido\u00a0<span style=\"color: #0000ff\"><strong><a style=\"color: #0000ff\" href=\"http:\/\/www.psol50.org.br\/blog\/2016\/09\/27\/psol-recorre-nessa-quarta-ao-stf-contra-reforma-do-ensino-medio\/\">protocolou uma A\u00e7\u00e3o Direta de Inconstitucionalidade no STF contra a medida provis\u00f3ria<\/a><\/strong><\/span>.<\/p>\n<p>&nbsp;<\/p>\n","protected":false},"excerpt":{"rendered":"<p>PSOL apresentou proposta para tornar sociologia e filosofia obrigat\u00f3rias na grade curricular. Destaque foi rejeitado A C\u00e2mara dos Deputados\u00a0concluiu na noite desta ter\u00e7a-feira (13\/12) a vota\u00e7\u00e3o da proposta que altera o ensino m\u00e9dio, trazendo graves retrocessos para a educa\u00e7\u00e3o brasileira. O texto principal da Medida Provis\u00f3ria 746 foi aprovado na semana passada, com o voto [&hellip;]<\/p>\n","protected":false},"author":2,"featured_media":14218,"comment_status":"open","ping_status":"open","sticky":false,"template":"","format":"standard","meta":{"_acf_changed":false,"footnotes":""},"categories":[10,1882,2208,6],"tags":[709,164,4717,1748,4612,22,2195,2207,4719],"class_list":{"0":"post-14943","1":"post","2":"type-post","3":"status-publish","4":"format-standard","5":"has-post-thumbnail","7":"category-acao-parlamentares","8":"category-brasil","9":"category-educacao","10":"category-noticias","11":"tag-camara-dos-deputados","12":"tag-educacao","13":"tag-filosofia","14":"tag-michel-temer","15":"tag-mp-7462016","16":"tag-psol","17":"tag-reforma-do-ensino-medio","18":"tag-retrocessos","19":"tag-sociologia"},"acf":[],"yoast_head":"<!-- This site is optimized with the Yoast SEO plugin v26.5 - https:\/\/yoast.com\/wordpress\/plugins\/seo\/ -->\n<title>Com graves retrocesso, vota\u00e7\u00e3o de mudan\u00e7as no ensino m\u00e9dio \u00e9 conclu\u00edda na C\u00e2mara - PSOL 50<\/title>\n<meta name=\"robots\" content=\"index, follow, max-snippet:-1, max-image-preview:large, max-video-preview:-1\" \/>\n<link rel=\"canonical\" href=\"https:\/\/psol50.org.br\/com-graves-retrocessos-votacao-de-mudancas-no-ensino-medio-e-concluida-na-camara\/\" \/>\n<meta property=\"og:locale\" content=\"pt_BR\" \/>\n<meta property=\"og:type\" content=\"article\" \/>\n<meta property=\"og:title\" content=\"Com graves retrocesso, vota\u00e7\u00e3o de mudan\u00e7as no ensino m\u00e9dio \u00e9 conclu\u00edda na C\u00e2mara - PSOL 50\" \/>\n<meta property=\"og:description\" content=\"PSOL apresentou proposta para tornar sociologia e filosofia obrigat\u00f3rias na grade curricular. Destaque foi rejeitado A C\u00e2mara dos Deputados\u00a0concluiu na noite desta ter\u00e7a-feira (13\/12) a vota\u00e7\u00e3o da proposta que altera o ensino m\u00e9dio, trazendo graves retrocessos para a educa\u00e7\u00e3o brasileira. O texto principal da Medida Provis\u00f3ria 746 foi aprovado na semana passada, com o voto [&hellip;]\" \/>\n<meta property=\"og:url\" content=\"https:\/\/psol50.org.br\/com-graves-retrocessos-votacao-de-mudancas-no-ensino-medio-e-concluida-na-camara\/\" \/>\n<meta property=\"og:site_name\" content=\"PSOL 50\" \/>\n<meta property=\"article:publisher\" content=\"https:\/\/www.facebook.com\/psol50\" \/>\n<meta property=\"article:published_time\" content=\"2016-12-14T13:31:37+00:00\" \/>\n<meta property=\"og:image\" content=\"https:\/\/psol50.org.br\/inc\/uploads\/2018\/07\/capa.png\" \/>\n\t<meta property=\"og:image:width\" content=\"1350\" \/>\n\t<meta property=\"og:image:height\" content=\"900\" \/>\n\t<meta property=\"og:image:type\" content=\"image\/png\" \/>\n<meta name=\"author\" content=\"Comunica\u00e7\u00e3o PSOL\" \/>\n<meta name=\"twitter:card\" content=\"summary_large_image\" \/>\n<meta name=\"twitter:creator\" content=\"@psol50\" \/>\n<meta name=\"twitter:site\" content=\"@psol50\" \/>\n<meta name=\"twitter:label1\" content=\"Escrito por\" \/>\n\t<meta name=\"twitter:data1\" content=\"Comunica\u00e7\u00e3o PSOL\" \/>\n\t<meta name=\"twitter:label2\" content=\"Est. tempo de leitura\" \/>\n\t<meta name=\"twitter:data2\" content=\"2 minutos\" \/>\n<script type=\"application\/ld+json\" class=\"yoast-schema-graph\">{\"@context\":\"https:\/\/schema.org\",\"@graph\":[{\"@type\":\"Article\",\"@id\":\"https:\/\/psol50.org.br\/com-graves-retrocessos-votacao-de-mudancas-no-ensino-medio-e-concluida-na-camara\/#article\",\"isPartOf\":{\"@id\":\"https:\/\/psol50.org.br\/com-graves-retrocessos-votacao-de-mudancas-no-ensino-medio-e-concluida-na-camara\/\"},\"author\":{\"name\":\"Comunica\u00e7\u00e3o PSOL\",\"@id\":\"https:\/\/psol50.org.br\/#\/schema\/person\/475dfa57d0b815993c714c2e96491fcd\"},\"headline\":\"Com graves retrocesso, vota\u00e7\u00e3o de mudan\u00e7as no ensino m\u00e9dio \u00e9 conclu\u00edda na C\u00e2mara\",\"datePublished\":\"2016-12-14T13:31:37+00:00\",\"mainEntityOfPage\":{\"@id\":\"https:\/\/psol50.org.br\/com-graves-retrocessos-votacao-de-mudancas-no-ensino-medio-e-concluida-na-camara\/\"},\"wordCount\":498,\"commentCount\":0,\"publisher\":{\"@id\":\"https:\/\/psol50.org.br\/#organization\"},\"image\":{\"@id\":\"https:\/\/psol50.org.br\/com-graves-retrocessos-votacao-de-mudancas-no-ensino-medio-e-concluida-na-camara\/#primaryimage\"},\"thumbnailUrl\":\"\",\"keywords\":[\"C\u00e2mara dos Deputados\",\"Educa\u00e7\u00e3o\",\"filosofia\",\"Michel Temer\",\"MP 746\/2016\",\"PSOL\",\"reforma do ensino m\u00e9dio\",\"retrocessos\",\"sociologia\"],\"articleSection\":[\"A\u00e7\u00e3o Parlamentar\",\"Brasil\",\"Educa\u00e7\u00e3o\",\"Not\u00edcias\"],\"inLanguage\":\"pt-BR\",\"potentialAction\":[{\"@type\":\"CommentAction\",\"name\":\"Comment\",\"target\":[\"https:\/\/psol50.org.br\/com-graves-retrocessos-votacao-de-mudancas-no-ensino-medio-e-concluida-na-camara\/#respond\"]}]},{\"@type\":\"WebPage\",\"@id\":\"https:\/\/psol50.org.br\/com-graves-retrocessos-votacao-de-mudancas-no-ensino-medio-e-concluida-na-camara\/\",\"url\":\"https:\/\/psol50.org.br\/com-graves-retrocessos-votacao-de-mudancas-no-ensino-medio-e-concluida-na-camara\/\",\"name\":\"Com graves retrocesso, vota\u00e7\u00e3o de mudan\u00e7as no ensino m\u00e9dio \u00e9 conclu\u00edda na C\u00e2mara - PSOL 50\",\"isPartOf\":{\"@id\":\"https:\/\/psol50.org.br\/#website\"},\"primaryImageOfPage\":{\"@id\":\"https:\/\/psol50.org.br\/com-graves-retrocessos-votacao-de-mudancas-no-ensino-medio-e-concluida-na-camara\/#primaryimage\"},\"image\":{\"@id\":\"https:\/\/psol50.org.br\/com-graves-retrocessos-votacao-de-mudancas-no-ensino-medio-e-concluida-na-camara\/#primaryimage\"},\"thumbnailUrl\":\"\",\"datePublished\":\"2016-12-14T13:31:37+00:00\",\"breadcrumb\":{\"@id\":\"https:\/\/psol50.org.br\/com-graves-retrocessos-votacao-de-mudancas-no-ensino-medio-e-concluida-na-camara\/#breadcrumb\"},\"inLanguage\":\"pt-BR\",\"potentialAction\":[{\"@type\":\"ReadAction\",\"target\":[\"https:\/\/psol50.org.br\/com-graves-retrocessos-votacao-de-mudancas-no-ensino-medio-e-concluida-na-camara\/\"]}]},{\"@type\":\"ImageObject\",\"inLanguage\":\"pt-BR\",\"@id\":\"https:\/\/psol50.org.br\/com-graves-retrocessos-votacao-de-mudancas-no-ensino-medio-e-concluida-na-camara\/#primaryimage\",\"url\":\"\",\"contentUrl\":\"\"},{\"@type\":\"BreadcrumbList\",\"@id\":\"https:\/\/psol50.org.br\/com-graves-retrocessos-votacao-de-mudancas-no-ensino-medio-e-concluida-na-camara\/#breadcrumb\",\"itemListElement\":[{\"@type\":\"ListItem\",\"position\":1,\"name\":\"In\u00edcio\",\"item\":\"https:\/\/psol50.org.br\/\"},{\"@type\":\"ListItem\",\"position\":2,\"name\":\"Com graves retrocesso, vota\u00e7\u00e3o de mudan\u00e7as no ensino m\u00e9dio \u00e9 conclu\u00edda na C\u00e2mara\"}]},{\"@type\":\"WebSite\",\"@id\":\"https:\/\/psol50.org.br\/#website\",\"url\":\"https:\/\/psol50.org.br\/\",\"name\":\"PSOL 50\",\"description\":\"Site oficial do Partido Socialismo e Liberdade\",\"publisher\":{\"@id\":\"https:\/\/psol50.org.br\/#organization\"},\"alternateName\":\"PSOL50\",\"potentialAction\":[{\"@type\":\"SearchAction\",\"target\":{\"@type\":\"EntryPoint\",\"urlTemplate\":\"https:\/\/psol50.org.br\/?s={search_term_string}\"},\"query-input\":{\"@type\":\"PropertyValueSpecification\",\"valueRequired\":true,\"valueName\":\"search_term_string\"}}],\"inLanguage\":\"pt-BR\"},{\"@type\":\"Organization\",\"@id\":\"https:\/\/psol50.org.br\/#organization\",\"name\":\"PSOL 50\",\"alternateName\":\"PSOL 50\",\"url\":\"https:\/\/psol50.org.br\/\",\"logo\":{\"@type\":\"ImageObject\",\"inLanguage\":\"pt-BR\",\"@id\":\"https:\/\/psol50.org.br\/#\/schema\/logo\/image\/\",\"url\":\"https:\/\/psol50.org.br\/inc\/uploads\/2018\/07\/capa.png\",\"contentUrl\":\"https:\/\/psol50.org.br\/inc\/uploads\/2018\/07\/capa.png\",\"width\":1350,\"height\":900,\"caption\":\"PSOL 50\"},\"image\":{\"@id\":\"https:\/\/psol50.org.br\/#\/schema\/logo\/image\/\"},\"sameAs\":[\"https:\/\/www.facebook.com\/psol50\",\"https:\/\/x.com\/psol50\",\"https:\/\/www.instagram.com\/psol50\/\",\"https:\/\/www.youtube.com\/channel\/UC7SnJS5o1os7a6CaiNabzcg\"]},{\"@type\":\"Person\",\"@id\":\"https:\/\/psol50.org.br\/#\/schema\/person\/475dfa57d0b815993c714c2e96491fcd\",\"name\":\"Comunica\u00e7\u00e3o PSOL\",\"image\":{\"@type\":\"ImageObject\",\"inLanguage\":\"pt-BR\",\"@id\":\"https:\/\/psol50.org.br\/#\/schema\/person\/image\/\",\"url\":\"https:\/\/secure.gravatar.com\/avatar\/b34fc4f4e468a4e51785917065a3db57b841f5c95dba6ad8c73aaf8f66f8f9bf?s=96&d=mm&r=g\",\"contentUrl\":\"https:\/\/secure.gravatar.com\/avatar\/b34fc4f4e468a4e51785917065a3db57b841f5c95dba6ad8c73aaf8f66f8f9bf?s=96&d=mm&r=g\",\"caption\":\"Comunica\u00e7\u00e3o PSOL\"}}]}<\/script>\n<!-- \/ Yoast SEO plugin. -->","yoast_head_json":{"title":"Com graves retrocesso, vota\u00e7\u00e3o de mudan\u00e7as no ensino m\u00e9dio \u00e9 conclu\u00edda na C\u00e2mara - PSOL 50","robots":{"index":"index","follow":"follow","max-snippet":"max-snippet:-1","max-image-preview":"max-image-preview:large","max-video-preview":"max-video-preview:-1"},"canonical":"https:\/\/psol50.org.br\/com-graves-retrocessos-votacao-de-mudancas-no-ensino-medio-e-concluida-na-camara\/","og_locale":"pt_BR","og_type":"article","og_title":"Com graves retrocesso, vota\u00e7\u00e3o de mudan\u00e7as no ensino m\u00e9dio \u00e9 conclu\u00edda na C\u00e2mara - PSOL 50","og_description":"PSOL apresentou proposta para tornar sociologia e filosofia obrigat\u00f3rias na grade curricular. Destaque foi rejeitado A C\u00e2mara dos Deputados\u00a0concluiu na noite desta ter\u00e7a-feira (13\/12) a vota\u00e7\u00e3o da proposta que altera o ensino m\u00e9dio, trazendo graves retrocessos para a educa\u00e7\u00e3o brasileira. O texto principal da Medida Provis\u00f3ria 746 foi aprovado na semana passada, com o voto [&hellip;]","og_url":"https:\/\/psol50.org.br\/com-graves-retrocessos-votacao-de-mudancas-no-ensino-medio-e-concluida-na-camara\/","og_site_name":"PSOL 50","article_publisher":"https:\/\/www.facebook.com\/psol50","article_published_time":"2016-12-14T13:31:37+00:00","og_image":[{"width":1350,"height":900,"url":"https:\/\/psol50.org.br\/inc\/uploads\/2018\/07\/capa.png","type":"image\/png"}],"author":"Comunica\u00e7\u00e3o PSOL","twitter_card":"summary_large_image","twitter_creator":"@psol50","twitter_site":"@psol50","twitter_misc":{"Escrito por":"Comunica\u00e7\u00e3o PSOL","Est. tempo de leitura":"2 minutos"},"schema":{"@context":"https:\/\/schema.org","@graph":[{"@type":"Article","@id":"https:\/\/psol50.org.br\/com-graves-retrocessos-votacao-de-mudancas-no-ensino-medio-e-concluida-na-camara\/#article","isPartOf":{"@id":"https:\/\/psol50.org.br\/com-graves-retrocessos-votacao-de-mudancas-no-ensino-medio-e-concluida-na-camara\/"},"author":{"name":"Comunica\u00e7\u00e3o PSOL","@id":"https:\/\/psol50.org.br\/#\/schema\/person\/475dfa57d0b815993c714c2e96491fcd"},"headline":"Com graves retrocesso, vota\u00e7\u00e3o de mudan\u00e7as no ensino m\u00e9dio \u00e9 conclu\u00edda na C\u00e2mara","datePublished":"2016-12-14T13:31:37+00:00","mainEntityOfPage":{"@id":"https:\/\/psol50.org.br\/com-graves-retrocessos-votacao-de-mudancas-no-ensino-medio-e-concluida-na-camara\/"},"wordCount":498,"commentCount":0,"publisher":{"@id":"https:\/\/psol50.org.br\/#organization"},"image":{"@id":"https:\/\/psol50.org.br\/com-graves-retrocessos-votacao-de-mudancas-no-ensino-medio-e-concluida-na-camara\/#primaryimage"},"thumbnailUrl":"","keywords":["C\u00e2mara dos Deputados","Educa\u00e7\u00e3o","filosofia","Michel Temer","MP 746\/2016","PSOL","reforma do ensino m\u00e9dio","retrocessos","sociologia"],"articleSection":["A\u00e7\u00e3o Parlamentar","Brasil","Educa\u00e7\u00e3o","Not\u00edcias"],"inLanguage":"pt-BR","potentialAction":[{"@type":"CommentAction","name":"Comment","target":["https:\/\/psol50.org.br\/com-graves-retrocessos-votacao-de-mudancas-no-ensino-medio-e-concluida-na-camara\/#respond"]}]},{"@type":"WebPage","@id":"https:\/\/psol50.org.br\/com-graves-retrocessos-votacao-de-mudancas-no-ensino-medio-e-concluida-na-camara\/","url":"https:\/\/psol50.org.br\/com-graves-retrocessos-votacao-de-mudancas-no-ensino-medio-e-concluida-na-camara\/","name":"Com graves retrocesso, vota\u00e7\u00e3o de mudan\u00e7as no ensino m\u00e9dio \u00e9 conclu\u00edda na C\u00e2mara - PSOL 50","isPartOf":{"@id":"https:\/\/psol50.org.br\/#website"},"primaryImageOfPage":{"@id":"https:\/\/psol50.org.br\/com-graves-retrocessos-votacao-de-mudancas-no-ensino-medio-e-concluida-na-camara\/#primaryimage"},"image":{"@id":"https:\/\/psol50.org.br\/com-graves-retrocessos-votacao-de-mudancas-no-ensino-medio-e-concluida-na-camara\/#primaryimage"},"thumbnailUrl":"","datePublished":"2016-12-14T13:31:37+00:00","breadcrumb":{"@id":"https:\/\/psol50.org.br\/com-graves-retrocessos-votacao-de-mudancas-no-ensino-medio-e-concluida-na-camara\/#breadcrumb"},"inLanguage":"pt-BR","potentialAction":[{"@type":"ReadAction","target":["https:\/\/psol50.org.br\/com-graves-retrocessos-votacao-de-mudancas-no-ensino-medio-e-concluida-na-camara\/"]}]},{"@type":"ImageObject","inLanguage":"pt-BR","@id":"https:\/\/psol50.org.br\/com-graves-retrocessos-votacao-de-mudancas-no-ensino-medio-e-concluida-na-camara\/#primaryimage","url":"","contentUrl":""},{"@type":"BreadcrumbList","@id":"https:\/\/psol50.org.br\/com-graves-retrocessos-votacao-de-mudancas-no-ensino-medio-e-concluida-na-camara\/#breadcrumb","itemListElement":[{"@type":"ListItem","position":1,"name":"In\u00edcio","item":"https:\/\/psol50.org.br\/"},{"@type":"ListItem","position":2,"name":"Com graves retrocesso, vota\u00e7\u00e3o de mudan\u00e7as no ensino m\u00e9dio \u00e9 conclu\u00edda na C\u00e2mara"}]},{"@type":"WebSite","@id":"https:\/\/psol50.org.br\/#website","url":"https:\/\/psol50.org.br\/","name":"PSOL 50","description":"Site oficial do Partido Socialismo e Liberdade","publisher":{"@id":"https:\/\/psol50.org.br\/#organization"},"alternateName":"PSOL50","potentialAction":[{"@type":"SearchAction","target":{"@type":"EntryPoint","urlTemplate":"https:\/\/psol50.org.br\/?s={search_term_string}"},"query-input":{"@type":"PropertyValueSpecification","valueRequired":true,"valueName":"search_term_string"}}],"inLanguage":"pt-BR"},{"@type":"Organization","@id":"https:\/\/psol50.org.br\/#organization","name":"PSOL 50","alternateName":"PSOL 50","url":"https:\/\/psol50.org.br\/","logo":{"@type":"ImageObject","inLanguage":"pt-BR","@id":"https:\/\/psol50.org.br\/#\/schema\/logo\/image\/","url":"https:\/\/psol50.org.br\/inc\/uploads\/2018\/07\/capa.png","contentUrl":"https:\/\/psol50.org.br\/inc\/uploads\/2018\/07\/capa.png","width":1350,"height":900,"caption":"PSOL 50"},"image":{"@id":"https:\/\/psol50.org.br\/#\/schema\/logo\/image\/"},"sameAs":["https:\/\/www.facebook.com\/psol50","https:\/\/x.com\/psol50","https:\/\/www.instagram.com\/psol50\/","https:\/\/www.youtube.com\/channel\/UC7SnJS5o1os7a6CaiNabzcg"]},{"@type":"Person","@id":"https:\/\/psol50.org.br\/#\/schema\/person\/475dfa57d0b815993c714c2e96491fcd","name":"Comunica\u00e7\u00e3o PSOL","image":{"@type":"ImageObject","inLanguage":"pt-BR","@id":"https:\/\/psol50.org.br\/#\/schema\/person\/image\/","url":"https:\/\/secure.gravatar.com\/avatar\/b34fc4f4e468a4e51785917065a3db57b841f5c95dba6ad8c73aaf8f66f8f9bf?s=96&d=mm&r=g","contentUrl":"https:\/\/secure.gravatar.com\/avatar\/b34fc4f4e468a4e51785917065a3db57b841f5c95dba6ad8c73aaf8f66f8f9bf?s=96&d=mm&r=g","caption":"Comunica\u00e7\u00e3o PSOL"}}]}},"_links":{"self":[{"href":"https:\/\/psol50.org.br\/rest\/wp\/v2\/posts\/14943","targetHints":{"allow":["GET"]}}],"collection":[{"href":"https:\/\/psol50.org.br\/rest\/wp\/v2\/posts"}],"about":[{"href":"https:\/\/psol50.org.br\/rest\/wp\/v2\/types\/post"}],"author":[{"embeddable":true,"href":"https:\/\/psol50.org.br\/rest\/wp\/v2\/users\/2"}],"replies":[{"embeddable":true,"href":"https:\/\/psol50.org.br\/rest\/wp\/v2\/comments?post=14943"}],"version-history":[{"count":0,"href":"https:\/\/psol50.org.br\/rest\/wp\/v2\/posts\/14943\/revisions"}],"wp:featuredmedia":[{"embeddable":true,"href":"https:\/\/psol50.org.br\/rest\/"}],"wp:attachment":[{"href":"https:\/\/psol50.org.br\/rest\/wp\/v2\/media?parent=14943"}],"wp:term":[{"taxonomy":"category","embeddable":true,"href":"https:\/\/psol50.org.br\/rest\/wp\/v2\/categories?post=14943"},{"taxonomy":"post_tag","embeddable":true,"href":"https:\/\/psol50.org.br\/rest\/wp\/v2\/tags?post=14943"}],"curies":[{"name":"wp","href":"https:\/\/api.w.org\/{rel}","templated":true}]}}