{"id":14949,"date":"2016-12-14T14:46:47","date_gmt":"2016-12-14T14:46:47","guid":{"rendered":"http:\/\/www.psol50.org.br\/?p=14949"},"modified":"2016-12-14T14:46:47","modified_gmt":"2016-12-14T14:46:47","slug":"com-aprovacao-da-pec-55-temer-ganha-reforco-para-aprovar-novas-medidas-do-ajuste-fiscal","status":"publish","type":"post","link":"https:\/\/psol50.org.br\/com-aprovacao-da-pec-55-temer-ganha-reforco-para-aprovar-novas-medidas-do-ajuste-fiscal\/","title":{"rendered":"Com aprova\u00e7\u00e3o da PEC 55, Temer ganha refor\u00e7o para aprovar novas medidas do ajuste fiscal"},"content":{"rendered":"<p><a href=\"http:\/\/www.psol50.org.br\/blog\/2016\/12\/13\/senado-aprova-pec-55-em-segundo-turno\/\" target=\"_blank\" rel=\"noopener\"><strong><span style=\"color: #0000ff\">Aprovada no final da manh\u00e3 desta ter\u00e7a-feira (13\/12), em segundo turno no Senado Federal, a PEC 55\/2016<\/span><\/strong><\/a>, que limita os investimentos p\u00fablicos nos pr\u00f3ximos 20 anos, representa um dos maiores ataques aos direitos da popula\u00e7\u00e3o brasileira, em especial das pessoas que utilizam os servi\u00e7os p\u00fablicos. Em uma sess\u00e3o considerada r\u00e1pida para a vota\u00e7\u00e3o de uma mat\u00e9ria t\u00e3o complexa, o governo de Michel Temer venceu ontem uma importante batalha, que pavimenta o caminho para votar outras medidas de seu ajuste fiscal, como a <a href=\"http:\/\/www.psol50.org.br\/blog\/2016\/12\/12\/base-aliada-de-temer-acelera-reforma-da-previdencia-que-pode-ser-votada-nesta-quarta\/\" target=\"_blank\" rel=\"noopener\"><strong><span style=\"color: #0000ff\">reforma da Previd\u00eancia (PEC 287\/2016),<\/span><\/strong><\/a> em discuss\u00e3o na Comiss\u00e3o de Constitui\u00e7\u00e3o, Justi\u00e7a e Cidadania da C\u00e2mara dos Deputados.<\/p>\n<p>O PSOL, por meio de sua milit\u00e2ncia e de sua bancada na C\u00e2mara, denunciou a proposta desde o momento em que foi protocolada, ainda como PEC 241, assim que o presidente ileg\u00edtimo assumiu definitivamente o Pal\u00e1cio do Planalto. Os deputados Ivan Valente (SP), Chico Alencar (RJ), Luiza Erundina (SP), Edmilson Rodrigues (PA), Jean Wyllys (RJ) e Glauber Braga (RJ) denunciaram, insistentemente o quanto puderam, durante a tramita\u00e7\u00e3o da mat\u00e9ria na C\u00e2mara. Al\u00e9m de votarem contr\u00e1rios \u00e0 PEC, tamb\u00e9m lideraram a resist\u00eancia, ao lado de outros deputados da oposi\u00e7\u00e3o, contra a principal medida de Temer para agradar o mercado e o setor privado.<\/p>\n<p>Para o l\u00edder Ivan Valente, a aprova\u00e7\u00e3o do teto de gastos representa um grande retrocesso aos direitos da popula\u00e7\u00e3o, provocando um grave desmonte dos servi\u00e7os p\u00fablicos, especialmente da sa\u00fade e da educa\u00e7\u00e3o. \u201cUm grande retrocesso. Veremos quando seus efeitos sobre o desmonte da sa\u00fade e da educa\u00e7\u00e3o come\u00e7arem a ser sentidos pela maioria do povo\u201d.<\/p>\n<p>O paraense Edmilson Rodrigues classificou a PEC 55 como um verdadeiro roubo dos direitos do povo brasileiro, denunciando o limite nos investimentos com base no \u00edndice da infla\u00e7\u00e3o do ano anterior.<\/p>\n<p>A deputada Luiza Erundina destacou a necessidade da press\u00e3o popular para reverter o cen\u00e1rio desolador que se configurar\u00e1 no pa\u00eds a partir dos efeitos da proposta. \u201cOs direitos da popula\u00e7\u00e3o est\u00e3o sob forte risco. Somente a press\u00e3o popular \u00e9 capaz de reverter esse quadro\u201d, defende.<\/p>\n<p>Para o presidente nacional do PSOL, Luiz Ara\u00fajo, a aprova\u00e7\u00e3o da PEC do teto de gastos \u00e9 uma tentativa de Temer e seus aliados escaparem das cita\u00e7\u00f5es, na opera\u00e7\u00e3o Lava Jato, dos delatores da empreiteira Odebrecht. \u201cTodos os principais expoentes do governo, come\u00e7ando pelo Temer, est\u00e3o atolados na dela\u00e7\u00e3o da Odebrecht. Mesmo sem nenhuma possibilidade de continuar governando o pa\u00eds, o governo Temer conseguiu entregar o principal produto solicitado pelos que patrocinaram o golpe parlamentar: acabar com os direitos sociais e redirecionar recursos para os credores da d\u00edvida. Com a miss\u00e3o quase realizada (falta a reforma da Previd\u00eancia), esperam que sejam salvos da degola\u201d, avalia Ara\u00fajo.<\/p>\n<p>O governo tem demonstrado que seguir\u00e1 com seu empenho de passar o rolo compressor nos anseios da popula\u00e7\u00e3o. <a href=\"http:\/\/www.psol50.org.br\/blog\/2016\/12\/13\/pesquisa-revela-que-maioria-da-populacao-e-contra-pec-do-teto-de-gastos\/\" target=\"_blank\" rel=\"noopener\"><strong><span style=\"color: #0000ff\">Pesquisa do instituto Datafolha<\/span><\/strong><\/a>, realizada na semana passada e divulgada ontem (13) pelo jornal Folha de S\u00e3o Paulo, revelou que 60% dos entrevistados s\u00e3o contra a PEC do teto de gastos. Mesmo assim, ele n\u00e3o mediu esfor\u00e7os para aprovar a mat\u00e9ria com agilidade. Isso indica que a resist\u00eancia popular, com a unidade das entidades sindicais e estudantis e os movimentos sociais, precisa se intensificar no pr\u00f3ximo per\u00edodo. H\u00e1 ainda outros ataques a serem superados.<\/p>\n","protected":false},"excerpt":{"rendered":"<p>Aprovada no final da manh\u00e3 desta ter\u00e7a-feira (13\/12), em segundo turno no Senado Federal, a PEC 55\/2016, que limita os investimentos p\u00fablicos nos pr\u00f3ximos 20 anos, representa um dos maiores ataques aos direitos da popula\u00e7\u00e3o brasileira, em especial das pessoas que utilizam os servi\u00e7os p\u00fablicos. Em uma sess\u00e3o considerada r\u00e1pida para a vota\u00e7\u00e3o de uma [&hellip;]<\/p>\n","protected":false},"author":2,"featured_media":14950,"comment_status":"open","ping_status":"open","sticky":false,"template":"","format":"standard","meta":{"_acf_changed":false,"footnotes":""},"categories":[10,1882,6],"tags":[406,164,1748,4634,22,39,2207,173,703,2977,350],"class_list":{"0":"post-14949","1":"post","2":"type-post","3":"status-publish","4":"format-standard","5":"has-post-thumbnail","7":"category-acao-parlamentares","8":"category-brasil","9":"category-noticias","10":"tag-direitos","11":"tag-educacao","12":"tag-michel-temer","13":"tag-pec-552016","14":"tag-psol","15":"tag-reforma-da-previdencia","16":"tag-retrocessos","17":"tag-saude","18":"tag-senado","19":"tag-servicos-publicos","20":"tag-teto-de-gastos"},"acf":[],"yoast_head":"<!-- This site is optimized with the Yoast SEO plugin v26.5 - https:\/\/yoast.com\/wordpress\/plugins\/seo\/ -->\n<title>Com aprova\u00e7\u00e3o da PEC 55, Temer ganha refor\u00e7o para aprovar novas medidas do ajuste fiscal - PSOL 50<\/title>\n<meta name=\"robots\" content=\"index, follow, max-snippet:-1, max-image-preview:large, max-video-preview:-1\" \/>\n<link rel=\"canonical\" href=\"https:\/\/psol50.org.br\/com-aprovacao-da-pec-55-temer-ganha-reforco-para-aprovar-novas-medidas-do-ajuste-fiscal\/\" \/>\n<meta property=\"og:locale\" content=\"pt_BR\" \/>\n<meta property=\"og:type\" content=\"article\" \/>\n<meta property=\"og:title\" content=\"Com aprova\u00e7\u00e3o da PEC 55, Temer ganha refor\u00e7o para aprovar novas medidas do ajuste fiscal - PSOL 50\" \/>\n<meta property=\"og:description\" content=\"Aprovada no final da manh\u00e3 desta ter\u00e7a-feira (13\/12), em segundo turno no Senado Federal, a PEC 55\/2016, que limita os investimentos p\u00fablicos nos pr\u00f3ximos 20 anos, representa um dos maiores ataques aos direitos da popula\u00e7\u00e3o brasileira, em especial das pessoas que utilizam os servi\u00e7os p\u00fablicos. Em uma sess\u00e3o considerada r\u00e1pida para a vota\u00e7\u00e3o de uma [&hellip;]\" \/>\n<meta property=\"og:url\" content=\"https:\/\/psol50.org.br\/com-aprovacao-da-pec-55-temer-ganha-reforco-para-aprovar-novas-medidas-do-ajuste-fiscal\/\" \/>\n<meta property=\"og:site_name\" content=\"PSOL 50\" \/>\n<meta property=\"article:publisher\" content=\"https:\/\/www.facebook.com\/psol50\" \/>\n<meta property=\"article:published_time\" content=\"2016-12-14T14:46:47+00:00\" \/>\n<meta property=\"og:image\" content=\"https:\/\/psol50.org.br\/inc\/uploads\/2018\/07\/capa.png\" \/>\n\t<meta property=\"og:image:width\" content=\"1350\" \/>\n\t<meta property=\"og:image:height\" content=\"900\" \/>\n\t<meta property=\"og:image:type\" content=\"image\/png\" \/>\n<meta name=\"author\" content=\"Comunica\u00e7\u00e3o PSOL\" \/>\n<meta name=\"twitter:card\" content=\"summary_large_image\" \/>\n<meta name=\"twitter:creator\" content=\"@psol50\" \/>\n<meta name=\"twitter:site\" content=\"@psol50\" \/>\n<meta name=\"twitter:label1\" content=\"Escrito por\" \/>\n\t<meta name=\"twitter:data1\" content=\"Comunica\u00e7\u00e3o PSOL\" \/>\n\t<meta name=\"twitter:label2\" content=\"Est. tempo de leitura\" \/>\n\t<meta name=\"twitter:data2\" content=\"3 minutos\" \/>\n<script type=\"application\/ld+json\" class=\"yoast-schema-graph\">{\"@context\":\"https:\/\/schema.org\",\"@graph\":[{\"@type\":\"Article\",\"@id\":\"https:\/\/psol50.org.br\/com-aprovacao-da-pec-55-temer-ganha-reforco-para-aprovar-novas-medidas-do-ajuste-fiscal\/#article\",\"isPartOf\":{\"@id\":\"https:\/\/psol50.org.br\/com-aprovacao-da-pec-55-temer-ganha-reforco-para-aprovar-novas-medidas-do-ajuste-fiscal\/\"},\"author\":{\"name\":\"Comunica\u00e7\u00e3o PSOL\",\"@id\":\"https:\/\/psol50.org.br\/#\/schema\/person\/475dfa57d0b815993c714c2e96491fcd\"},\"headline\":\"Com aprova\u00e7\u00e3o da PEC 55, Temer ganha refor\u00e7o para aprovar novas medidas do ajuste fiscal\",\"datePublished\":\"2016-12-14T14:46:47+00:00\",\"mainEntityOfPage\":{\"@id\":\"https:\/\/psol50.org.br\/com-aprovacao-da-pec-55-temer-ganha-reforco-para-aprovar-novas-medidas-do-ajuste-fiscal\/\"},\"wordCount\":603,\"commentCount\":0,\"publisher\":{\"@id\":\"https:\/\/psol50.org.br\/#organization\"},\"image\":{\"@id\":\"https:\/\/psol50.org.br\/com-aprovacao-da-pec-55-temer-ganha-reforco-para-aprovar-novas-medidas-do-ajuste-fiscal\/#primaryimage\"},\"thumbnailUrl\":\"\",\"keywords\":[\"direitos\",\"Educa\u00e7\u00e3o\",\"Michel Temer\",\"PEC 55\/2016\",\"PSOL\",\"reforma da previd\u00eancia\",\"retrocessos\",\"sa\u00fade\",\"Senado\",\"servi\u00e7os p\u00fablicos\",\"Teto de gastos\"],\"articleSection\":[\"A\u00e7\u00e3o Parlamentar\",\"Brasil\",\"Not\u00edcias\"],\"inLanguage\":\"pt-BR\",\"potentialAction\":[{\"@type\":\"CommentAction\",\"name\":\"Comment\",\"target\":[\"https:\/\/psol50.org.br\/com-aprovacao-da-pec-55-temer-ganha-reforco-para-aprovar-novas-medidas-do-ajuste-fiscal\/#respond\"]}]},{\"@type\":\"WebPage\",\"@id\":\"https:\/\/psol50.org.br\/com-aprovacao-da-pec-55-temer-ganha-reforco-para-aprovar-novas-medidas-do-ajuste-fiscal\/\",\"url\":\"https:\/\/psol50.org.br\/com-aprovacao-da-pec-55-temer-ganha-reforco-para-aprovar-novas-medidas-do-ajuste-fiscal\/\",\"name\":\"Com aprova\u00e7\u00e3o da PEC 55, Temer ganha refor\u00e7o para aprovar novas medidas do ajuste fiscal - PSOL 50\",\"isPartOf\":{\"@id\":\"https:\/\/psol50.org.br\/#website\"},\"primaryImageOfPage\":{\"@id\":\"https:\/\/psol50.org.br\/com-aprovacao-da-pec-55-temer-ganha-reforco-para-aprovar-novas-medidas-do-ajuste-fiscal\/#primaryimage\"},\"image\":{\"@id\":\"https:\/\/psol50.org.br\/com-aprovacao-da-pec-55-temer-ganha-reforco-para-aprovar-novas-medidas-do-ajuste-fiscal\/#primaryimage\"},\"thumbnailUrl\":\"\",\"datePublished\":\"2016-12-14T14:46:47+00:00\",\"breadcrumb\":{\"@id\":\"https:\/\/psol50.org.br\/com-aprovacao-da-pec-55-temer-ganha-reforco-para-aprovar-novas-medidas-do-ajuste-fiscal\/#breadcrumb\"},\"inLanguage\":\"pt-BR\",\"potentialAction\":[{\"@type\":\"ReadAction\",\"target\":[\"https:\/\/psol50.org.br\/com-aprovacao-da-pec-55-temer-ganha-reforco-para-aprovar-novas-medidas-do-ajuste-fiscal\/\"]}]},{\"@type\":\"ImageObject\",\"inLanguage\":\"pt-BR\",\"@id\":\"https:\/\/psol50.org.br\/com-aprovacao-da-pec-55-temer-ganha-reforco-para-aprovar-novas-medidas-do-ajuste-fiscal\/#primaryimage\",\"url\":\"\",\"contentUrl\":\"\"},{\"@type\":\"BreadcrumbList\",\"@id\":\"https:\/\/psol50.org.br\/com-aprovacao-da-pec-55-temer-ganha-reforco-para-aprovar-novas-medidas-do-ajuste-fiscal\/#breadcrumb\",\"itemListElement\":[{\"@type\":\"ListItem\",\"position\":1,\"name\":\"In\u00edcio\",\"item\":\"https:\/\/psol50.org.br\/\"},{\"@type\":\"ListItem\",\"position\":2,\"name\":\"Com aprova\u00e7\u00e3o da PEC 55, Temer ganha refor\u00e7o para aprovar novas medidas do ajuste fiscal\"}]},{\"@type\":\"WebSite\",\"@id\":\"https:\/\/psol50.org.br\/#website\",\"url\":\"https:\/\/psol50.org.br\/\",\"name\":\"PSOL 50\",\"description\":\"Site oficial do Partido Socialismo e Liberdade\",\"publisher\":{\"@id\":\"https:\/\/psol50.org.br\/#organization\"},\"alternateName\":\"PSOL50\",\"potentialAction\":[{\"@type\":\"SearchAction\",\"target\":{\"@type\":\"EntryPoint\",\"urlTemplate\":\"https:\/\/psol50.org.br\/?s={search_term_string}\"},\"query-input\":{\"@type\":\"PropertyValueSpecification\",\"valueRequired\":true,\"valueName\":\"search_term_string\"}}],\"inLanguage\":\"pt-BR\"},{\"@type\":\"Organization\",\"@id\":\"https:\/\/psol50.org.br\/#organization\",\"name\":\"PSOL 50\",\"alternateName\":\"PSOL 50\",\"url\":\"https:\/\/psol50.org.br\/\",\"logo\":{\"@type\":\"ImageObject\",\"inLanguage\":\"pt-BR\",\"@id\":\"https:\/\/psol50.org.br\/#\/schema\/logo\/image\/\",\"url\":\"https:\/\/psol50.org.br\/inc\/uploads\/2018\/07\/capa.png\",\"contentUrl\":\"https:\/\/psol50.org.br\/inc\/uploads\/2018\/07\/capa.png\",\"width\":1350,\"height\":900,\"caption\":\"PSOL 50\"},\"image\":{\"@id\":\"https:\/\/psol50.org.br\/#\/schema\/logo\/image\/\"},\"sameAs\":[\"https:\/\/www.facebook.com\/psol50\",\"https:\/\/x.com\/psol50\",\"https:\/\/www.instagram.com\/psol50\/\",\"https:\/\/www.youtube.com\/channel\/UC7SnJS5o1os7a6CaiNabzcg\"]},{\"@type\":\"Person\",\"@id\":\"https:\/\/psol50.org.br\/#\/schema\/person\/475dfa57d0b815993c714c2e96491fcd\",\"name\":\"Comunica\u00e7\u00e3o PSOL\",\"image\":{\"@type\":\"ImageObject\",\"inLanguage\":\"pt-BR\",\"@id\":\"https:\/\/psol50.org.br\/#\/schema\/person\/image\/\",\"url\":\"https:\/\/secure.gravatar.com\/avatar\/b34fc4f4e468a4e51785917065a3db57b841f5c95dba6ad8c73aaf8f66f8f9bf?s=96&d=mm&r=g\",\"contentUrl\":\"https:\/\/secure.gravatar.com\/avatar\/b34fc4f4e468a4e51785917065a3db57b841f5c95dba6ad8c73aaf8f66f8f9bf?s=96&d=mm&r=g\",\"caption\":\"Comunica\u00e7\u00e3o PSOL\"}}]}<\/script>\n<!-- \/ Yoast SEO plugin. -->","yoast_head_json":{"title":"Com aprova\u00e7\u00e3o da PEC 55, Temer ganha refor\u00e7o para aprovar novas medidas do ajuste fiscal - PSOL 50","robots":{"index":"index","follow":"follow","max-snippet":"max-snippet:-1","max-image-preview":"max-image-preview:large","max-video-preview":"max-video-preview:-1"},"canonical":"https:\/\/psol50.org.br\/com-aprovacao-da-pec-55-temer-ganha-reforco-para-aprovar-novas-medidas-do-ajuste-fiscal\/","og_locale":"pt_BR","og_type":"article","og_title":"Com aprova\u00e7\u00e3o da PEC 55, Temer ganha refor\u00e7o para aprovar novas medidas do ajuste fiscal - PSOL 50","og_description":"Aprovada no final da manh\u00e3 desta ter\u00e7a-feira (13\/12), em segundo turno no Senado Federal, a PEC 55\/2016, que limita os investimentos p\u00fablicos nos pr\u00f3ximos 20 anos, representa um dos maiores ataques aos direitos da popula\u00e7\u00e3o brasileira, em especial das pessoas que utilizam os servi\u00e7os p\u00fablicos. Em uma sess\u00e3o considerada r\u00e1pida para a vota\u00e7\u00e3o de uma [&hellip;]","og_url":"https:\/\/psol50.org.br\/com-aprovacao-da-pec-55-temer-ganha-reforco-para-aprovar-novas-medidas-do-ajuste-fiscal\/","og_site_name":"PSOL 50","article_publisher":"https:\/\/www.facebook.com\/psol50","article_published_time":"2016-12-14T14:46:47+00:00","og_image":[{"width":1350,"height":900,"url":"https:\/\/psol50.org.br\/inc\/uploads\/2018\/07\/capa.png","type":"image\/png"}],"author":"Comunica\u00e7\u00e3o PSOL","twitter_card":"summary_large_image","twitter_creator":"@psol50","twitter_site":"@psol50","twitter_misc":{"Escrito por":"Comunica\u00e7\u00e3o PSOL","Est. tempo de leitura":"3 minutos"},"schema":{"@context":"https:\/\/schema.org","@graph":[{"@type":"Article","@id":"https:\/\/psol50.org.br\/com-aprovacao-da-pec-55-temer-ganha-reforco-para-aprovar-novas-medidas-do-ajuste-fiscal\/#article","isPartOf":{"@id":"https:\/\/psol50.org.br\/com-aprovacao-da-pec-55-temer-ganha-reforco-para-aprovar-novas-medidas-do-ajuste-fiscal\/"},"author":{"name":"Comunica\u00e7\u00e3o PSOL","@id":"https:\/\/psol50.org.br\/#\/schema\/person\/475dfa57d0b815993c714c2e96491fcd"},"headline":"Com aprova\u00e7\u00e3o da PEC 55, Temer ganha refor\u00e7o para aprovar novas medidas do ajuste fiscal","datePublished":"2016-12-14T14:46:47+00:00","mainEntityOfPage":{"@id":"https:\/\/psol50.org.br\/com-aprovacao-da-pec-55-temer-ganha-reforco-para-aprovar-novas-medidas-do-ajuste-fiscal\/"},"wordCount":603,"commentCount":0,"publisher":{"@id":"https:\/\/psol50.org.br\/#organization"},"image":{"@id":"https:\/\/psol50.org.br\/com-aprovacao-da-pec-55-temer-ganha-reforco-para-aprovar-novas-medidas-do-ajuste-fiscal\/#primaryimage"},"thumbnailUrl":"","keywords":["direitos","Educa\u00e7\u00e3o","Michel Temer","PEC 55\/2016","PSOL","reforma da previd\u00eancia","retrocessos","sa\u00fade","Senado","servi\u00e7os p\u00fablicos","Teto de gastos"],"articleSection":["A\u00e7\u00e3o Parlamentar","Brasil","Not\u00edcias"],"inLanguage":"pt-BR","potentialAction":[{"@type":"CommentAction","name":"Comment","target":["https:\/\/psol50.org.br\/com-aprovacao-da-pec-55-temer-ganha-reforco-para-aprovar-novas-medidas-do-ajuste-fiscal\/#respond"]}]},{"@type":"WebPage","@id":"https:\/\/psol50.org.br\/com-aprovacao-da-pec-55-temer-ganha-reforco-para-aprovar-novas-medidas-do-ajuste-fiscal\/","url":"https:\/\/psol50.org.br\/com-aprovacao-da-pec-55-temer-ganha-reforco-para-aprovar-novas-medidas-do-ajuste-fiscal\/","name":"Com aprova\u00e7\u00e3o da PEC 55, Temer ganha refor\u00e7o para aprovar novas medidas do ajuste fiscal - PSOL 50","isPartOf":{"@id":"https:\/\/psol50.org.br\/#website"},"primaryImageOfPage":{"@id":"https:\/\/psol50.org.br\/com-aprovacao-da-pec-55-temer-ganha-reforco-para-aprovar-novas-medidas-do-ajuste-fiscal\/#primaryimage"},"image":{"@id":"https:\/\/psol50.org.br\/com-aprovacao-da-pec-55-temer-ganha-reforco-para-aprovar-novas-medidas-do-ajuste-fiscal\/#primaryimage"},"thumbnailUrl":"","datePublished":"2016-12-14T14:46:47+00:00","breadcrumb":{"@id":"https:\/\/psol50.org.br\/com-aprovacao-da-pec-55-temer-ganha-reforco-para-aprovar-novas-medidas-do-ajuste-fiscal\/#breadcrumb"},"inLanguage":"pt-BR","potentialAction":[{"@type":"ReadAction","target":["https:\/\/psol50.org.br\/com-aprovacao-da-pec-55-temer-ganha-reforco-para-aprovar-novas-medidas-do-ajuste-fiscal\/"]}]},{"@type":"ImageObject","inLanguage":"pt-BR","@id":"https:\/\/psol50.org.br\/com-aprovacao-da-pec-55-temer-ganha-reforco-para-aprovar-novas-medidas-do-ajuste-fiscal\/#primaryimage","url":"","contentUrl":""},{"@type":"BreadcrumbList","@id":"https:\/\/psol50.org.br\/com-aprovacao-da-pec-55-temer-ganha-reforco-para-aprovar-novas-medidas-do-ajuste-fiscal\/#breadcrumb","itemListElement":[{"@type":"ListItem","position":1,"name":"In\u00edcio","item":"https:\/\/psol50.org.br\/"},{"@type":"ListItem","position":2,"name":"Com aprova\u00e7\u00e3o da PEC 55, Temer ganha refor\u00e7o para aprovar novas medidas do ajuste fiscal"}]},{"@type":"WebSite","@id":"https:\/\/psol50.org.br\/#website","url":"https:\/\/psol50.org.br\/","name":"PSOL 50","description":"Site oficial do Partido Socialismo e Liberdade","publisher":{"@id":"https:\/\/psol50.org.br\/#organization"},"alternateName":"PSOL50","potentialAction":[{"@type":"SearchAction","target":{"@type":"EntryPoint","urlTemplate":"https:\/\/psol50.org.br\/?s={search_term_string}"},"query-input":{"@type":"PropertyValueSpecification","valueRequired":true,"valueName":"search_term_string"}}],"inLanguage":"pt-BR"},{"@type":"Organization","@id":"https:\/\/psol50.org.br\/#organization","name":"PSOL 50","alternateName":"PSOL 50","url":"https:\/\/psol50.org.br\/","logo":{"@type":"ImageObject","inLanguage":"pt-BR","@id":"https:\/\/psol50.org.br\/#\/schema\/logo\/image\/","url":"https:\/\/psol50.org.br\/inc\/uploads\/2018\/07\/capa.png","contentUrl":"https:\/\/psol50.org.br\/inc\/uploads\/2018\/07\/capa.png","width":1350,"height":900,"caption":"PSOL 50"},"image":{"@id":"https:\/\/psol50.org.br\/#\/schema\/logo\/image\/"},"sameAs":["https:\/\/www.facebook.com\/psol50","https:\/\/x.com\/psol50","https:\/\/www.instagram.com\/psol50\/","https:\/\/www.youtube.com\/channel\/UC7SnJS5o1os7a6CaiNabzcg"]},{"@type":"Person","@id":"https:\/\/psol50.org.br\/#\/schema\/person\/475dfa57d0b815993c714c2e96491fcd","name":"Comunica\u00e7\u00e3o PSOL","image":{"@type":"ImageObject","inLanguage":"pt-BR","@id":"https:\/\/psol50.org.br\/#\/schema\/person\/image\/","url":"https:\/\/secure.gravatar.com\/avatar\/b34fc4f4e468a4e51785917065a3db57b841f5c95dba6ad8c73aaf8f66f8f9bf?s=96&d=mm&r=g","contentUrl":"https:\/\/secure.gravatar.com\/avatar\/b34fc4f4e468a4e51785917065a3db57b841f5c95dba6ad8c73aaf8f66f8f9bf?s=96&d=mm&r=g","caption":"Comunica\u00e7\u00e3o PSOL"}}]}},"_links":{"self":[{"href":"https:\/\/psol50.org.br\/rest\/wp\/v2\/posts\/14949","targetHints":{"allow":["GET"]}}],"collection":[{"href":"https:\/\/psol50.org.br\/rest\/wp\/v2\/posts"}],"about":[{"href":"https:\/\/psol50.org.br\/rest\/wp\/v2\/types\/post"}],"author":[{"embeddable":true,"href":"https:\/\/psol50.org.br\/rest\/wp\/v2\/users\/2"}],"replies":[{"embeddable":true,"href":"https:\/\/psol50.org.br\/rest\/wp\/v2\/comments?post=14949"}],"version-history":[{"count":0,"href":"https:\/\/psol50.org.br\/rest\/wp\/v2\/posts\/14949\/revisions"}],"wp:featuredmedia":[{"embeddable":true,"href":"https:\/\/psol50.org.br\/rest\/"}],"wp:attachment":[{"href":"https:\/\/psol50.org.br\/rest\/wp\/v2\/media?parent=14949"}],"wp:term":[{"taxonomy":"category","embeddable":true,"href":"https:\/\/psol50.org.br\/rest\/wp\/v2\/categories?post=14949"},{"taxonomy":"post_tag","embeddable":true,"href":"https:\/\/psol50.org.br\/rest\/wp\/v2\/tags?post=14949"}],"curies":[{"name":"wp","href":"https:\/\/api.w.org\/{rel}","templated":true}]}}