{"id":14975,"date":"2016-12-15T13:38:22","date_gmt":"2016-12-15T13:38:22","guid":{"rendered":"http:\/\/www.psol50.org.br\/?p=14975"},"modified":"2016-12-15T13:38:22","modified_gmt":"2016-12-15T13:38:22","slug":"camara-aprova-mp-que-compromete-carater-publico-da-ebc-acabando-com-o-conselho-curador","status":"publish","type":"post","link":"https:\/\/psol50.org.br\/camara-aprova-mp-que-compromete-carater-publico-da-ebc-acabando-com-o-conselho-curador\/","title":{"rendered":"C\u00e2mara aprova MP que compromete car\u00e1ter p\u00fablico da EBC, acabando com o Conselho Curador"},"content":{"rendered":"<p>Fechando a semana de retrocessos no Legislativo, aplicadas pelo governo ileg\u00edtimo de Michel Temer, o plen\u00e1rio da C\u00e2mara dos Deputados votou na noite desta quarta-feira (14\/12) a Medida Provis\u00f3ria 744\/16, que reforma a estrutura administrativa da Empresa Brasil de Comunica\u00e7\u00e3o (EBC). De acordo com o parecer aprovado, de autoria do senador Lasier Martins (PDT-RS), o Conselho Curador da empresa ser\u00e1 substitu\u00eddo por um Comit\u00ea Editorial e de Programa\u00e7\u00e3o. A MP original n\u00e3o previa uma inst\u00e2ncia substituta.<\/p>\n<p>Na avalia\u00e7\u00e3o dos deputados do PSOL, das entidades sindicais dos trabalhadores da EBC e dos movimentos que lutam pela democratiza\u00e7\u00e3o da m\u00eddia no pa\u00eds, a proposta apresentada pelo governo compromete o car\u00e1ter p\u00fablico dos ve\u00edculos da empresa, uma vez que acaba com o \u00f3rg\u00e3o formado por 22 membros da sociedade civil e do poder p\u00fablico. \u00a0Na vota\u00e7\u00e3o dos destaques, o PSOL, acompanhado do PT, PCdoB, PDT e Rede, tentou aprovar emendas para manter o conselho nos moldes atuais, mas n\u00e3o teve sucesso.<\/p>\n<p>Durante a vota\u00e7\u00e3o, a deputada Luiza Erundina (PSOL-SP) destacou que a extin\u00e7\u00e3o do Conselho Curador \u00e9 um retrocesso. \u201c\u00c9 um conselho da sociedade, representando a cidadania, um mecanismo moderno que caracteriza a pol\u00edtica de comunica\u00e7\u00e3o nas na\u00e7\u00f5es soberanas\u201d, disse a deputada, destacando a experi\u00eancia de comunica\u00e7\u00e3o p\u00fablica da BBC de Londres.<\/p>\n<p>Os deputados da oposi\u00e7\u00e3o consideraram o comit\u00ea criado no lugar do conselho um \u00f3rg\u00e3o pequeno, diante dos desafios de uma empresa p\u00fablica de comunica\u00e7\u00e3o, e que n\u00e3o representa a diversidade cultural brasileira.<\/p>\n<p>Outro retrocesso contido na MP \u00e9 o fim do mandato de diretor-presidente, que, pelo modelo antigo, s\u00f3 poderia ser destitu\u00eddo por dois votos de desconfian\u00e7a do Conselho Curador. Com a altera\u00e7\u00e3o, o comando da empresa ficar\u00e1 totalmente ref\u00e9m das nomea\u00e7\u00f5es e exonera\u00e7\u00f5es da Presid\u00eancia da Rep\u00fablica, ap\u00f3s sabatina no Congresso Nacional. O texto aprovado prev\u00ea nomea\u00e7\u00e3o tamb\u00e9m dos quatro diretores pelo chefe do Executivo.<\/p>\n<p>No Conselho de Administra\u00e7\u00e3o da empresa, o relat\u00f3rio de Lasier Martins inclui novos membros: um indicado pelo ministro do Planejamento; um representante indicado pelo ministro da Ci\u00eancia, Tecnologia, Inova\u00e7\u00f5es e Comunica\u00e7\u00f5es; um membro representante dos empregados da EBC; e dois membros independentes, indicados na forma da lei de dirigentes das estatais (13.303\/16).<\/p>\n<p>Desde que Temer assumiu o Pal\u00e1cio do Planalto, que movimentos da \u00e1rea do direito \u00e0 comunica\u00e7\u00e3o e parlamentares v\u00eam demonstrando grande preocupa\u00e7\u00e3o com os rumos da EBC. A Medida Provis\u00f3ria apresentada pelo governo sofreu duas cr\u00edticas das organiza\u00e7\u00f5es sociais, por alterar fundamentalmente o conceito de comunica\u00e7\u00e3o p\u00fablica na empresa, que passa a ser estatal e a servi\u00e7o do governo.<\/p>\n<p>A partir de 2017, a mat\u00e9ria ser\u00e1 analisada no Senado Federal.<\/p>\n","protected":false},"excerpt":{"rendered":"<p>Fechando a semana de retrocessos no Legislativo, aplicadas pelo governo ileg\u00edtimo de Michel Temer, o plen\u00e1rio da C\u00e2mara dos Deputados votou na noite desta quarta-feira (14\/12) a Medida Provis\u00f3ria 744\/16, que reforma a estrutura administrativa da Empresa Brasil de Comunica\u00e7\u00e3o (EBC). De acordo com o parecer aprovado, de autoria do senador Lasier Martins (PDT-RS), o [&hellip;]<\/p>\n","protected":false},"author":2,"featured_media":12533,"comment_status":"open","ping_status":"open","sticky":false,"template":"","format":"standard","meta":{"_acf_changed":false,"footnotes":""},"categories":[10,1882,6],"tags":[2879,730,2880,731,3636,553,1748,4747],"class_list":{"0":"post-14975","1":"post","2":"type-post","3":"status-publish","4":"format-standard","5":"has-post-thumbnail","7":"category-acao-parlamentares","8":"category-brasil","9":"category-noticias","10":"tag-comite-editorial","11":"tag-comunicacao-publica","12":"tag-conselho-curador","13":"tag-ebc","14":"tag-lasier-martins","15":"tag-luiza-erundina","16":"tag-michel-temer","17":"tag-mp-74416"},"acf":[],"yoast_head":"<!-- This site is optimized with the Yoast SEO plugin v26.5 - https:\/\/yoast.com\/wordpress\/plugins\/seo\/ -->\n<title>C\u00e2mara aprova MP que compromete car\u00e1ter p\u00fablico da EBC, acabando com o Conselho Curador - PSOL 50<\/title>\n<meta name=\"robots\" content=\"index, follow, max-snippet:-1, max-image-preview:large, max-video-preview:-1\" \/>\n<link rel=\"canonical\" href=\"https:\/\/psol50.org.br\/camara-aprova-mp-que-compromete-carater-publico-da-ebc-acabando-com-o-conselho-curador\/\" \/>\n<meta property=\"og:locale\" content=\"pt_BR\" \/>\n<meta property=\"og:type\" content=\"article\" \/>\n<meta property=\"og:title\" content=\"C\u00e2mara aprova MP que compromete car\u00e1ter p\u00fablico da EBC, acabando com o Conselho Curador - PSOL 50\" \/>\n<meta property=\"og:description\" content=\"Fechando a semana de retrocessos no Legislativo, aplicadas pelo governo ileg\u00edtimo de Michel Temer, o plen\u00e1rio da C\u00e2mara dos Deputados votou na noite desta quarta-feira (14\/12) a Medida Provis\u00f3ria 744\/16, que reforma a estrutura administrativa da Empresa Brasil de Comunica\u00e7\u00e3o (EBC). De acordo com o parecer aprovado, de autoria do senador Lasier Martins (PDT-RS), o [&hellip;]\" \/>\n<meta property=\"og:url\" content=\"https:\/\/psol50.org.br\/camara-aprova-mp-que-compromete-carater-publico-da-ebc-acabando-com-o-conselho-curador\/\" \/>\n<meta property=\"og:site_name\" content=\"PSOL 50\" \/>\n<meta property=\"article:publisher\" content=\"https:\/\/www.facebook.com\/psol50\" \/>\n<meta property=\"article:published_time\" content=\"2016-12-15T13:38:22+00:00\" \/>\n<meta property=\"og:image\" content=\"https:\/\/psol50.org.br\/inc\/uploads\/2018\/07\/capa.png\" \/>\n\t<meta property=\"og:image:width\" content=\"1350\" \/>\n\t<meta property=\"og:image:height\" content=\"900\" \/>\n\t<meta property=\"og:image:type\" content=\"image\/png\" \/>\n<meta name=\"author\" content=\"Comunica\u00e7\u00e3o PSOL\" \/>\n<meta name=\"twitter:card\" content=\"summary_large_image\" \/>\n<meta name=\"twitter:creator\" content=\"@psol50\" \/>\n<meta name=\"twitter:site\" content=\"@psol50\" \/>\n<meta name=\"twitter:label1\" content=\"Escrito por\" \/>\n\t<meta name=\"twitter:data1\" content=\"Comunica\u00e7\u00e3o PSOL\" \/>\n\t<meta name=\"twitter:label2\" content=\"Est. tempo de leitura\" \/>\n\t<meta name=\"twitter:data2\" content=\"2 minutos\" \/>\n<script type=\"application\/ld+json\" class=\"yoast-schema-graph\">{\"@context\":\"https:\/\/schema.org\",\"@graph\":[{\"@type\":\"Article\",\"@id\":\"https:\/\/psol50.org.br\/camara-aprova-mp-que-compromete-carater-publico-da-ebc-acabando-com-o-conselho-curador\/#article\",\"isPartOf\":{\"@id\":\"https:\/\/psol50.org.br\/camara-aprova-mp-que-compromete-carater-publico-da-ebc-acabando-com-o-conselho-curador\/\"},\"author\":{\"name\":\"Comunica\u00e7\u00e3o PSOL\",\"@id\":\"https:\/\/psol50.org.br\/#\/schema\/person\/475dfa57d0b815993c714c2e96491fcd\"},\"headline\":\"C\u00e2mara aprova MP que compromete car\u00e1ter p\u00fablico da EBC, acabando com o Conselho Curador\",\"datePublished\":\"2016-12-15T13:38:22+00:00\",\"mainEntityOfPage\":{\"@id\":\"https:\/\/psol50.org.br\/camara-aprova-mp-que-compromete-carater-publico-da-ebc-acabando-com-o-conselho-curador\/\"},\"wordCount\":495,\"commentCount\":0,\"publisher\":{\"@id\":\"https:\/\/psol50.org.br\/#organization\"},\"image\":{\"@id\":\"https:\/\/psol50.org.br\/camara-aprova-mp-que-compromete-carater-publico-da-ebc-acabando-com-o-conselho-curador\/#primaryimage\"},\"thumbnailUrl\":\"\",\"keywords\":[\"comit\u00ea editorial\",\"comunica\u00e7\u00e3o p\u00fablica\",\"Conselho Curador\",\"EBC\",\"Lasier Martins\",\"Luiza Erundina\",\"Michel Temer\",\"MP 744\/16\"],\"articleSection\":[\"A\u00e7\u00e3o Parlamentar\",\"Brasil\",\"Not\u00edcias\"],\"inLanguage\":\"pt-BR\",\"potentialAction\":[{\"@type\":\"CommentAction\",\"name\":\"Comment\",\"target\":[\"https:\/\/psol50.org.br\/camara-aprova-mp-que-compromete-carater-publico-da-ebc-acabando-com-o-conselho-curador\/#respond\"]}]},{\"@type\":\"WebPage\",\"@id\":\"https:\/\/psol50.org.br\/camara-aprova-mp-que-compromete-carater-publico-da-ebc-acabando-com-o-conselho-curador\/\",\"url\":\"https:\/\/psol50.org.br\/camara-aprova-mp-que-compromete-carater-publico-da-ebc-acabando-com-o-conselho-curador\/\",\"name\":\"C\u00e2mara aprova MP que compromete car\u00e1ter p\u00fablico da EBC, acabando com o Conselho Curador - PSOL 50\",\"isPartOf\":{\"@id\":\"https:\/\/psol50.org.br\/#website\"},\"primaryImageOfPage\":{\"@id\":\"https:\/\/psol50.org.br\/camara-aprova-mp-que-compromete-carater-publico-da-ebc-acabando-com-o-conselho-curador\/#primaryimage\"},\"image\":{\"@id\":\"https:\/\/psol50.org.br\/camara-aprova-mp-que-compromete-carater-publico-da-ebc-acabando-com-o-conselho-curador\/#primaryimage\"},\"thumbnailUrl\":\"\",\"datePublished\":\"2016-12-15T13:38:22+00:00\",\"breadcrumb\":{\"@id\":\"https:\/\/psol50.org.br\/camara-aprova-mp-que-compromete-carater-publico-da-ebc-acabando-com-o-conselho-curador\/#breadcrumb\"},\"inLanguage\":\"pt-BR\",\"potentialAction\":[{\"@type\":\"ReadAction\",\"target\":[\"https:\/\/psol50.org.br\/camara-aprova-mp-que-compromete-carater-publico-da-ebc-acabando-com-o-conselho-curador\/\"]}]},{\"@type\":\"ImageObject\",\"inLanguage\":\"pt-BR\",\"@id\":\"https:\/\/psol50.org.br\/camara-aprova-mp-que-compromete-carater-publico-da-ebc-acabando-com-o-conselho-curador\/#primaryimage\",\"url\":\"\",\"contentUrl\":\"\"},{\"@type\":\"BreadcrumbList\",\"@id\":\"https:\/\/psol50.org.br\/camara-aprova-mp-que-compromete-carater-publico-da-ebc-acabando-com-o-conselho-curador\/#breadcrumb\",\"itemListElement\":[{\"@type\":\"ListItem\",\"position\":1,\"name\":\"In\u00edcio\",\"item\":\"https:\/\/psol50.org.br\/\"},{\"@type\":\"ListItem\",\"position\":2,\"name\":\"C\u00e2mara aprova MP que compromete car\u00e1ter p\u00fablico da EBC, acabando com o Conselho Curador\"}]},{\"@type\":\"WebSite\",\"@id\":\"https:\/\/psol50.org.br\/#website\",\"url\":\"https:\/\/psol50.org.br\/\",\"name\":\"PSOL 50\",\"description\":\"Site oficial do Partido Socialismo e Liberdade\",\"publisher\":{\"@id\":\"https:\/\/psol50.org.br\/#organization\"},\"alternateName\":\"PSOL50\",\"potentialAction\":[{\"@type\":\"SearchAction\",\"target\":{\"@type\":\"EntryPoint\",\"urlTemplate\":\"https:\/\/psol50.org.br\/?s={search_term_string}\"},\"query-input\":{\"@type\":\"PropertyValueSpecification\",\"valueRequired\":true,\"valueName\":\"search_term_string\"}}],\"inLanguage\":\"pt-BR\"},{\"@type\":\"Organization\",\"@id\":\"https:\/\/psol50.org.br\/#organization\",\"name\":\"PSOL 50\",\"alternateName\":\"PSOL 50\",\"url\":\"https:\/\/psol50.org.br\/\",\"logo\":{\"@type\":\"ImageObject\",\"inLanguage\":\"pt-BR\",\"@id\":\"https:\/\/psol50.org.br\/#\/schema\/logo\/image\/\",\"url\":\"https:\/\/psol50.org.br\/inc\/uploads\/2018\/07\/capa.png\",\"contentUrl\":\"https:\/\/psol50.org.br\/inc\/uploads\/2018\/07\/capa.png\",\"width\":1350,\"height\":900,\"caption\":\"PSOL 50\"},\"image\":{\"@id\":\"https:\/\/psol50.org.br\/#\/schema\/logo\/image\/\"},\"sameAs\":[\"https:\/\/www.facebook.com\/psol50\",\"https:\/\/x.com\/psol50\",\"https:\/\/www.instagram.com\/psol50\/\",\"https:\/\/www.youtube.com\/channel\/UC7SnJS5o1os7a6CaiNabzcg\"]},{\"@type\":\"Person\",\"@id\":\"https:\/\/psol50.org.br\/#\/schema\/person\/475dfa57d0b815993c714c2e96491fcd\",\"name\":\"Comunica\u00e7\u00e3o PSOL\",\"image\":{\"@type\":\"ImageObject\",\"inLanguage\":\"pt-BR\",\"@id\":\"https:\/\/psol50.org.br\/#\/schema\/person\/image\/\",\"url\":\"https:\/\/secure.gravatar.com\/avatar\/b34fc4f4e468a4e51785917065a3db57b841f5c95dba6ad8c73aaf8f66f8f9bf?s=96&d=mm&r=g\",\"contentUrl\":\"https:\/\/secure.gravatar.com\/avatar\/b34fc4f4e468a4e51785917065a3db57b841f5c95dba6ad8c73aaf8f66f8f9bf?s=96&d=mm&r=g\",\"caption\":\"Comunica\u00e7\u00e3o PSOL\"}}]}<\/script>\n<!-- \/ Yoast SEO plugin. -->","yoast_head_json":{"title":"C\u00e2mara aprova MP que compromete car\u00e1ter p\u00fablico da EBC, acabando com o Conselho Curador - PSOL 50","robots":{"index":"index","follow":"follow","max-snippet":"max-snippet:-1","max-image-preview":"max-image-preview:large","max-video-preview":"max-video-preview:-1"},"canonical":"https:\/\/psol50.org.br\/camara-aprova-mp-que-compromete-carater-publico-da-ebc-acabando-com-o-conselho-curador\/","og_locale":"pt_BR","og_type":"article","og_title":"C\u00e2mara aprova MP que compromete car\u00e1ter p\u00fablico da EBC, acabando com o Conselho Curador - PSOL 50","og_description":"Fechando a semana de retrocessos no Legislativo, aplicadas pelo governo ileg\u00edtimo de Michel Temer, o plen\u00e1rio da C\u00e2mara dos Deputados votou na noite desta quarta-feira (14\/12) a Medida Provis\u00f3ria 744\/16, que reforma a estrutura administrativa da Empresa Brasil de Comunica\u00e7\u00e3o (EBC). De acordo com o parecer aprovado, de autoria do senador Lasier Martins (PDT-RS), o [&hellip;]","og_url":"https:\/\/psol50.org.br\/camara-aprova-mp-que-compromete-carater-publico-da-ebc-acabando-com-o-conselho-curador\/","og_site_name":"PSOL 50","article_publisher":"https:\/\/www.facebook.com\/psol50","article_published_time":"2016-12-15T13:38:22+00:00","og_image":[{"width":1350,"height":900,"url":"https:\/\/psol50.org.br\/inc\/uploads\/2018\/07\/capa.png","type":"image\/png"}],"author":"Comunica\u00e7\u00e3o PSOL","twitter_card":"summary_large_image","twitter_creator":"@psol50","twitter_site":"@psol50","twitter_misc":{"Escrito por":"Comunica\u00e7\u00e3o PSOL","Est. tempo de leitura":"2 minutos"},"schema":{"@context":"https:\/\/schema.org","@graph":[{"@type":"Article","@id":"https:\/\/psol50.org.br\/camara-aprova-mp-que-compromete-carater-publico-da-ebc-acabando-com-o-conselho-curador\/#article","isPartOf":{"@id":"https:\/\/psol50.org.br\/camara-aprova-mp-que-compromete-carater-publico-da-ebc-acabando-com-o-conselho-curador\/"},"author":{"name":"Comunica\u00e7\u00e3o PSOL","@id":"https:\/\/psol50.org.br\/#\/schema\/person\/475dfa57d0b815993c714c2e96491fcd"},"headline":"C\u00e2mara aprova MP que compromete car\u00e1ter p\u00fablico da EBC, acabando com o Conselho Curador","datePublished":"2016-12-15T13:38:22+00:00","mainEntityOfPage":{"@id":"https:\/\/psol50.org.br\/camara-aprova-mp-que-compromete-carater-publico-da-ebc-acabando-com-o-conselho-curador\/"},"wordCount":495,"commentCount":0,"publisher":{"@id":"https:\/\/psol50.org.br\/#organization"},"image":{"@id":"https:\/\/psol50.org.br\/camara-aprova-mp-que-compromete-carater-publico-da-ebc-acabando-com-o-conselho-curador\/#primaryimage"},"thumbnailUrl":"","keywords":["comit\u00ea editorial","comunica\u00e7\u00e3o p\u00fablica","Conselho Curador","EBC","Lasier Martins","Luiza Erundina","Michel Temer","MP 744\/16"],"articleSection":["A\u00e7\u00e3o Parlamentar","Brasil","Not\u00edcias"],"inLanguage":"pt-BR","potentialAction":[{"@type":"CommentAction","name":"Comment","target":["https:\/\/psol50.org.br\/camara-aprova-mp-que-compromete-carater-publico-da-ebc-acabando-com-o-conselho-curador\/#respond"]}]},{"@type":"WebPage","@id":"https:\/\/psol50.org.br\/camara-aprova-mp-que-compromete-carater-publico-da-ebc-acabando-com-o-conselho-curador\/","url":"https:\/\/psol50.org.br\/camara-aprova-mp-que-compromete-carater-publico-da-ebc-acabando-com-o-conselho-curador\/","name":"C\u00e2mara aprova MP que compromete car\u00e1ter p\u00fablico da EBC, acabando com o Conselho Curador - PSOL 50","isPartOf":{"@id":"https:\/\/psol50.org.br\/#website"},"primaryImageOfPage":{"@id":"https:\/\/psol50.org.br\/camara-aprova-mp-que-compromete-carater-publico-da-ebc-acabando-com-o-conselho-curador\/#primaryimage"},"image":{"@id":"https:\/\/psol50.org.br\/camara-aprova-mp-que-compromete-carater-publico-da-ebc-acabando-com-o-conselho-curador\/#primaryimage"},"thumbnailUrl":"","datePublished":"2016-12-15T13:38:22+00:00","breadcrumb":{"@id":"https:\/\/psol50.org.br\/camara-aprova-mp-que-compromete-carater-publico-da-ebc-acabando-com-o-conselho-curador\/#breadcrumb"},"inLanguage":"pt-BR","potentialAction":[{"@type":"ReadAction","target":["https:\/\/psol50.org.br\/camara-aprova-mp-que-compromete-carater-publico-da-ebc-acabando-com-o-conselho-curador\/"]}]},{"@type":"ImageObject","inLanguage":"pt-BR","@id":"https:\/\/psol50.org.br\/camara-aprova-mp-que-compromete-carater-publico-da-ebc-acabando-com-o-conselho-curador\/#primaryimage","url":"","contentUrl":""},{"@type":"BreadcrumbList","@id":"https:\/\/psol50.org.br\/camara-aprova-mp-que-compromete-carater-publico-da-ebc-acabando-com-o-conselho-curador\/#breadcrumb","itemListElement":[{"@type":"ListItem","position":1,"name":"In\u00edcio","item":"https:\/\/psol50.org.br\/"},{"@type":"ListItem","position":2,"name":"C\u00e2mara aprova MP que compromete car\u00e1ter p\u00fablico da EBC, acabando com o Conselho Curador"}]},{"@type":"WebSite","@id":"https:\/\/psol50.org.br\/#website","url":"https:\/\/psol50.org.br\/","name":"PSOL 50","description":"Site oficial do Partido Socialismo e Liberdade","publisher":{"@id":"https:\/\/psol50.org.br\/#organization"},"alternateName":"PSOL50","potentialAction":[{"@type":"SearchAction","target":{"@type":"EntryPoint","urlTemplate":"https:\/\/psol50.org.br\/?s={search_term_string}"},"query-input":{"@type":"PropertyValueSpecification","valueRequired":true,"valueName":"search_term_string"}}],"inLanguage":"pt-BR"},{"@type":"Organization","@id":"https:\/\/psol50.org.br\/#organization","name":"PSOL 50","alternateName":"PSOL 50","url":"https:\/\/psol50.org.br\/","logo":{"@type":"ImageObject","inLanguage":"pt-BR","@id":"https:\/\/psol50.org.br\/#\/schema\/logo\/image\/","url":"https:\/\/psol50.org.br\/inc\/uploads\/2018\/07\/capa.png","contentUrl":"https:\/\/psol50.org.br\/inc\/uploads\/2018\/07\/capa.png","width":1350,"height":900,"caption":"PSOL 50"},"image":{"@id":"https:\/\/psol50.org.br\/#\/schema\/logo\/image\/"},"sameAs":["https:\/\/www.facebook.com\/psol50","https:\/\/x.com\/psol50","https:\/\/www.instagram.com\/psol50\/","https:\/\/www.youtube.com\/channel\/UC7SnJS5o1os7a6CaiNabzcg"]},{"@type":"Person","@id":"https:\/\/psol50.org.br\/#\/schema\/person\/475dfa57d0b815993c714c2e96491fcd","name":"Comunica\u00e7\u00e3o PSOL","image":{"@type":"ImageObject","inLanguage":"pt-BR","@id":"https:\/\/psol50.org.br\/#\/schema\/person\/image\/","url":"https:\/\/secure.gravatar.com\/avatar\/b34fc4f4e468a4e51785917065a3db57b841f5c95dba6ad8c73aaf8f66f8f9bf?s=96&d=mm&r=g","contentUrl":"https:\/\/secure.gravatar.com\/avatar\/b34fc4f4e468a4e51785917065a3db57b841f5c95dba6ad8c73aaf8f66f8f9bf?s=96&d=mm&r=g","caption":"Comunica\u00e7\u00e3o PSOL"}}]}},"_links":{"self":[{"href":"https:\/\/psol50.org.br\/rest\/wp\/v2\/posts\/14975","targetHints":{"allow":["GET"]}}],"collection":[{"href":"https:\/\/psol50.org.br\/rest\/wp\/v2\/posts"}],"about":[{"href":"https:\/\/psol50.org.br\/rest\/wp\/v2\/types\/post"}],"author":[{"embeddable":true,"href":"https:\/\/psol50.org.br\/rest\/wp\/v2\/users\/2"}],"replies":[{"embeddable":true,"href":"https:\/\/psol50.org.br\/rest\/wp\/v2\/comments?post=14975"}],"version-history":[{"count":0,"href":"https:\/\/psol50.org.br\/rest\/wp\/v2\/posts\/14975\/revisions"}],"wp:featuredmedia":[{"embeddable":true,"href":"https:\/\/psol50.org.br\/rest\/"}],"wp:attachment":[{"href":"https:\/\/psol50.org.br\/rest\/wp\/v2\/media?parent=14975"}],"wp:term":[{"taxonomy":"category","embeddable":true,"href":"https:\/\/psol50.org.br\/rest\/wp\/v2\/categories?post=14975"},{"taxonomy":"post_tag","embeddable":true,"href":"https:\/\/psol50.org.br\/rest\/wp\/v2\/tags?post=14975"}],"curies":[{"name":"wp","href":"https:\/\/api.w.org\/{rel}","templated":true}]}}