{"id":15005,"date":"2016-12-20T13:07:23","date_gmt":"2016-12-20T13:07:23","guid":{"rendered":"http:\/\/www.psol50.org.br\/?p=15005"},"modified":"2016-12-20T13:07:23","modified_gmt":"2016-12-20T13:07:23","slug":"com-pressa-em-finalizar-reforma-da-previdencia-governo-deve-criar-comissao-especial-em-fevereiro","status":"publish","type":"post","link":"https:\/\/psol50.org.br\/com-pressa-em-finalizar-reforma-da-previdencia-governo-deve-criar-comissao-especial-em-fevereiro\/","title":{"rendered":"Com pressa em finalizar reforma da Previd\u00eancia, governo deve criar comiss\u00e3o especial em fevereiro"},"content":{"rendered":"<p>Depois de vencer a primeira etapa da tramita\u00e7\u00e3o da proposta de reforma da Previd\u00eancia \u2013 <span style=\"color: #0000ff\"><a style=\"color: #0000ff\" href=\"http:\/\/www.camara.gov.br\/proposicoesWeb\/fichadetramitacao?idProposicao=2119881\" target=\"_blank\" rel=\"noopener\"><strong>PEC 287\/2016<\/strong><\/a> <\/span>-, o governo agora se prepara para garantir a cria\u00e7\u00e3o da comiss\u00e3o especial logo ap\u00f3s o retorno dos trabalhos do Legislativo, em fevereiro de 2017. A base aliada de Michel Temer segue no empenho para conseguir os apoios necess\u00e1rios \u00e0 segunda mat\u00e9ria de seu pacote de ajuste fiscal \u2013 a primeira a ser aprovada foi a PEC do teto de gastos (PEC 55\/2016).<\/p>\n<p>Embora <a href=\"http:\/\/www.psol50.org.br\/blog\/2016\/12\/15\/comissao-de-constituicao-e-justica-da-camara-adia-debate-sobre-reforma-da-previdencia\/\" target=\"_blank\" rel=\"noopener\"><strong><span style=\"color: #0000ff\">durante a vota\u00e7\u00e3o da proposta na Comiss\u00e3o de Constitui\u00e7\u00e3o e Justi\u00e7a (CCJ) da C\u00e2mara, no dia 15 de dezembro<\/span><\/strong><\/a>, a tentativa dos deputados da base aliada era garantir a instala\u00e7\u00e3o da comiss\u00e3o especial ainda este ano, um acordo, a partir da obstru\u00e7\u00e3o provocada pelo PSOL e outros partidos de oposi\u00e7\u00e3o, garantir\u00e1 que o colegiado s\u00f3 ser\u00e1 instalado ap\u00f3s o recesso parlamentar e a elei\u00e7\u00e3o da nova Mesa Diretora da C\u00e2mara. \u201cMesmo que haja convoca\u00e7\u00e3o extraordin\u00e1ria em janeiro, isso n\u00e3o muda nosso acordo\u201d, declarou, na ocasi\u00e3o, o l\u00edder do governo, deputado Andr\u00e9 Moura (PSC-SE).<\/p>\n<p>De acordo com o Regimento Interno da Casa, a partir da data de sua instala\u00e7\u00e3o a comiss\u00e3o especial tem o prazo de 40 sess\u00f5es do plen\u00e1rio para votar a proposta. Depois, a PEC precisar\u00e1 ser votada em dois turnos no plen\u00e1rio, com intervalo de cinco sess\u00f5es entre uma e outra vota\u00e7\u00e3o. Por se tratar de emenda \u00e0 Constitui\u00e7\u00e3o, para ser aprovada precisa contar com o voto favor\u00e1vel de pelo menos 308 deputados (3\/5 do total de deputados) em cada uma das vota\u00e7\u00f5es. Depois a mat\u00e9ria segue para o Senado, onde inicia a sua tramita\u00e7\u00e3o na CCJ.<\/p>\n<p><strong>Conquista dos trabalhadores em risco<br \/>\n<\/strong>A proposta enviada por Michel Temer ao Congresso Nacional no dia 6 de dezembro prev\u00ea que para ter direito \u00e0 aposentadoria integral, o trabalhador deve contribuir por 49 anos. Ou seja, caso o trabalhador ingresse na previd\u00eancia aos 22 anos de idade, s\u00f3 poder\u00e1 se aposentar aos 71. A medida desconsidera\u00a0tamb\u00e9m as\u00a0<a href=\"http:\/\/www.psol50.org.br\/blog\/2016\/12\/07\/reforma-da-previdencia-em-que-impacta-a-vida-das-mulheres-brasileiras\/\">m\u00faltiplas jornadas<\/a>\u00a0que as mulheres ainda est\u00e3o sujeitas no pa\u00eds, criando uma idade m\u00ednima independente de g\u00eanero.<\/p>\n<p>Durante a reuni\u00e3o da CCJ da C\u00e2mara, que aprovou o parecer favor\u00e1vel do relator Alceu Moreira (PMDB-RS), Chico Alencar criticou a pressa da base governista em querer aprovar uma mat\u00e9ria de tamanha import\u00e2ncia para o pa\u00eds. \u201cA madrugada \u00e9 p\u00e9ssima conselheira, \u00e9 inimiga da transpar\u00eancia obrigat\u00f3ria no parlamento e do Brasil\u201d. O representante do PSOL na comiss\u00e3o tamb\u00e9m ressaltou que a previd\u00eancia social \u00e9 uma conquista hist\u00f3rica dos trabalhadores, que agora correm o risco de perd\u00ea-la. \u201cA previd\u00eancia social tem 92 anos no Brasil. \u00c9 de 1924, da rep\u00fablica olig\u00e1rquica e foi o in\u00edcio de uma baita conquista dos trabalhadores e das trabalhadoras. Portanto, porque essa digress\u00e3o de quase um s\u00e9culo? Porque n\u00f3s estamos trabalhando em cima de algo que \u00e9 fundamental e diz repeito \u00e0 prote\u00e7\u00e3o social de uma imensa parcela da popula\u00e7\u00e3o brasileira, que a partir de muitas lutas, avan\u00e7os, recuos e conquistas, chegou \u00e0 posi\u00e7\u00e3o de agora. A previd\u00eancia social brasileira \u00e9 o maior programa de pol\u00edticas p\u00fablicas, prote\u00e7\u00e3o social e distribui\u00e7\u00e3o de renda\u201d.<\/p>\n<p>Tamb\u00e9m durante a vota\u00e7\u00e3o na CCJ, o l\u00edder do PSOL na C\u00e2mara, Ivan Valente (PSOL-RJ), criticou o m\u00e9rito da proposta, especialmente no que se refere ao aumento do tempo de contribui\u00e7\u00e3o. Ele reconheceu\u00a0que a expectativa de vida da popula\u00e7\u00e3o brasileira aumentou, mas tamb\u00e9m\u00a0lembrou que ainda h\u00e1 um conjunto de doen\u00e7as que atingem os idosos, dificultando, com isso, que eles possam trabalhar por muitos anos. Ele tamb\u00e9m critica o mito de que h\u00e1 um\u00a0d\u00e9ficit da previd\u00eancia. \u201cH\u00e1 um debate falso colocado sempre por aqueles que defendem a reforma, de que n\u00f3s temos um grande d\u00e9ficit da previd\u00eancia. Na verdade, essa quest\u00e3o \u00e9 falsa, porque o or\u00e7amento da Seguridade Social \u00e9 um or\u00e7amento superavit\u00e1rio e temos como provar isso. O or\u00e7amento da Seguridade \u00e9 a soma de contribui\u00e7\u00f5es, como a Cofins, o PIS, a contribui\u00e7\u00e3o social sobre o lucro l\u00edquido. E em 2015, o or\u00e7amento\u00a0do que chamamos de Seguridade Social, que \u00e9 a Sa\u00fade, da Previd\u00eancia e da Assist\u00eancia Social, na verdade foi superavit\u00e1rio\u201d.<\/p>\n<p>O PSOL seguir\u00e1 liderando a resist\u00eancia, na C\u00e2mara e nas ruas, contra mais essa proposta do governo Temer que ataca direitos, por meio da economia de recursos para pagar juros da d\u00edvida p\u00fablica, repassando a conta para os trabalhadores.<\/p>\n","protected":false},"excerpt":{"rendered":"<p>Depois de vencer a primeira etapa da tramita\u00e7\u00e3o da proposta de reforma da Previd\u00eancia \u2013 PEC 287\/2016 -, o governo agora se prepara para garantir a cria\u00e7\u00e3o da comiss\u00e3o especial logo ap\u00f3s o retorno dos trabalhos do Legislativo, em fevereiro de 2017. A base aliada de Michel Temer segue no empenho para conseguir os apoios [&hellip;]<\/p>\n","protected":false},"author":2,"featured_media":14811,"comment_status":"open","ping_status":"open","sticky":false,"template":"","format":"standard","meta":{"_acf_changed":false,"footnotes":""},"categories":[10,1882,6],"tags":[4753,709,2348,1748,22,39,3820],"class_list":{"0":"post-15005","1":"post","2":"type-post","3":"status-publish","4":"format-standard","5":"has-post-thumbnail","7":"category-acao-parlamentares","8":"category-brasil","9":"category-noticias","10":"tag-aponsetadoria","11":"tag-camara-dos-deputados","12":"tag-comissao-especial","13":"tag-michel-temer","14":"tag-psol","15":"tag-reforma-da-previdencia","16":"tag-tempo-de-contribuicao"},"acf":[],"yoast_head":"<!-- This site is optimized with the Yoast SEO plugin v26.5 - https:\/\/yoast.com\/wordpress\/plugins\/seo\/ -->\n<title>Com pressa em finalizar reforma da Previd\u00eancia, governo deve criar comiss\u00e3o especial em fevereiro - PSOL 50<\/title>\n<meta name=\"robots\" content=\"index, follow, max-snippet:-1, max-image-preview:large, max-video-preview:-1\" \/>\n<link rel=\"canonical\" href=\"https:\/\/psol50.org.br\/com-pressa-em-finalizar-reforma-da-previdencia-governo-deve-criar-comissao-especial-em-fevereiro\/\" \/>\n<meta property=\"og:locale\" content=\"pt_BR\" \/>\n<meta property=\"og:type\" content=\"article\" \/>\n<meta property=\"og:title\" content=\"Com pressa em finalizar reforma da Previd\u00eancia, governo deve criar comiss\u00e3o especial em fevereiro - PSOL 50\" \/>\n<meta property=\"og:description\" content=\"Depois de vencer a primeira etapa da tramita\u00e7\u00e3o da proposta de reforma da Previd\u00eancia \u2013 PEC 287\/2016 -, o governo agora se prepara para garantir a cria\u00e7\u00e3o da comiss\u00e3o especial logo ap\u00f3s o retorno dos trabalhos do Legislativo, em fevereiro de 2017. A base aliada de Michel Temer segue no empenho para conseguir os apoios [&hellip;]\" \/>\n<meta property=\"og:url\" content=\"https:\/\/psol50.org.br\/com-pressa-em-finalizar-reforma-da-previdencia-governo-deve-criar-comissao-especial-em-fevereiro\/\" \/>\n<meta property=\"og:site_name\" content=\"PSOL 50\" \/>\n<meta property=\"article:publisher\" content=\"https:\/\/www.facebook.com\/psol50\" \/>\n<meta property=\"article:published_time\" content=\"2016-12-20T13:07:23+00:00\" \/>\n<meta property=\"og:image\" content=\"https:\/\/psol50.org.br\/inc\/uploads\/2018\/07\/capa.png\" \/>\n\t<meta property=\"og:image:width\" content=\"1350\" \/>\n\t<meta property=\"og:image:height\" content=\"900\" \/>\n\t<meta property=\"og:image:type\" content=\"image\/png\" \/>\n<meta name=\"author\" content=\"Comunica\u00e7\u00e3o PSOL\" \/>\n<meta name=\"twitter:card\" content=\"summary_large_image\" \/>\n<meta name=\"twitter:creator\" content=\"@psol50\" \/>\n<meta name=\"twitter:site\" content=\"@psol50\" \/>\n<meta name=\"twitter:label1\" content=\"Escrito por\" \/>\n\t<meta name=\"twitter:data1\" content=\"Comunica\u00e7\u00e3o PSOL\" \/>\n\t<meta name=\"twitter:label2\" content=\"Est. tempo de leitura\" \/>\n\t<meta name=\"twitter:data2\" content=\"4 minutos\" \/>\n<script type=\"application\/ld+json\" class=\"yoast-schema-graph\">{\"@context\":\"https:\/\/schema.org\",\"@graph\":[{\"@type\":\"Article\",\"@id\":\"https:\/\/psol50.org.br\/com-pressa-em-finalizar-reforma-da-previdencia-governo-deve-criar-comissao-especial-em-fevereiro\/#article\",\"isPartOf\":{\"@id\":\"https:\/\/psol50.org.br\/com-pressa-em-finalizar-reforma-da-previdencia-governo-deve-criar-comissao-especial-em-fevereiro\/\"},\"author\":{\"name\":\"Comunica\u00e7\u00e3o PSOL\",\"@id\":\"https:\/\/psol50.org.br\/#\/schema\/person\/475dfa57d0b815993c714c2e96491fcd\"},\"headline\":\"Com pressa em finalizar reforma da Previd\u00eancia, governo deve criar comiss\u00e3o especial em fevereiro\",\"datePublished\":\"2016-12-20T13:07:23+00:00\",\"mainEntityOfPage\":{\"@id\":\"https:\/\/psol50.org.br\/com-pressa-em-finalizar-reforma-da-previdencia-governo-deve-criar-comissao-especial-em-fevereiro\/\"},\"wordCount\":807,\"commentCount\":0,\"publisher\":{\"@id\":\"https:\/\/psol50.org.br\/#organization\"},\"image\":{\"@id\":\"https:\/\/psol50.org.br\/com-pressa-em-finalizar-reforma-da-previdencia-governo-deve-criar-comissao-especial-em-fevereiro\/#primaryimage\"},\"thumbnailUrl\":\"\",\"keywords\":[\"aponsetadoria\",\"C\u00e2mara dos Deputados\",\"Comiss\u00e3o Especial\",\"Michel Temer\",\"PSOL\",\"reforma da previd\u00eancia\",\"tempo de contribui\u00e7\u00e3o\"],\"articleSection\":[\"A\u00e7\u00e3o Parlamentar\",\"Brasil\",\"Not\u00edcias\"],\"inLanguage\":\"pt-BR\",\"potentialAction\":[{\"@type\":\"CommentAction\",\"name\":\"Comment\",\"target\":[\"https:\/\/psol50.org.br\/com-pressa-em-finalizar-reforma-da-previdencia-governo-deve-criar-comissao-especial-em-fevereiro\/#respond\"]}]},{\"@type\":\"WebPage\",\"@id\":\"https:\/\/psol50.org.br\/com-pressa-em-finalizar-reforma-da-previdencia-governo-deve-criar-comissao-especial-em-fevereiro\/\",\"url\":\"https:\/\/psol50.org.br\/com-pressa-em-finalizar-reforma-da-previdencia-governo-deve-criar-comissao-especial-em-fevereiro\/\",\"name\":\"Com pressa em finalizar reforma da Previd\u00eancia, governo deve criar comiss\u00e3o especial em fevereiro - PSOL 50\",\"isPartOf\":{\"@id\":\"https:\/\/psol50.org.br\/#website\"},\"primaryImageOfPage\":{\"@id\":\"https:\/\/psol50.org.br\/com-pressa-em-finalizar-reforma-da-previdencia-governo-deve-criar-comissao-especial-em-fevereiro\/#primaryimage\"},\"image\":{\"@id\":\"https:\/\/psol50.org.br\/com-pressa-em-finalizar-reforma-da-previdencia-governo-deve-criar-comissao-especial-em-fevereiro\/#primaryimage\"},\"thumbnailUrl\":\"\",\"datePublished\":\"2016-12-20T13:07:23+00:00\",\"breadcrumb\":{\"@id\":\"https:\/\/psol50.org.br\/com-pressa-em-finalizar-reforma-da-previdencia-governo-deve-criar-comissao-especial-em-fevereiro\/#breadcrumb\"},\"inLanguage\":\"pt-BR\",\"potentialAction\":[{\"@type\":\"ReadAction\",\"target\":[\"https:\/\/psol50.org.br\/com-pressa-em-finalizar-reforma-da-previdencia-governo-deve-criar-comissao-especial-em-fevereiro\/\"]}]},{\"@type\":\"ImageObject\",\"inLanguage\":\"pt-BR\",\"@id\":\"https:\/\/psol50.org.br\/com-pressa-em-finalizar-reforma-da-previdencia-governo-deve-criar-comissao-especial-em-fevereiro\/#primaryimage\",\"url\":\"\",\"contentUrl\":\"\"},{\"@type\":\"BreadcrumbList\",\"@id\":\"https:\/\/psol50.org.br\/com-pressa-em-finalizar-reforma-da-previdencia-governo-deve-criar-comissao-especial-em-fevereiro\/#breadcrumb\",\"itemListElement\":[{\"@type\":\"ListItem\",\"position\":1,\"name\":\"In\u00edcio\",\"item\":\"https:\/\/psol50.org.br\/\"},{\"@type\":\"ListItem\",\"position\":2,\"name\":\"Com pressa em finalizar reforma da Previd\u00eancia, governo deve criar comiss\u00e3o especial em fevereiro\"}]},{\"@type\":\"WebSite\",\"@id\":\"https:\/\/psol50.org.br\/#website\",\"url\":\"https:\/\/psol50.org.br\/\",\"name\":\"PSOL 50\",\"description\":\"Site oficial do Partido Socialismo e Liberdade\",\"publisher\":{\"@id\":\"https:\/\/psol50.org.br\/#organization\"},\"alternateName\":\"PSOL50\",\"potentialAction\":[{\"@type\":\"SearchAction\",\"target\":{\"@type\":\"EntryPoint\",\"urlTemplate\":\"https:\/\/psol50.org.br\/?s={search_term_string}\"},\"query-input\":{\"@type\":\"PropertyValueSpecification\",\"valueRequired\":true,\"valueName\":\"search_term_string\"}}],\"inLanguage\":\"pt-BR\"},{\"@type\":\"Organization\",\"@id\":\"https:\/\/psol50.org.br\/#organization\",\"name\":\"PSOL 50\",\"alternateName\":\"PSOL 50\",\"url\":\"https:\/\/psol50.org.br\/\",\"logo\":{\"@type\":\"ImageObject\",\"inLanguage\":\"pt-BR\",\"@id\":\"https:\/\/psol50.org.br\/#\/schema\/logo\/image\/\",\"url\":\"https:\/\/psol50.org.br\/inc\/uploads\/2018\/07\/capa.png\",\"contentUrl\":\"https:\/\/psol50.org.br\/inc\/uploads\/2018\/07\/capa.png\",\"width\":1350,\"height\":900,\"caption\":\"PSOL 50\"},\"image\":{\"@id\":\"https:\/\/psol50.org.br\/#\/schema\/logo\/image\/\"},\"sameAs\":[\"https:\/\/www.facebook.com\/psol50\",\"https:\/\/x.com\/psol50\",\"https:\/\/www.instagram.com\/psol50\/\",\"https:\/\/www.youtube.com\/channel\/UC7SnJS5o1os7a6CaiNabzcg\"]},{\"@type\":\"Person\",\"@id\":\"https:\/\/psol50.org.br\/#\/schema\/person\/475dfa57d0b815993c714c2e96491fcd\",\"name\":\"Comunica\u00e7\u00e3o PSOL\",\"image\":{\"@type\":\"ImageObject\",\"inLanguage\":\"pt-BR\",\"@id\":\"https:\/\/psol50.org.br\/#\/schema\/person\/image\/\",\"url\":\"https:\/\/secure.gravatar.com\/avatar\/b34fc4f4e468a4e51785917065a3db57b841f5c95dba6ad8c73aaf8f66f8f9bf?s=96&d=mm&r=g\",\"contentUrl\":\"https:\/\/secure.gravatar.com\/avatar\/b34fc4f4e468a4e51785917065a3db57b841f5c95dba6ad8c73aaf8f66f8f9bf?s=96&d=mm&r=g\",\"caption\":\"Comunica\u00e7\u00e3o PSOL\"}}]}<\/script>\n<!-- \/ Yoast SEO plugin. -->","yoast_head_json":{"title":"Com pressa em finalizar reforma da Previd\u00eancia, governo deve criar comiss\u00e3o especial em fevereiro - PSOL 50","robots":{"index":"index","follow":"follow","max-snippet":"max-snippet:-1","max-image-preview":"max-image-preview:large","max-video-preview":"max-video-preview:-1"},"canonical":"https:\/\/psol50.org.br\/com-pressa-em-finalizar-reforma-da-previdencia-governo-deve-criar-comissao-especial-em-fevereiro\/","og_locale":"pt_BR","og_type":"article","og_title":"Com pressa em finalizar reforma da Previd\u00eancia, governo deve criar comiss\u00e3o especial em fevereiro - PSOL 50","og_description":"Depois de vencer a primeira etapa da tramita\u00e7\u00e3o da proposta de reforma da Previd\u00eancia \u2013 PEC 287\/2016 -, o governo agora se prepara para garantir a cria\u00e7\u00e3o da comiss\u00e3o especial logo ap\u00f3s o retorno dos trabalhos do Legislativo, em fevereiro de 2017. A base aliada de Michel Temer segue no empenho para conseguir os apoios [&hellip;]","og_url":"https:\/\/psol50.org.br\/com-pressa-em-finalizar-reforma-da-previdencia-governo-deve-criar-comissao-especial-em-fevereiro\/","og_site_name":"PSOL 50","article_publisher":"https:\/\/www.facebook.com\/psol50","article_published_time":"2016-12-20T13:07:23+00:00","og_image":[{"width":1350,"height":900,"url":"https:\/\/psol50.org.br\/inc\/uploads\/2018\/07\/capa.png","type":"image\/png"}],"author":"Comunica\u00e7\u00e3o PSOL","twitter_card":"summary_large_image","twitter_creator":"@psol50","twitter_site":"@psol50","twitter_misc":{"Escrito por":"Comunica\u00e7\u00e3o PSOL","Est. tempo de leitura":"4 minutos"},"schema":{"@context":"https:\/\/schema.org","@graph":[{"@type":"Article","@id":"https:\/\/psol50.org.br\/com-pressa-em-finalizar-reforma-da-previdencia-governo-deve-criar-comissao-especial-em-fevereiro\/#article","isPartOf":{"@id":"https:\/\/psol50.org.br\/com-pressa-em-finalizar-reforma-da-previdencia-governo-deve-criar-comissao-especial-em-fevereiro\/"},"author":{"name":"Comunica\u00e7\u00e3o PSOL","@id":"https:\/\/psol50.org.br\/#\/schema\/person\/475dfa57d0b815993c714c2e96491fcd"},"headline":"Com pressa em finalizar reforma da Previd\u00eancia, governo deve criar comiss\u00e3o especial em fevereiro","datePublished":"2016-12-20T13:07:23+00:00","mainEntityOfPage":{"@id":"https:\/\/psol50.org.br\/com-pressa-em-finalizar-reforma-da-previdencia-governo-deve-criar-comissao-especial-em-fevereiro\/"},"wordCount":807,"commentCount":0,"publisher":{"@id":"https:\/\/psol50.org.br\/#organization"},"image":{"@id":"https:\/\/psol50.org.br\/com-pressa-em-finalizar-reforma-da-previdencia-governo-deve-criar-comissao-especial-em-fevereiro\/#primaryimage"},"thumbnailUrl":"","keywords":["aponsetadoria","C\u00e2mara dos Deputados","Comiss\u00e3o Especial","Michel Temer","PSOL","reforma da previd\u00eancia","tempo de contribui\u00e7\u00e3o"],"articleSection":["A\u00e7\u00e3o Parlamentar","Brasil","Not\u00edcias"],"inLanguage":"pt-BR","potentialAction":[{"@type":"CommentAction","name":"Comment","target":["https:\/\/psol50.org.br\/com-pressa-em-finalizar-reforma-da-previdencia-governo-deve-criar-comissao-especial-em-fevereiro\/#respond"]}]},{"@type":"WebPage","@id":"https:\/\/psol50.org.br\/com-pressa-em-finalizar-reforma-da-previdencia-governo-deve-criar-comissao-especial-em-fevereiro\/","url":"https:\/\/psol50.org.br\/com-pressa-em-finalizar-reforma-da-previdencia-governo-deve-criar-comissao-especial-em-fevereiro\/","name":"Com pressa em finalizar reforma da Previd\u00eancia, governo deve criar comiss\u00e3o especial em fevereiro - PSOL 50","isPartOf":{"@id":"https:\/\/psol50.org.br\/#website"},"primaryImageOfPage":{"@id":"https:\/\/psol50.org.br\/com-pressa-em-finalizar-reforma-da-previdencia-governo-deve-criar-comissao-especial-em-fevereiro\/#primaryimage"},"image":{"@id":"https:\/\/psol50.org.br\/com-pressa-em-finalizar-reforma-da-previdencia-governo-deve-criar-comissao-especial-em-fevereiro\/#primaryimage"},"thumbnailUrl":"","datePublished":"2016-12-20T13:07:23+00:00","breadcrumb":{"@id":"https:\/\/psol50.org.br\/com-pressa-em-finalizar-reforma-da-previdencia-governo-deve-criar-comissao-especial-em-fevereiro\/#breadcrumb"},"inLanguage":"pt-BR","potentialAction":[{"@type":"ReadAction","target":["https:\/\/psol50.org.br\/com-pressa-em-finalizar-reforma-da-previdencia-governo-deve-criar-comissao-especial-em-fevereiro\/"]}]},{"@type":"ImageObject","inLanguage":"pt-BR","@id":"https:\/\/psol50.org.br\/com-pressa-em-finalizar-reforma-da-previdencia-governo-deve-criar-comissao-especial-em-fevereiro\/#primaryimage","url":"","contentUrl":""},{"@type":"BreadcrumbList","@id":"https:\/\/psol50.org.br\/com-pressa-em-finalizar-reforma-da-previdencia-governo-deve-criar-comissao-especial-em-fevereiro\/#breadcrumb","itemListElement":[{"@type":"ListItem","position":1,"name":"In\u00edcio","item":"https:\/\/psol50.org.br\/"},{"@type":"ListItem","position":2,"name":"Com pressa em finalizar reforma da Previd\u00eancia, governo deve criar comiss\u00e3o especial em fevereiro"}]},{"@type":"WebSite","@id":"https:\/\/psol50.org.br\/#website","url":"https:\/\/psol50.org.br\/","name":"PSOL 50","description":"Site oficial do Partido Socialismo e Liberdade","publisher":{"@id":"https:\/\/psol50.org.br\/#organization"},"alternateName":"PSOL50","potentialAction":[{"@type":"SearchAction","target":{"@type":"EntryPoint","urlTemplate":"https:\/\/psol50.org.br\/?s={search_term_string}"},"query-input":{"@type":"PropertyValueSpecification","valueRequired":true,"valueName":"search_term_string"}}],"inLanguage":"pt-BR"},{"@type":"Organization","@id":"https:\/\/psol50.org.br\/#organization","name":"PSOL 50","alternateName":"PSOL 50","url":"https:\/\/psol50.org.br\/","logo":{"@type":"ImageObject","inLanguage":"pt-BR","@id":"https:\/\/psol50.org.br\/#\/schema\/logo\/image\/","url":"https:\/\/psol50.org.br\/inc\/uploads\/2018\/07\/capa.png","contentUrl":"https:\/\/psol50.org.br\/inc\/uploads\/2018\/07\/capa.png","width":1350,"height":900,"caption":"PSOL 50"},"image":{"@id":"https:\/\/psol50.org.br\/#\/schema\/logo\/image\/"},"sameAs":["https:\/\/www.facebook.com\/psol50","https:\/\/x.com\/psol50","https:\/\/www.instagram.com\/psol50\/","https:\/\/www.youtube.com\/channel\/UC7SnJS5o1os7a6CaiNabzcg"]},{"@type":"Person","@id":"https:\/\/psol50.org.br\/#\/schema\/person\/475dfa57d0b815993c714c2e96491fcd","name":"Comunica\u00e7\u00e3o PSOL","image":{"@type":"ImageObject","inLanguage":"pt-BR","@id":"https:\/\/psol50.org.br\/#\/schema\/person\/image\/","url":"https:\/\/secure.gravatar.com\/avatar\/b34fc4f4e468a4e51785917065a3db57b841f5c95dba6ad8c73aaf8f66f8f9bf?s=96&d=mm&r=g","contentUrl":"https:\/\/secure.gravatar.com\/avatar\/b34fc4f4e468a4e51785917065a3db57b841f5c95dba6ad8c73aaf8f66f8f9bf?s=96&d=mm&r=g","caption":"Comunica\u00e7\u00e3o PSOL"}}]}},"_links":{"self":[{"href":"https:\/\/psol50.org.br\/rest\/wp\/v2\/posts\/15005","targetHints":{"allow":["GET"]}}],"collection":[{"href":"https:\/\/psol50.org.br\/rest\/wp\/v2\/posts"}],"about":[{"href":"https:\/\/psol50.org.br\/rest\/wp\/v2\/types\/post"}],"author":[{"embeddable":true,"href":"https:\/\/psol50.org.br\/rest\/wp\/v2\/users\/2"}],"replies":[{"embeddable":true,"href":"https:\/\/psol50.org.br\/rest\/wp\/v2\/comments?post=15005"}],"version-history":[{"count":0,"href":"https:\/\/psol50.org.br\/rest\/wp\/v2\/posts\/15005\/revisions"}],"wp:featuredmedia":[{"embeddable":true,"href":"https:\/\/psol50.org.br\/rest\/"}],"wp:attachment":[{"href":"https:\/\/psol50.org.br\/rest\/wp\/v2\/media?parent=15005"}],"wp:term":[{"taxonomy":"category","embeddable":true,"href":"https:\/\/psol50.org.br\/rest\/wp\/v2\/categories?post=15005"},{"taxonomy":"post_tag","embeddable":true,"href":"https:\/\/psol50.org.br\/rest\/wp\/v2\/tags?post=15005"}],"curies":[{"name":"wp","href":"https:\/\/api.w.org\/{rel}","templated":true}]}}