{"id":15031,"date":"2016-12-23T13:28:56","date_gmt":"2016-12-23T13:28:56","guid":{"rendered":"http:\/\/www.psol50.org.br\/?p=15031"},"modified":"2016-12-23T13:28:56","modified_gmt":"2016-12-23T13:28:56","slug":"presente-de-natal-de-temer-para-trabalhadores-e-ataque-aos-direitos","status":"publish","type":"post","link":"https:\/\/psol50.org.br\/presente-de-natal-de-temer-para-trabalhadores-e-ataque-aos-direitos\/","title":{"rendered":"\u201cPresente de Natal\u201d de Temer para trabalhadores \u00e9 ataque aos direitos"},"content":{"rendered":"<p>Com o cinismo de quem j\u00e1 n\u00e3o tem mais pudor em admitir a suas investidas em acabar com direitos da popula\u00e7\u00e3o, o presidente ileg\u00edtimo Michel Temer anunciou, nesta quinta-feira (22\/12), a proposta que vai fazer profundas altera\u00e7\u00f5es na legisla\u00e7\u00e3o trabalhista como se fosse um \u201cbel\u00edssimo presente de Natal\u201d. Cercado de aliados em sua tarefa de desmontar o pa\u00eds, Temer disse, em cerim\u00f4nia no Pal\u00e1cio do Planalto, acreditar que patr\u00f5es e empregados est\u00e3o mais unidos, e que o pa\u00eds conseguir\u00e1 seguir o exemplo de &#8220;fraternidade&#8221;. Sem dizer, no entanto, que a sua proposta atende aos interesses do mercado e dos patr\u00f5es e joga nas costas da classe trabalhadora as consequ\u00eancias de uma crise que n\u00e3o \u00e9 dela.<\/p>\n<p>\u201cDevemos afastar aqueles manique\u00edstas que acham que a verdade est\u00e1 s\u00f3 de um lado. Afastar aqueles que s\u00e3o raivosos, que usam a irrita\u00e7\u00e3o para contestar\u201d, afirmou, cinicamente, o presidente. Ele ainda teve a coragem de evocar o clima natalino para que advers\u00e1rios deixem as diferen\u00e7as de lado.<\/p>\n<p>O projeto permite a redu\u00e7\u00e3o da jornada de trabalho, com redu\u00e7\u00e3o no sal\u00e1rio em 30% e fixa regras sobre o contrato de trabalho tempor\u00e1rio, que pode passar do limite atual de 90 dias para 120 dias, podendo ser prorrogado por igual per\u00edodo, permitindo que as empresas aumentem, ainda mais, os contratos inst\u00e1veis de seus trabalhadores.<\/p>\n<p>As mudan\u00e7as anunciadas por Temer, que inicialmente seriam via Medida Provis\u00f3ria, tamb\u00e9m definem a preval\u00eancia do acordo entre empresas e sindicatos dos trabalhadores sobre a legisla\u00e7\u00e3o. Ou seja, as negocia\u00e7\u00f5es coletivas, quando muitas vezes os trabalhadores atuam com uma correla\u00e7\u00e3o de for\u00e7a desfavor\u00e1vel em rela\u00e7\u00e3o aos patr\u00f5es, ter\u00e3o mais poder do que o que est\u00e1 previsto na Consolida\u00e7\u00e3o das Leis Trabalhistas, a CLT. Os acordos poder\u00e3o prevalecer em 12 situa\u00e7\u00f5es, entre elas parcelamento das f\u00e9rias em at\u00e9 tr\u00eas vezes, compensa\u00e7\u00e3o da jornada de trabalho, intervalos de intrajornada, plano de cargos e sal\u00e1rios, banco de horas, registro de ponto e trabalho remoto, entre outros.<\/p>\n<p>O PL tamb\u00e9m permite que sindicatos e empresas negociem jornadas de at\u00e9 12 horas di\u00e1rias limitadas a 220 horas mensais, com dura\u00e7\u00e3o maior que as 8 horas di\u00e1rias e 44 semanais previstas pela legisla\u00e7\u00e3o atual, obrigando o empregado a trabalhar mais do que as regras atuais.<\/p>\n<p>Segundo o ministro da Casa Civil, Eliseu Padilha, o projeto de lei foi enviado em regime de urg\u00eancia ao Congresso, demarcando a inten\u00e7\u00e3o do governo em aprovar logo mais essa medida de seu ajuste fiscal.<\/p>\n<p>Na mesma solenidade, realizada no Pal\u00e1cio do Planalto, Temer assinou tamb\u00e9m duas medidas provis\u00f3rias. Uma que muda a remunera\u00e7\u00e3o\u00a0das contas do FGTS e permite o saque de saldo de contas inativas. E outra que prorroga o Programa Nacional de Prote\u00e7\u00e3o ao Emprego, rebatizado de Programa Seguro-Emprego.<\/p>\n<p>Para o l\u00edder do PSOL, deputado Ivan Valente, a atitude de Temer \u00e9 tentar desviar o foco da crise de seu governo, que se agrava a cada dia como novas den\u00fancias da Opera\u00e7\u00e3o Lava Jato. \u201cEnrolado em sua pr\u00f3pria crise, o governo busca criar factoides para melhorar a pr\u00f3pria imagem. Ao passo que oferece \u00e0 iniciativa privada formas de aumentar seus lucros, mesmo que \u00e0s custas da superexplora\u00e7\u00e3o da m\u00e3o de obra. Esta \u00e9 cara do governo Temer. Falta de democracia, sabotagens, ataques aos direitos sociais. Enquanto isso, politicamente a nau governista navega contra os ventos cada vez mais fortes trazidos pelas den\u00fancias de corrup\u00e7\u00e3o e pela resist\u00eancia popular que se avizinha\u201d.<\/p>\n<p>&nbsp;<\/p>\n<p>&nbsp;<\/p>\n","protected":false},"excerpt":{"rendered":"<p>Com o cinismo de quem j\u00e1 n\u00e3o tem mais pudor em admitir a suas investidas em acabar com direitos da popula\u00e7\u00e3o, o presidente ileg\u00edtimo Michel Temer anunciou, nesta quinta-feira (22\/12), a proposta que vai fazer profundas altera\u00e7\u00f5es na legisla\u00e7\u00e3o trabalhista como se fosse um \u201cbel\u00edssimo presente de Natal\u201d. Cercado de aliados em sua tarefa de [&hellip;]<\/p>\n","protected":false},"author":2,"featured_media":15032,"comment_status":"open","ping_status":"open","sticky":false,"template":"","format":"standard","meta":{"_acf_changed":false,"footnotes":""},"categories":[10,1882,6],"tags":[4761,1432,1709,406,4762,133,3123,1748,4763,1669,2207],"class_list":{"0":"post-15031","1":"post","2":"type-post","3":"status-publish","4":"format-standard","5":"has-post-thumbnail","7":"category-acao-parlamentares","8":"category-brasil","9":"category-noticias","10":"tag-acordo-coletivos","11":"tag-ajuste-fiscal","12":"tag-clt","13":"tag-direitos","14":"tag-empregados","15":"tag-empresas","16":"tag-legislacao-trabalhista","17":"tag-michel-temer","18":"tag-patroes","19":"tag-reforma-trabalhista","20":"tag-retrocessos"},"acf":[],"yoast_head":"<!-- This site is optimized with the Yoast SEO plugin v26.5 - https:\/\/yoast.com\/wordpress\/plugins\/seo\/ -->\n<title>\u201cPresente de Natal\u201d de Temer para trabalhadores \u00e9 ataque aos direitos - PSOL 50<\/title>\n<meta name=\"robots\" content=\"index, follow, max-snippet:-1, max-image-preview:large, max-video-preview:-1\" \/>\n<link rel=\"canonical\" href=\"https:\/\/psol50.org.br\/presente-de-natal-de-temer-para-trabalhadores-e-ataque-aos-direitos\/\" \/>\n<meta property=\"og:locale\" content=\"pt_BR\" \/>\n<meta property=\"og:type\" content=\"article\" \/>\n<meta property=\"og:title\" content=\"\u201cPresente de Natal\u201d de Temer para trabalhadores \u00e9 ataque aos direitos - PSOL 50\" \/>\n<meta property=\"og:description\" content=\"Com o cinismo de quem j\u00e1 n\u00e3o tem mais pudor em admitir a suas investidas em acabar com direitos da popula\u00e7\u00e3o, o presidente ileg\u00edtimo Michel Temer anunciou, nesta quinta-feira (22\/12), a proposta que vai fazer profundas altera\u00e7\u00f5es na legisla\u00e7\u00e3o trabalhista como se fosse um \u201cbel\u00edssimo presente de Natal\u201d. Cercado de aliados em sua tarefa de [&hellip;]\" \/>\n<meta property=\"og:url\" content=\"https:\/\/psol50.org.br\/presente-de-natal-de-temer-para-trabalhadores-e-ataque-aos-direitos\/\" \/>\n<meta property=\"og:site_name\" content=\"PSOL 50\" \/>\n<meta property=\"article:publisher\" content=\"https:\/\/www.facebook.com\/psol50\" \/>\n<meta property=\"article:published_time\" content=\"2016-12-23T13:28:56+00:00\" \/>\n<meta property=\"og:image\" content=\"https:\/\/psol50.org.br\/inc\/uploads\/2018\/07\/capa.png\" \/>\n\t<meta property=\"og:image:width\" content=\"1350\" \/>\n\t<meta property=\"og:image:height\" content=\"900\" \/>\n\t<meta property=\"og:image:type\" content=\"image\/png\" \/>\n<meta name=\"author\" content=\"Comunica\u00e7\u00e3o PSOL\" \/>\n<meta name=\"twitter:card\" content=\"summary_large_image\" \/>\n<meta name=\"twitter:creator\" content=\"@psol50\" \/>\n<meta name=\"twitter:site\" content=\"@psol50\" \/>\n<meta name=\"twitter:label1\" content=\"Escrito por\" \/>\n\t<meta name=\"twitter:data1\" content=\"Comunica\u00e7\u00e3o PSOL\" \/>\n\t<meta name=\"twitter:label2\" content=\"Est. tempo de leitura\" \/>\n\t<meta name=\"twitter:data2\" content=\"3 minutos\" \/>\n<script type=\"application\/ld+json\" class=\"yoast-schema-graph\">{\"@context\":\"https:\/\/schema.org\",\"@graph\":[{\"@type\":\"Article\",\"@id\":\"https:\/\/psol50.org.br\/presente-de-natal-de-temer-para-trabalhadores-e-ataque-aos-direitos\/#article\",\"isPartOf\":{\"@id\":\"https:\/\/psol50.org.br\/presente-de-natal-de-temer-para-trabalhadores-e-ataque-aos-direitos\/\"},\"author\":{\"name\":\"Comunica\u00e7\u00e3o PSOL\",\"@id\":\"https:\/\/psol50.org.br\/#\/schema\/person\/475dfa57d0b815993c714c2e96491fcd\"},\"headline\":\"\u201cPresente de Natal\u201d de Temer para trabalhadores \u00e9 ataque aos direitos\",\"datePublished\":\"2016-12-23T13:28:56+00:00\",\"mainEntityOfPage\":{\"@id\":\"https:\/\/psol50.org.br\/presente-de-natal-de-temer-para-trabalhadores-e-ataque-aos-direitos\/\"},\"wordCount\":627,\"commentCount\":0,\"publisher\":{\"@id\":\"https:\/\/psol50.org.br\/#organization\"},\"image\":{\"@id\":\"https:\/\/psol50.org.br\/presente-de-natal-de-temer-para-trabalhadores-e-ataque-aos-direitos\/#primaryimage\"},\"thumbnailUrl\":\"\",\"keywords\":[\"acordo coletivos\",\"Ajuste Fiscal\",\"CLT\",\"direitos\",\"empregados\",\"empresas\",\"legisla\u00e7\u00e3o trabalhista\",\"Michel Temer\",\"patr\u00f5es\",\"reforma trabalhista\",\"retrocessos\"],\"articleSection\":[\"A\u00e7\u00e3o Parlamentar\",\"Brasil\",\"Not\u00edcias\"],\"inLanguage\":\"pt-BR\",\"potentialAction\":[{\"@type\":\"CommentAction\",\"name\":\"Comment\",\"target\":[\"https:\/\/psol50.org.br\/presente-de-natal-de-temer-para-trabalhadores-e-ataque-aos-direitos\/#respond\"]}]},{\"@type\":\"WebPage\",\"@id\":\"https:\/\/psol50.org.br\/presente-de-natal-de-temer-para-trabalhadores-e-ataque-aos-direitos\/\",\"url\":\"https:\/\/psol50.org.br\/presente-de-natal-de-temer-para-trabalhadores-e-ataque-aos-direitos\/\",\"name\":\"\u201cPresente de Natal\u201d de Temer para trabalhadores \u00e9 ataque aos direitos - PSOL 50\",\"isPartOf\":{\"@id\":\"https:\/\/psol50.org.br\/#website\"},\"primaryImageOfPage\":{\"@id\":\"https:\/\/psol50.org.br\/presente-de-natal-de-temer-para-trabalhadores-e-ataque-aos-direitos\/#primaryimage\"},\"image\":{\"@id\":\"https:\/\/psol50.org.br\/presente-de-natal-de-temer-para-trabalhadores-e-ataque-aos-direitos\/#primaryimage\"},\"thumbnailUrl\":\"\",\"datePublished\":\"2016-12-23T13:28:56+00:00\",\"breadcrumb\":{\"@id\":\"https:\/\/psol50.org.br\/presente-de-natal-de-temer-para-trabalhadores-e-ataque-aos-direitos\/#breadcrumb\"},\"inLanguage\":\"pt-BR\",\"potentialAction\":[{\"@type\":\"ReadAction\",\"target\":[\"https:\/\/psol50.org.br\/presente-de-natal-de-temer-para-trabalhadores-e-ataque-aos-direitos\/\"]}]},{\"@type\":\"ImageObject\",\"inLanguage\":\"pt-BR\",\"@id\":\"https:\/\/psol50.org.br\/presente-de-natal-de-temer-para-trabalhadores-e-ataque-aos-direitos\/#primaryimage\",\"url\":\"\",\"contentUrl\":\"\"},{\"@type\":\"BreadcrumbList\",\"@id\":\"https:\/\/psol50.org.br\/presente-de-natal-de-temer-para-trabalhadores-e-ataque-aos-direitos\/#breadcrumb\",\"itemListElement\":[{\"@type\":\"ListItem\",\"position\":1,\"name\":\"In\u00edcio\",\"item\":\"https:\/\/psol50.org.br\/\"},{\"@type\":\"ListItem\",\"position\":2,\"name\":\"\u201cPresente de Natal\u201d de Temer para trabalhadores \u00e9 ataque aos direitos\"}]},{\"@type\":\"WebSite\",\"@id\":\"https:\/\/psol50.org.br\/#website\",\"url\":\"https:\/\/psol50.org.br\/\",\"name\":\"PSOL 50\",\"description\":\"Site oficial do Partido Socialismo e Liberdade\",\"publisher\":{\"@id\":\"https:\/\/psol50.org.br\/#organization\"},\"alternateName\":\"PSOL50\",\"potentialAction\":[{\"@type\":\"SearchAction\",\"target\":{\"@type\":\"EntryPoint\",\"urlTemplate\":\"https:\/\/psol50.org.br\/?s={search_term_string}\"},\"query-input\":{\"@type\":\"PropertyValueSpecification\",\"valueRequired\":true,\"valueName\":\"search_term_string\"}}],\"inLanguage\":\"pt-BR\"},{\"@type\":\"Organization\",\"@id\":\"https:\/\/psol50.org.br\/#organization\",\"name\":\"PSOL 50\",\"alternateName\":\"PSOL 50\",\"url\":\"https:\/\/psol50.org.br\/\",\"logo\":{\"@type\":\"ImageObject\",\"inLanguage\":\"pt-BR\",\"@id\":\"https:\/\/psol50.org.br\/#\/schema\/logo\/image\/\",\"url\":\"https:\/\/psol50.org.br\/inc\/uploads\/2018\/07\/capa.png\",\"contentUrl\":\"https:\/\/psol50.org.br\/inc\/uploads\/2018\/07\/capa.png\",\"width\":1350,\"height\":900,\"caption\":\"PSOL 50\"},\"image\":{\"@id\":\"https:\/\/psol50.org.br\/#\/schema\/logo\/image\/\"},\"sameAs\":[\"https:\/\/www.facebook.com\/psol50\",\"https:\/\/x.com\/psol50\",\"https:\/\/www.instagram.com\/psol50\/\",\"https:\/\/www.youtube.com\/channel\/UC7SnJS5o1os7a6CaiNabzcg\"]},{\"@type\":\"Person\",\"@id\":\"https:\/\/psol50.org.br\/#\/schema\/person\/475dfa57d0b815993c714c2e96491fcd\",\"name\":\"Comunica\u00e7\u00e3o PSOL\",\"image\":{\"@type\":\"ImageObject\",\"inLanguage\":\"pt-BR\",\"@id\":\"https:\/\/psol50.org.br\/#\/schema\/person\/image\/\",\"url\":\"https:\/\/secure.gravatar.com\/avatar\/b34fc4f4e468a4e51785917065a3db57b841f5c95dba6ad8c73aaf8f66f8f9bf?s=96&d=mm&r=g\",\"contentUrl\":\"https:\/\/secure.gravatar.com\/avatar\/b34fc4f4e468a4e51785917065a3db57b841f5c95dba6ad8c73aaf8f66f8f9bf?s=96&d=mm&r=g\",\"caption\":\"Comunica\u00e7\u00e3o PSOL\"}}]}<\/script>\n<!-- \/ Yoast SEO plugin. -->","yoast_head_json":{"title":"\u201cPresente de Natal\u201d de Temer para trabalhadores \u00e9 ataque aos direitos - PSOL 50","robots":{"index":"index","follow":"follow","max-snippet":"max-snippet:-1","max-image-preview":"max-image-preview:large","max-video-preview":"max-video-preview:-1"},"canonical":"https:\/\/psol50.org.br\/presente-de-natal-de-temer-para-trabalhadores-e-ataque-aos-direitos\/","og_locale":"pt_BR","og_type":"article","og_title":"\u201cPresente de Natal\u201d de Temer para trabalhadores \u00e9 ataque aos direitos - PSOL 50","og_description":"Com o cinismo de quem j\u00e1 n\u00e3o tem mais pudor em admitir a suas investidas em acabar com direitos da popula\u00e7\u00e3o, o presidente ileg\u00edtimo Michel Temer anunciou, nesta quinta-feira (22\/12), a proposta que vai fazer profundas altera\u00e7\u00f5es na legisla\u00e7\u00e3o trabalhista como se fosse um \u201cbel\u00edssimo presente de Natal\u201d. Cercado de aliados em sua tarefa de [&hellip;]","og_url":"https:\/\/psol50.org.br\/presente-de-natal-de-temer-para-trabalhadores-e-ataque-aos-direitos\/","og_site_name":"PSOL 50","article_publisher":"https:\/\/www.facebook.com\/psol50","article_published_time":"2016-12-23T13:28:56+00:00","og_image":[{"width":1350,"height":900,"url":"https:\/\/psol50.org.br\/inc\/uploads\/2018\/07\/capa.png","type":"image\/png"}],"author":"Comunica\u00e7\u00e3o PSOL","twitter_card":"summary_large_image","twitter_creator":"@psol50","twitter_site":"@psol50","twitter_misc":{"Escrito por":"Comunica\u00e7\u00e3o PSOL","Est. tempo de leitura":"3 minutos"},"schema":{"@context":"https:\/\/schema.org","@graph":[{"@type":"Article","@id":"https:\/\/psol50.org.br\/presente-de-natal-de-temer-para-trabalhadores-e-ataque-aos-direitos\/#article","isPartOf":{"@id":"https:\/\/psol50.org.br\/presente-de-natal-de-temer-para-trabalhadores-e-ataque-aos-direitos\/"},"author":{"name":"Comunica\u00e7\u00e3o PSOL","@id":"https:\/\/psol50.org.br\/#\/schema\/person\/475dfa57d0b815993c714c2e96491fcd"},"headline":"\u201cPresente de Natal\u201d de Temer para trabalhadores \u00e9 ataque aos direitos","datePublished":"2016-12-23T13:28:56+00:00","mainEntityOfPage":{"@id":"https:\/\/psol50.org.br\/presente-de-natal-de-temer-para-trabalhadores-e-ataque-aos-direitos\/"},"wordCount":627,"commentCount":0,"publisher":{"@id":"https:\/\/psol50.org.br\/#organization"},"image":{"@id":"https:\/\/psol50.org.br\/presente-de-natal-de-temer-para-trabalhadores-e-ataque-aos-direitos\/#primaryimage"},"thumbnailUrl":"","keywords":["acordo coletivos","Ajuste Fiscal","CLT","direitos","empregados","empresas","legisla\u00e7\u00e3o trabalhista","Michel Temer","patr\u00f5es","reforma trabalhista","retrocessos"],"articleSection":["A\u00e7\u00e3o Parlamentar","Brasil","Not\u00edcias"],"inLanguage":"pt-BR","potentialAction":[{"@type":"CommentAction","name":"Comment","target":["https:\/\/psol50.org.br\/presente-de-natal-de-temer-para-trabalhadores-e-ataque-aos-direitos\/#respond"]}]},{"@type":"WebPage","@id":"https:\/\/psol50.org.br\/presente-de-natal-de-temer-para-trabalhadores-e-ataque-aos-direitos\/","url":"https:\/\/psol50.org.br\/presente-de-natal-de-temer-para-trabalhadores-e-ataque-aos-direitos\/","name":"\u201cPresente de Natal\u201d de Temer para trabalhadores \u00e9 ataque aos direitos - PSOL 50","isPartOf":{"@id":"https:\/\/psol50.org.br\/#website"},"primaryImageOfPage":{"@id":"https:\/\/psol50.org.br\/presente-de-natal-de-temer-para-trabalhadores-e-ataque-aos-direitos\/#primaryimage"},"image":{"@id":"https:\/\/psol50.org.br\/presente-de-natal-de-temer-para-trabalhadores-e-ataque-aos-direitos\/#primaryimage"},"thumbnailUrl":"","datePublished":"2016-12-23T13:28:56+00:00","breadcrumb":{"@id":"https:\/\/psol50.org.br\/presente-de-natal-de-temer-para-trabalhadores-e-ataque-aos-direitos\/#breadcrumb"},"inLanguage":"pt-BR","potentialAction":[{"@type":"ReadAction","target":["https:\/\/psol50.org.br\/presente-de-natal-de-temer-para-trabalhadores-e-ataque-aos-direitos\/"]}]},{"@type":"ImageObject","inLanguage":"pt-BR","@id":"https:\/\/psol50.org.br\/presente-de-natal-de-temer-para-trabalhadores-e-ataque-aos-direitos\/#primaryimage","url":"","contentUrl":""},{"@type":"BreadcrumbList","@id":"https:\/\/psol50.org.br\/presente-de-natal-de-temer-para-trabalhadores-e-ataque-aos-direitos\/#breadcrumb","itemListElement":[{"@type":"ListItem","position":1,"name":"In\u00edcio","item":"https:\/\/psol50.org.br\/"},{"@type":"ListItem","position":2,"name":"\u201cPresente de Natal\u201d de Temer para trabalhadores \u00e9 ataque aos direitos"}]},{"@type":"WebSite","@id":"https:\/\/psol50.org.br\/#website","url":"https:\/\/psol50.org.br\/","name":"PSOL 50","description":"Site oficial do Partido Socialismo e Liberdade","publisher":{"@id":"https:\/\/psol50.org.br\/#organization"},"alternateName":"PSOL50","potentialAction":[{"@type":"SearchAction","target":{"@type":"EntryPoint","urlTemplate":"https:\/\/psol50.org.br\/?s={search_term_string}"},"query-input":{"@type":"PropertyValueSpecification","valueRequired":true,"valueName":"search_term_string"}}],"inLanguage":"pt-BR"},{"@type":"Organization","@id":"https:\/\/psol50.org.br\/#organization","name":"PSOL 50","alternateName":"PSOL 50","url":"https:\/\/psol50.org.br\/","logo":{"@type":"ImageObject","inLanguage":"pt-BR","@id":"https:\/\/psol50.org.br\/#\/schema\/logo\/image\/","url":"https:\/\/psol50.org.br\/inc\/uploads\/2018\/07\/capa.png","contentUrl":"https:\/\/psol50.org.br\/inc\/uploads\/2018\/07\/capa.png","width":1350,"height":900,"caption":"PSOL 50"},"image":{"@id":"https:\/\/psol50.org.br\/#\/schema\/logo\/image\/"},"sameAs":["https:\/\/www.facebook.com\/psol50","https:\/\/x.com\/psol50","https:\/\/www.instagram.com\/psol50\/","https:\/\/www.youtube.com\/channel\/UC7SnJS5o1os7a6CaiNabzcg"]},{"@type":"Person","@id":"https:\/\/psol50.org.br\/#\/schema\/person\/475dfa57d0b815993c714c2e96491fcd","name":"Comunica\u00e7\u00e3o PSOL","image":{"@type":"ImageObject","inLanguage":"pt-BR","@id":"https:\/\/psol50.org.br\/#\/schema\/person\/image\/","url":"https:\/\/secure.gravatar.com\/avatar\/b34fc4f4e468a4e51785917065a3db57b841f5c95dba6ad8c73aaf8f66f8f9bf?s=96&d=mm&r=g","contentUrl":"https:\/\/secure.gravatar.com\/avatar\/b34fc4f4e468a4e51785917065a3db57b841f5c95dba6ad8c73aaf8f66f8f9bf?s=96&d=mm&r=g","caption":"Comunica\u00e7\u00e3o PSOL"}}]}},"_links":{"self":[{"href":"https:\/\/psol50.org.br\/rest\/wp\/v2\/posts\/15031","targetHints":{"allow":["GET"]}}],"collection":[{"href":"https:\/\/psol50.org.br\/rest\/wp\/v2\/posts"}],"about":[{"href":"https:\/\/psol50.org.br\/rest\/wp\/v2\/types\/post"}],"author":[{"embeddable":true,"href":"https:\/\/psol50.org.br\/rest\/wp\/v2\/users\/2"}],"replies":[{"embeddable":true,"href":"https:\/\/psol50.org.br\/rest\/wp\/v2\/comments?post=15031"}],"version-history":[{"count":0,"href":"https:\/\/psol50.org.br\/rest\/wp\/v2\/posts\/15031\/revisions"}],"wp:featuredmedia":[{"embeddable":true,"href":"https:\/\/psol50.org.br\/rest\/"}],"wp:attachment":[{"href":"https:\/\/psol50.org.br\/rest\/wp\/v2\/media?parent=15031"}],"wp:term":[{"taxonomy":"category","embeddable":true,"href":"https:\/\/psol50.org.br\/rest\/wp\/v2\/categories?post=15031"},{"taxonomy":"post_tag","embeddable":true,"href":"https:\/\/psol50.org.br\/rest\/wp\/v2\/tags?post=15031"}],"curies":[{"name":"wp","href":"https:\/\/api.w.org\/{rel}","templated":true}]}}