{"id":15051,"date":"2017-01-10T14:32:05","date_gmt":"2017-01-10T14:32:05","guid":{"rendered":"http:\/\/www.psol50.org.br\/?p=15051"},"modified":"2017-01-10T14:32:05","modified_gmt":"2017-01-10T14:32:05","slug":"para-2017-temer-promete-mais-ajuste-e-ameaca-aos-direitos","status":"publish","type":"post","link":"https:\/\/psol50.org.br\/para-2017-temer-promete-mais-ajuste-e-ameaca-aos-direitos\/","title":{"rendered":"Para 2017, Temer promete mais ajuste e amea\u00e7a aos direitos"},"content":{"rendered":"<p>O fat\u00eddico ano de 2016 mal acabou e os movimentos sindicais e sociais iniciam o novo ano com uma s\u00e9rie de desafios para barrar a agenda regressiva do governo de Michel Temer. Isso porque no que depender do chefe do Pal\u00e1cio do Planalto e seus aliados no Congresso Nacional, 2017 continuar\u00e1 a meta de aprovar propostas do ajuste fiscal, em detrimento dos interesses da classe trabalhadora e da popula\u00e7\u00e3o mais empobrecida. Ap\u00f3s aprovar a PEC do teto de gastos \u2013 PEC 241 na C\u00e2mara e PEC 55 no Senado \u2013 o governo se empenhar\u00e1 para promover altera\u00e7\u00f5es nos direitos previdenci\u00e1rios e trabalhistas. Tudo para atender aos interesses do mercado, economizando dinheiro para seguir pagando juros da d\u00edvida p\u00fablica.<\/p>\n<p>Temer j\u00e1 anunciou que a sua prioridade nos primeiros meses deste ano \u00e9 fazer avan\u00e7ar\u00a0 \u00a0<span style=\"color: #0000ff\"><a style=\"color: #0000ff\" href=\"http:\/\/www.camara.gov.br\/proposicoesWeb\/fichadetramitacao?idProposicao=2119881\"><strong>PEC 287\/2016<\/strong><\/a><\/span>, <a href=\"http:\/\/www.psol50.org.br\/blog\/2016\/12\/15\/comissao-de-constituicao-e-justica-da-camara-adia-debate-sobre-reforma-da-previdencia\/\" target=\"_blank\" rel=\"noopener\"><strong><span style=\"color: #0000ff\">aprovada em dezembro na Comiss\u00e3o de Constitui\u00e7\u00e3o e Justi\u00e7a da C\u00e2mara dos Deputados<\/span><\/strong><\/a>. Antes do recesso parlamentar, a base aliada do governo garantiu que a cria\u00e7\u00e3o da comiss\u00e3o especial para analisar a proposta de emenda \u00e0 Constitui\u00e7\u00e3o ser\u00e1 instalada logo ap\u00f3s o retorno dos trabalhos do Legislativo, em fevereiro pr\u00f3ximo.<\/p>\n<p>De acordo com o Regimento Interno da Casa, a partir da data de sua instala\u00e7\u00e3o a comiss\u00e3o especial tem o prazo de 40 sess\u00f5es do plen\u00e1rio para votar a proposta. Depois, a PEC precisar\u00e1 ser votada em dois turnos no plen\u00e1rio, com intervalo de cinco sess\u00f5es entre uma e outra vota\u00e7\u00e3o. Por se tratar de emenda \u00e0 Constitui\u00e7\u00e3o, para ser aprovada precisa contar com o voto favor\u00e1vel de pelo menos 308 deputados (3\/5 do total de deputados) em cada uma das vota\u00e7\u00f5es. Depois a mat\u00e9ria segue para o Senado, onde inicia a sua tramita\u00e7\u00e3o na CCJ. No \u00faltimo dia 5\/01, o presidente da C\u00e2mara, deputado Rodrigo Maia (DEM-RJ), disse que a PEC 287 ser\u00e1 aprovada ainda no primeiro semestre.<\/p>\n<p><strong>Presente para os empres\u00e1rios<br \/>\n<\/strong>Outra mat\u00e9ria que vai merecer todo o empenho do Executivo \u00e9 a que promove altera\u00e7\u00f5es na legisla\u00e7\u00e3o trabalhista. Anunciado no dia 22 de dezembro, praticamente \u00e0s v\u00e9speras do Natal, o <a href=\"http:\/\/www.camara.gov.br\/proposicoesWeb\/prop_mostrarintegra;jsessionid=6A89A7E54F3792DA14457F282D9595A9.proposicoesWeb1?codteor=1520055&amp;filename=PL+6787\/2016\" target=\"_blank\" rel=\"noopener\"><span style=\"color: #0000ff\"><strong>projeto de lei 6787\/2016<\/strong><\/span><\/a> permite a redu\u00e7\u00e3o da jornada de trabalho, com redu\u00e7\u00e3o no sal\u00e1rio em 30% e fixa regras sobre o contrato de trabalho tempor\u00e1rio, que pode passar do limite atual de 90 dias para 120 dias, podendo ser prorrogado por igual per\u00edodo e permitindo que as empresas aumentem, ainda mais, os contratos inst\u00e1veis de seus trabalhadores. Na ocasi\u00e3o, Temer disse se tratar de um \u201cbel\u00edssimo presente de Natal\u201d para o pa\u00eds. Mas, na verdade, \u00e9 um presente para os empres\u00e1rios.<\/p>\n<p>As mudan\u00e7as anunciadas por Temer, que inicialmente seriam via Medida Provis\u00f3ria, tamb\u00e9m definem a preval\u00eancia do acordo entre empresas e sindicatos dos trabalhadores sobre a legisla\u00e7\u00e3o. Ou seja, as negocia\u00e7\u00f5es coletivas, quando muitas vezes os trabalhadores atuam com uma correla\u00e7\u00e3o de for\u00e7a desfavor\u00e1vel em rela\u00e7\u00e3o aos patr\u00f5es, ter\u00e3o mais poder do que o que est\u00e1 previsto na Consolida\u00e7\u00e3o das Leis Trabalhistas (CLT). Os acordos poder\u00e3o prevalecer em 12 situa\u00e7\u00f5es, entre elas parcelamento das f\u00e9rias em at\u00e9 tr\u00eas vezes, compensa\u00e7\u00e3o da jornada de trabalho, intervalos de intrajornada, plano de cargos e sal\u00e1rios, banco de horas, registro de ponto e trabalho remoto, entre outros.<\/p>\n<p>O PL tamb\u00e9m permite que sindicatos e empresas negociem jornadas de at\u00e9 12 horas di\u00e1rias limitadas a 220 horas mensais, com dura\u00e7\u00e3o maior que as 8 horas di\u00e1rias e 44 semanais previstas pela legisla\u00e7\u00e3o atual, obrigando o empregado a trabalhar mais do que as regras atuais.<\/p>\n<p>Na mesma entrevista concedida no \u00faltimo dia 5, Rodrigo Maia tamb\u00e9m garantiu que o PL 6787 ser\u00e1 votado ainda neste semestre. Isso exige das entidades dos trabalhadores muita organiza\u00e7\u00e3o e disposi\u00e7\u00e3o de luta. O PSOL, por meio de sua bancada na C\u00e2mara e de sua milit\u00e2ncia nas ruas, atuar\u00e1 intensamente para impedir esses retrocessos.<\/p>\n<p>&nbsp;<\/p>\n","protected":false},"excerpt":{"rendered":"<p>O fat\u00eddico ano de 2016 mal acabou e os movimentos sindicais e sociais iniciam o novo ano com uma s\u00e9rie de desafios para barrar a agenda regressiva do governo de Michel Temer. Isso porque no que depender do chefe do Pal\u00e1cio do Planalto e seus aliados no Congresso Nacional, 2017 continuar\u00e1 a meta de aprovar [&hellip;]<\/p>\n","protected":false},"author":2,"featured_media":15018,"comment_status":"open","ping_status":"open","sticky":false,"template":"","format":"standard","meta":{"_acf_changed":false,"footnotes":""},"categories":[10,1882,1104,6],"tags":[2772,406,1748,2773,22,2246,2207,2774],"class_list":{"0":"post-15051","1":"post","2":"type-post","3":"status-publish","4":"format-standard","5":"has-post-thumbnail","7":"category-acao-parlamentares","8":"category-brasil","9":"category-movimento","10":"category-noticias","11":"tag-classe-trabalhadora","12":"tag-direitos","13":"tag-michel-temer","14":"tag-previdenciaria","15":"tag-psol","16":"tag-reformas","17":"tag-retrocessos","18":"tag-trabalhista"},"acf":[],"yoast_head":"<!-- This site is optimized with the Yoast SEO plugin v26.5 - https:\/\/yoast.com\/wordpress\/plugins\/seo\/ -->\n<title>Para 2017, Temer promete mais ajuste e amea\u00e7a aos direitos - PSOL 50<\/title>\n<meta name=\"robots\" content=\"index, follow, max-snippet:-1, max-image-preview:large, max-video-preview:-1\" \/>\n<link rel=\"canonical\" href=\"https:\/\/psol50.org.br\/para-2017-temer-promete-mais-ajuste-e-ameaca-aos-direitos\/\" \/>\n<meta property=\"og:locale\" content=\"pt_BR\" \/>\n<meta property=\"og:type\" content=\"article\" \/>\n<meta property=\"og:title\" content=\"Para 2017, Temer promete mais ajuste e amea\u00e7a aos direitos - PSOL 50\" \/>\n<meta property=\"og:description\" content=\"O fat\u00eddico ano de 2016 mal acabou e os movimentos sindicais e sociais iniciam o novo ano com uma s\u00e9rie de desafios para barrar a agenda regressiva do governo de Michel Temer. Isso porque no que depender do chefe do Pal\u00e1cio do Planalto e seus aliados no Congresso Nacional, 2017 continuar\u00e1 a meta de aprovar [&hellip;]\" \/>\n<meta property=\"og:url\" content=\"https:\/\/psol50.org.br\/para-2017-temer-promete-mais-ajuste-e-ameaca-aos-direitos\/\" \/>\n<meta property=\"og:site_name\" content=\"PSOL 50\" \/>\n<meta property=\"article:publisher\" content=\"https:\/\/www.facebook.com\/psol50\" \/>\n<meta property=\"article:published_time\" content=\"2017-01-10T14:32:05+00:00\" \/>\n<meta property=\"og:image\" content=\"https:\/\/psol50.org.br\/inc\/uploads\/2018\/07\/capa.png\" \/>\n\t<meta property=\"og:image:width\" content=\"1350\" \/>\n\t<meta property=\"og:image:height\" content=\"900\" \/>\n\t<meta property=\"og:image:type\" content=\"image\/png\" \/>\n<meta name=\"author\" content=\"Comunica\u00e7\u00e3o PSOL\" \/>\n<meta name=\"twitter:card\" content=\"summary_large_image\" \/>\n<meta name=\"twitter:creator\" content=\"@psol50\" \/>\n<meta name=\"twitter:site\" content=\"@psol50\" \/>\n<meta name=\"twitter:label1\" content=\"Escrito por\" \/>\n\t<meta name=\"twitter:data1\" content=\"Comunica\u00e7\u00e3o PSOL\" \/>\n\t<meta name=\"twitter:label2\" content=\"Est. tempo de leitura\" \/>\n\t<meta name=\"twitter:data2\" content=\"3 minutos\" \/>\n<script type=\"application\/ld+json\" class=\"yoast-schema-graph\">{\"@context\":\"https:\/\/schema.org\",\"@graph\":[{\"@type\":\"Article\",\"@id\":\"https:\/\/psol50.org.br\/para-2017-temer-promete-mais-ajuste-e-ameaca-aos-direitos\/#article\",\"isPartOf\":{\"@id\":\"https:\/\/psol50.org.br\/para-2017-temer-promete-mais-ajuste-e-ameaca-aos-direitos\/\"},\"author\":{\"name\":\"Comunica\u00e7\u00e3o PSOL\",\"@id\":\"https:\/\/psol50.org.br\/#\/schema\/person\/475dfa57d0b815993c714c2e96491fcd\"},\"headline\":\"Para 2017, Temer promete mais ajuste e amea\u00e7a aos direitos\",\"datePublished\":\"2017-01-10T14:32:05+00:00\",\"mainEntityOfPage\":{\"@id\":\"https:\/\/psol50.org.br\/para-2017-temer-promete-mais-ajuste-e-ameaca-aos-direitos\/\"},\"wordCount\":681,\"commentCount\":0,\"publisher\":{\"@id\":\"https:\/\/psol50.org.br\/#organization\"},\"image\":{\"@id\":\"https:\/\/psol50.org.br\/para-2017-temer-promete-mais-ajuste-e-ameaca-aos-direitos\/#primaryimage\"},\"thumbnailUrl\":\"\",\"keywords\":[\"classe trabalhadora\",\"direitos\",\"Michel Temer\",\"previdenci\u00e1ria\",\"PSOL\",\"reformas\",\"retrocessos\",\"trabalhista\"],\"articleSection\":[\"A\u00e7\u00e3o Parlamentar\",\"Brasil\",\"Movimento\",\"Not\u00edcias\"],\"inLanguage\":\"pt-BR\",\"potentialAction\":[{\"@type\":\"CommentAction\",\"name\":\"Comment\",\"target\":[\"https:\/\/psol50.org.br\/para-2017-temer-promete-mais-ajuste-e-ameaca-aos-direitos\/#respond\"]}]},{\"@type\":\"WebPage\",\"@id\":\"https:\/\/psol50.org.br\/para-2017-temer-promete-mais-ajuste-e-ameaca-aos-direitos\/\",\"url\":\"https:\/\/psol50.org.br\/para-2017-temer-promete-mais-ajuste-e-ameaca-aos-direitos\/\",\"name\":\"Para 2017, Temer promete mais ajuste e amea\u00e7a aos direitos - PSOL 50\",\"isPartOf\":{\"@id\":\"https:\/\/psol50.org.br\/#website\"},\"primaryImageOfPage\":{\"@id\":\"https:\/\/psol50.org.br\/para-2017-temer-promete-mais-ajuste-e-ameaca-aos-direitos\/#primaryimage\"},\"image\":{\"@id\":\"https:\/\/psol50.org.br\/para-2017-temer-promete-mais-ajuste-e-ameaca-aos-direitos\/#primaryimage\"},\"thumbnailUrl\":\"\",\"datePublished\":\"2017-01-10T14:32:05+00:00\",\"breadcrumb\":{\"@id\":\"https:\/\/psol50.org.br\/para-2017-temer-promete-mais-ajuste-e-ameaca-aos-direitos\/#breadcrumb\"},\"inLanguage\":\"pt-BR\",\"potentialAction\":[{\"@type\":\"ReadAction\",\"target\":[\"https:\/\/psol50.org.br\/para-2017-temer-promete-mais-ajuste-e-ameaca-aos-direitos\/\"]}]},{\"@type\":\"ImageObject\",\"inLanguage\":\"pt-BR\",\"@id\":\"https:\/\/psol50.org.br\/para-2017-temer-promete-mais-ajuste-e-ameaca-aos-direitos\/#primaryimage\",\"url\":\"\",\"contentUrl\":\"\"},{\"@type\":\"BreadcrumbList\",\"@id\":\"https:\/\/psol50.org.br\/para-2017-temer-promete-mais-ajuste-e-ameaca-aos-direitos\/#breadcrumb\",\"itemListElement\":[{\"@type\":\"ListItem\",\"position\":1,\"name\":\"In\u00edcio\",\"item\":\"https:\/\/psol50.org.br\/\"},{\"@type\":\"ListItem\",\"position\":2,\"name\":\"Para 2017, Temer promete mais ajuste e amea\u00e7a aos direitos\"}]},{\"@type\":\"WebSite\",\"@id\":\"https:\/\/psol50.org.br\/#website\",\"url\":\"https:\/\/psol50.org.br\/\",\"name\":\"PSOL 50\",\"description\":\"Site oficial do Partido Socialismo e Liberdade\",\"publisher\":{\"@id\":\"https:\/\/psol50.org.br\/#organization\"},\"alternateName\":\"PSOL50\",\"potentialAction\":[{\"@type\":\"SearchAction\",\"target\":{\"@type\":\"EntryPoint\",\"urlTemplate\":\"https:\/\/psol50.org.br\/?s={search_term_string}\"},\"query-input\":{\"@type\":\"PropertyValueSpecification\",\"valueRequired\":true,\"valueName\":\"search_term_string\"}}],\"inLanguage\":\"pt-BR\"},{\"@type\":\"Organization\",\"@id\":\"https:\/\/psol50.org.br\/#organization\",\"name\":\"PSOL 50\",\"alternateName\":\"PSOL 50\",\"url\":\"https:\/\/psol50.org.br\/\",\"logo\":{\"@type\":\"ImageObject\",\"inLanguage\":\"pt-BR\",\"@id\":\"https:\/\/psol50.org.br\/#\/schema\/logo\/image\/\",\"url\":\"https:\/\/psol50.org.br\/inc\/uploads\/2018\/07\/capa.png\",\"contentUrl\":\"https:\/\/psol50.org.br\/inc\/uploads\/2018\/07\/capa.png\",\"width\":1350,\"height\":900,\"caption\":\"PSOL 50\"},\"image\":{\"@id\":\"https:\/\/psol50.org.br\/#\/schema\/logo\/image\/\"},\"sameAs\":[\"https:\/\/www.facebook.com\/psol50\",\"https:\/\/x.com\/psol50\",\"https:\/\/www.instagram.com\/psol50\/\",\"https:\/\/www.youtube.com\/channel\/UC7SnJS5o1os7a6CaiNabzcg\"]},{\"@type\":\"Person\",\"@id\":\"https:\/\/psol50.org.br\/#\/schema\/person\/475dfa57d0b815993c714c2e96491fcd\",\"name\":\"Comunica\u00e7\u00e3o PSOL\",\"image\":{\"@type\":\"ImageObject\",\"inLanguage\":\"pt-BR\",\"@id\":\"https:\/\/psol50.org.br\/#\/schema\/person\/image\/\",\"url\":\"https:\/\/secure.gravatar.com\/avatar\/b34fc4f4e468a4e51785917065a3db57b841f5c95dba6ad8c73aaf8f66f8f9bf?s=96&d=mm&r=g\",\"contentUrl\":\"https:\/\/secure.gravatar.com\/avatar\/b34fc4f4e468a4e51785917065a3db57b841f5c95dba6ad8c73aaf8f66f8f9bf?s=96&d=mm&r=g\",\"caption\":\"Comunica\u00e7\u00e3o PSOL\"}}]}<\/script>\n<!-- \/ Yoast SEO plugin. -->","yoast_head_json":{"title":"Para 2017, Temer promete mais ajuste e amea\u00e7a aos direitos - PSOL 50","robots":{"index":"index","follow":"follow","max-snippet":"max-snippet:-1","max-image-preview":"max-image-preview:large","max-video-preview":"max-video-preview:-1"},"canonical":"https:\/\/psol50.org.br\/para-2017-temer-promete-mais-ajuste-e-ameaca-aos-direitos\/","og_locale":"pt_BR","og_type":"article","og_title":"Para 2017, Temer promete mais ajuste e amea\u00e7a aos direitos - PSOL 50","og_description":"O fat\u00eddico ano de 2016 mal acabou e os movimentos sindicais e sociais iniciam o novo ano com uma s\u00e9rie de desafios para barrar a agenda regressiva do governo de Michel Temer. Isso porque no que depender do chefe do Pal\u00e1cio do Planalto e seus aliados no Congresso Nacional, 2017 continuar\u00e1 a meta de aprovar [&hellip;]","og_url":"https:\/\/psol50.org.br\/para-2017-temer-promete-mais-ajuste-e-ameaca-aos-direitos\/","og_site_name":"PSOL 50","article_publisher":"https:\/\/www.facebook.com\/psol50","article_published_time":"2017-01-10T14:32:05+00:00","og_image":[{"width":1350,"height":900,"url":"https:\/\/psol50.org.br\/inc\/uploads\/2018\/07\/capa.png","type":"image\/png"}],"author":"Comunica\u00e7\u00e3o PSOL","twitter_card":"summary_large_image","twitter_creator":"@psol50","twitter_site":"@psol50","twitter_misc":{"Escrito por":"Comunica\u00e7\u00e3o PSOL","Est. tempo de leitura":"3 minutos"},"schema":{"@context":"https:\/\/schema.org","@graph":[{"@type":"Article","@id":"https:\/\/psol50.org.br\/para-2017-temer-promete-mais-ajuste-e-ameaca-aos-direitos\/#article","isPartOf":{"@id":"https:\/\/psol50.org.br\/para-2017-temer-promete-mais-ajuste-e-ameaca-aos-direitos\/"},"author":{"name":"Comunica\u00e7\u00e3o PSOL","@id":"https:\/\/psol50.org.br\/#\/schema\/person\/475dfa57d0b815993c714c2e96491fcd"},"headline":"Para 2017, Temer promete mais ajuste e amea\u00e7a aos direitos","datePublished":"2017-01-10T14:32:05+00:00","mainEntityOfPage":{"@id":"https:\/\/psol50.org.br\/para-2017-temer-promete-mais-ajuste-e-ameaca-aos-direitos\/"},"wordCount":681,"commentCount":0,"publisher":{"@id":"https:\/\/psol50.org.br\/#organization"},"image":{"@id":"https:\/\/psol50.org.br\/para-2017-temer-promete-mais-ajuste-e-ameaca-aos-direitos\/#primaryimage"},"thumbnailUrl":"","keywords":["classe trabalhadora","direitos","Michel Temer","previdenci\u00e1ria","PSOL","reformas","retrocessos","trabalhista"],"articleSection":["A\u00e7\u00e3o Parlamentar","Brasil","Movimento","Not\u00edcias"],"inLanguage":"pt-BR","potentialAction":[{"@type":"CommentAction","name":"Comment","target":["https:\/\/psol50.org.br\/para-2017-temer-promete-mais-ajuste-e-ameaca-aos-direitos\/#respond"]}]},{"@type":"WebPage","@id":"https:\/\/psol50.org.br\/para-2017-temer-promete-mais-ajuste-e-ameaca-aos-direitos\/","url":"https:\/\/psol50.org.br\/para-2017-temer-promete-mais-ajuste-e-ameaca-aos-direitos\/","name":"Para 2017, Temer promete mais ajuste e amea\u00e7a aos direitos - PSOL 50","isPartOf":{"@id":"https:\/\/psol50.org.br\/#website"},"primaryImageOfPage":{"@id":"https:\/\/psol50.org.br\/para-2017-temer-promete-mais-ajuste-e-ameaca-aos-direitos\/#primaryimage"},"image":{"@id":"https:\/\/psol50.org.br\/para-2017-temer-promete-mais-ajuste-e-ameaca-aos-direitos\/#primaryimage"},"thumbnailUrl":"","datePublished":"2017-01-10T14:32:05+00:00","breadcrumb":{"@id":"https:\/\/psol50.org.br\/para-2017-temer-promete-mais-ajuste-e-ameaca-aos-direitos\/#breadcrumb"},"inLanguage":"pt-BR","potentialAction":[{"@type":"ReadAction","target":["https:\/\/psol50.org.br\/para-2017-temer-promete-mais-ajuste-e-ameaca-aos-direitos\/"]}]},{"@type":"ImageObject","inLanguage":"pt-BR","@id":"https:\/\/psol50.org.br\/para-2017-temer-promete-mais-ajuste-e-ameaca-aos-direitos\/#primaryimage","url":"","contentUrl":""},{"@type":"BreadcrumbList","@id":"https:\/\/psol50.org.br\/para-2017-temer-promete-mais-ajuste-e-ameaca-aos-direitos\/#breadcrumb","itemListElement":[{"@type":"ListItem","position":1,"name":"In\u00edcio","item":"https:\/\/psol50.org.br\/"},{"@type":"ListItem","position":2,"name":"Para 2017, Temer promete mais ajuste e amea\u00e7a aos direitos"}]},{"@type":"WebSite","@id":"https:\/\/psol50.org.br\/#website","url":"https:\/\/psol50.org.br\/","name":"PSOL 50","description":"Site oficial do Partido Socialismo e Liberdade","publisher":{"@id":"https:\/\/psol50.org.br\/#organization"},"alternateName":"PSOL50","potentialAction":[{"@type":"SearchAction","target":{"@type":"EntryPoint","urlTemplate":"https:\/\/psol50.org.br\/?s={search_term_string}"},"query-input":{"@type":"PropertyValueSpecification","valueRequired":true,"valueName":"search_term_string"}}],"inLanguage":"pt-BR"},{"@type":"Organization","@id":"https:\/\/psol50.org.br\/#organization","name":"PSOL 50","alternateName":"PSOL 50","url":"https:\/\/psol50.org.br\/","logo":{"@type":"ImageObject","inLanguage":"pt-BR","@id":"https:\/\/psol50.org.br\/#\/schema\/logo\/image\/","url":"https:\/\/psol50.org.br\/inc\/uploads\/2018\/07\/capa.png","contentUrl":"https:\/\/psol50.org.br\/inc\/uploads\/2018\/07\/capa.png","width":1350,"height":900,"caption":"PSOL 50"},"image":{"@id":"https:\/\/psol50.org.br\/#\/schema\/logo\/image\/"},"sameAs":["https:\/\/www.facebook.com\/psol50","https:\/\/x.com\/psol50","https:\/\/www.instagram.com\/psol50\/","https:\/\/www.youtube.com\/channel\/UC7SnJS5o1os7a6CaiNabzcg"]},{"@type":"Person","@id":"https:\/\/psol50.org.br\/#\/schema\/person\/475dfa57d0b815993c714c2e96491fcd","name":"Comunica\u00e7\u00e3o PSOL","image":{"@type":"ImageObject","inLanguage":"pt-BR","@id":"https:\/\/psol50.org.br\/#\/schema\/person\/image\/","url":"https:\/\/secure.gravatar.com\/avatar\/b34fc4f4e468a4e51785917065a3db57b841f5c95dba6ad8c73aaf8f66f8f9bf?s=96&d=mm&r=g","contentUrl":"https:\/\/secure.gravatar.com\/avatar\/b34fc4f4e468a4e51785917065a3db57b841f5c95dba6ad8c73aaf8f66f8f9bf?s=96&d=mm&r=g","caption":"Comunica\u00e7\u00e3o PSOL"}}]}},"_links":{"self":[{"href":"https:\/\/psol50.org.br\/rest\/wp\/v2\/posts\/15051","targetHints":{"allow":["GET"]}}],"collection":[{"href":"https:\/\/psol50.org.br\/rest\/wp\/v2\/posts"}],"about":[{"href":"https:\/\/psol50.org.br\/rest\/wp\/v2\/types\/post"}],"author":[{"embeddable":true,"href":"https:\/\/psol50.org.br\/rest\/wp\/v2\/users\/2"}],"replies":[{"embeddable":true,"href":"https:\/\/psol50.org.br\/rest\/wp\/v2\/comments?post=15051"}],"version-history":[{"count":0,"href":"https:\/\/psol50.org.br\/rest\/wp\/v2\/posts\/15051\/revisions"}],"wp:featuredmedia":[{"embeddable":true,"href":"https:\/\/psol50.org.br\/rest\/"}],"wp:attachment":[{"href":"https:\/\/psol50.org.br\/rest\/wp\/v2\/media?parent=15051"}],"wp:term":[{"taxonomy":"category","embeddable":true,"href":"https:\/\/psol50.org.br\/rest\/wp\/v2\/categories?post=15051"},{"taxonomy":"post_tag","embeddable":true,"href":"https:\/\/psol50.org.br\/rest\/wp\/v2\/tags?post=15051"}],"curies":[{"name":"wp","href":"https:\/\/api.w.org\/{rel}","templated":true}]}}