{"id":15055,"date":"2017-01-10T17:05:58","date_gmt":"2017-01-10T17:05:58","guid":{"rendered":"http:\/\/www.psol50.org.br\/?p=15055"},"modified":"2017-01-10T17:05:58","modified_gmt":"2017-01-10T17:05:58","slug":"mariana-conti-nenhuma-a-menos","status":"publish","type":"post","link":"https:\/\/psol50.org.br\/mariana-conti-nenhuma-a-menos\/","title":{"rendered":"Mariana Conti | Nenhuma a menos!"},"content":{"rendered":"<p>Era uma festa em Campinas. Era Ano Novo. Era fam\u00edlia reunida para comemorar junto. Era momento de esperan\u00e7a por dias melhores. Era tempo de retomar a alegria. Era celebra\u00e7\u00e3o do que est\u00e1 por vir. Mas o velho se imp\u00f4s sobre o novo. O que h\u00e1 de mais retr\u00f3grado se imp\u00f4s sobre o futuro. A viol\u00eancia se imp\u00f4s sobre a festa. A tristeza e a dor se impuseram sobre o sorriso. O fim da vida se imp\u00f4s sobre a perspectiva de recome\u00e7o. 12 novas v\u00edtimas fatais de um crime antigo e brutal, motivado por \u00f3dio profundo \u00e0 possibilidade das mulheres exercerem seus direitos e terem vida digna. A chacina de Campinas \u00e9 parte da ferida aberta do feminic\u00eddio, a mais terr\u00edvel express\u00e3o de uma sociedade que se apoia na viol\u00eancia contra a mulher.<\/p>\n<p>Segundo o Mapa da Viol\u00eancia de 2015, o Brasil j\u00e1 ocupa a 5\u00aa posi\u00e7\u00e3o entre 83 pa\u00edses do mundo com maior taxa de feminic\u00eddio, atingindo a marca de 4,8 homic\u00eddios por 100 mil mulheres. Em 2013, em m\u00e9dia, 13 mulheres foram assassinadas no Brasil por dia, uma a cada duas horas. Essas estat\u00edsticas tinham carne e osso, nome e hist\u00f3ria, eram filhas, namoradas, esposas, m\u00e3es lutando para sobreviver e para proteger suas filhas e filhos. Em geral, os principais agressores n\u00e3o s\u00e3o seres desconhecidos, mas est\u00e3o dentro do pr\u00f3prio n\u00facleo familiar e mant\u00eam v\u00ednculo afetivo com a v\u00edtima. Quase 30% dos feminicidios acontecem dentro da casa. A viol\u00eancia de g\u00eanero tem destru\u00eddo as fam\u00edlias brasileiras e o poder p\u00fablico tem que atuar para romper com esse ciclo.<\/p>\n<p>Na chacina de Campinas, 9 das 12 pessoas mortas eram mulheres. Nas palavras do assassino, a ex-esposa merecia morrer porque &#8220;era uma vadia&#8221;, assim como as familiares dela que a apoiaram e como aquelas que acessam a \u201cLei Vadia da Penha\u201d. \u201cEra uma vadia\u201d porque decidiu procurar amparo legal diante das amea\u00e7as do ex-marido e das suspeitas de abuso sexual contra seu filho. \u201cEra uma vadia\u201d porque buscou seus direitos e questionou o poder tido como inquestion\u00e1vel dele sobre a vida dela. O discurso que procura justificar tamanha viol\u00eancia \u00e9 t\u00e3o b\u00e1rbaro, cruel e frequente, quanto o pr\u00f3prio crime em si. Culpabiliza-se a v\u00edtima e vitimiza-se o assassino. E \u00e9 esse mesmo discurso de desumaniza\u00e7\u00e3o da mulher &#8211; que se prolifera nos ambientes de trabalho, na rua, na escola, na tev\u00ea, nas redes sociais, nas decis\u00f5es pol\u00edticas -, que legitima os altos \u00edndices de viol\u00eancia contra a mulher e que mata as mulheres todos os dias.<\/p>\n<p>A Lei Maria da Penha foi um avan\u00e7o important\u00edssimo, passou a enquadrar a viol\u00eancia contra a mulher enquanto atentado aos direitos humanos. Antes, os casos eram julgados pela lei que trata de pequenas causas, consideradas de menor gravidade. O reconhecimento de que a viol\u00eancia contra a mulher \u00e9 um problema social de grande envergadura, que deve ser criminalizado e que precisa ser combatido em suas particularidades \u00e9 essencial para que haja condi\u00e7\u00f5es de enfrentar de fato a viol\u00eancia e o feminic\u00eddio. A Lei Maria da Penha, contudo, ainda \u00e9 prec\u00e1ria em sua efetiva\u00e7\u00e3o e insuficiente frente a esses \u00edndices que n\u00e3o cessam de crescer mesmo depois de uma d\u00e9cada da aprova\u00e7\u00e3o da medida. \u00c9 chocante que uma lei que \u00e9 um passo t\u00e3o pequeno no combate \u00e0 viol\u00eancia de g\u00eanero cause tanta revolta, como manifestou o assassino de Campinas. Isso \u00e9 mais um exemplo de que a viol\u00eancia continua sendo o meio padr\u00e3o das rela\u00e7\u00f5es dos homens com as mulheres no Brasil e que o poder p\u00fablico n\u00e3o pode se omitir desse debate.<\/p>\n<p>\u00c9 sintom\u00e1tico que esse crime da noite de r\u00e9veillon tenha ocorrido em uma cidade que ganhou reconhecimento pelo seu ultraconservadorismo no \u00e2mbito das pol\u00edticas pela igualdade das mulheres. Campinas ganhou as p\u00e1ginas dos jornais quando vereadores tentaram proibir o debate de g\u00eanero nas escolas, quando a C\u00e2mara se calou diante de agress\u00e3o contra a mulher em meio \u00e0 uma sess\u00e3o, quando a Prefeitura puniu um professor por usar saia em um desfile da cidade, quando os vereadores aprovaram uma mo\u00e7\u00e3o em rep\u00fadio \u00e0 prova do ENEM que citava a pensadora Simone de Beauvoir, quando se notificou que o estupro foi o crime que mais cresceu na cidade no ano de 2016 e que havia at\u00e9 recentemente uma \u00fanica Delegacia da Mulher na cidade para mais de 1 milh\u00e3o de habitantes.<\/p>\n<p>N\u00e3o precisamos de novos casos como o recente para promover pol\u00edticas de supera\u00e7\u00e3o desse cen\u00e1rio. N\u00e3o podemos perder mais nenhuma de n\u00f3s. O combate \u00e0 viol\u00eancia de g\u00eanero \u00e9 uma quest\u00e3o de vida ou morte. Que o luto pelas v\u00edtimas da chacina se transforme em luta contra toda forma de viol\u00eancia.<\/p>\n","protected":false},"excerpt":{"rendered":"<p>Era uma festa em Campinas. Era Ano Novo. Era fam\u00edlia reunida para comemorar junto. Era momento de esperan\u00e7a por dias melhores. Era tempo de retomar a alegria. Era celebra\u00e7\u00e3o do que est\u00e1 por vir. Mas o velho se imp\u00f4s sobre o novo. O que h\u00e1 de mais retr\u00f3grado se imp\u00f4s sobre o futuro. A viol\u00eancia [&hellip;]<\/p>\n","protected":false},"author":2,"featured_media":12660,"comment_status":"open","ping_status":"open","sticky":false,"template":"","format":"standard","meta":{"_acf_changed":false,"footnotes":""},"categories":[3,1882,1104,6],"tags":[2775,2776,4],"class_list":{"0":"post-15055","1":"post","2":"type-post","3":"status-publish","4":"format-standard","5":"has-post-thumbnail","7":"category-artigos-e-entrevistas","8":"category-brasil","9":"category-movimento","10":"category-noticias","11":"tag-lei-maria-da-penha","12":"tag-mariana-conti","13":"tag-mulheres"},"acf":[],"yoast_head":"<!-- This site is optimized with the Yoast SEO plugin v26.5 - https:\/\/yoast.com\/wordpress\/plugins\/seo\/ -->\n<title>Mariana Conti | Nenhuma a menos! - PSOL 50<\/title>\n<meta name=\"robots\" content=\"index, follow, max-snippet:-1, max-image-preview:large, max-video-preview:-1\" \/>\n<link rel=\"canonical\" href=\"https:\/\/psol50.org.br\/mariana-conti-nenhuma-a-menos\/\" \/>\n<meta property=\"og:locale\" content=\"pt_BR\" \/>\n<meta property=\"og:type\" content=\"article\" \/>\n<meta property=\"og:title\" content=\"Mariana Conti | Nenhuma a menos! - PSOL 50\" \/>\n<meta property=\"og:description\" content=\"Era uma festa em Campinas. Era Ano Novo. Era fam\u00edlia reunida para comemorar junto. Era momento de esperan\u00e7a por dias melhores. Era tempo de retomar a alegria. Era celebra\u00e7\u00e3o do que est\u00e1 por vir. Mas o velho se imp\u00f4s sobre o novo. O que h\u00e1 de mais retr\u00f3grado se imp\u00f4s sobre o futuro. A viol\u00eancia [&hellip;]\" \/>\n<meta property=\"og:url\" content=\"https:\/\/psol50.org.br\/mariana-conti-nenhuma-a-menos\/\" \/>\n<meta property=\"og:site_name\" content=\"PSOL 50\" \/>\n<meta property=\"article:publisher\" content=\"https:\/\/www.facebook.com\/psol50\" \/>\n<meta property=\"article:published_time\" content=\"2017-01-10T17:05:58+00:00\" \/>\n<meta property=\"og:image\" content=\"https:\/\/psol50.org.br\/inc\/uploads\/2018\/07\/capa.png\" \/>\n\t<meta property=\"og:image:width\" content=\"1350\" \/>\n\t<meta property=\"og:image:height\" content=\"900\" \/>\n\t<meta property=\"og:image:type\" content=\"image\/png\" \/>\n<meta name=\"author\" content=\"Comunica\u00e7\u00e3o PSOL\" \/>\n<meta name=\"twitter:card\" content=\"summary_large_image\" \/>\n<meta name=\"twitter:creator\" content=\"@psol50\" \/>\n<meta name=\"twitter:site\" content=\"@psol50\" \/>\n<meta name=\"twitter:label1\" content=\"Escrito por\" \/>\n\t<meta name=\"twitter:data1\" content=\"Comunica\u00e7\u00e3o PSOL\" \/>\n\t<meta name=\"twitter:label2\" content=\"Est. tempo de leitura\" \/>\n\t<meta name=\"twitter:data2\" content=\"4 minutos\" \/>\n<script type=\"application\/ld+json\" class=\"yoast-schema-graph\">{\"@context\":\"https:\/\/schema.org\",\"@graph\":[{\"@type\":\"Article\",\"@id\":\"https:\/\/psol50.org.br\/mariana-conti-nenhuma-a-menos\/#article\",\"isPartOf\":{\"@id\":\"https:\/\/psol50.org.br\/mariana-conti-nenhuma-a-menos\/\"},\"author\":{\"name\":\"Comunica\u00e7\u00e3o PSOL\",\"@id\":\"https:\/\/psol50.org.br\/#\/schema\/person\/475dfa57d0b815993c714c2e96491fcd\"},\"headline\":\"Mariana Conti | Nenhuma a menos!\",\"datePublished\":\"2017-01-10T17:05:58+00:00\",\"mainEntityOfPage\":{\"@id\":\"https:\/\/psol50.org.br\/mariana-conti-nenhuma-a-menos\/\"},\"wordCount\":835,\"commentCount\":0,\"publisher\":{\"@id\":\"https:\/\/psol50.org.br\/#organization\"},\"image\":{\"@id\":\"https:\/\/psol50.org.br\/mariana-conti-nenhuma-a-menos\/#primaryimage\"},\"thumbnailUrl\":\"\",\"keywords\":[\"Lei Maria da Penha\",\"Mariana Conti\",\"mulheres\"],\"articleSection\":[\"Artigos\",\"Brasil\",\"Movimento\",\"Not\u00edcias\"],\"inLanguage\":\"pt-BR\",\"potentialAction\":[{\"@type\":\"CommentAction\",\"name\":\"Comment\",\"target\":[\"https:\/\/psol50.org.br\/mariana-conti-nenhuma-a-menos\/#respond\"]}]},{\"@type\":\"WebPage\",\"@id\":\"https:\/\/psol50.org.br\/mariana-conti-nenhuma-a-menos\/\",\"url\":\"https:\/\/psol50.org.br\/mariana-conti-nenhuma-a-menos\/\",\"name\":\"Mariana Conti | Nenhuma a menos! - PSOL 50\",\"isPartOf\":{\"@id\":\"https:\/\/psol50.org.br\/#website\"},\"primaryImageOfPage\":{\"@id\":\"https:\/\/psol50.org.br\/mariana-conti-nenhuma-a-menos\/#primaryimage\"},\"image\":{\"@id\":\"https:\/\/psol50.org.br\/mariana-conti-nenhuma-a-menos\/#primaryimage\"},\"thumbnailUrl\":\"\",\"datePublished\":\"2017-01-10T17:05:58+00:00\",\"breadcrumb\":{\"@id\":\"https:\/\/psol50.org.br\/mariana-conti-nenhuma-a-menos\/#breadcrumb\"},\"inLanguage\":\"pt-BR\",\"potentialAction\":[{\"@type\":\"ReadAction\",\"target\":[\"https:\/\/psol50.org.br\/mariana-conti-nenhuma-a-menos\/\"]}]},{\"@type\":\"ImageObject\",\"inLanguage\":\"pt-BR\",\"@id\":\"https:\/\/psol50.org.br\/mariana-conti-nenhuma-a-menos\/#primaryimage\",\"url\":\"\",\"contentUrl\":\"\"},{\"@type\":\"BreadcrumbList\",\"@id\":\"https:\/\/psol50.org.br\/mariana-conti-nenhuma-a-menos\/#breadcrumb\",\"itemListElement\":[{\"@type\":\"ListItem\",\"position\":1,\"name\":\"In\u00edcio\",\"item\":\"https:\/\/psol50.org.br\/\"},{\"@type\":\"ListItem\",\"position\":2,\"name\":\"Mariana Conti | Nenhuma a menos!\"}]},{\"@type\":\"WebSite\",\"@id\":\"https:\/\/psol50.org.br\/#website\",\"url\":\"https:\/\/psol50.org.br\/\",\"name\":\"PSOL 50\",\"description\":\"Site oficial do Partido Socialismo e Liberdade\",\"publisher\":{\"@id\":\"https:\/\/psol50.org.br\/#organization\"},\"alternateName\":\"PSOL50\",\"potentialAction\":[{\"@type\":\"SearchAction\",\"target\":{\"@type\":\"EntryPoint\",\"urlTemplate\":\"https:\/\/psol50.org.br\/?s={search_term_string}\"},\"query-input\":{\"@type\":\"PropertyValueSpecification\",\"valueRequired\":true,\"valueName\":\"search_term_string\"}}],\"inLanguage\":\"pt-BR\"},{\"@type\":\"Organization\",\"@id\":\"https:\/\/psol50.org.br\/#organization\",\"name\":\"PSOL 50\",\"alternateName\":\"PSOL 50\",\"url\":\"https:\/\/psol50.org.br\/\",\"logo\":{\"@type\":\"ImageObject\",\"inLanguage\":\"pt-BR\",\"@id\":\"https:\/\/psol50.org.br\/#\/schema\/logo\/image\/\",\"url\":\"https:\/\/psol50.org.br\/inc\/uploads\/2018\/07\/capa.png\",\"contentUrl\":\"https:\/\/psol50.org.br\/inc\/uploads\/2018\/07\/capa.png\",\"width\":1350,\"height\":900,\"caption\":\"PSOL 50\"},\"image\":{\"@id\":\"https:\/\/psol50.org.br\/#\/schema\/logo\/image\/\"},\"sameAs\":[\"https:\/\/www.facebook.com\/psol50\",\"https:\/\/x.com\/psol50\",\"https:\/\/www.instagram.com\/psol50\/\",\"https:\/\/www.youtube.com\/channel\/UC7SnJS5o1os7a6CaiNabzcg\"]},{\"@type\":\"Person\",\"@id\":\"https:\/\/psol50.org.br\/#\/schema\/person\/475dfa57d0b815993c714c2e96491fcd\",\"name\":\"Comunica\u00e7\u00e3o PSOL\",\"image\":{\"@type\":\"ImageObject\",\"inLanguage\":\"pt-BR\",\"@id\":\"https:\/\/psol50.org.br\/#\/schema\/person\/image\/\",\"url\":\"https:\/\/secure.gravatar.com\/avatar\/b34fc4f4e468a4e51785917065a3db57b841f5c95dba6ad8c73aaf8f66f8f9bf?s=96&d=mm&r=g\",\"contentUrl\":\"https:\/\/secure.gravatar.com\/avatar\/b34fc4f4e468a4e51785917065a3db57b841f5c95dba6ad8c73aaf8f66f8f9bf?s=96&d=mm&r=g\",\"caption\":\"Comunica\u00e7\u00e3o PSOL\"}}]}<\/script>\n<!-- \/ Yoast SEO plugin. -->","yoast_head_json":{"title":"Mariana Conti | Nenhuma a menos! - PSOL 50","robots":{"index":"index","follow":"follow","max-snippet":"max-snippet:-1","max-image-preview":"max-image-preview:large","max-video-preview":"max-video-preview:-1"},"canonical":"https:\/\/psol50.org.br\/mariana-conti-nenhuma-a-menos\/","og_locale":"pt_BR","og_type":"article","og_title":"Mariana Conti | Nenhuma a menos! - PSOL 50","og_description":"Era uma festa em Campinas. Era Ano Novo. Era fam\u00edlia reunida para comemorar junto. Era momento de esperan\u00e7a por dias melhores. Era tempo de retomar a alegria. Era celebra\u00e7\u00e3o do que est\u00e1 por vir. Mas o velho se imp\u00f4s sobre o novo. O que h\u00e1 de mais retr\u00f3grado se imp\u00f4s sobre o futuro. A viol\u00eancia [&hellip;]","og_url":"https:\/\/psol50.org.br\/mariana-conti-nenhuma-a-menos\/","og_site_name":"PSOL 50","article_publisher":"https:\/\/www.facebook.com\/psol50","article_published_time":"2017-01-10T17:05:58+00:00","og_image":[{"width":1350,"height":900,"url":"https:\/\/psol50.org.br\/inc\/uploads\/2018\/07\/capa.png","type":"image\/png"}],"author":"Comunica\u00e7\u00e3o PSOL","twitter_card":"summary_large_image","twitter_creator":"@psol50","twitter_site":"@psol50","twitter_misc":{"Escrito por":"Comunica\u00e7\u00e3o PSOL","Est. tempo de leitura":"4 minutos"},"schema":{"@context":"https:\/\/schema.org","@graph":[{"@type":"Article","@id":"https:\/\/psol50.org.br\/mariana-conti-nenhuma-a-menos\/#article","isPartOf":{"@id":"https:\/\/psol50.org.br\/mariana-conti-nenhuma-a-menos\/"},"author":{"name":"Comunica\u00e7\u00e3o PSOL","@id":"https:\/\/psol50.org.br\/#\/schema\/person\/475dfa57d0b815993c714c2e96491fcd"},"headline":"Mariana Conti | Nenhuma a menos!","datePublished":"2017-01-10T17:05:58+00:00","mainEntityOfPage":{"@id":"https:\/\/psol50.org.br\/mariana-conti-nenhuma-a-menos\/"},"wordCount":835,"commentCount":0,"publisher":{"@id":"https:\/\/psol50.org.br\/#organization"},"image":{"@id":"https:\/\/psol50.org.br\/mariana-conti-nenhuma-a-menos\/#primaryimage"},"thumbnailUrl":"","keywords":["Lei Maria da Penha","Mariana Conti","mulheres"],"articleSection":["Artigos","Brasil","Movimento","Not\u00edcias"],"inLanguage":"pt-BR","potentialAction":[{"@type":"CommentAction","name":"Comment","target":["https:\/\/psol50.org.br\/mariana-conti-nenhuma-a-menos\/#respond"]}]},{"@type":"WebPage","@id":"https:\/\/psol50.org.br\/mariana-conti-nenhuma-a-menos\/","url":"https:\/\/psol50.org.br\/mariana-conti-nenhuma-a-menos\/","name":"Mariana Conti | Nenhuma a menos! - PSOL 50","isPartOf":{"@id":"https:\/\/psol50.org.br\/#website"},"primaryImageOfPage":{"@id":"https:\/\/psol50.org.br\/mariana-conti-nenhuma-a-menos\/#primaryimage"},"image":{"@id":"https:\/\/psol50.org.br\/mariana-conti-nenhuma-a-menos\/#primaryimage"},"thumbnailUrl":"","datePublished":"2017-01-10T17:05:58+00:00","breadcrumb":{"@id":"https:\/\/psol50.org.br\/mariana-conti-nenhuma-a-menos\/#breadcrumb"},"inLanguage":"pt-BR","potentialAction":[{"@type":"ReadAction","target":["https:\/\/psol50.org.br\/mariana-conti-nenhuma-a-menos\/"]}]},{"@type":"ImageObject","inLanguage":"pt-BR","@id":"https:\/\/psol50.org.br\/mariana-conti-nenhuma-a-menos\/#primaryimage","url":"","contentUrl":""},{"@type":"BreadcrumbList","@id":"https:\/\/psol50.org.br\/mariana-conti-nenhuma-a-menos\/#breadcrumb","itemListElement":[{"@type":"ListItem","position":1,"name":"In\u00edcio","item":"https:\/\/psol50.org.br\/"},{"@type":"ListItem","position":2,"name":"Mariana Conti | Nenhuma a menos!"}]},{"@type":"WebSite","@id":"https:\/\/psol50.org.br\/#website","url":"https:\/\/psol50.org.br\/","name":"PSOL 50","description":"Site oficial do Partido Socialismo e Liberdade","publisher":{"@id":"https:\/\/psol50.org.br\/#organization"},"alternateName":"PSOL50","potentialAction":[{"@type":"SearchAction","target":{"@type":"EntryPoint","urlTemplate":"https:\/\/psol50.org.br\/?s={search_term_string}"},"query-input":{"@type":"PropertyValueSpecification","valueRequired":true,"valueName":"search_term_string"}}],"inLanguage":"pt-BR"},{"@type":"Organization","@id":"https:\/\/psol50.org.br\/#organization","name":"PSOL 50","alternateName":"PSOL 50","url":"https:\/\/psol50.org.br\/","logo":{"@type":"ImageObject","inLanguage":"pt-BR","@id":"https:\/\/psol50.org.br\/#\/schema\/logo\/image\/","url":"https:\/\/psol50.org.br\/inc\/uploads\/2018\/07\/capa.png","contentUrl":"https:\/\/psol50.org.br\/inc\/uploads\/2018\/07\/capa.png","width":1350,"height":900,"caption":"PSOL 50"},"image":{"@id":"https:\/\/psol50.org.br\/#\/schema\/logo\/image\/"},"sameAs":["https:\/\/www.facebook.com\/psol50","https:\/\/x.com\/psol50","https:\/\/www.instagram.com\/psol50\/","https:\/\/www.youtube.com\/channel\/UC7SnJS5o1os7a6CaiNabzcg"]},{"@type":"Person","@id":"https:\/\/psol50.org.br\/#\/schema\/person\/475dfa57d0b815993c714c2e96491fcd","name":"Comunica\u00e7\u00e3o PSOL","image":{"@type":"ImageObject","inLanguage":"pt-BR","@id":"https:\/\/psol50.org.br\/#\/schema\/person\/image\/","url":"https:\/\/secure.gravatar.com\/avatar\/b34fc4f4e468a4e51785917065a3db57b841f5c95dba6ad8c73aaf8f66f8f9bf?s=96&d=mm&r=g","contentUrl":"https:\/\/secure.gravatar.com\/avatar\/b34fc4f4e468a4e51785917065a3db57b841f5c95dba6ad8c73aaf8f66f8f9bf?s=96&d=mm&r=g","caption":"Comunica\u00e7\u00e3o PSOL"}}]}},"_links":{"self":[{"href":"https:\/\/psol50.org.br\/rest\/wp\/v2\/posts\/15055","targetHints":{"allow":["GET"]}}],"collection":[{"href":"https:\/\/psol50.org.br\/rest\/wp\/v2\/posts"}],"about":[{"href":"https:\/\/psol50.org.br\/rest\/wp\/v2\/types\/post"}],"author":[{"embeddable":true,"href":"https:\/\/psol50.org.br\/rest\/wp\/v2\/users\/2"}],"replies":[{"embeddable":true,"href":"https:\/\/psol50.org.br\/rest\/wp\/v2\/comments?post=15055"}],"version-history":[{"count":0,"href":"https:\/\/psol50.org.br\/rest\/wp\/v2\/posts\/15055\/revisions"}],"wp:featuredmedia":[{"embeddable":true,"href":"https:\/\/psol50.org.br\/rest\/"}],"wp:attachment":[{"href":"https:\/\/psol50.org.br\/rest\/wp\/v2\/media?parent=15055"}],"wp:term":[{"taxonomy":"category","embeddable":true,"href":"https:\/\/psol50.org.br\/rest\/wp\/v2\/categories?post=15055"},{"taxonomy":"post_tag","embeddable":true,"href":"https:\/\/psol50.org.br\/rest\/wp\/v2\/tags?post=15055"}],"curies":[{"name":"wp","href":"https:\/\/api.w.org\/{rel}","templated":true}]}}