{"id":1507,"date":"2011-03-29T00:00:00","date_gmt":"2011-03-29T00:00:00","guid":{"rendered":"http:\/\/psol50.org.br\/arquivo\/2011\/03\/29\/ce-batismo-popular-da-praca-dom-helder-camara\/"},"modified":"2011-03-29T00:00:00","modified_gmt":"2011-03-29T00:00:00","slug":"ce-batismo-popular-da-praca-dom-helder-camara","status":"publish","type":"post","link":"https:\/\/psol50.org.br\/ce-batismo-popular-da-praca-dom-helder-camara\/","title":{"rendered":"CE: BATISMO POPULAR da Pra\u00e7a Dom H\u00e9lder C\u00e2mara"},"content":{"rendered":"<p style=\"text-align: justify\">Enquanto a prefeita fala em Pra\u00e7a do Futuro, o Projeto de Lei que pede mudan\u00e7a de nome da Pra\u00e7a 31 de mar\u00e7o para Dom H\u00e9lder se arrasta h\u00e1 mais de 2 anos na C\u00e2mara de Fortaleza. O Vereador Jo\u00e3o Alfredo (Psol) convida para o ato de Batismo da Pra\u00e7a Dom H\u00e9lder C\u00e2mara, atual 31 de mar\u00e7o, na Praia do Futuro. O evento acontecer\u00e1 no pr\u00f3ximo dia 31, a partir das 16h, na pr\u00f3pria Pra\u00e7a.<\/p>\n<p>Um Projeto de Decreto de Lei 0015\/2009 do vereador Jo\u00e3o Alfredo do PSOL, em tramita\u00e7\u00e3o na C\u00e2mara Municipal h\u00e1 mais de\u00a0 dois anos, sugere a mudan\u00e7a em men\u00e7\u00e3o honrosa ao bispo que lutou pela dignidade humana e contra os crimes da ditadura. Anunciando ontem a licita\u00e7\u00e3o para reforma do logradouro e de um novo nome &#8211; Pra\u00e7a do Futuro &#8211; a Prefeitura de Fortaleza parece desconsiderar o PL j\u00e1 existente. Nos \u00faltimos dois anos, o projeto sofreu todo tipo de manobra protelat\u00f3ria, como sucessivos pedidos de vistas, at\u00e9 o &#8220;desaparecimento&#8221; do processo.<\/p>\n<p>O anseio pela mudan\u00e7a j\u00e1 \u00e9 antigo, desde 2009, ano este em que foi pedida a revoga\u00e7\u00e3o do nome anterior. \u201cQueremos homenagear Dom Helder, \u00e9 uma demanda inclusive de parte da comunidade moradora da Praia. Gostar\u00edamos de ter feito isto antes, no ano do centen\u00e1rio\u201d, informa Jo\u00e3o Alfredo.<\/p>\n<p>Na justificativa para a mudan\u00e7a, o vereador esclarece que a nova nomea\u00e7\u00e3o vai em prol da valoriza\u00e7\u00e3o da Democracia e dos Direitos Humanos, deixando, assim, de refor\u00e7ar a mem\u00f3ria da data de instala\u00e7\u00e3o do Golpe Militar de 31 de mar\u00e7o de 1964. \u201cA mudan\u00e7a de nome para Dom H\u00e9lder C\u00e2mara \u00e9 uma homenagem justa a esse Fortalezense que pregou a n\u00e3o viol\u00eancia opondo-se ao regime militar e sendo indicado, inclusive, quatro vezes para o pr\u00eamio Nobel da Paz. Pra\u00e7a do Futuro \u00e9 um nome vazio, que n\u00e3o diz nada nem representa nada ao povo\u201d, critica.<\/p>\n<p><em><strong>Conhe\u00e7a um pouco de quem foi Dom H\u00e9lder C\u00e2mara<\/strong><\/em><\/p>\n<p style=\"text-align: justify\">\nDom H\u00e9lder Pessoa C\u00e2mara OFS (Fortaleza, 7 de fevereiro de 1909 \u2014 Recife, 27 de agosto de 1999) foi um bispo cat\u00f3lico, arcebispo em\u00e9rito de Olinda e Recife. Foi um dos fundadores da Confer\u00eancia Nacional dos Bispos do Brasil e grande defensor dos direitos humanos durante o regime militar brasileiro. Pregava uma Igreja simples, voltada para os pobres e a n\u00e3o-viol\u00eancia. Por sua atua\u00e7\u00e3o, recebeu diversos pr\u00eamios nacionais e internacionais. Foi o \u00fanico brasileiro indicado quatro vezes para o Pr\u00eamio Nobel da Paz.<\/p>\n<p>Transfere-se para o Rio de Janeiro em 1936, quando dirige programas educacionais da prefeitura do ent\u00e3o Distrito Federal. \u00c9 um dos organizadores da A\u00e7\u00e3o Cat\u00f3lica, dedicada \u00e0 atua\u00e7\u00e3o pastoral para a popula\u00e7\u00e3o carente. Entre 1946 e 1962 \u00e9 assistente nacional da entidade. Em 1952 \u00e9 nomeado bispo auxiliar da arquidiocese do Rio de Janeiro, sendo tr\u00eas anos depois promovido a arcebispo coadjutor.<\/p>\n<p>Foi um dos idealizadores da Confer\u00eancia Nacional dos Bispos do Brasil (CNBB), fundada em 1952. Sob sua influ\u00eancia, a CNBB muda os rumos e o estilo de atua\u00e7\u00e3o da Igreja Cat\u00f3lica no Brasil e passa a incluir o problema da desigualdade social em suas preocupa\u00e7\u00f5es e a\u00e7\u00f5es. Pregava uma Igreja simples, voltada para os pobres e a n\u00e3o-viol\u00eancia. Por sua atua\u00e7\u00e3o, recebeu diversos pr\u00eamios nacionais e internacionais. Foi o \u00fanico brasileiro indicado quatro vezes para o Pr\u00eamio Nobel da Paz.<\/p>\n<ul>\n<li><strong>Servi\u00e7o:<\/strong><\/li>\n<li><strong>Batismo Popular da Pra\u00e7a Dom Helder C\u00e2mara<\/strong><\/li>\n<li><strong>Quando: dia 31 de mar\u00e7o, quinta-feira, 16 horas<\/strong><\/li>\n<li><strong>Onde: Na Pra\u00e7a 31 de mar\u00e7o, Praia do Futuro<\/strong><\/li>\n<\/ul>\n","protected":false},"excerpt":{"rendered":"<p>Enquanto a prefeita fala em Pra\u00e7a do Futuro, o Projeto de Lei que pede mudan\u00e7a de nome da Pra\u00e7a 31 de mar\u00e7o para Dom H\u00e9lder se arrasta h\u00e1 mais de 2 anos na C\u00e2mara de Fortaleza. O Vereador Jo\u00e3o Alfredo (Psol) convida para o ato de Batismo da Pra\u00e7a Dom H\u00e9lder C\u00e2mara, atual 31 de [&hellip;]<\/p>\n","protected":false},"author":2,"featured_media":0,"comment_status":"open","ping_status":"open","sticky":false,"template":"","format":"standard","meta":{"_acf_changed":false,"footnotes":""},"categories":[4766],"tags":[],"class_list":{"0":"post-1507","1":"post","2":"type-post","3":"status-publish","4":"format-standard","6":"category-arquivo"},"acf":[],"yoast_head":"<!-- This site is optimized with the Yoast SEO plugin v26.5 - https:\/\/yoast.com\/wordpress\/plugins\/seo\/ -->\n<title>CE: BATISMO POPULAR da Pra\u00e7a Dom H\u00e9lder C\u00e2mara - PSOL 50<\/title>\n<meta name=\"robots\" content=\"index, follow, max-snippet:-1, max-image-preview:large, max-video-preview:-1\" \/>\n<link rel=\"canonical\" href=\"https:\/\/psol50.org.br\/ce-batismo-popular-da-praca-dom-helder-camara\/\" \/>\n<meta property=\"og:locale\" content=\"pt_BR\" \/>\n<meta property=\"og:type\" content=\"article\" \/>\n<meta property=\"og:title\" content=\"CE: BATISMO POPULAR da Pra\u00e7a Dom H\u00e9lder C\u00e2mara - PSOL 50\" \/>\n<meta property=\"og:description\" content=\"Enquanto a prefeita fala em Pra\u00e7a do Futuro, o Projeto de Lei que pede mudan\u00e7a de nome da Pra\u00e7a 31 de mar\u00e7o para Dom H\u00e9lder se arrasta h\u00e1 mais de 2 anos na C\u00e2mara de Fortaleza. O Vereador Jo\u00e3o Alfredo (Psol) convida para o ato de Batismo da Pra\u00e7a Dom H\u00e9lder C\u00e2mara, atual 31 de [&hellip;]\" \/>\n<meta property=\"og:url\" content=\"https:\/\/psol50.org.br\/ce-batismo-popular-da-praca-dom-helder-camara\/\" \/>\n<meta property=\"og:site_name\" content=\"PSOL 50\" \/>\n<meta property=\"article:publisher\" content=\"https:\/\/www.facebook.com\/psol50\" \/>\n<meta property=\"article:published_time\" content=\"2011-03-29T00:00:00+00:00\" \/>\n<meta property=\"og:image\" content=\"https:\/\/psol50.org.br\/inc\/uploads\/2018\/07\/capa.png\" \/>\n\t<meta property=\"og:image:width\" content=\"1350\" \/>\n\t<meta property=\"og:image:height\" content=\"900\" \/>\n\t<meta property=\"og:image:type\" content=\"image\/png\" \/>\n<meta name=\"author\" content=\"Comunica\u00e7\u00e3o PSOL\" \/>\n<meta name=\"twitter:card\" content=\"summary_large_image\" \/>\n<meta name=\"twitter:creator\" content=\"@psol50\" \/>\n<meta name=\"twitter:site\" content=\"@psol50\" \/>\n<meta name=\"twitter:label1\" content=\"Escrito por\" \/>\n\t<meta name=\"twitter:data1\" content=\"Comunica\u00e7\u00e3o PSOL\" \/>\n\t<meta name=\"twitter:label2\" content=\"Est. tempo de leitura\" \/>\n\t<meta name=\"twitter:data2\" content=\"3 minutos\" \/>\n<script type=\"application\/ld+json\" class=\"yoast-schema-graph\">{\"@context\":\"https:\/\/schema.org\",\"@graph\":[{\"@type\":\"Article\",\"@id\":\"https:\/\/psol50.org.br\/ce-batismo-popular-da-praca-dom-helder-camara\/#article\",\"isPartOf\":{\"@id\":\"https:\/\/psol50.org.br\/ce-batismo-popular-da-praca-dom-helder-camara\/\"},\"author\":{\"name\":\"Comunica\u00e7\u00e3o PSOL\",\"@id\":\"https:\/\/psol50.org.br\/#\/schema\/person\/475dfa57d0b815993c714c2e96491fcd\"},\"headline\":\"CE: BATISMO POPULAR da Pra\u00e7a Dom H\u00e9lder C\u00e2mara\",\"datePublished\":\"2011-03-29T00:00:00+00:00\",\"mainEntityOfPage\":{\"@id\":\"https:\/\/psol50.org.br\/ce-batismo-popular-da-praca-dom-helder-camara\/\"},\"wordCount\":628,\"commentCount\":0,\"publisher\":{\"@id\":\"https:\/\/psol50.org.br\/#organization\"},\"articleSection\":[\"Arquivo\"],\"inLanguage\":\"pt-BR\",\"potentialAction\":[{\"@type\":\"CommentAction\",\"name\":\"Comment\",\"target\":[\"https:\/\/psol50.org.br\/ce-batismo-popular-da-praca-dom-helder-camara\/#respond\"]}]},{\"@type\":\"WebPage\",\"@id\":\"https:\/\/psol50.org.br\/ce-batismo-popular-da-praca-dom-helder-camara\/\",\"url\":\"https:\/\/psol50.org.br\/ce-batismo-popular-da-praca-dom-helder-camara\/\",\"name\":\"CE: BATISMO POPULAR da Pra\u00e7a Dom H\u00e9lder C\u00e2mara - PSOL 50\",\"isPartOf\":{\"@id\":\"https:\/\/psol50.org.br\/#website\"},\"datePublished\":\"2011-03-29T00:00:00+00:00\",\"breadcrumb\":{\"@id\":\"https:\/\/psol50.org.br\/ce-batismo-popular-da-praca-dom-helder-camara\/#breadcrumb\"},\"inLanguage\":\"pt-BR\",\"potentialAction\":[{\"@type\":\"ReadAction\",\"target\":[\"https:\/\/psol50.org.br\/ce-batismo-popular-da-praca-dom-helder-camara\/\"]}]},{\"@type\":\"BreadcrumbList\",\"@id\":\"https:\/\/psol50.org.br\/ce-batismo-popular-da-praca-dom-helder-camara\/#breadcrumb\",\"itemListElement\":[{\"@type\":\"ListItem\",\"position\":1,\"name\":\"In\u00edcio\",\"item\":\"https:\/\/psol50.org.br\/\"},{\"@type\":\"ListItem\",\"position\":2,\"name\":\"CE: BATISMO POPULAR da Pra\u00e7a Dom H\u00e9lder C\u00e2mara\"}]},{\"@type\":\"WebSite\",\"@id\":\"https:\/\/psol50.org.br\/#website\",\"url\":\"https:\/\/psol50.org.br\/\",\"name\":\"PSOL 50\",\"description\":\"Site oficial do Partido Socialismo e Liberdade\",\"publisher\":{\"@id\":\"https:\/\/psol50.org.br\/#organization\"},\"alternateName\":\"PSOL50\",\"potentialAction\":[{\"@type\":\"SearchAction\",\"target\":{\"@type\":\"EntryPoint\",\"urlTemplate\":\"https:\/\/psol50.org.br\/?s={search_term_string}\"},\"query-input\":{\"@type\":\"PropertyValueSpecification\",\"valueRequired\":true,\"valueName\":\"search_term_string\"}}],\"inLanguage\":\"pt-BR\"},{\"@type\":\"Organization\",\"@id\":\"https:\/\/psol50.org.br\/#organization\",\"name\":\"PSOL 50\",\"alternateName\":\"PSOL 50\",\"url\":\"https:\/\/psol50.org.br\/\",\"logo\":{\"@type\":\"ImageObject\",\"inLanguage\":\"pt-BR\",\"@id\":\"https:\/\/psol50.org.br\/#\/schema\/logo\/image\/\",\"url\":\"https:\/\/psol50.org.br\/inc\/uploads\/2018\/07\/capa.png\",\"contentUrl\":\"https:\/\/psol50.org.br\/inc\/uploads\/2018\/07\/capa.png\",\"width\":1350,\"height\":900,\"caption\":\"PSOL 50\"},\"image\":{\"@id\":\"https:\/\/psol50.org.br\/#\/schema\/logo\/image\/\"},\"sameAs\":[\"https:\/\/www.facebook.com\/psol50\",\"https:\/\/x.com\/psol50\",\"https:\/\/www.instagram.com\/psol50\/\",\"https:\/\/www.youtube.com\/channel\/UC7SnJS5o1os7a6CaiNabzcg\"]},{\"@type\":\"Person\",\"@id\":\"https:\/\/psol50.org.br\/#\/schema\/person\/475dfa57d0b815993c714c2e96491fcd\",\"name\":\"Comunica\u00e7\u00e3o PSOL\",\"image\":{\"@type\":\"ImageObject\",\"inLanguage\":\"pt-BR\",\"@id\":\"https:\/\/psol50.org.br\/#\/schema\/person\/image\/\",\"url\":\"https:\/\/secure.gravatar.com\/avatar\/b34fc4f4e468a4e51785917065a3db57b841f5c95dba6ad8c73aaf8f66f8f9bf?s=96&d=mm&r=g\",\"contentUrl\":\"https:\/\/secure.gravatar.com\/avatar\/b34fc4f4e468a4e51785917065a3db57b841f5c95dba6ad8c73aaf8f66f8f9bf?s=96&d=mm&r=g\",\"caption\":\"Comunica\u00e7\u00e3o PSOL\"}}]}<\/script>\n<!-- \/ Yoast SEO plugin. -->","yoast_head_json":{"title":"CE: BATISMO POPULAR da Pra\u00e7a Dom H\u00e9lder C\u00e2mara - PSOL 50","robots":{"index":"index","follow":"follow","max-snippet":"max-snippet:-1","max-image-preview":"max-image-preview:large","max-video-preview":"max-video-preview:-1"},"canonical":"https:\/\/psol50.org.br\/ce-batismo-popular-da-praca-dom-helder-camara\/","og_locale":"pt_BR","og_type":"article","og_title":"CE: BATISMO POPULAR da Pra\u00e7a Dom H\u00e9lder C\u00e2mara - PSOL 50","og_description":"Enquanto a prefeita fala em Pra\u00e7a do Futuro, o Projeto de Lei que pede mudan\u00e7a de nome da Pra\u00e7a 31 de mar\u00e7o para Dom H\u00e9lder se arrasta h\u00e1 mais de 2 anos na C\u00e2mara de Fortaleza. O Vereador Jo\u00e3o Alfredo (Psol) convida para o ato de Batismo da Pra\u00e7a Dom H\u00e9lder C\u00e2mara, atual 31 de [&hellip;]","og_url":"https:\/\/psol50.org.br\/ce-batismo-popular-da-praca-dom-helder-camara\/","og_site_name":"PSOL 50","article_publisher":"https:\/\/www.facebook.com\/psol50","article_published_time":"2011-03-29T00:00:00+00:00","og_image":[{"width":1350,"height":900,"url":"https:\/\/psol50.org.br\/inc\/uploads\/2018\/07\/capa.png","type":"image\/png"}],"author":"Comunica\u00e7\u00e3o PSOL","twitter_card":"summary_large_image","twitter_creator":"@psol50","twitter_site":"@psol50","twitter_misc":{"Escrito por":"Comunica\u00e7\u00e3o PSOL","Est. tempo de leitura":"3 minutos"},"schema":{"@context":"https:\/\/schema.org","@graph":[{"@type":"Article","@id":"https:\/\/psol50.org.br\/ce-batismo-popular-da-praca-dom-helder-camara\/#article","isPartOf":{"@id":"https:\/\/psol50.org.br\/ce-batismo-popular-da-praca-dom-helder-camara\/"},"author":{"name":"Comunica\u00e7\u00e3o PSOL","@id":"https:\/\/psol50.org.br\/#\/schema\/person\/475dfa57d0b815993c714c2e96491fcd"},"headline":"CE: BATISMO POPULAR da Pra\u00e7a Dom H\u00e9lder C\u00e2mara","datePublished":"2011-03-29T00:00:00+00:00","mainEntityOfPage":{"@id":"https:\/\/psol50.org.br\/ce-batismo-popular-da-praca-dom-helder-camara\/"},"wordCount":628,"commentCount":0,"publisher":{"@id":"https:\/\/psol50.org.br\/#organization"},"articleSection":["Arquivo"],"inLanguage":"pt-BR","potentialAction":[{"@type":"CommentAction","name":"Comment","target":["https:\/\/psol50.org.br\/ce-batismo-popular-da-praca-dom-helder-camara\/#respond"]}]},{"@type":"WebPage","@id":"https:\/\/psol50.org.br\/ce-batismo-popular-da-praca-dom-helder-camara\/","url":"https:\/\/psol50.org.br\/ce-batismo-popular-da-praca-dom-helder-camara\/","name":"CE: BATISMO POPULAR da Pra\u00e7a Dom H\u00e9lder C\u00e2mara - PSOL 50","isPartOf":{"@id":"https:\/\/psol50.org.br\/#website"},"datePublished":"2011-03-29T00:00:00+00:00","breadcrumb":{"@id":"https:\/\/psol50.org.br\/ce-batismo-popular-da-praca-dom-helder-camara\/#breadcrumb"},"inLanguage":"pt-BR","potentialAction":[{"@type":"ReadAction","target":["https:\/\/psol50.org.br\/ce-batismo-popular-da-praca-dom-helder-camara\/"]}]},{"@type":"BreadcrumbList","@id":"https:\/\/psol50.org.br\/ce-batismo-popular-da-praca-dom-helder-camara\/#breadcrumb","itemListElement":[{"@type":"ListItem","position":1,"name":"In\u00edcio","item":"https:\/\/psol50.org.br\/"},{"@type":"ListItem","position":2,"name":"CE: BATISMO POPULAR da Pra\u00e7a Dom H\u00e9lder C\u00e2mara"}]},{"@type":"WebSite","@id":"https:\/\/psol50.org.br\/#website","url":"https:\/\/psol50.org.br\/","name":"PSOL 50","description":"Site oficial do Partido Socialismo e Liberdade","publisher":{"@id":"https:\/\/psol50.org.br\/#organization"},"alternateName":"PSOL50","potentialAction":[{"@type":"SearchAction","target":{"@type":"EntryPoint","urlTemplate":"https:\/\/psol50.org.br\/?s={search_term_string}"},"query-input":{"@type":"PropertyValueSpecification","valueRequired":true,"valueName":"search_term_string"}}],"inLanguage":"pt-BR"},{"@type":"Organization","@id":"https:\/\/psol50.org.br\/#organization","name":"PSOL 50","alternateName":"PSOL 50","url":"https:\/\/psol50.org.br\/","logo":{"@type":"ImageObject","inLanguage":"pt-BR","@id":"https:\/\/psol50.org.br\/#\/schema\/logo\/image\/","url":"https:\/\/psol50.org.br\/inc\/uploads\/2018\/07\/capa.png","contentUrl":"https:\/\/psol50.org.br\/inc\/uploads\/2018\/07\/capa.png","width":1350,"height":900,"caption":"PSOL 50"},"image":{"@id":"https:\/\/psol50.org.br\/#\/schema\/logo\/image\/"},"sameAs":["https:\/\/www.facebook.com\/psol50","https:\/\/x.com\/psol50","https:\/\/www.instagram.com\/psol50\/","https:\/\/www.youtube.com\/channel\/UC7SnJS5o1os7a6CaiNabzcg"]},{"@type":"Person","@id":"https:\/\/psol50.org.br\/#\/schema\/person\/475dfa57d0b815993c714c2e96491fcd","name":"Comunica\u00e7\u00e3o PSOL","image":{"@type":"ImageObject","inLanguage":"pt-BR","@id":"https:\/\/psol50.org.br\/#\/schema\/person\/image\/","url":"https:\/\/secure.gravatar.com\/avatar\/b34fc4f4e468a4e51785917065a3db57b841f5c95dba6ad8c73aaf8f66f8f9bf?s=96&d=mm&r=g","contentUrl":"https:\/\/secure.gravatar.com\/avatar\/b34fc4f4e468a4e51785917065a3db57b841f5c95dba6ad8c73aaf8f66f8f9bf?s=96&d=mm&r=g","caption":"Comunica\u00e7\u00e3o PSOL"}}]}},"_links":{"self":[{"href":"https:\/\/psol50.org.br\/rest\/wp\/v2\/posts\/1507","targetHints":{"allow":["GET"]}}],"collection":[{"href":"https:\/\/psol50.org.br\/rest\/wp\/v2\/posts"}],"about":[{"href":"https:\/\/psol50.org.br\/rest\/wp\/v2\/types\/post"}],"author":[{"embeddable":true,"href":"https:\/\/psol50.org.br\/rest\/wp\/v2\/users\/2"}],"replies":[{"embeddable":true,"href":"https:\/\/psol50.org.br\/rest\/wp\/v2\/comments?post=1507"}],"version-history":[{"count":0,"href":"https:\/\/psol50.org.br\/rest\/wp\/v2\/posts\/1507\/revisions"}],"wp:attachment":[{"href":"https:\/\/psol50.org.br\/rest\/wp\/v2\/media?parent=1507"}],"wp:term":[{"taxonomy":"category","embeddable":true,"href":"https:\/\/psol50.org.br\/rest\/wp\/v2\/categories?post=1507"},{"taxonomy":"post_tag","embeddable":true,"href":"https:\/\/psol50.org.br\/rest\/wp\/v2\/tags?post=1507"}],"curies":[{"name":"wp","href":"https:\/\/api.w.org\/{rel}","templated":true}]}}