{"id":15085,"date":"2017-01-11T16:26:13","date_gmt":"2017-01-11T16:26:13","guid":{"rendered":"http:\/\/www.psol50.org.br\/?p=15085"},"modified":"2017-01-11T16:26:13","modified_gmt":"2017-01-11T16:26:13","slug":"psol-pressiona-stf-para-julgar-antes-do-recesso-acao-contra-desvio-de-recursos-do-sistema-penitenciario","status":"publish","type":"post","link":"https:\/\/psol50.org.br\/psol-pressiona-stf-para-julgar-antes-do-recesso-acao-contra-desvio-de-recursos-do-sistema-penitenciario\/","title":{"rendered":"PSOL pressiona STF para julgar antes do recesso a\u00e7\u00e3o contra desvio de recursos do sistema penitenci\u00e1rio"},"content":{"rendered":"<p>Uma delega\u00e7\u00e3o do PSOL se reuniu, nesta quarta-feira (11\/01), com a presidente do Supremo Tribunal Federal (STF), Ministra Carmen L\u00facia, para debater a grave situa\u00e7\u00e3o dos pres\u00eddios brasileiros e pedir para que a corte vote, antes do recesso, a a\u00e7\u00e3o do partido para declarar inconstitucionais itens da Medida Provis\u00f3ria 755\/2016, editada por Temer, que desvia recursos do sistema carcer\u00e1rio para o Fundo Nacional de Seguran\u00e7a P\u00fablica (FNSP).<\/p>\n<p>A MP do governo descumpre decis\u00e3o do pr\u00f3prio STF, que em 2015, ap\u00f3s a\u00e7\u00e3o do PSOL, decidiu o &#8220;estado de coisas inconstitucional&#8221; do sistema carcer\u00e1rio, impedindo que recursos do Fundo Penitenci\u00e1rio Nacional (Funpen) pudessem ser utilizados para outras finalidades.<\/p>\n<p><em><strong>Leia mais: <span style=\"color: #3366ff\"><a style=\"color: #3366ff\" href=\"http:\/\/www.psol50.org.br\/blog\/2017\/01\/10\/acao-do-psol-contra-desvio-de-recursos-do-sistema-penitenciario-e-protocolada-no-stf\/\" target=\"_blank\" rel=\"noopener\">A\u00e7\u00e3o do PSOL contra desvios de recursos do sistema penitenci\u00e1rio \u00e9 protocolada no STF<\/a><\/span><\/strong><\/em><\/p>\n<p>Participaram da reuni\u00e3o o presidente nacional do PSOL, Luiz Ara\u00fajo, os deputados\u00a0federais Ivan Valente e Luiza Erundina (SP), o deputado estadual Marcelo Freixo (RJ) e o advogado Daniel Sarmento, professor da Universidade Estadual do Rio de Janeiro (Uerj) que assinou, junto ao PSOL, a a\u00e7\u00e3o de 2015.<\/p>\n<p>Na reuni\u00e3o, os representantes do PSOL pediram \u00e0 Ministra Carmen L\u00facia que decida sobre a a\u00e7\u00e3o do partido antes do fim do recesso do Judici\u00e1rio, que vai at\u00e9 o fim de janeiro. O objetivo \u00e9 conseguir uma liminar que declare inconstitucionais os itens que v\u00e3o de encontro \u00e0 decis\u00e3o anterior do STF.<\/p>\n<p>Em entrevista ao\u00a0<em>Bradcast<\/em>, do\u00a0<em>Estad\u00e3o<\/em>, Ivan Valente afirmou que a Ministra n\u00e3o adiantou o posicionamento. &#8220;N\u00f3s confiamos na sensibilidade da ministra, entendemos que ela foi bastante sens\u00edvel a esta quest\u00e3o e temos a expectativa que ela a julgue ainda no recesso&#8221;, disse o l\u00edder do PSOL na C\u00e2mara. &#8220;Entendemos que, diante da grave crise que estamos vivendo, a decis\u00e3o da MP caminha na contram\u00e3o, ou seja, retira dinheiro da melhoria dos pres\u00eddios. Ent\u00e3o ela \u00e9 inconstitucional, de um lado, e de uma insensibilidade absoluta diante da trag\u00e9dia que estamos vivendo&#8221;.<\/p>\n<p>O PSOL n\u00e3o questiona a \u00edntegra da MP, e sim as partes claramente inconstitucionais &#8211; tr\u00eas artigos da medida.<\/p>\n<p>&#8220;A medida provis\u00f3ria 755, na verdade, desvia dinheiro do Funpen, ela reduz a verba do Fundo Penitenci\u00e1rio. E ela n\u00e3o d\u00e1 solu\u00e7\u00e3o, pelo contr\u00e1rio, agrava a crise monumental que estamos vivendo hoje, porque ela transfere 30% dos recursos para o Fundo de Seguran\u00e7a P\u00fablica. Ela reduz, de 3% para 2,1%, o resultado dos progn\u00f3sticos, ou seja, da loteria esportiva, dos recursos, saiam do Funpen para outro fundo. E ela desvia recursos para atividades policiais e n\u00e3o para os fins a qual a lei determinou a melhoria das condi\u00e7\u00f5es dos pres\u00eddios pelo Fundo Penitenci\u00e1rio&#8221;, disse Ivan Valente.<\/p>\n","protected":false},"excerpt":{"rendered":"<p>Uma delega\u00e7\u00e3o do PSOL se reuniu, nesta quarta-feira (11\/01), com a presidente do Supremo Tribunal Federal (STF), Ministra Carmen L\u00facia, para debater a grave situa\u00e7\u00e3o dos pres\u00eddios brasileiros e pedir para que a corte vote, antes do recesso, a a\u00e7\u00e3o do partido para declarar inconstitucionais itens da Medida Provis\u00f3ria 755\/2016, editada por Temer, que desvia [&hellip;]<\/p>\n","protected":false},"author":2,"featured_media":13338,"comment_status":"open","ping_status":"open","sticky":false,"template":"","format":"standard","meta":{"_acf_changed":false,"footnotes":""},"categories":[10,1882,6],"tags":[1467,2779,552,1801,553,161,2764,45],"class_list":{"0":"post-15085","1":"post","2":"type-post","3":"status-publish","4":"format-standard","5":"has-post-thumbnail","7":"category-acao-parlamentares","8":"category-brasil","9":"category-noticias","10":"tag-carmen-lucia","11":"tag-daniel-sarmento","12":"tag-ivan-valente","13":"tag-luiz-araujo","14":"tag-luiza-erundina","15":"tag-marcelo-freixo","16":"tag-sistema-penitenciario","17":"tag-stf"},"acf":[],"yoast_head":"<!-- This site is optimized with the Yoast SEO plugin v26.5 - https:\/\/yoast.com\/wordpress\/plugins\/seo\/ -->\n<title>PSOL pressiona STF para julgar antes do recesso a\u00e7\u00e3o contra desvio de recursos do sistema penitenci\u00e1rio - PSOL 50<\/title>\n<meta name=\"robots\" content=\"index, follow, max-snippet:-1, max-image-preview:large, max-video-preview:-1\" \/>\n<link rel=\"canonical\" href=\"https:\/\/psol50.org.br\/psol-pressiona-stf-para-julgar-antes-do-recesso-acao-contra-desvio-de-recursos-do-sistema-penitenciario\/\" \/>\n<meta property=\"og:locale\" content=\"pt_BR\" \/>\n<meta property=\"og:type\" content=\"article\" \/>\n<meta property=\"og:title\" content=\"PSOL pressiona STF para julgar antes do recesso a\u00e7\u00e3o contra desvio de recursos do sistema penitenci\u00e1rio - PSOL 50\" \/>\n<meta property=\"og:description\" content=\"Uma delega\u00e7\u00e3o do PSOL se reuniu, nesta quarta-feira (11\/01), com a presidente do Supremo Tribunal Federal (STF), Ministra Carmen L\u00facia, para debater a grave situa\u00e7\u00e3o dos pres\u00eddios brasileiros e pedir para que a corte vote, antes do recesso, a a\u00e7\u00e3o do partido para declarar inconstitucionais itens da Medida Provis\u00f3ria 755\/2016, editada por Temer, que desvia [&hellip;]\" \/>\n<meta property=\"og:url\" content=\"https:\/\/psol50.org.br\/psol-pressiona-stf-para-julgar-antes-do-recesso-acao-contra-desvio-de-recursos-do-sistema-penitenciario\/\" \/>\n<meta property=\"og:site_name\" content=\"PSOL 50\" \/>\n<meta property=\"article:publisher\" content=\"https:\/\/www.facebook.com\/psol50\" \/>\n<meta property=\"article:published_time\" content=\"2017-01-11T16:26:13+00:00\" \/>\n<meta property=\"og:image\" content=\"https:\/\/psol50.org.br\/inc\/uploads\/2018\/07\/capa.png\" \/>\n\t<meta property=\"og:image:width\" content=\"1350\" \/>\n\t<meta property=\"og:image:height\" content=\"900\" \/>\n\t<meta property=\"og:image:type\" content=\"image\/png\" \/>\n<meta name=\"author\" content=\"Comunica\u00e7\u00e3o PSOL\" \/>\n<meta name=\"twitter:card\" content=\"summary_large_image\" \/>\n<meta name=\"twitter:creator\" content=\"@psol50\" \/>\n<meta name=\"twitter:site\" content=\"@psol50\" \/>\n<meta name=\"twitter:label1\" content=\"Escrito por\" \/>\n\t<meta name=\"twitter:data1\" content=\"Comunica\u00e7\u00e3o PSOL\" \/>\n\t<meta name=\"twitter:label2\" content=\"Est. tempo de leitura\" \/>\n\t<meta name=\"twitter:data2\" content=\"2 minutos\" \/>\n<script type=\"application\/ld+json\" class=\"yoast-schema-graph\">{\"@context\":\"https:\/\/schema.org\",\"@graph\":[{\"@type\":\"Article\",\"@id\":\"https:\/\/psol50.org.br\/psol-pressiona-stf-para-julgar-antes-do-recesso-acao-contra-desvio-de-recursos-do-sistema-penitenciario\/#article\",\"isPartOf\":{\"@id\":\"https:\/\/psol50.org.br\/psol-pressiona-stf-para-julgar-antes-do-recesso-acao-contra-desvio-de-recursos-do-sistema-penitenciario\/\"},\"author\":{\"name\":\"Comunica\u00e7\u00e3o PSOL\",\"@id\":\"https:\/\/psol50.org.br\/#\/schema\/person\/475dfa57d0b815993c714c2e96491fcd\"},\"headline\":\"PSOL pressiona STF para julgar antes do recesso a\u00e7\u00e3o contra desvio de recursos do sistema penitenci\u00e1rio\",\"datePublished\":\"2017-01-11T16:26:13+00:00\",\"mainEntityOfPage\":{\"@id\":\"https:\/\/psol50.org.br\/psol-pressiona-stf-para-julgar-antes-do-recesso-acao-contra-desvio-de-recursos-do-sistema-penitenciario\/\"},\"wordCount\":485,\"commentCount\":0,\"publisher\":{\"@id\":\"https:\/\/psol50.org.br\/#organization\"},\"image\":{\"@id\":\"https:\/\/psol50.org.br\/psol-pressiona-stf-para-julgar-antes-do-recesso-acao-contra-desvio-de-recursos-do-sistema-penitenciario\/#primaryimage\"},\"thumbnailUrl\":\"\",\"keywords\":[\"Carmen L\u00facia\",\"Daniel Sarmento\",\"Ivan Valente\",\"Luiz Ara\u00fajo\",\"Luiza Erundina\",\"Marcelo Freixo\",\"Sistema penitenci\u00e1rio\",\"STF\"],\"articleSection\":[\"A\u00e7\u00e3o Parlamentar\",\"Brasil\",\"Not\u00edcias\"],\"inLanguage\":\"pt-BR\",\"potentialAction\":[{\"@type\":\"CommentAction\",\"name\":\"Comment\",\"target\":[\"https:\/\/psol50.org.br\/psol-pressiona-stf-para-julgar-antes-do-recesso-acao-contra-desvio-de-recursos-do-sistema-penitenciario\/#respond\"]}]},{\"@type\":\"WebPage\",\"@id\":\"https:\/\/psol50.org.br\/psol-pressiona-stf-para-julgar-antes-do-recesso-acao-contra-desvio-de-recursos-do-sistema-penitenciario\/\",\"url\":\"https:\/\/psol50.org.br\/psol-pressiona-stf-para-julgar-antes-do-recesso-acao-contra-desvio-de-recursos-do-sistema-penitenciario\/\",\"name\":\"PSOL pressiona STF para julgar antes do recesso a\u00e7\u00e3o contra desvio de recursos do sistema penitenci\u00e1rio - PSOL 50\",\"isPartOf\":{\"@id\":\"https:\/\/psol50.org.br\/#website\"},\"primaryImageOfPage\":{\"@id\":\"https:\/\/psol50.org.br\/psol-pressiona-stf-para-julgar-antes-do-recesso-acao-contra-desvio-de-recursos-do-sistema-penitenciario\/#primaryimage\"},\"image\":{\"@id\":\"https:\/\/psol50.org.br\/psol-pressiona-stf-para-julgar-antes-do-recesso-acao-contra-desvio-de-recursos-do-sistema-penitenciario\/#primaryimage\"},\"thumbnailUrl\":\"\",\"datePublished\":\"2017-01-11T16:26:13+00:00\",\"breadcrumb\":{\"@id\":\"https:\/\/psol50.org.br\/psol-pressiona-stf-para-julgar-antes-do-recesso-acao-contra-desvio-de-recursos-do-sistema-penitenciario\/#breadcrumb\"},\"inLanguage\":\"pt-BR\",\"potentialAction\":[{\"@type\":\"ReadAction\",\"target\":[\"https:\/\/psol50.org.br\/psol-pressiona-stf-para-julgar-antes-do-recesso-acao-contra-desvio-de-recursos-do-sistema-penitenciario\/\"]}]},{\"@type\":\"ImageObject\",\"inLanguage\":\"pt-BR\",\"@id\":\"https:\/\/psol50.org.br\/psol-pressiona-stf-para-julgar-antes-do-recesso-acao-contra-desvio-de-recursos-do-sistema-penitenciario\/#primaryimage\",\"url\":\"\",\"contentUrl\":\"\"},{\"@type\":\"BreadcrumbList\",\"@id\":\"https:\/\/psol50.org.br\/psol-pressiona-stf-para-julgar-antes-do-recesso-acao-contra-desvio-de-recursos-do-sistema-penitenciario\/#breadcrumb\",\"itemListElement\":[{\"@type\":\"ListItem\",\"position\":1,\"name\":\"In\u00edcio\",\"item\":\"https:\/\/psol50.org.br\/\"},{\"@type\":\"ListItem\",\"position\":2,\"name\":\"PSOL pressiona STF para julgar antes do recesso a\u00e7\u00e3o contra desvio de recursos do sistema penitenci\u00e1rio\"}]},{\"@type\":\"WebSite\",\"@id\":\"https:\/\/psol50.org.br\/#website\",\"url\":\"https:\/\/psol50.org.br\/\",\"name\":\"PSOL 50\",\"description\":\"Site oficial do Partido Socialismo e Liberdade\",\"publisher\":{\"@id\":\"https:\/\/psol50.org.br\/#organization\"},\"alternateName\":\"PSOL50\",\"potentialAction\":[{\"@type\":\"SearchAction\",\"target\":{\"@type\":\"EntryPoint\",\"urlTemplate\":\"https:\/\/psol50.org.br\/?s={search_term_string}\"},\"query-input\":{\"@type\":\"PropertyValueSpecification\",\"valueRequired\":true,\"valueName\":\"search_term_string\"}}],\"inLanguage\":\"pt-BR\"},{\"@type\":\"Organization\",\"@id\":\"https:\/\/psol50.org.br\/#organization\",\"name\":\"PSOL 50\",\"alternateName\":\"PSOL 50\",\"url\":\"https:\/\/psol50.org.br\/\",\"logo\":{\"@type\":\"ImageObject\",\"inLanguage\":\"pt-BR\",\"@id\":\"https:\/\/psol50.org.br\/#\/schema\/logo\/image\/\",\"url\":\"https:\/\/psol50.org.br\/inc\/uploads\/2018\/07\/capa.png\",\"contentUrl\":\"https:\/\/psol50.org.br\/inc\/uploads\/2018\/07\/capa.png\",\"width\":1350,\"height\":900,\"caption\":\"PSOL 50\"},\"image\":{\"@id\":\"https:\/\/psol50.org.br\/#\/schema\/logo\/image\/\"},\"sameAs\":[\"https:\/\/www.facebook.com\/psol50\",\"https:\/\/x.com\/psol50\",\"https:\/\/www.instagram.com\/psol50\/\",\"https:\/\/www.youtube.com\/channel\/UC7SnJS5o1os7a6CaiNabzcg\"]},{\"@type\":\"Person\",\"@id\":\"https:\/\/psol50.org.br\/#\/schema\/person\/475dfa57d0b815993c714c2e96491fcd\",\"name\":\"Comunica\u00e7\u00e3o PSOL\",\"image\":{\"@type\":\"ImageObject\",\"inLanguage\":\"pt-BR\",\"@id\":\"https:\/\/psol50.org.br\/#\/schema\/person\/image\/\",\"url\":\"https:\/\/secure.gravatar.com\/avatar\/b34fc4f4e468a4e51785917065a3db57b841f5c95dba6ad8c73aaf8f66f8f9bf?s=96&d=mm&r=g\",\"contentUrl\":\"https:\/\/secure.gravatar.com\/avatar\/b34fc4f4e468a4e51785917065a3db57b841f5c95dba6ad8c73aaf8f66f8f9bf?s=96&d=mm&r=g\",\"caption\":\"Comunica\u00e7\u00e3o PSOL\"}}]}<\/script>\n<!-- \/ Yoast SEO plugin. -->","yoast_head_json":{"title":"PSOL pressiona STF para julgar antes do recesso a\u00e7\u00e3o contra desvio de recursos do sistema penitenci\u00e1rio - PSOL 50","robots":{"index":"index","follow":"follow","max-snippet":"max-snippet:-1","max-image-preview":"max-image-preview:large","max-video-preview":"max-video-preview:-1"},"canonical":"https:\/\/psol50.org.br\/psol-pressiona-stf-para-julgar-antes-do-recesso-acao-contra-desvio-de-recursos-do-sistema-penitenciario\/","og_locale":"pt_BR","og_type":"article","og_title":"PSOL pressiona STF para julgar antes do recesso a\u00e7\u00e3o contra desvio de recursos do sistema penitenci\u00e1rio - PSOL 50","og_description":"Uma delega\u00e7\u00e3o do PSOL se reuniu, nesta quarta-feira (11\/01), com a presidente do Supremo Tribunal Federal (STF), Ministra Carmen L\u00facia, para debater a grave situa\u00e7\u00e3o dos pres\u00eddios brasileiros e pedir para que a corte vote, antes do recesso, a a\u00e7\u00e3o do partido para declarar inconstitucionais itens da Medida Provis\u00f3ria 755\/2016, editada por Temer, que desvia [&hellip;]","og_url":"https:\/\/psol50.org.br\/psol-pressiona-stf-para-julgar-antes-do-recesso-acao-contra-desvio-de-recursos-do-sistema-penitenciario\/","og_site_name":"PSOL 50","article_publisher":"https:\/\/www.facebook.com\/psol50","article_published_time":"2017-01-11T16:26:13+00:00","og_image":[{"width":1350,"height":900,"url":"https:\/\/psol50.org.br\/inc\/uploads\/2018\/07\/capa.png","type":"image\/png"}],"author":"Comunica\u00e7\u00e3o PSOL","twitter_card":"summary_large_image","twitter_creator":"@psol50","twitter_site":"@psol50","twitter_misc":{"Escrito por":"Comunica\u00e7\u00e3o PSOL","Est. tempo de leitura":"2 minutos"},"schema":{"@context":"https:\/\/schema.org","@graph":[{"@type":"Article","@id":"https:\/\/psol50.org.br\/psol-pressiona-stf-para-julgar-antes-do-recesso-acao-contra-desvio-de-recursos-do-sistema-penitenciario\/#article","isPartOf":{"@id":"https:\/\/psol50.org.br\/psol-pressiona-stf-para-julgar-antes-do-recesso-acao-contra-desvio-de-recursos-do-sistema-penitenciario\/"},"author":{"name":"Comunica\u00e7\u00e3o PSOL","@id":"https:\/\/psol50.org.br\/#\/schema\/person\/475dfa57d0b815993c714c2e96491fcd"},"headline":"PSOL pressiona STF para julgar antes do recesso a\u00e7\u00e3o contra desvio de recursos do sistema penitenci\u00e1rio","datePublished":"2017-01-11T16:26:13+00:00","mainEntityOfPage":{"@id":"https:\/\/psol50.org.br\/psol-pressiona-stf-para-julgar-antes-do-recesso-acao-contra-desvio-de-recursos-do-sistema-penitenciario\/"},"wordCount":485,"commentCount":0,"publisher":{"@id":"https:\/\/psol50.org.br\/#organization"},"image":{"@id":"https:\/\/psol50.org.br\/psol-pressiona-stf-para-julgar-antes-do-recesso-acao-contra-desvio-de-recursos-do-sistema-penitenciario\/#primaryimage"},"thumbnailUrl":"","keywords":["Carmen L\u00facia","Daniel Sarmento","Ivan Valente","Luiz Ara\u00fajo","Luiza Erundina","Marcelo Freixo","Sistema penitenci\u00e1rio","STF"],"articleSection":["A\u00e7\u00e3o Parlamentar","Brasil","Not\u00edcias"],"inLanguage":"pt-BR","potentialAction":[{"@type":"CommentAction","name":"Comment","target":["https:\/\/psol50.org.br\/psol-pressiona-stf-para-julgar-antes-do-recesso-acao-contra-desvio-de-recursos-do-sistema-penitenciario\/#respond"]}]},{"@type":"WebPage","@id":"https:\/\/psol50.org.br\/psol-pressiona-stf-para-julgar-antes-do-recesso-acao-contra-desvio-de-recursos-do-sistema-penitenciario\/","url":"https:\/\/psol50.org.br\/psol-pressiona-stf-para-julgar-antes-do-recesso-acao-contra-desvio-de-recursos-do-sistema-penitenciario\/","name":"PSOL pressiona STF para julgar antes do recesso a\u00e7\u00e3o contra desvio de recursos do sistema penitenci\u00e1rio - PSOL 50","isPartOf":{"@id":"https:\/\/psol50.org.br\/#website"},"primaryImageOfPage":{"@id":"https:\/\/psol50.org.br\/psol-pressiona-stf-para-julgar-antes-do-recesso-acao-contra-desvio-de-recursos-do-sistema-penitenciario\/#primaryimage"},"image":{"@id":"https:\/\/psol50.org.br\/psol-pressiona-stf-para-julgar-antes-do-recesso-acao-contra-desvio-de-recursos-do-sistema-penitenciario\/#primaryimage"},"thumbnailUrl":"","datePublished":"2017-01-11T16:26:13+00:00","breadcrumb":{"@id":"https:\/\/psol50.org.br\/psol-pressiona-stf-para-julgar-antes-do-recesso-acao-contra-desvio-de-recursos-do-sistema-penitenciario\/#breadcrumb"},"inLanguage":"pt-BR","potentialAction":[{"@type":"ReadAction","target":["https:\/\/psol50.org.br\/psol-pressiona-stf-para-julgar-antes-do-recesso-acao-contra-desvio-de-recursos-do-sistema-penitenciario\/"]}]},{"@type":"ImageObject","inLanguage":"pt-BR","@id":"https:\/\/psol50.org.br\/psol-pressiona-stf-para-julgar-antes-do-recesso-acao-contra-desvio-de-recursos-do-sistema-penitenciario\/#primaryimage","url":"","contentUrl":""},{"@type":"BreadcrumbList","@id":"https:\/\/psol50.org.br\/psol-pressiona-stf-para-julgar-antes-do-recesso-acao-contra-desvio-de-recursos-do-sistema-penitenciario\/#breadcrumb","itemListElement":[{"@type":"ListItem","position":1,"name":"In\u00edcio","item":"https:\/\/psol50.org.br\/"},{"@type":"ListItem","position":2,"name":"PSOL pressiona STF para julgar antes do recesso a\u00e7\u00e3o contra desvio de recursos do sistema penitenci\u00e1rio"}]},{"@type":"WebSite","@id":"https:\/\/psol50.org.br\/#website","url":"https:\/\/psol50.org.br\/","name":"PSOL 50","description":"Site oficial do Partido Socialismo e Liberdade","publisher":{"@id":"https:\/\/psol50.org.br\/#organization"},"alternateName":"PSOL50","potentialAction":[{"@type":"SearchAction","target":{"@type":"EntryPoint","urlTemplate":"https:\/\/psol50.org.br\/?s={search_term_string}"},"query-input":{"@type":"PropertyValueSpecification","valueRequired":true,"valueName":"search_term_string"}}],"inLanguage":"pt-BR"},{"@type":"Organization","@id":"https:\/\/psol50.org.br\/#organization","name":"PSOL 50","alternateName":"PSOL 50","url":"https:\/\/psol50.org.br\/","logo":{"@type":"ImageObject","inLanguage":"pt-BR","@id":"https:\/\/psol50.org.br\/#\/schema\/logo\/image\/","url":"https:\/\/psol50.org.br\/inc\/uploads\/2018\/07\/capa.png","contentUrl":"https:\/\/psol50.org.br\/inc\/uploads\/2018\/07\/capa.png","width":1350,"height":900,"caption":"PSOL 50"},"image":{"@id":"https:\/\/psol50.org.br\/#\/schema\/logo\/image\/"},"sameAs":["https:\/\/www.facebook.com\/psol50","https:\/\/x.com\/psol50","https:\/\/www.instagram.com\/psol50\/","https:\/\/www.youtube.com\/channel\/UC7SnJS5o1os7a6CaiNabzcg"]},{"@type":"Person","@id":"https:\/\/psol50.org.br\/#\/schema\/person\/475dfa57d0b815993c714c2e96491fcd","name":"Comunica\u00e7\u00e3o PSOL","image":{"@type":"ImageObject","inLanguage":"pt-BR","@id":"https:\/\/psol50.org.br\/#\/schema\/person\/image\/","url":"https:\/\/secure.gravatar.com\/avatar\/b34fc4f4e468a4e51785917065a3db57b841f5c95dba6ad8c73aaf8f66f8f9bf?s=96&d=mm&r=g","contentUrl":"https:\/\/secure.gravatar.com\/avatar\/b34fc4f4e468a4e51785917065a3db57b841f5c95dba6ad8c73aaf8f66f8f9bf?s=96&d=mm&r=g","caption":"Comunica\u00e7\u00e3o PSOL"}}]}},"_links":{"self":[{"href":"https:\/\/psol50.org.br\/rest\/wp\/v2\/posts\/15085","targetHints":{"allow":["GET"]}}],"collection":[{"href":"https:\/\/psol50.org.br\/rest\/wp\/v2\/posts"}],"about":[{"href":"https:\/\/psol50.org.br\/rest\/wp\/v2\/types\/post"}],"author":[{"embeddable":true,"href":"https:\/\/psol50.org.br\/rest\/wp\/v2\/users\/2"}],"replies":[{"embeddable":true,"href":"https:\/\/psol50.org.br\/rest\/wp\/v2\/comments?post=15085"}],"version-history":[{"count":0,"href":"https:\/\/psol50.org.br\/rest\/wp\/v2\/posts\/15085\/revisions"}],"wp:featuredmedia":[{"embeddable":true,"href":"https:\/\/psol50.org.br\/rest\/"}],"wp:attachment":[{"href":"https:\/\/psol50.org.br\/rest\/wp\/v2\/media?parent=15085"}],"wp:term":[{"taxonomy":"category","embeddable":true,"href":"https:\/\/psol50.org.br\/rest\/wp\/v2\/categories?post=15085"},{"taxonomy":"post_tag","embeddable":true,"href":"https:\/\/psol50.org.br\/rest\/wp\/v2\/tags?post=15085"}],"curies":[{"name":"wp","href":"https:\/\/api.w.org\/{rel}","templated":true}]}}