{"id":15087,"date":"2017-01-11T19:20:56","date_gmt":"2017-01-11T19:20:56","guid":{"rendered":"http:\/\/www.psol50.org.br\/?p=15087"},"modified":"2017-01-11T19:20:56","modified_gmt":"2017-01-11T19:20:56","slug":"samarco-pede-novamente-maior-prazo-para-pagar-multa-pelo-crime-em-mariana","status":"publish","type":"post","link":"https:\/\/psol50.org.br\/samarco-pede-novamente-maior-prazo-para-pagar-multa-pelo-crime-em-mariana\/","title":{"rendered":"Samarco pede novamente maior prazo para pagar multa pelo crime em Mariana"},"content":{"rendered":"<p><span style=\"font-weight: 400\">A mineradora Samarco e suas acionistas, a Vale S\/A e a australiana BHP Billiton, solicitaram\u00a0nesta segunda-feira (09\/01) mais uma vez a prorroga\u00e7\u00e3o do prazo para o pagamento de R$ 1,2 bilh\u00e3o em medidas reparat\u00f3rias ap\u00f3s a trag\u00e9dia de Mariana (MG). O prazo inicial estabelecido pela Justi\u00e7a foi 9 de dezembro de 2016, e, ap\u00f3s uma peti\u00e7\u00e3o das causadoras do maior crime\u00a0ambiental do pa\u00eds, o prazo foi estendido por mais trinta dias. <\/span><\/p>\n<p><span style=\"font-weight: 400\">Embora a BHP Billiton tenha conseguido em 2016 um lucro l\u00edquido de R$ 11 bilh\u00f5es e a <span style=\"color: #3366ff\"><a style=\"color: #3366ff\" href=\"http:\/\/www.psol50.org.br\/blog\/2015\/11\/23\/doacao-de-empresas-da-vale-a-partidos-na-ultima-eleicao-chega-a-quase-50-milhoes\/\" target=\"_blank\" rel=\"noopener\">Vale tenha doado cerca de R$ 50 milh\u00f5es a partidos pol\u00edticos <\/a><\/span>em 2014<\/span><span style=\"font-weight: 400\">, as empresas afirmam que n\u00e3o t\u00eam recursos para o pagamento da multa.<\/span><span style=\"font-weight: 400\"><br \/>\n<\/span><span style=\"font-weight: 400\"><br \/>\n<\/span><span style=\"font-weight: 400\">O crime ambiental ocorreu no final de 2015, quando uma barragem de rejeitos t\u00f3xicos em Mariana (MG) se rompeu. O incidente resultou em 15 mortes e um rastro de lama t\u00f3xica\u00a0percorreu grande parte de Minas Gerais e chegou at\u00e9 o Esp\u00edrito Santo. A indeniza\u00e7\u00e3o foi solicitada por meio de uma a\u00e7\u00e3o civil p\u00fablica pelos governos dos dois estados em conjunto com a Uni\u00e3o e \u00f3rg\u00e3os ambientais federais e estaduais.<\/span><\/p>\n<p>Em discurso no plen\u00e1rio da C\u00e2mara dos Deputados, Ivan Valente (PSOL-SP) lembra que, al\u00e9m da m\u00eddia brasileira n\u00e3o ter dado a devida aten\u00e7\u00e3o ao assunto, a penaliza\u00e7\u00e3o das respons\u00e1veis vem sendo branda e at\u00e9\u00a0hoje as cidades atingidas n\u00e3o conseguiram se recuperar. Confira:<span style=\"font-weight: 400\"><br \/>\n<\/span><\/p>\n<div class=\"youtube-embed\" data-video_id=\"YED-mwFT0ZE\"><iframe loading=\"lazy\" title=\"&quot;Deve-se uma satisfa\u00e7\u00e3o \u00e0 sociedade sobre o que aconteceu em Mariana&quot;\" width=\"696\" height=\"522\" src=\"https:\/\/www.youtube.com\/embed\/YED-mwFT0ZE?feature=oembed&#038;enablejsapi=1\" frameborder=\"0\" allow=\"accelerometer; autoplay; clipboard-write; encrypted-media; gyroscope; picture-in-picture\" allowfullscreen><\/iframe><\/div>\n","protected":false},"excerpt":{"rendered":"<p>A mineradora Samarco e suas acionistas, a Vale S\/A e a australiana BHP Billiton, solicitaram\u00a0nesta segunda-feira (09\/01) mais uma vez a prorroga\u00e7\u00e3o do prazo para o pagamento de R$ 1,2 bilh\u00e3o em medidas reparat\u00f3rias ap\u00f3s a trag\u00e9dia de Mariana (MG). O prazo inicial estabelecido pela Justi\u00e7a foi 9 de dezembro de 2016, e, ap\u00f3s uma [&hellip;]<\/p>\n","protected":false},"author":2,"featured_media":15091,"comment_status":"open","ping_status":"open","sticky":false,"template":"","format":"standard","meta":{"_acf_changed":false,"footnotes":""},"categories":[10,1882,6],"tags":[2780,2781,2255,1872,2782,122],"class_list":{"0":"post-15087","1":"post","2":"type-post","3":"status-publish","4":"format-standard","5":"has-post-thumbnail","7":"category-acao-parlamentares","8":"category-brasil","9":"category-noticias","10":"tag-barragem-de-mariana","11":"tag-bhp-billiton","12":"tag-crime-ambiental","13":"tag-mariana","14":"tag-samarco","15":"tag-vale"},"acf":[],"yoast_head":"<!-- This site is optimized with the Yoast SEO plugin v26.5 - https:\/\/yoast.com\/wordpress\/plugins\/seo\/ -->\n<title>Samarco pede novamente maior prazo para pagar multa pelo crime em Mariana - PSOL 50<\/title>\n<meta name=\"robots\" content=\"index, follow, max-snippet:-1, max-image-preview:large, max-video-preview:-1\" \/>\n<link rel=\"canonical\" href=\"https:\/\/psol50.org.br\/samarco-pede-novamente-maior-prazo-para-pagar-multa-pelo-crime-em-mariana\/\" \/>\n<meta property=\"og:locale\" content=\"pt_BR\" \/>\n<meta property=\"og:type\" content=\"article\" \/>\n<meta property=\"og:title\" content=\"Samarco pede novamente maior prazo para pagar multa pelo crime em Mariana - PSOL 50\" \/>\n<meta property=\"og:description\" content=\"A mineradora Samarco e suas acionistas, a Vale S\/A e a australiana BHP Billiton, solicitaram\u00a0nesta segunda-feira (09\/01) mais uma vez a prorroga\u00e7\u00e3o do prazo para o pagamento de R$ 1,2 bilh\u00e3o em medidas reparat\u00f3rias ap\u00f3s a trag\u00e9dia de Mariana (MG). O prazo inicial estabelecido pela Justi\u00e7a foi 9 de dezembro de 2016, e, ap\u00f3s uma [&hellip;]\" \/>\n<meta property=\"og:url\" content=\"https:\/\/psol50.org.br\/samarco-pede-novamente-maior-prazo-para-pagar-multa-pelo-crime-em-mariana\/\" \/>\n<meta property=\"og:site_name\" content=\"PSOL 50\" \/>\n<meta property=\"article:publisher\" content=\"https:\/\/www.facebook.com\/psol50\" \/>\n<meta property=\"article:published_time\" content=\"2017-01-11T19:20:56+00:00\" \/>\n<meta property=\"og:image\" content=\"https:\/\/psol50.org.br\/inc\/uploads\/2018\/07\/capa.png\" \/>\n\t<meta property=\"og:image:width\" content=\"1350\" \/>\n\t<meta property=\"og:image:height\" content=\"900\" \/>\n\t<meta property=\"og:image:type\" content=\"image\/png\" \/>\n<meta name=\"author\" content=\"Comunica\u00e7\u00e3o PSOL\" \/>\n<meta name=\"twitter:card\" content=\"summary_large_image\" \/>\n<meta name=\"twitter:creator\" content=\"@psol50\" \/>\n<meta name=\"twitter:site\" content=\"@psol50\" \/>\n<meta name=\"twitter:label1\" content=\"Escrito por\" \/>\n\t<meta name=\"twitter:data1\" content=\"Comunica\u00e7\u00e3o PSOL\" \/>\n\t<meta name=\"twitter:label2\" content=\"Est. tempo de leitura\" \/>\n\t<meta name=\"twitter:data2\" content=\"1 minuto\" \/>\n<script type=\"application\/ld+json\" class=\"yoast-schema-graph\">{\"@context\":\"https:\/\/schema.org\",\"@graph\":[{\"@type\":\"Article\",\"@id\":\"https:\/\/psol50.org.br\/samarco-pede-novamente-maior-prazo-para-pagar-multa-pelo-crime-em-mariana\/#article\",\"isPartOf\":{\"@id\":\"https:\/\/psol50.org.br\/samarco-pede-novamente-maior-prazo-para-pagar-multa-pelo-crime-em-mariana\/\"},\"author\":{\"name\":\"Comunica\u00e7\u00e3o PSOL\",\"@id\":\"https:\/\/psol50.org.br\/#\/schema\/person\/475dfa57d0b815993c714c2e96491fcd\"},\"headline\":\"Samarco pede novamente maior prazo para pagar multa pelo crime em Mariana\",\"datePublished\":\"2017-01-11T19:20:56+00:00\",\"mainEntityOfPage\":{\"@id\":\"https:\/\/psol50.org.br\/samarco-pede-novamente-maior-prazo-para-pagar-multa-pelo-crime-em-mariana\/\"},\"wordCount\":273,\"commentCount\":0,\"publisher\":{\"@id\":\"https:\/\/psol50.org.br\/#organization\"},\"image\":{\"@id\":\"https:\/\/psol50.org.br\/samarco-pede-novamente-maior-prazo-para-pagar-multa-pelo-crime-em-mariana\/#primaryimage\"},\"thumbnailUrl\":\"\",\"keywords\":[\"barragem de Mariana\",\"BHP Billiton\",\"crime ambiental\",\"Mariana\",\"Samarco\",\"Vale\"],\"articleSection\":[\"A\u00e7\u00e3o Parlamentar\",\"Brasil\",\"Not\u00edcias\"],\"inLanguage\":\"pt-BR\",\"potentialAction\":[{\"@type\":\"CommentAction\",\"name\":\"Comment\",\"target\":[\"https:\/\/psol50.org.br\/samarco-pede-novamente-maior-prazo-para-pagar-multa-pelo-crime-em-mariana\/#respond\"]}]},{\"@type\":\"WebPage\",\"@id\":\"https:\/\/psol50.org.br\/samarco-pede-novamente-maior-prazo-para-pagar-multa-pelo-crime-em-mariana\/\",\"url\":\"https:\/\/psol50.org.br\/samarco-pede-novamente-maior-prazo-para-pagar-multa-pelo-crime-em-mariana\/\",\"name\":\"Samarco pede novamente maior prazo para pagar multa pelo crime em Mariana - PSOL 50\",\"isPartOf\":{\"@id\":\"https:\/\/psol50.org.br\/#website\"},\"primaryImageOfPage\":{\"@id\":\"https:\/\/psol50.org.br\/samarco-pede-novamente-maior-prazo-para-pagar-multa-pelo-crime-em-mariana\/#primaryimage\"},\"image\":{\"@id\":\"https:\/\/psol50.org.br\/samarco-pede-novamente-maior-prazo-para-pagar-multa-pelo-crime-em-mariana\/#primaryimage\"},\"thumbnailUrl\":\"\",\"datePublished\":\"2017-01-11T19:20:56+00:00\",\"breadcrumb\":{\"@id\":\"https:\/\/psol50.org.br\/samarco-pede-novamente-maior-prazo-para-pagar-multa-pelo-crime-em-mariana\/#breadcrumb\"},\"inLanguage\":\"pt-BR\",\"potentialAction\":[{\"@type\":\"ReadAction\",\"target\":[\"https:\/\/psol50.org.br\/samarco-pede-novamente-maior-prazo-para-pagar-multa-pelo-crime-em-mariana\/\"]}]},{\"@type\":\"ImageObject\",\"inLanguage\":\"pt-BR\",\"@id\":\"https:\/\/psol50.org.br\/samarco-pede-novamente-maior-prazo-para-pagar-multa-pelo-crime-em-mariana\/#primaryimage\",\"url\":\"\",\"contentUrl\":\"\"},{\"@type\":\"BreadcrumbList\",\"@id\":\"https:\/\/psol50.org.br\/samarco-pede-novamente-maior-prazo-para-pagar-multa-pelo-crime-em-mariana\/#breadcrumb\",\"itemListElement\":[{\"@type\":\"ListItem\",\"position\":1,\"name\":\"In\u00edcio\",\"item\":\"https:\/\/psol50.org.br\/\"},{\"@type\":\"ListItem\",\"position\":2,\"name\":\"Samarco pede novamente maior prazo para pagar multa pelo crime em Mariana\"}]},{\"@type\":\"WebSite\",\"@id\":\"https:\/\/psol50.org.br\/#website\",\"url\":\"https:\/\/psol50.org.br\/\",\"name\":\"PSOL 50\",\"description\":\"Site oficial do Partido Socialismo e Liberdade\",\"publisher\":{\"@id\":\"https:\/\/psol50.org.br\/#organization\"},\"alternateName\":\"PSOL50\",\"potentialAction\":[{\"@type\":\"SearchAction\",\"target\":{\"@type\":\"EntryPoint\",\"urlTemplate\":\"https:\/\/psol50.org.br\/?s={search_term_string}\"},\"query-input\":{\"@type\":\"PropertyValueSpecification\",\"valueRequired\":true,\"valueName\":\"search_term_string\"}}],\"inLanguage\":\"pt-BR\"},{\"@type\":\"Organization\",\"@id\":\"https:\/\/psol50.org.br\/#organization\",\"name\":\"PSOL 50\",\"alternateName\":\"PSOL 50\",\"url\":\"https:\/\/psol50.org.br\/\",\"logo\":{\"@type\":\"ImageObject\",\"inLanguage\":\"pt-BR\",\"@id\":\"https:\/\/psol50.org.br\/#\/schema\/logo\/image\/\",\"url\":\"https:\/\/psol50.org.br\/inc\/uploads\/2018\/07\/capa.png\",\"contentUrl\":\"https:\/\/psol50.org.br\/inc\/uploads\/2018\/07\/capa.png\",\"width\":1350,\"height\":900,\"caption\":\"PSOL 50\"},\"image\":{\"@id\":\"https:\/\/psol50.org.br\/#\/schema\/logo\/image\/\"},\"sameAs\":[\"https:\/\/www.facebook.com\/psol50\",\"https:\/\/x.com\/psol50\",\"https:\/\/www.instagram.com\/psol50\/\",\"https:\/\/www.youtube.com\/channel\/UC7SnJS5o1os7a6CaiNabzcg\"]},{\"@type\":\"Person\",\"@id\":\"https:\/\/psol50.org.br\/#\/schema\/person\/475dfa57d0b815993c714c2e96491fcd\",\"name\":\"Comunica\u00e7\u00e3o PSOL\",\"image\":{\"@type\":\"ImageObject\",\"inLanguage\":\"pt-BR\",\"@id\":\"https:\/\/psol50.org.br\/#\/schema\/person\/image\/\",\"url\":\"https:\/\/secure.gravatar.com\/avatar\/b34fc4f4e468a4e51785917065a3db57b841f5c95dba6ad8c73aaf8f66f8f9bf?s=96&d=mm&r=g\",\"contentUrl\":\"https:\/\/secure.gravatar.com\/avatar\/b34fc4f4e468a4e51785917065a3db57b841f5c95dba6ad8c73aaf8f66f8f9bf?s=96&d=mm&r=g\",\"caption\":\"Comunica\u00e7\u00e3o PSOL\"}}]}<\/script>\n<!-- \/ Yoast SEO plugin. -->","yoast_head_json":{"title":"Samarco pede novamente maior prazo para pagar multa pelo crime em Mariana - PSOL 50","robots":{"index":"index","follow":"follow","max-snippet":"max-snippet:-1","max-image-preview":"max-image-preview:large","max-video-preview":"max-video-preview:-1"},"canonical":"https:\/\/psol50.org.br\/samarco-pede-novamente-maior-prazo-para-pagar-multa-pelo-crime-em-mariana\/","og_locale":"pt_BR","og_type":"article","og_title":"Samarco pede novamente maior prazo para pagar multa pelo crime em Mariana - PSOL 50","og_description":"A mineradora Samarco e suas acionistas, a Vale S\/A e a australiana BHP Billiton, solicitaram\u00a0nesta segunda-feira (09\/01) mais uma vez a prorroga\u00e7\u00e3o do prazo para o pagamento de R$ 1,2 bilh\u00e3o em medidas reparat\u00f3rias ap\u00f3s a trag\u00e9dia de Mariana (MG). O prazo inicial estabelecido pela Justi\u00e7a foi 9 de dezembro de 2016, e, ap\u00f3s uma [&hellip;]","og_url":"https:\/\/psol50.org.br\/samarco-pede-novamente-maior-prazo-para-pagar-multa-pelo-crime-em-mariana\/","og_site_name":"PSOL 50","article_publisher":"https:\/\/www.facebook.com\/psol50","article_published_time":"2017-01-11T19:20:56+00:00","og_image":[{"width":1350,"height":900,"url":"https:\/\/psol50.org.br\/inc\/uploads\/2018\/07\/capa.png","type":"image\/png"}],"author":"Comunica\u00e7\u00e3o PSOL","twitter_card":"summary_large_image","twitter_creator":"@psol50","twitter_site":"@psol50","twitter_misc":{"Escrito por":"Comunica\u00e7\u00e3o PSOL","Est. tempo de leitura":"1 minuto"},"schema":{"@context":"https:\/\/schema.org","@graph":[{"@type":"Article","@id":"https:\/\/psol50.org.br\/samarco-pede-novamente-maior-prazo-para-pagar-multa-pelo-crime-em-mariana\/#article","isPartOf":{"@id":"https:\/\/psol50.org.br\/samarco-pede-novamente-maior-prazo-para-pagar-multa-pelo-crime-em-mariana\/"},"author":{"name":"Comunica\u00e7\u00e3o PSOL","@id":"https:\/\/psol50.org.br\/#\/schema\/person\/475dfa57d0b815993c714c2e96491fcd"},"headline":"Samarco pede novamente maior prazo para pagar multa pelo crime em Mariana","datePublished":"2017-01-11T19:20:56+00:00","mainEntityOfPage":{"@id":"https:\/\/psol50.org.br\/samarco-pede-novamente-maior-prazo-para-pagar-multa-pelo-crime-em-mariana\/"},"wordCount":273,"commentCount":0,"publisher":{"@id":"https:\/\/psol50.org.br\/#organization"},"image":{"@id":"https:\/\/psol50.org.br\/samarco-pede-novamente-maior-prazo-para-pagar-multa-pelo-crime-em-mariana\/#primaryimage"},"thumbnailUrl":"","keywords":["barragem de Mariana","BHP Billiton","crime ambiental","Mariana","Samarco","Vale"],"articleSection":["A\u00e7\u00e3o Parlamentar","Brasil","Not\u00edcias"],"inLanguage":"pt-BR","potentialAction":[{"@type":"CommentAction","name":"Comment","target":["https:\/\/psol50.org.br\/samarco-pede-novamente-maior-prazo-para-pagar-multa-pelo-crime-em-mariana\/#respond"]}]},{"@type":"WebPage","@id":"https:\/\/psol50.org.br\/samarco-pede-novamente-maior-prazo-para-pagar-multa-pelo-crime-em-mariana\/","url":"https:\/\/psol50.org.br\/samarco-pede-novamente-maior-prazo-para-pagar-multa-pelo-crime-em-mariana\/","name":"Samarco pede novamente maior prazo para pagar multa pelo crime em Mariana - PSOL 50","isPartOf":{"@id":"https:\/\/psol50.org.br\/#website"},"primaryImageOfPage":{"@id":"https:\/\/psol50.org.br\/samarco-pede-novamente-maior-prazo-para-pagar-multa-pelo-crime-em-mariana\/#primaryimage"},"image":{"@id":"https:\/\/psol50.org.br\/samarco-pede-novamente-maior-prazo-para-pagar-multa-pelo-crime-em-mariana\/#primaryimage"},"thumbnailUrl":"","datePublished":"2017-01-11T19:20:56+00:00","breadcrumb":{"@id":"https:\/\/psol50.org.br\/samarco-pede-novamente-maior-prazo-para-pagar-multa-pelo-crime-em-mariana\/#breadcrumb"},"inLanguage":"pt-BR","potentialAction":[{"@type":"ReadAction","target":["https:\/\/psol50.org.br\/samarco-pede-novamente-maior-prazo-para-pagar-multa-pelo-crime-em-mariana\/"]}]},{"@type":"ImageObject","inLanguage":"pt-BR","@id":"https:\/\/psol50.org.br\/samarco-pede-novamente-maior-prazo-para-pagar-multa-pelo-crime-em-mariana\/#primaryimage","url":"","contentUrl":""},{"@type":"BreadcrumbList","@id":"https:\/\/psol50.org.br\/samarco-pede-novamente-maior-prazo-para-pagar-multa-pelo-crime-em-mariana\/#breadcrumb","itemListElement":[{"@type":"ListItem","position":1,"name":"In\u00edcio","item":"https:\/\/psol50.org.br\/"},{"@type":"ListItem","position":2,"name":"Samarco pede novamente maior prazo para pagar multa pelo crime em Mariana"}]},{"@type":"WebSite","@id":"https:\/\/psol50.org.br\/#website","url":"https:\/\/psol50.org.br\/","name":"PSOL 50","description":"Site oficial do Partido Socialismo e Liberdade","publisher":{"@id":"https:\/\/psol50.org.br\/#organization"},"alternateName":"PSOL50","potentialAction":[{"@type":"SearchAction","target":{"@type":"EntryPoint","urlTemplate":"https:\/\/psol50.org.br\/?s={search_term_string}"},"query-input":{"@type":"PropertyValueSpecification","valueRequired":true,"valueName":"search_term_string"}}],"inLanguage":"pt-BR"},{"@type":"Organization","@id":"https:\/\/psol50.org.br\/#organization","name":"PSOL 50","alternateName":"PSOL 50","url":"https:\/\/psol50.org.br\/","logo":{"@type":"ImageObject","inLanguage":"pt-BR","@id":"https:\/\/psol50.org.br\/#\/schema\/logo\/image\/","url":"https:\/\/psol50.org.br\/inc\/uploads\/2018\/07\/capa.png","contentUrl":"https:\/\/psol50.org.br\/inc\/uploads\/2018\/07\/capa.png","width":1350,"height":900,"caption":"PSOL 50"},"image":{"@id":"https:\/\/psol50.org.br\/#\/schema\/logo\/image\/"},"sameAs":["https:\/\/www.facebook.com\/psol50","https:\/\/x.com\/psol50","https:\/\/www.instagram.com\/psol50\/","https:\/\/www.youtube.com\/channel\/UC7SnJS5o1os7a6CaiNabzcg"]},{"@type":"Person","@id":"https:\/\/psol50.org.br\/#\/schema\/person\/475dfa57d0b815993c714c2e96491fcd","name":"Comunica\u00e7\u00e3o PSOL","image":{"@type":"ImageObject","inLanguage":"pt-BR","@id":"https:\/\/psol50.org.br\/#\/schema\/person\/image\/","url":"https:\/\/secure.gravatar.com\/avatar\/b34fc4f4e468a4e51785917065a3db57b841f5c95dba6ad8c73aaf8f66f8f9bf?s=96&d=mm&r=g","contentUrl":"https:\/\/secure.gravatar.com\/avatar\/b34fc4f4e468a4e51785917065a3db57b841f5c95dba6ad8c73aaf8f66f8f9bf?s=96&d=mm&r=g","caption":"Comunica\u00e7\u00e3o PSOL"}}]}},"_links":{"self":[{"href":"https:\/\/psol50.org.br\/rest\/wp\/v2\/posts\/15087","targetHints":{"allow":["GET"]}}],"collection":[{"href":"https:\/\/psol50.org.br\/rest\/wp\/v2\/posts"}],"about":[{"href":"https:\/\/psol50.org.br\/rest\/wp\/v2\/types\/post"}],"author":[{"embeddable":true,"href":"https:\/\/psol50.org.br\/rest\/wp\/v2\/users\/2"}],"replies":[{"embeddable":true,"href":"https:\/\/psol50.org.br\/rest\/wp\/v2\/comments?post=15087"}],"version-history":[{"count":0,"href":"https:\/\/psol50.org.br\/rest\/wp\/v2\/posts\/15087\/revisions"}],"wp:featuredmedia":[{"embeddable":true,"href":"https:\/\/psol50.org.br\/rest\/"}],"wp:attachment":[{"href":"https:\/\/psol50.org.br\/rest\/wp\/v2\/media?parent=15087"}],"wp:term":[{"taxonomy":"category","embeddable":true,"href":"https:\/\/psol50.org.br\/rest\/wp\/v2\/categories?post=15087"},{"taxonomy":"post_tag","embeddable":true,"href":"https:\/\/psol50.org.br\/rest\/wp\/v2\/tags?post=15087"}],"curies":[{"name":"wp","href":"https:\/\/api.w.org\/{rel}","templated":true}]}}