{"id":1509,"date":"2011-03-29T00:00:00","date_gmt":"2011-03-29T00:00:00","guid":{"rendered":"http:\/\/psol50.org.br\/arquivo\/2011\/03\/29\/sp-nossa-luta-contra-aumento-da-tarifa-do-onibus-e-pela-moralidade-na-alesp\/"},"modified":"2011-03-29T00:00:00","modified_gmt":"2011-03-29T00:00:00","slug":"sp-nossa-luta-contra-aumento-da-tarifa-do-onibus-e-pela-moralidade-na-alesp","status":"publish","type":"post","link":"https:\/\/psol50.org.br\/sp-nossa-luta-contra-aumento-da-tarifa-do-onibus-e-pela-moralidade-na-alesp\/","title":{"rendered":"SP: Nossa luta contra aumento da tarifa do \u00f4nibus e pela moralidade na ALESP"},"content":{"rendered":"<p style=\"text-align: justify\"><strong>Protestos contra o aumento da tarifa de \u00f4nibus em SP continuam nesta semana<\/strong><\/p>\n<p>As manifesta\u00e7\u00f5es contra o abusivo aumento da tarifa de \u00f4nibus da cidade de S\u00e3o Paulo n\u00e3o param. Nesta semana que \u00e9 a 13\u00aa consecutiva de protestos, ser\u00e3o dois atos: um debate na Universidade de S\u00e3o Paulo (ter\u00e7a-feira dia 29) e o grande ato p\u00fablico na Av. Paulista, que desta vez acontecer\u00e1 na quarta-feira, dia 30.<\/p>\n<p>No dia 5 de janeiro, o prefeito Gilberto Kassab (ex-PL, ex-PFL, ex-DEM e agora PSD), aumentou o valor da passagem de \u00f4nibus de R$2,70 para R$3,00, um reajuste de 11% contra uma infla\u00e7\u00e3o de 6% desde o \u00faltimo aumento. O prefeito tem se recusado a receber os manifestantes para negociar e seus secret\u00e1rios alegam que s\u00f3 o prefeito pode negociar a redu\u00e7\u00e3o da tarifa. Por isso, em todas as \u00faltimas 12 quintas-feiras, jovens e trabalhadores sa\u00edram \u00e0s ruas para exigir que o Prefeito os receba. Muitas manifesta\u00e7\u00f5es foram marcadas pela trucul\u00eancia da Pol\u00edcia Militar, da Guarda Civil Metropolitana e pelos seguran\u00e7as do Metr\u00f4.<\/p>\n<p>Nesta ter\u00e7a-feira, \u00e0s 18h, est\u00e1 programado o Ato Debate no Anfiteatro da Hist\u00f3ria USP, na Cidade Universit\u00e1ria. Com tema: Transporte P\u00fablico em Quest\u00e3o, passe livre J\u00e1, militantes do comit\u00ea de luta contra o aumento da passagem, v\u00e3o analisar, comentar e mostrar as muitas incoer\u00eancias e mentiras presentes nas planilhas que Kassab apresentou como justificativa para do aumento. At\u00e9 o Tribunal de Justi\u00e7a de S\u00e3o Paulo j\u00e1 determinou que o prefeito tem at\u00e9 o dia 1\u00ba\/4 para apresentar as justificativas para o reajuste.<\/p>\n<p>No dia seguinte, as 17h, come\u00e7a a concentra\u00e7\u00e3o para o ato p\u00fablico na Pra\u00e7a do Ciclista (no cruzamento entre Av. Paulista e Rua da Consola\u00e7\u00e3o).<\/p>\n<p><strong>Querem dobrar o n\u00famero de assessores na Alesp. PSOL \u00e9 \u00fanico partido contr<\/strong>a<\/p>\n<p>Os l\u00edderes dos partidos da Assembl\u00e9ia Legislativa de S\u00e3o Paulo apresentaram um projeto de lei para dobrar o n\u00famero de assessores por gabinete. Somente o l\u00edder da bancada do PSOL, Carlos Giannazi, foi contra a essa proposta que vai aumentar os gastos da casa.<\/p>\n<p>Na proposta, os l\u00edderes dos outros partidos dizem que n\u00e3o haver\u00e1 impacto no or\u00e7amento da casa, j\u00e1 que cada gabinete continuaria podendo gastar com o pagamento de sal\u00e1rios R$ 94,8 mil mensalmente. Por\u00e9m caso todos os parlamentares preencham a nova cota de assessores, a Alesp ter\u00e1 de pagar R$ 11,2 milh\u00f5es a mais por ano em benef\u00edcios como aux\u00edlio-refei\u00e7\u00e3o e aux\u00edlio-alimenta\u00e7\u00e3o.<\/p>\n<p><strong>Giannazi questiona compra de terrenos pela USP<\/strong><\/p>\n<p>O deputado estadual do PSOL, Carlos Giannazi, protocolou na sexta-feira, 25, no Minist\u00e9rio P\u00fablico de S\u00e3o Paulo uma representa\u00e7\u00e3o cobrando a Universidade de S\u00e3o Paulo (USP) a respeito da compra de diversos terrenos fora dos campus da institui\u00e7\u00e3o.<\/p>\n<p>O documento pede um posicionamento sobre um im\u00f3vel na regi\u00e3o da Avenida Paulista, no valor de R$ 3,6 milh\u00f5es; outro na Consola\u00e7\u00e3o, de R$ 7,4 milh\u00f5es, e tr\u00eas unidades de estacionamento na regi\u00e3o de Santo Amaro \u2013 duas de quantia equivalente a R$ 10,7 milh\u00f5es e outra de 2,8 milh\u00f5es. A USP afirma que ainda n\u00e3o foi notificada.<\/p>\n<p>Ontem, ocorreu uma audi\u00eancia p\u00fablica na Assembleia Legislativa, com a presen\u00e7a de estudantes, professores e funcion\u00e1rios, convocada pelo deputado.<\/p>\n<p>Como representante da USP, compareceu o professor Wanderley Messias \u2013 o reitor Jo\u00e3o Grandino Rodas n\u00e3o participou. No entanto, ap\u00f3s discutir com manifestantes, Messias deixou a audi\u00eancia sem discursar sobre sua posi\u00e7\u00e3o.<\/p>\n","protected":false},"excerpt":{"rendered":"<p>Protestos contra o aumento da tarifa de \u00f4nibus em SP continuam nesta semana As manifesta\u00e7\u00f5es contra o abusivo aumento da tarifa de \u00f4nibus da cidade de S\u00e3o Paulo n\u00e3o param. Nesta semana que \u00e9 a 13\u00aa consecutiva de protestos, ser\u00e3o dois atos: um debate na Universidade de S\u00e3o Paulo (ter\u00e7a-feira dia 29) e o grande [&hellip;]<\/p>\n","protected":false},"author":2,"featured_media":0,"comment_status":"open","ping_status":"open","sticky":false,"template":"","format":"standard","meta":{"_acf_changed":false,"footnotes":""},"categories":[4766],"tags":[],"class_list":{"0":"post-1509","1":"post","2":"type-post","3":"status-publish","4":"format-standard","6":"category-arquivo"},"acf":[],"yoast_head":"<!-- This site is optimized with the Yoast SEO plugin v26.5 - https:\/\/yoast.com\/wordpress\/plugins\/seo\/ -->\n<title>SP: Nossa luta contra aumento da tarifa do \u00f4nibus e pela moralidade na ALESP - PSOL 50<\/title>\n<meta name=\"robots\" content=\"index, follow, max-snippet:-1, max-image-preview:large, max-video-preview:-1\" \/>\n<link rel=\"canonical\" href=\"https:\/\/psol50.org.br\/sp-nossa-luta-contra-aumento-da-tarifa-do-onibus-e-pela-moralidade-na-alesp\/\" \/>\n<meta property=\"og:locale\" content=\"pt_BR\" \/>\n<meta property=\"og:type\" content=\"article\" \/>\n<meta property=\"og:title\" content=\"SP: Nossa luta contra aumento da tarifa do \u00f4nibus e pela moralidade na ALESP - PSOL 50\" \/>\n<meta property=\"og:description\" content=\"Protestos contra o aumento da tarifa de \u00f4nibus em SP continuam nesta semana As manifesta\u00e7\u00f5es contra o abusivo aumento da tarifa de \u00f4nibus da cidade de S\u00e3o Paulo n\u00e3o param. Nesta semana que \u00e9 a 13\u00aa consecutiva de protestos, ser\u00e3o dois atos: um debate na Universidade de S\u00e3o Paulo (ter\u00e7a-feira dia 29) e o grande [&hellip;]\" \/>\n<meta property=\"og:url\" content=\"https:\/\/psol50.org.br\/sp-nossa-luta-contra-aumento-da-tarifa-do-onibus-e-pela-moralidade-na-alesp\/\" \/>\n<meta property=\"og:site_name\" content=\"PSOL 50\" \/>\n<meta property=\"article:publisher\" content=\"https:\/\/www.facebook.com\/psol50\" \/>\n<meta property=\"article:published_time\" content=\"2011-03-29T00:00:00+00:00\" \/>\n<meta property=\"og:image\" content=\"https:\/\/psol50.org.br\/inc\/uploads\/2018\/07\/capa.png\" \/>\n\t<meta property=\"og:image:width\" content=\"1350\" \/>\n\t<meta property=\"og:image:height\" content=\"900\" \/>\n\t<meta property=\"og:image:type\" content=\"image\/png\" \/>\n<meta name=\"author\" content=\"Comunica\u00e7\u00e3o PSOL\" \/>\n<meta name=\"twitter:card\" content=\"summary_large_image\" \/>\n<meta name=\"twitter:creator\" content=\"@psol50\" \/>\n<meta name=\"twitter:site\" content=\"@psol50\" \/>\n<meta name=\"twitter:label1\" content=\"Escrito por\" \/>\n\t<meta name=\"twitter:data1\" content=\"Comunica\u00e7\u00e3o PSOL\" \/>\n\t<meta name=\"twitter:label2\" content=\"Est. tempo de leitura\" \/>\n\t<meta name=\"twitter:data2\" content=\"3 minutos\" \/>\n<script type=\"application\/ld+json\" class=\"yoast-schema-graph\">{\"@context\":\"https:\/\/schema.org\",\"@graph\":[{\"@type\":\"Article\",\"@id\":\"https:\/\/psol50.org.br\/sp-nossa-luta-contra-aumento-da-tarifa-do-onibus-e-pela-moralidade-na-alesp\/#article\",\"isPartOf\":{\"@id\":\"https:\/\/psol50.org.br\/sp-nossa-luta-contra-aumento-da-tarifa-do-onibus-e-pela-moralidade-na-alesp\/\"},\"author\":{\"name\":\"Comunica\u00e7\u00e3o PSOL\",\"@id\":\"https:\/\/psol50.org.br\/#\/schema\/person\/475dfa57d0b815993c714c2e96491fcd\"},\"headline\":\"SP: Nossa luta contra aumento da tarifa do \u00f4nibus e pela moralidade na ALESP\",\"datePublished\":\"2011-03-29T00:00:00+00:00\",\"mainEntityOfPage\":{\"@id\":\"https:\/\/psol50.org.br\/sp-nossa-luta-contra-aumento-da-tarifa-do-onibus-e-pela-moralidade-na-alesp\/\"},\"wordCount\":616,\"commentCount\":0,\"publisher\":{\"@id\":\"https:\/\/psol50.org.br\/#organization\"},\"articleSection\":[\"Arquivo\"],\"inLanguage\":\"pt-BR\",\"potentialAction\":[{\"@type\":\"CommentAction\",\"name\":\"Comment\",\"target\":[\"https:\/\/psol50.org.br\/sp-nossa-luta-contra-aumento-da-tarifa-do-onibus-e-pela-moralidade-na-alesp\/#respond\"]}]},{\"@type\":\"WebPage\",\"@id\":\"https:\/\/psol50.org.br\/sp-nossa-luta-contra-aumento-da-tarifa-do-onibus-e-pela-moralidade-na-alesp\/\",\"url\":\"https:\/\/psol50.org.br\/sp-nossa-luta-contra-aumento-da-tarifa-do-onibus-e-pela-moralidade-na-alesp\/\",\"name\":\"SP: Nossa luta contra aumento da tarifa do \u00f4nibus e pela moralidade na ALESP - PSOL 50\",\"isPartOf\":{\"@id\":\"https:\/\/psol50.org.br\/#website\"},\"datePublished\":\"2011-03-29T00:00:00+00:00\",\"breadcrumb\":{\"@id\":\"https:\/\/psol50.org.br\/sp-nossa-luta-contra-aumento-da-tarifa-do-onibus-e-pela-moralidade-na-alesp\/#breadcrumb\"},\"inLanguage\":\"pt-BR\",\"potentialAction\":[{\"@type\":\"ReadAction\",\"target\":[\"https:\/\/psol50.org.br\/sp-nossa-luta-contra-aumento-da-tarifa-do-onibus-e-pela-moralidade-na-alesp\/\"]}]},{\"@type\":\"BreadcrumbList\",\"@id\":\"https:\/\/psol50.org.br\/sp-nossa-luta-contra-aumento-da-tarifa-do-onibus-e-pela-moralidade-na-alesp\/#breadcrumb\",\"itemListElement\":[{\"@type\":\"ListItem\",\"position\":1,\"name\":\"In\u00edcio\",\"item\":\"https:\/\/psol50.org.br\/\"},{\"@type\":\"ListItem\",\"position\":2,\"name\":\"SP: Nossa luta contra aumento da tarifa do \u00f4nibus e pela moralidade na ALESP\"}]},{\"@type\":\"WebSite\",\"@id\":\"https:\/\/psol50.org.br\/#website\",\"url\":\"https:\/\/psol50.org.br\/\",\"name\":\"PSOL 50\",\"description\":\"Site oficial do Partido Socialismo e Liberdade\",\"publisher\":{\"@id\":\"https:\/\/psol50.org.br\/#organization\"},\"alternateName\":\"PSOL50\",\"potentialAction\":[{\"@type\":\"SearchAction\",\"target\":{\"@type\":\"EntryPoint\",\"urlTemplate\":\"https:\/\/psol50.org.br\/?s={search_term_string}\"},\"query-input\":{\"@type\":\"PropertyValueSpecification\",\"valueRequired\":true,\"valueName\":\"search_term_string\"}}],\"inLanguage\":\"pt-BR\"},{\"@type\":\"Organization\",\"@id\":\"https:\/\/psol50.org.br\/#organization\",\"name\":\"PSOL 50\",\"alternateName\":\"PSOL 50\",\"url\":\"https:\/\/psol50.org.br\/\",\"logo\":{\"@type\":\"ImageObject\",\"inLanguage\":\"pt-BR\",\"@id\":\"https:\/\/psol50.org.br\/#\/schema\/logo\/image\/\",\"url\":\"https:\/\/psol50.org.br\/inc\/uploads\/2018\/07\/capa.png\",\"contentUrl\":\"https:\/\/psol50.org.br\/inc\/uploads\/2018\/07\/capa.png\",\"width\":1350,\"height\":900,\"caption\":\"PSOL 50\"},\"image\":{\"@id\":\"https:\/\/psol50.org.br\/#\/schema\/logo\/image\/\"},\"sameAs\":[\"https:\/\/www.facebook.com\/psol50\",\"https:\/\/x.com\/psol50\",\"https:\/\/www.instagram.com\/psol50\/\",\"https:\/\/www.youtube.com\/channel\/UC7SnJS5o1os7a6CaiNabzcg\"]},{\"@type\":\"Person\",\"@id\":\"https:\/\/psol50.org.br\/#\/schema\/person\/475dfa57d0b815993c714c2e96491fcd\",\"name\":\"Comunica\u00e7\u00e3o PSOL\",\"image\":{\"@type\":\"ImageObject\",\"inLanguage\":\"pt-BR\",\"@id\":\"https:\/\/psol50.org.br\/#\/schema\/person\/image\/\",\"url\":\"https:\/\/secure.gravatar.com\/avatar\/b34fc4f4e468a4e51785917065a3db57b841f5c95dba6ad8c73aaf8f66f8f9bf?s=96&d=mm&r=g\",\"contentUrl\":\"https:\/\/secure.gravatar.com\/avatar\/b34fc4f4e468a4e51785917065a3db57b841f5c95dba6ad8c73aaf8f66f8f9bf?s=96&d=mm&r=g\",\"caption\":\"Comunica\u00e7\u00e3o PSOL\"}}]}<\/script>\n<!-- \/ Yoast SEO plugin. -->","yoast_head_json":{"title":"SP: Nossa luta contra aumento da tarifa do \u00f4nibus e pela moralidade na ALESP - PSOL 50","robots":{"index":"index","follow":"follow","max-snippet":"max-snippet:-1","max-image-preview":"max-image-preview:large","max-video-preview":"max-video-preview:-1"},"canonical":"https:\/\/psol50.org.br\/sp-nossa-luta-contra-aumento-da-tarifa-do-onibus-e-pela-moralidade-na-alesp\/","og_locale":"pt_BR","og_type":"article","og_title":"SP: Nossa luta contra aumento da tarifa do \u00f4nibus e pela moralidade na ALESP - PSOL 50","og_description":"Protestos contra o aumento da tarifa de \u00f4nibus em SP continuam nesta semana As manifesta\u00e7\u00f5es contra o abusivo aumento da tarifa de \u00f4nibus da cidade de S\u00e3o Paulo n\u00e3o param. Nesta semana que \u00e9 a 13\u00aa consecutiva de protestos, ser\u00e3o dois atos: um debate na Universidade de S\u00e3o Paulo (ter\u00e7a-feira dia 29) e o grande [&hellip;]","og_url":"https:\/\/psol50.org.br\/sp-nossa-luta-contra-aumento-da-tarifa-do-onibus-e-pela-moralidade-na-alesp\/","og_site_name":"PSOL 50","article_publisher":"https:\/\/www.facebook.com\/psol50","article_published_time":"2011-03-29T00:00:00+00:00","og_image":[{"width":1350,"height":900,"url":"https:\/\/psol50.org.br\/inc\/uploads\/2018\/07\/capa.png","type":"image\/png"}],"author":"Comunica\u00e7\u00e3o PSOL","twitter_card":"summary_large_image","twitter_creator":"@psol50","twitter_site":"@psol50","twitter_misc":{"Escrito por":"Comunica\u00e7\u00e3o PSOL","Est. tempo de leitura":"3 minutos"},"schema":{"@context":"https:\/\/schema.org","@graph":[{"@type":"Article","@id":"https:\/\/psol50.org.br\/sp-nossa-luta-contra-aumento-da-tarifa-do-onibus-e-pela-moralidade-na-alesp\/#article","isPartOf":{"@id":"https:\/\/psol50.org.br\/sp-nossa-luta-contra-aumento-da-tarifa-do-onibus-e-pela-moralidade-na-alesp\/"},"author":{"name":"Comunica\u00e7\u00e3o PSOL","@id":"https:\/\/psol50.org.br\/#\/schema\/person\/475dfa57d0b815993c714c2e96491fcd"},"headline":"SP: Nossa luta contra aumento da tarifa do \u00f4nibus e pela moralidade na ALESP","datePublished":"2011-03-29T00:00:00+00:00","mainEntityOfPage":{"@id":"https:\/\/psol50.org.br\/sp-nossa-luta-contra-aumento-da-tarifa-do-onibus-e-pela-moralidade-na-alesp\/"},"wordCount":616,"commentCount":0,"publisher":{"@id":"https:\/\/psol50.org.br\/#organization"},"articleSection":["Arquivo"],"inLanguage":"pt-BR","potentialAction":[{"@type":"CommentAction","name":"Comment","target":["https:\/\/psol50.org.br\/sp-nossa-luta-contra-aumento-da-tarifa-do-onibus-e-pela-moralidade-na-alesp\/#respond"]}]},{"@type":"WebPage","@id":"https:\/\/psol50.org.br\/sp-nossa-luta-contra-aumento-da-tarifa-do-onibus-e-pela-moralidade-na-alesp\/","url":"https:\/\/psol50.org.br\/sp-nossa-luta-contra-aumento-da-tarifa-do-onibus-e-pela-moralidade-na-alesp\/","name":"SP: Nossa luta contra aumento da tarifa do \u00f4nibus e pela moralidade na ALESP - PSOL 50","isPartOf":{"@id":"https:\/\/psol50.org.br\/#website"},"datePublished":"2011-03-29T00:00:00+00:00","breadcrumb":{"@id":"https:\/\/psol50.org.br\/sp-nossa-luta-contra-aumento-da-tarifa-do-onibus-e-pela-moralidade-na-alesp\/#breadcrumb"},"inLanguage":"pt-BR","potentialAction":[{"@type":"ReadAction","target":["https:\/\/psol50.org.br\/sp-nossa-luta-contra-aumento-da-tarifa-do-onibus-e-pela-moralidade-na-alesp\/"]}]},{"@type":"BreadcrumbList","@id":"https:\/\/psol50.org.br\/sp-nossa-luta-contra-aumento-da-tarifa-do-onibus-e-pela-moralidade-na-alesp\/#breadcrumb","itemListElement":[{"@type":"ListItem","position":1,"name":"In\u00edcio","item":"https:\/\/psol50.org.br\/"},{"@type":"ListItem","position":2,"name":"SP: Nossa luta contra aumento da tarifa do \u00f4nibus e pela moralidade na ALESP"}]},{"@type":"WebSite","@id":"https:\/\/psol50.org.br\/#website","url":"https:\/\/psol50.org.br\/","name":"PSOL 50","description":"Site oficial do Partido Socialismo e Liberdade","publisher":{"@id":"https:\/\/psol50.org.br\/#organization"},"alternateName":"PSOL50","potentialAction":[{"@type":"SearchAction","target":{"@type":"EntryPoint","urlTemplate":"https:\/\/psol50.org.br\/?s={search_term_string}"},"query-input":{"@type":"PropertyValueSpecification","valueRequired":true,"valueName":"search_term_string"}}],"inLanguage":"pt-BR"},{"@type":"Organization","@id":"https:\/\/psol50.org.br\/#organization","name":"PSOL 50","alternateName":"PSOL 50","url":"https:\/\/psol50.org.br\/","logo":{"@type":"ImageObject","inLanguage":"pt-BR","@id":"https:\/\/psol50.org.br\/#\/schema\/logo\/image\/","url":"https:\/\/psol50.org.br\/inc\/uploads\/2018\/07\/capa.png","contentUrl":"https:\/\/psol50.org.br\/inc\/uploads\/2018\/07\/capa.png","width":1350,"height":900,"caption":"PSOL 50"},"image":{"@id":"https:\/\/psol50.org.br\/#\/schema\/logo\/image\/"},"sameAs":["https:\/\/www.facebook.com\/psol50","https:\/\/x.com\/psol50","https:\/\/www.instagram.com\/psol50\/","https:\/\/www.youtube.com\/channel\/UC7SnJS5o1os7a6CaiNabzcg"]},{"@type":"Person","@id":"https:\/\/psol50.org.br\/#\/schema\/person\/475dfa57d0b815993c714c2e96491fcd","name":"Comunica\u00e7\u00e3o PSOL","image":{"@type":"ImageObject","inLanguage":"pt-BR","@id":"https:\/\/psol50.org.br\/#\/schema\/person\/image\/","url":"https:\/\/secure.gravatar.com\/avatar\/b34fc4f4e468a4e51785917065a3db57b841f5c95dba6ad8c73aaf8f66f8f9bf?s=96&d=mm&r=g","contentUrl":"https:\/\/secure.gravatar.com\/avatar\/b34fc4f4e468a4e51785917065a3db57b841f5c95dba6ad8c73aaf8f66f8f9bf?s=96&d=mm&r=g","caption":"Comunica\u00e7\u00e3o PSOL"}}]}},"_links":{"self":[{"href":"https:\/\/psol50.org.br\/rest\/wp\/v2\/posts\/1509","targetHints":{"allow":["GET"]}}],"collection":[{"href":"https:\/\/psol50.org.br\/rest\/wp\/v2\/posts"}],"about":[{"href":"https:\/\/psol50.org.br\/rest\/wp\/v2\/types\/post"}],"author":[{"embeddable":true,"href":"https:\/\/psol50.org.br\/rest\/wp\/v2\/users\/2"}],"replies":[{"embeddable":true,"href":"https:\/\/psol50.org.br\/rest\/wp\/v2\/comments?post=1509"}],"version-history":[{"count":0,"href":"https:\/\/psol50.org.br\/rest\/wp\/v2\/posts\/1509\/revisions"}],"wp:attachment":[{"href":"https:\/\/psol50.org.br\/rest\/wp\/v2\/media?parent=1509"}],"wp:term":[{"taxonomy":"category","embeddable":true,"href":"https:\/\/psol50.org.br\/rest\/wp\/v2\/categories?post=1509"},{"taxonomy":"post_tag","embeddable":true,"href":"https:\/\/psol50.org.br\/rest\/wp\/v2\/tags?post=1509"}],"curies":[{"name":"wp","href":"https:\/\/api.w.org\/{rel}","templated":true}]}}