{"id":15115,"date":"2017-01-13T13:31:58","date_gmt":"2017-01-13T13:31:58","guid":{"rendered":"http:\/\/www.psol50.org.br\/?p=15115"},"modified":"2017-01-13T13:31:58","modified_gmt":"2017-01-13T13:31:58","slug":"temer-nomeia-pastor-evangelico-do-mesmo-partido-de-bolsonaro-para-presidir-a-funai","status":"publish","type":"post","link":"https:\/\/psol50.org.br\/temer-nomeia-pastor-evangelico-do-mesmo-partido-de-bolsonaro-para-presidir-a-funai\/","title":{"rendered":"Temer nomeia pastor evang\u00e9lico, do mesmo partido de Bolsonaro, para presidir a Funai"},"content":{"rendered":"<p>Os movimentos sociais, especialmente os que lutam em defesa dos direitos das comunidades ind\u00edgenas, ter\u00e3o mais desafios no pr\u00f3ximo per\u00edodo. O presidente Michel Temer nomeou nesta sexta-feira (13\/01) para presidir o principal \u00f3rg\u00e3o que cuida do tema, a Funai (Funda\u00e7\u00e3o Nacional do \u00cdndio), o pastor evang\u00e9lico Ant\u00f4nio Fernandes Toninho Costa, do PSC, mesmo partido de Marco Feliciano, Jair Bolsonaro e tantos outros parlamentares contr\u00e1rios aos direitos humanos e tamb\u00e9m \u00e0s causas das comunidades tradicionais, quilombolas e ind\u00edgenas.<\/p>\n<p>A decis\u00e3o, no entanto, n\u00e3o surpreende, dada \u00e0s nomea\u00e7\u00f5es feitas at\u00e9 agora e tamb\u00e9m \u00e0 inten\u00e7\u00e3o inicial do governo de nomear o general da reserva do Ex\u00e9rcito, Sebasti\u00e3o Roberto Paternelli J\u00fanior, tamb\u00e9m do PSC. <a href=\"http:\/\/www.psol50.org.br\/blog\/2016\/07\/06\/temer-quer-general-defensor-do-golpe-de-64-a-frente-da-funai\/\" target=\"_blank\" rel=\"noopener\"><span style=\"color: #0000ff\"><strong>A inten\u00e7\u00e3o, anunciada logo ap\u00f3s a posse de Temer no Pal\u00e1cio do Planalto, foi duramente criticada pelo PSOL e pelas organiza\u00e7\u00f5es que atuam no setor<\/strong><\/span><\/a>.<\/p>\n<p>A presid\u00eancia do \u00f3rg\u00e3o estava sendo ocupado interinamente h\u00e1 sete meses. Pastor Ant\u00f4nio, como \u00e9 conhecido na Primeira Igreja Batista no Guar\u00e1, em Luzi\u00e2nia-GO, \u00e9 formado em odontologia, com especializa\u00e7\u00e3o em sa\u00fade ind\u00edgena pela Universidade Federal de S\u00e3o Paulo (Unifesp), mas atualmente trabalha como assessor parlamentar do PSC na C\u00e2mara dos Deputados, segundo informa\u00e7\u00f5es da ag\u00eancia Amaz\u00f4nia Real.<\/p>\n<p>A nomea\u00e7\u00e3o do pastor tem a ver com o interesse do governo em acelerar a finaliza\u00e7\u00e3o\u00a0de obras do Programa de Acelera\u00e7\u00e3o do Crescimento (PAC) em \u00e1reas\u00a0ind\u00edgenas. O nome de Ant\u00f4nio Toninho Costa foi anunciado pelo Minist\u00e9rio da Justi\u00e7a menos de 24 horas ap\u00f3s Temer exigir do ministro Alexandre de Moraes que resolvesse a quest\u00e3o da Funai, durante reuni\u00e3o na quarta-feira (11\/01), em Bras\u00edlia. Na ocasi\u00e3o, Temer foi avisado que a Funai n\u00e3o tinha um presidente efetivo.<\/p>\n<p><strong>Sob o comando do PSC<\/strong><br \/>\nEmbora o general Paternelli J\u00fanior n\u00e3o tenha sido o escolhido para presidir o \u00f3rg\u00e3o, um outro militar foi nomeado para o cargo de Diretor de Promo\u00e7\u00e3o ao Desenvolvimento Sustent\u00e1vel da Funai. O general do Ex\u00e9rcito Franklimberg Rodrigues de Freitas, que \u00e9 assessor do Comando Militar da Amaz\u00f4nia, em Manaus, tamb\u00e9m era um dos indicados pelo PSC para comandar a Funai, cujo nome tamb\u00e9m foi criticado por organiza\u00e7\u00f5es ind\u00edgenas e de direitos humanos.<\/p>\n<p>O comando da pasta, no entanto, continuou nas m\u00e3os do PSC, partido presidido pelo Pastor Everaldo Nascimento, que defende as bancadas ruralista e evang\u00e9lica.<\/p>\n<p><em><a href=\"https:\/\/ninja.oximity.com\/article\/Governo-Temer-nomeia-pastor-a-presiden-1\" target=\"_blank\" rel=\"noopener\"><strong><span style=\"color: #0000ff\">Leia mais sobre o assunto<\/span><\/strong><\/a><\/em>.<\/p>\n","protected":false},"excerpt":{"rendered":"<p>Os movimentos sociais, especialmente os que lutam em defesa dos direitos das comunidades ind\u00edgenas, ter\u00e3o mais desafios no pr\u00f3ximo per\u00edodo. O presidente Michel Temer nomeou nesta sexta-feira (13\/01) para presidir o principal \u00f3rg\u00e3o que cuida do tema, a Funai (Funda\u00e7\u00e3o Nacional do \u00cdndio), o pastor evang\u00e9lico Ant\u00f4nio Fernandes Toninho Costa, do PSC, mesmo partido de [&hellip;]<\/p>\n","protected":false},"author":2,"featured_media":15116,"comment_status":"open","ping_status":"open","sticky":false,"template":"","format":"standard","meta":{"_acf_changed":false,"footnotes":""},"categories":[1882,1104,6],"tags":[2786,534,2787,533,1748,2788,2789],"class_list":{"0":"post-15115","1":"post","2":"type-post","3":"status-publish","4":"format-standard","5":"has-post-thumbnail","7":"category-brasil","8":"category-movimento","9":"category-noticias","10":"tag-antonio-fernandes-toninho-costa","11":"tag-direitos-humanos","12":"tag-direitos-indigenas","13":"tag-funai","14":"tag-michel-temer","15":"tag-pastor-evangelico","16":"tag-psc"},"acf":[],"yoast_head":"<!-- This site is optimized with the Yoast SEO plugin v26.5 - https:\/\/yoast.com\/wordpress\/plugins\/seo\/ -->\n<title>Temer nomeia pastor evang\u00e9lico, do mesmo partido de Bolsonaro, para presidir a Funai - PSOL 50<\/title>\n<meta name=\"robots\" content=\"index, follow, max-snippet:-1, max-image-preview:large, max-video-preview:-1\" \/>\n<link rel=\"canonical\" href=\"https:\/\/psol50.org.br\/temer-nomeia-pastor-evangelico-do-mesmo-partido-de-bolsonaro-para-presidir-a-funai\/\" \/>\n<meta property=\"og:locale\" content=\"pt_BR\" \/>\n<meta property=\"og:type\" content=\"article\" \/>\n<meta property=\"og:title\" content=\"Temer nomeia pastor evang\u00e9lico, do mesmo partido de Bolsonaro, para presidir a Funai - PSOL 50\" \/>\n<meta property=\"og:description\" content=\"Os movimentos sociais, especialmente os que lutam em defesa dos direitos das comunidades ind\u00edgenas, ter\u00e3o mais desafios no pr\u00f3ximo per\u00edodo. O presidente Michel Temer nomeou nesta sexta-feira (13\/01) para presidir o principal \u00f3rg\u00e3o que cuida do tema, a Funai (Funda\u00e7\u00e3o Nacional do \u00cdndio), o pastor evang\u00e9lico Ant\u00f4nio Fernandes Toninho Costa, do PSC, mesmo partido de [&hellip;]\" \/>\n<meta property=\"og:url\" content=\"https:\/\/psol50.org.br\/temer-nomeia-pastor-evangelico-do-mesmo-partido-de-bolsonaro-para-presidir-a-funai\/\" \/>\n<meta property=\"og:site_name\" content=\"PSOL 50\" \/>\n<meta property=\"article:publisher\" content=\"https:\/\/www.facebook.com\/psol50\" \/>\n<meta property=\"article:published_time\" content=\"2017-01-13T13:31:58+00:00\" \/>\n<meta property=\"og:image\" content=\"https:\/\/psol50.org.br\/inc\/uploads\/2018\/07\/capa.png\" \/>\n\t<meta property=\"og:image:width\" content=\"1350\" \/>\n\t<meta property=\"og:image:height\" content=\"900\" \/>\n\t<meta property=\"og:image:type\" content=\"image\/png\" \/>\n<meta name=\"author\" content=\"Comunica\u00e7\u00e3o PSOL\" \/>\n<meta name=\"twitter:card\" content=\"summary_large_image\" \/>\n<meta name=\"twitter:creator\" content=\"@psol50\" \/>\n<meta name=\"twitter:site\" content=\"@psol50\" \/>\n<meta name=\"twitter:label1\" content=\"Escrito por\" \/>\n\t<meta name=\"twitter:data1\" content=\"Comunica\u00e7\u00e3o PSOL\" \/>\n\t<meta name=\"twitter:label2\" content=\"Est. tempo de leitura\" \/>\n\t<meta name=\"twitter:data2\" content=\"2 minutos\" \/>\n<script type=\"application\/ld+json\" class=\"yoast-schema-graph\">{\"@context\":\"https:\/\/schema.org\",\"@graph\":[{\"@type\":\"Article\",\"@id\":\"https:\/\/psol50.org.br\/temer-nomeia-pastor-evangelico-do-mesmo-partido-de-bolsonaro-para-presidir-a-funai\/#article\",\"isPartOf\":{\"@id\":\"https:\/\/psol50.org.br\/temer-nomeia-pastor-evangelico-do-mesmo-partido-de-bolsonaro-para-presidir-a-funai\/\"},\"author\":{\"name\":\"Comunica\u00e7\u00e3o PSOL\",\"@id\":\"https:\/\/psol50.org.br\/#\/schema\/person\/475dfa57d0b815993c714c2e96491fcd\"},\"headline\":\"Temer nomeia pastor evang\u00e9lico, do mesmo partido de Bolsonaro, para presidir a Funai\",\"datePublished\":\"2017-01-13T13:31:58+00:00\",\"mainEntityOfPage\":{\"@id\":\"https:\/\/psol50.org.br\/temer-nomeia-pastor-evangelico-do-mesmo-partido-de-bolsonaro-para-presidir-a-funai\/\"},\"wordCount\":447,\"commentCount\":0,\"publisher\":{\"@id\":\"https:\/\/psol50.org.br\/#organization\"},\"image\":{\"@id\":\"https:\/\/psol50.org.br\/temer-nomeia-pastor-evangelico-do-mesmo-partido-de-bolsonaro-para-presidir-a-funai\/#primaryimage\"},\"thumbnailUrl\":\"\",\"keywords\":[\"Ant\u00f4nio Fernandes Toninho Costa\",\"direitos humanos\",\"direitos ind\u00edgenas\",\"Funai\",\"Michel Temer\",\"pastor evang\u00e9lico\",\"PSC\"],\"articleSection\":[\"Brasil\",\"Movimento\",\"Not\u00edcias\"],\"inLanguage\":\"pt-BR\",\"potentialAction\":[{\"@type\":\"CommentAction\",\"name\":\"Comment\",\"target\":[\"https:\/\/psol50.org.br\/temer-nomeia-pastor-evangelico-do-mesmo-partido-de-bolsonaro-para-presidir-a-funai\/#respond\"]}]},{\"@type\":\"WebPage\",\"@id\":\"https:\/\/psol50.org.br\/temer-nomeia-pastor-evangelico-do-mesmo-partido-de-bolsonaro-para-presidir-a-funai\/\",\"url\":\"https:\/\/psol50.org.br\/temer-nomeia-pastor-evangelico-do-mesmo-partido-de-bolsonaro-para-presidir-a-funai\/\",\"name\":\"Temer nomeia pastor evang\u00e9lico, do mesmo partido de Bolsonaro, para presidir a Funai - PSOL 50\",\"isPartOf\":{\"@id\":\"https:\/\/psol50.org.br\/#website\"},\"primaryImageOfPage\":{\"@id\":\"https:\/\/psol50.org.br\/temer-nomeia-pastor-evangelico-do-mesmo-partido-de-bolsonaro-para-presidir-a-funai\/#primaryimage\"},\"image\":{\"@id\":\"https:\/\/psol50.org.br\/temer-nomeia-pastor-evangelico-do-mesmo-partido-de-bolsonaro-para-presidir-a-funai\/#primaryimage\"},\"thumbnailUrl\":\"\",\"datePublished\":\"2017-01-13T13:31:58+00:00\",\"breadcrumb\":{\"@id\":\"https:\/\/psol50.org.br\/temer-nomeia-pastor-evangelico-do-mesmo-partido-de-bolsonaro-para-presidir-a-funai\/#breadcrumb\"},\"inLanguage\":\"pt-BR\",\"potentialAction\":[{\"@type\":\"ReadAction\",\"target\":[\"https:\/\/psol50.org.br\/temer-nomeia-pastor-evangelico-do-mesmo-partido-de-bolsonaro-para-presidir-a-funai\/\"]}]},{\"@type\":\"ImageObject\",\"inLanguage\":\"pt-BR\",\"@id\":\"https:\/\/psol50.org.br\/temer-nomeia-pastor-evangelico-do-mesmo-partido-de-bolsonaro-para-presidir-a-funai\/#primaryimage\",\"url\":\"\",\"contentUrl\":\"\"},{\"@type\":\"BreadcrumbList\",\"@id\":\"https:\/\/psol50.org.br\/temer-nomeia-pastor-evangelico-do-mesmo-partido-de-bolsonaro-para-presidir-a-funai\/#breadcrumb\",\"itemListElement\":[{\"@type\":\"ListItem\",\"position\":1,\"name\":\"In\u00edcio\",\"item\":\"https:\/\/psol50.org.br\/\"},{\"@type\":\"ListItem\",\"position\":2,\"name\":\"Temer nomeia pastor evang\u00e9lico, do mesmo partido de Bolsonaro, para presidir a Funai\"}]},{\"@type\":\"WebSite\",\"@id\":\"https:\/\/psol50.org.br\/#website\",\"url\":\"https:\/\/psol50.org.br\/\",\"name\":\"PSOL 50\",\"description\":\"Site oficial do Partido Socialismo e Liberdade\",\"publisher\":{\"@id\":\"https:\/\/psol50.org.br\/#organization\"},\"alternateName\":\"PSOL50\",\"potentialAction\":[{\"@type\":\"SearchAction\",\"target\":{\"@type\":\"EntryPoint\",\"urlTemplate\":\"https:\/\/psol50.org.br\/?s={search_term_string}\"},\"query-input\":{\"@type\":\"PropertyValueSpecification\",\"valueRequired\":true,\"valueName\":\"search_term_string\"}}],\"inLanguage\":\"pt-BR\"},{\"@type\":\"Organization\",\"@id\":\"https:\/\/psol50.org.br\/#organization\",\"name\":\"PSOL 50\",\"alternateName\":\"PSOL 50\",\"url\":\"https:\/\/psol50.org.br\/\",\"logo\":{\"@type\":\"ImageObject\",\"inLanguage\":\"pt-BR\",\"@id\":\"https:\/\/psol50.org.br\/#\/schema\/logo\/image\/\",\"url\":\"https:\/\/psol50.org.br\/inc\/uploads\/2018\/07\/capa.png\",\"contentUrl\":\"https:\/\/psol50.org.br\/inc\/uploads\/2018\/07\/capa.png\",\"width\":1350,\"height\":900,\"caption\":\"PSOL 50\"},\"image\":{\"@id\":\"https:\/\/psol50.org.br\/#\/schema\/logo\/image\/\"},\"sameAs\":[\"https:\/\/www.facebook.com\/psol50\",\"https:\/\/x.com\/psol50\",\"https:\/\/www.instagram.com\/psol50\/\",\"https:\/\/www.youtube.com\/channel\/UC7SnJS5o1os7a6CaiNabzcg\"]},{\"@type\":\"Person\",\"@id\":\"https:\/\/psol50.org.br\/#\/schema\/person\/475dfa57d0b815993c714c2e96491fcd\",\"name\":\"Comunica\u00e7\u00e3o PSOL\",\"image\":{\"@type\":\"ImageObject\",\"inLanguage\":\"pt-BR\",\"@id\":\"https:\/\/psol50.org.br\/#\/schema\/person\/image\/\",\"url\":\"https:\/\/secure.gravatar.com\/avatar\/b34fc4f4e468a4e51785917065a3db57b841f5c95dba6ad8c73aaf8f66f8f9bf?s=96&d=mm&r=g\",\"contentUrl\":\"https:\/\/secure.gravatar.com\/avatar\/b34fc4f4e468a4e51785917065a3db57b841f5c95dba6ad8c73aaf8f66f8f9bf?s=96&d=mm&r=g\",\"caption\":\"Comunica\u00e7\u00e3o PSOL\"}}]}<\/script>\n<!-- \/ Yoast SEO plugin. -->","yoast_head_json":{"title":"Temer nomeia pastor evang\u00e9lico, do mesmo partido de Bolsonaro, para presidir a Funai - PSOL 50","robots":{"index":"index","follow":"follow","max-snippet":"max-snippet:-1","max-image-preview":"max-image-preview:large","max-video-preview":"max-video-preview:-1"},"canonical":"https:\/\/psol50.org.br\/temer-nomeia-pastor-evangelico-do-mesmo-partido-de-bolsonaro-para-presidir-a-funai\/","og_locale":"pt_BR","og_type":"article","og_title":"Temer nomeia pastor evang\u00e9lico, do mesmo partido de Bolsonaro, para presidir a Funai - PSOL 50","og_description":"Os movimentos sociais, especialmente os que lutam em defesa dos direitos das comunidades ind\u00edgenas, ter\u00e3o mais desafios no pr\u00f3ximo per\u00edodo. O presidente Michel Temer nomeou nesta sexta-feira (13\/01) para presidir o principal \u00f3rg\u00e3o que cuida do tema, a Funai (Funda\u00e7\u00e3o Nacional do \u00cdndio), o pastor evang\u00e9lico Ant\u00f4nio Fernandes Toninho Costa, do PSC, mesmo partido de [&hellip;]","og_url":"https:\/\/psol50.org.br\/temer-nomeia-pastor-evangelico-do-mesmo-partido-de-bolsonaro-para-presidir-a-funai\/","og_site_name":"PSOL 50","article_publisher":"https:\/\/www.facebook.com\/psol50","article_published_time":"2017-01-13T13:31:58+00:00","og_image":[{"width":1350,"height":900,"url":"https:\/\/psol50.org.br\/inc\/uploads\/2018\/07\/capa.png","type":"image\/png"}],"author":"Comunica\u00e7\u00e3o PSOL","twitter_card":"summary_large_image","twitter_creator":"@psol50","twitter_site":"@psol50","twitter_misc":{"Escrito por":"Comunica\u00e7\u00e3o PSOL","Est. tempo de leitura":"2 minutos"},"schema":{"@context":"https:\/\/schema.org","@graph":[{"@type":"Article","@id":"https:\/\/psol50.org.br\/temer-nomeia-pastor-evangelico-do-mesmo-partido-de-bolsonaro-para-presidir-a-funai\/#article","isPartOf":{"@id":"https:\/\/psol50.org.br\/temer-nomeia-pastor-evangelico-do-mesmo-partido-de-bolsonaro-para-presidir-a-funai\/"},"author":{"name":"Comunica\u00e7\u00e3o PSOL","@id":"https:\/\/psol50.org.br\/#\/schema\/person\/475dfa57d0b815993c714c2e96491fcd"},"headline":"Temer nomeia pastor evang\u00e9lico, do mesmo partido de Bolsonaro, para presidir a Funai","datePublished":"2017-01-13T13:31:58+00:00","mainEntityOfPage":{"@id":"https:\/\/psol50.org.br\/temer-nomeia-pastor-evangelico-do-mesmo-partido-de-bolsonaro-para-presidir-a-funai\/"},"wordCount":447,"commentCount":0,"publisher":{"@id":"https:\/\/psol50.org.br\/#organization"},"image":{"@id":"https:\/\/psol50.org.br\/temer-nomeia-pastor-evangelico-do-mesmo-partido-de-bolsonaro-para-presidir-a-funai\/#primaryimage"},"thumbnailUrl":"","keywords":["Ant\u00f4nio Fernandes Toninho Costa","direitos humanos","direitos ind\u00edgenas","Funai","Michel Temer","pastor evang\u00e9lico","PSC"],"articleSection":["Brasil","Movimento","Not\u00edcias"],"inLanguage":"pt-BR","potentialAction":[{"@type":"CommentAction","name":"Comment","target":["https:\/\/psol50.org.br\/temer-nomeia-pastor-evangelico-do-mesmo-partido-de-bolsonaro-para-presidir-a-funai\/#respond"]}]},{"@type":"WebPage","@id":"https:\/\/psol50.org.br\/temer-nomeia-pastor-evangelico-do-mesmo-partido-de-bolsonaro-para-presidir-a-funai\/","url":"https:\/\/psol50.org.br\/temer-nomeia-pastor-evangelico-do-mesmo-partido-de-bolsonaro-para-presidir-a-funai\/","name":"Temer nomeia pastor evang\u00e9lico, do mesmo partido de Bolsonaro, para presidir a Funai - PSOL 50","isPartOf":{"@id":"https:\/\/psol50.org.br\/#website"},"primaryImageOfPage":{"@id":"https:\/\/psol50.org.br\/temer-nomeia-pastor-evangelico-do-mesmo-partido-de-bolsonaro-para-presidir-a-funai\/#primaryimage"},"image":{"@id":"https:\/\/psol50.org.br\/temer-nomeia-pastor-evangelico-do-mesmo-partido-de-bolsonaro-para-presidir-a-funai\/#primaryimage"},"thumbnailUrl":"","datePublished":"2017-01-13T13:31:58+00:00","breadcrumb":{"@id":"https:\/\/psol50.org.br\/temer-nomeia-pastor-evangelico-do-mesmo-partido-de-bolsonaro-para-presidir-a-funai\/#breadcrumb"},"inLanguage":"pt-BR","potentialAction":[{"@type":"ReadAction","target":["https:\/\/psol50.org.br\/temer-nomeia-pastor-evangelico-do-mesmo-partido-de-bolsonaro-para-presidir-a-funai\/"]}]},{"@type":"ImageObject","inLanguage":"pt-BR","@id":"https:\/\/psol50.org.br\/temer-nomeia-pastor-evangelico-do-mesmo-partido-de-bolsonaro-para-presidir-a-funai\/#primaryimage","url":"","contentUrl":""},{"@type":"BreadcrumbList","@id":"https:\/\/psol50.org.br\/temer-nomeia-pastor-evangelico-do-mesmo-partido-de-bolsonaro-para-presidir-a-funai\/#breadcrumb","itemListElement":[{"@type":"ListItem","position":1,"name":"In\u00edcio","item":"https:\/\/psol50.org.br\/"},{"@type":"ListItem","position":2,"name":"Temer nomeia pastor evang\u00e9lico, do mesmo partido de Bolsonaro, para presidir a Funai"}]},{"@type":"WebSite","@id":"https:\/\/psol50.org.br\/#website","url":"https:\/\/psol50.org.br\/","name":"PSOL 50","description":"Site oficial do Partido Socialismo e Liberdade","publisher":{"@id":"https:\/\/psol50.org.br\/#organization"},"alternateName":"PSOL50","potentialAction":[{"@type":"SearchAction","target":{"@type":"EntryPoint","urlTemplate":"https:\/\/psol50.org.br\/?s={search_term_string}"},"query-input":{"@type":"PropertyValueSpecification","valueRequired":true,"valueName":"search_term_string"}}],"inLanguage":"pt-BR"},{"@type":"Organization","@id":"https:\/\/psol50.org.br\/#organization","name":"PSOL 50","alternateName":"PSOL 50","url":"https:\/\/psol50.org.br\/","logo":{"@type":"ImageObject","inLanguage":"pt-BR","@id":"https:\/\/psol50.org.br\/#\/schema\/logo\/image\/","url":"https:\/\/psol50.org.br\/inc\/uploads\/2018\/07\/capa.png","contentUrl":"https:\/\/psol50.org.br\/inc\/uploads\/2018\/07\/capa.png","width":1350,"height":900,"caption":"PSOL 50"},"image":{"@id":"https:\/\/psol50.org.br\/#\/schema\/logo\/image\/"},"sameAs":["https:\/\/www.facebook.com\/psol50","https:\/\/x.com\/psol50","https:\/\/www.instagram.com\/psol50\/","https:\/\/www.youtube.com\/channel\/UC7SnJS5o1os7a6CaiNabzcg"]},{"@type":"Person","@id":"https:\/\/psol50.org.br\/#\/schema\/person\/475dfa57d0b815993c714c2e96491fcd","name":"Comunica\u00e7\u00e3o PSOL","image":{"@type":"ImageObject","inLanguage":"pt-BR","@id":"https:\/\/psol50.org.br\/#\/schema\/person\/image\/","url":"https:\/\/secure.gravatar.com\/avatar\/b34fc4f4e468a4e51785917065a3db57b841f5c95dba6ad8c73aaf8f66f8f9bf?s=96&d=mm&r=g","contentUrl":"https:\/\/secure.gravatar.com\/avatar\/b34fc4f4e468a4e51785917065a3db57b841f5c95dba6ad8c73aaf8f66f8f9bf?s=96&d=mm&r=g","caption":"Comunica\u00e7\u00e3o PSOL"}}]}},"_links":{"self":[{"href":"https:\/\/psol50.org.br\/rest\/wp\/v2\/posts\/15115","targetHints":{"allow":["GET"]}}],"collection":[{"href":"https:\/\/psol50.org.br\/rest\/wp\/v2\/posts"}],"about":[{"href":"https:\/\/psol50.org.br\/rest\/wp\/v2\/types\/post"}],"author":[{"embeddable":true,"href":"https:\/\/psol50.org.br\/rest\/wp\/v2\/users\/2"}],"replies":[{"embeddable":true,"href":"https:\/\/psol50.org.br\/rest\/wp\/v2\/comments?post=15115"}],"version-history":[{"count":0,"href":"https:\/\/psol50.org.br\/rest\/wp\/v2\/posts\/15115\/revisions"}],"wp:featuredmedia":[{"embeddable":true,"href":"https:\/\/psol50.org.br\/rest\/"}],"wp:attachment":[{"href":"https:\/\/psol50.org.br\/rest\/wp\/v2\/media?parent=15115"}],"wp:term":[{"taxonomy":"category","embeddable":true,"href":"https:\/\/psol50.org.br\/rest\/wp\/v2\/categories?post=15115"},{"taxonomy":"post_tag","embeddable":true,"href":"https:\/\/psol50.org.br\/rest\/wp\/v2\/tags?post=15115"}],"curies":[{"name":"wp","href":"https:\/\/api.w.org\/{rel}","templated":true}]}}