{"id":15127,"date":"2017-01-16T12:01:49","date_gmt":"2017-01-16T12:01:49","guid":{"rendered":"http:\/\/www.psol50.org.br\/?p=15127"},"modified":"2017-01-16T12:01:49","modified_gmt":"2017-01-16T12:01:49","slug":"jose-luis-fevereiro-como-e-porque-levy-e-meirelles-quebraram-o-brasil","status":"publish","type":"post","link":"https:\/\/psol50.org.br\/jose-luis-fevereiro-como-e-porque-levy-e-meirelles-quebraram-o-brasil\/","title":{"rendered":"Jos\u00e9 Luis Fevereiro | Como e porqu\u00ea Levy e Meirelles quebraram o Brasil"},"content":{"rendered":"<p>Quando Dilma Roussef venceu as elei\u00e7\u00f5es em 2014 o Brasil estava \u00e0s portas de uma recess\u00e3o. A pol\u00edtica de desonera\u00e7\u00f5es tribut\u00e1rias, acompanhada da redu\u00e7\u00e3o do investimento p\u00fablico na obstinada cren\u00e7a que o setor privado aumentaria seu investimento, havia fracassado em um cen\u00e1rio onde a crise internacional tinha provocado forte queda nos pre\u00e7os dos produtos prim\u00e1rios de exporta\u00e7\u00e3o. Ainda n\u00e3o nasceu o empres\u00e1rio que tendo capacidade de produzir 10 mil caixas de parafusos por dia e que vendendo apenas sete, se disponha a ampliar a sua capacidade de produ\u00e7\u00e3o apenas porque o governo baixou seus impostos. Aumentar os investimentos p\u00fablicos e rever as desonera\u00e7\u00f5es eram o caminho \u00f3bvio para suavizar a recess\u00e3o e retomar o crescimento econ\u00f4mico. Dilma optou por colocar Joaquim Levy \u00e0 frente do Minist\u00e9rio da Fazenda e fazer um dr\u00e1stico corte de gastos p\u00fablicos aprofundando a recess\u00e3o.<\/p>\n<p>O senso comum t\u00e3o na moda no debate econ\u00f4mico no Brasil diz que se uma fam\u00edlia ganha 3.000 e gasta 3.500 ela tem que cortar despesas. Isso vale para uma fam\u00edlia, uma empresa, um munic\u00edpio e um estado. Mas n\u00e3o vale para a Uni\u00e3o porque esta, ao contr\u00e1rio das fam\u00edlias, dos estados ou dos munic\u00edpios, emite a moeda na qual \u00e9 denominada a sua d\u00edvida e regula a taxa de juros pela qual esta \u00e9 remunerada. Quando falamos da economia como um todo, o gasto de um agente econ\u00f4mico \u00e9 a receita do outro. Quando todos cortam gastos ao mesmo tempo, todos t\u00eam queda na sua receita. Em geral situa\u00e7\u00f5es de d\u00e9ficit se agravam com essas medidas. Ao aprofundar a recess\u00e3o em 2015, Levy provocou queda nas receitas de todos os agentes econ\u00f4micos: fam\u00edlias, empresas, munic\u00edpios e estados, bem como da pr\u00f3pria Uni\u00e3o.<\/p>\n<p>Diz-se que quando a mar\u00e9 baixa \u00e9 que se sabe quem estava tomando banho nu. Os primeiros estados a quebrar, Rio Grande do Sul e Rio de Janeiro, tinham a sua situa\u00e7\u00e3o fiscal j\u00e1 comprometida por raz\u00f5es distintas: o Rio Grande desde a d\u00e9cada de 90 pelos efeitos da lei Kandir, que desonerou de ICMS as exporta\u00e7\u00f5es agr\u00edcolas de forte peso no estado; o Rio de Janeiro porque alavancado nas receitas de petr\u00f3leo tinha, desde os governos Garotinho e Rosinha passando por Cabral, praticado uma pol\u00edtica irrespons\u00e1vel e sem crit\u00e9rios claros de desonera\u00e7\u00f5es tribut\u00e1rias. Mas na sequ\u00eancia destes estados, outros est\u00e3o entrando em crise e grande parte dos munic\u00edpios tamb\u00e9m. \u00c9 dif\u00edcil resistir a quedas de arrecada\u00e7\u00e3o fiscal da ordem de dois d\u00edgitos.<\/p>\n<p>Com Meireles a mesma politica prossegue, levando a recess\u00e3o em dois anos para perto dos 8%. Uma queda do PIB de 8% provoca em geral uma queda da arrecada\u00e7\u00e3o tribut\u00e1ria maior que os 8% porque empresas em crise se tiverem que optar por pagar fornecedores, sal\u00e1rios e impostos v\u00e3o priorizar os dois primeiros porque s\u00e3o essenciais \u00e0 continuidade da sua opera\u00e7\u00e3o. A inadimpl\u00eancia tribut\u00e1ria cresce aprofundando a crise fiscal. A receita de Meirelles para esta crise \u00e9 a mesma; corte de gastos. As consequ\u00eancias tamb\u00e9m s\u00e3o as mesmas, queda mais acentuada ainda nas arrecada\u00e7\u00f5es tribut\u00e1rias e aprofundamento da crise.<\/p>\n<p>As estas alturas voc\u00ea est\u00e1 se perguntando se eles s\u00e3o idiotas. Alguns, os que acreditam naquilo que falam, certamente. Mas outros sabem exatamente o que est\u00e3o fazendo. Recomendo a leitura dos artigos de Delfim Neto no Valor Econ\u00f4mico e na Carta Capital desta semana. Explicitamente Delfim defende as contrarreformas de Temer dizendo que elas j\u00e1 eram necess\u00e1rias desde o governo Sarney nos anos 80. A crise lhes deu a oportunidade. O desmonte da Constitui\u00e7\u00e3o de 88, da Seguridade Social e da CLT bem como avan\u00e7ar com a privatiza\u00e7\u00e3o do estado s\u00e3o os objetivos. N\u00e3o \u00e9 por acaso que privatizar a Cedae, a Cemig e o Banrisul s\u00e3o \u201ccontrapartidas\u201d exigidas por Meirelles para o auxilio federal ao Rio , Rio Grande e Minas. A PEC 55 que limita os gastos federais por 20 anos, a reforma previdenci\u00e1ria, as mudan\u00e7as na CLT, nada disso tramitaria pacificamente sem uma crise econ\u00f4mica de enormes propor\u00e7\u00f5es que de um lado desse discurso para disputar o senso comum e de outro quebrasse a resist\u00eancia das partes envolvidas.<\/p>\n<p>A chantagem contra os estados \u00e9 explicita. Funcion\u00e1rios p\u00fablicos sem sal\u00e1rios desde novembro, levados ao desespero, acabar\u00e3o por opor menor resist\u00eancia \u00e0s contrapartidas exigidas pelo governo federal. O desmonte da Seguridade Social empurrando a classe m\u00e9dia para os planos privados e precarizando as aposentadoras e pens\u00f5es das faixas de menor renda tamb\u00e9m enfrentar\u00e3o menor resist\u00eancia no ambiente de sinistrose que a crise provoca. Essa \u00e9 a l\u00f3gica em vigor, a crise \u00e9 o meio a ser perseguido para atingir o objetivo estrat\u00e9gico que \u00e9 a reforma conservadora do estado.<\/p>\n<p>Na aus\u00eancia de terremotos, tsunamis, peste negra ou bombardeios da Otan, a crise \u00e9 o desastre \u201cnatural\u201d necess\u00e1rio para o desmonte do pouco que temos de estado de bem estar social.<\/p>\n","protected":false},"excerpt":{"rendered":"<p>Quando Dilma Roussef venceu as elei\u00e7\u00f5es em 2014 o Brasil estava \u00e0s portas de uma recess\u00e3o. A pol\u00edtica de desonera\u00e7\u00f5es tribut\u00e1rias, acompanhada da redu\u00e7\u00e3o do investimento p\u00fablico na obstinada cren\u00e7a que o setor privado aumentaria seu investimento, havia fracassado em um cen\u00e1rio onde a crise internacional tinha provocado forte queda nos pre\u00e7os dos produtos prim\u00e1rios [&hellip;]<\/p>\n","protected":false},"author":2,"featured_media":15128,"comment_status":"open","ping_status":"open","sticky":false,"template":"","format":"standard","meta":{"_acf_changed":false,"footnotes":""},"categories":[3,1882,6],"tags":[1432,86,219,2792,253,2793,2794,2182,39,350],"class_list":{"0":"post-15127","1":"post","2":"type-post","3":"status-publish","4":"format-standard","5":"has-post-thumbnail","7":"category-artigos-e-entrevistas","8":"category-brasil","9":"category-noticias","10":"tag-ajuste-fiscal","11":"tag-brasil","12":"tag-crise","13":"tag-dilma-rousseff","14":"tag-economia","15":"tag-henrique-meirelles","16":"tag-joaquim-levy","17":"tag-jose-luis-fevereiro","18":"tag-reforma-da-previdencia","19":"tag-teto-de-gastos"},"acf":[],"yoast_head":"<!-- This site is optimized with the Yoast SEO plugin v26.5 - https:\/\/yoast.com\/wordpress\/plugins\/seo\/ -->\n<title>Jos\u00e9 Luis Fevereiro | Como e porqu\u00ea Levy e Meirelles quebraram o Brasil - PSOL 50<\/title>\n<meta name=\"robots\" content=\"index, follow, max-snippet:-1, max-image-preview:large, max-video-preview:-1\" \/>\n<link rel=\"canonical\" href=\"https:\/\/psol50.org.br\/jose-luis-fevereiro-como-e-porque-levy-e-meirelles-quebraram-o-brasil\/\" \/>\n<meta property=\"og:locale\" content=\"pt_BR\" \/>\n<meta property=\"og:type\" content=\"article\" \/>\n<meta property=\"og:title\" content=\"Jos\u00e9 Luis Fevereiro | Como e porqu\u00ea Levy e Meirelles quebraram o Brasil - PSOL 50\" \/>\n<meta property=\"og:description\" content=\"Quando Dilma Roussef venceu as elei\u00e7\u00f5es em 2014 o Brasil estava \u00e0s portas de uma recess\u00e3o. A pol\u00edtica de desonera\u00e7\u00f5es tribut\u00e1rias, acompanhada da redu\u00e7\u00e3o do investimento p\u00fablico na obstinada cren\u00e7a que o setor privado aumentaria seu investimento, havia fracassado em um cen\u00e1rio onde a crise internacional tinha provocado forte queda nos pre\u00e7os dos produtos prim\u00e1rios [&hellip;]\" \/>\n<meta property=\"og:url\" content=\"https:\/\/psol50.org.br\/jose-luis-fevereiro-como-e-porque-levy-e-meirelles-quebraram-o-brasil\/\" \/>\n<meta property=\"og:site_name\" content=\"PSOL 50\" \/>\n<meta property=\"article:publisher\" content=\"https:\/\/www.facebook.com\/psol50\" \/>\n<meta property=\"article:published_time\" content=\"2017-01-16T12:01:49+00:00\" \/>\n<meta property=\"og:image\" content=\"https:\/\/psol50.org.br\/inc\/uploads\/2018\/07\/capa.png\" \/>\n\t<meta property=\"og:image:width\" content=\"1350\" \/>\n\t<meta property=\"og:image:height\" content=\"900\" \/>\n\t<meta property=\"og:image:type\" content=\"image\/png\" \/>\n<meta name=\"author\" content=\"Comunica\u00e7\u00e3o PSOL\" \/>\n<meta name=\"twitter:card\" content=\"summary_large_image\" \/>\n<meta name=\"twitter:creator\" content=\"@psol50\" \/>\n<meta name=\"twitter:site\" content=\"@psol50\" \/>\n<meta name=\"twitter:label1\" content=\"Escrito por\" \/>\n\t<meta name=\"twitter:data1\" content=\"Comunica\u00e7\u00e3o PSOL\" \/>\n\t<meta name=\"twitter:label2\" content=\"Est. tempo de leitura\" \/>\n\t<meta name=\"twitter:data2\" content=\"4 minutos\" \/>\n<script type=\"application\/ld+json\" class=\"yoast-schema-graph\">{\"@context\":\"https:\/\/schema.org\",\"@graph\":[{\"@type\":\"Article\",\"@id\":\"https:\/\/psol50.org.br\/jose-luis-fevereiro-como-e-porque-levy-e-meirelles-quebraram-o-brasil\/#article\",\"isPartOf\":{\"@id\":\"https:\/\/psol50.org.br\/jose-luis-fevereiro-como-e-porque-levy-e-meirelles-quebraram-o-brasil\/\"},\"author\":{\"name\":\"Comunica\u00e7\u00e3o PSOL\",\"@id\":\"https:\/\/psol50.org.br\/#\/schema\/person\/475dfa57d0b815993c714c2e96491fcd\"},\"headline\":\"Jos\u00e9 Luis Fevereiro | Como e porqu\u00ea Levy e Meirelles quebraram o Brasil\",\"datePublished\":\"2017-01-16T12:01:49+00:00\",\"mainEntityOfPage\":{\"@id\":\"https:\/\/psol50.org.br\/jose-luis-fevereiro-como-e-porque-levy-e-meirelles-quebraram-o-brasil\/\"},\"wordCount\":884,\"commentCount\":0,\"publisher\":{\"@id\":\"https:\/\/psol50.org.br\/#organization\"},\"image\":{\"@id\":\"https:\/\/psol50.org.br\/jose-luis-fevereiro-como-e-porque-levy-e-meirelles-quebraram-o-brasil\/#primaryimage\"},\"thumbnailUrl\":\"\",\"keywords\":[\"Ajuste Fiscal\",\"Brasil\",\"crise\",\"Dilma Rousseff\",\"economia\",\"Henrique Meirelles\",\"Joaquim Levy\",\"Jos\u00e9 Lu\u00eds Fevereiro\",\"reforma da previd\u00eancia\",\"Teto de gastos\"],\"articleSection\":[\"Artigos\",\"Brasil\",\"Not\u00edcias\"],\"inLanguage\":\"pt-BR\",\"potentialAction\":[{\"@type\":\"CommentAction\",\"name\":\"Comment\",\"target\":[\"https:\/\/psol50.org.br\/jose-luis-fevereiro-como-e-porque-levy-e-meirelles-quebraram-o-brasil\/#respond\"]}]},{\"@type\":\"WebPage\",\"@id\":\"https:\/\/psol50.org.br\/jose-luis-fevereiro-como-e-porque-levy-e-meirelles-quebraram-o-brasil\/\",\"url\":\"https:\/\/psol50.org.br\/jose-luis-fevereiro-como-e-porque-levy-e-meirelles-quebraram-o-brasil\/\",\"name\":\"Jos\u00e9 Luis Fevereiro | Como e porqu\u00ea Levy e Meirelles quebraram o Brasil - PSOL 50\",\"isPartOf\":{\"@id\":\"https:\/\/psol50.org.br\/#website\"},\"primaryImageOfPage\":{\"@id\":\"https:\/\/psol50.org.br\/jose-luis-fevereiro-como-e-porque-levy-e-meirelles-quebraram-o-brasil\/#primaryimage\"},\"image\":{\"@id\":\"https:\/\/psol50.org.br\/jose-luis-fevereiro-como-e-porque-levy-e-meirelles-quebraram-o-brasil\/#primaryimage\"},\"thumbnailUrl\":\"\",\"datePublished\":\"2017-01-16T12:01:49+00:00\",\"breadcrumb\":{\"@id\":\"https:\/\/psol50.org.br\/jose-luis-fevereiro-como-e-porque-levy-e-meirelles-quebraram-o-brasil\/#breadcrumb\"},\"inLanguage\":\"pt-BR\",\"potentialAction\":[{\"@type\":\"ReadAction\",\"target\":[\"https:\/\/psol50.org.br\/jose-luis-fevereiro-como-e-porque-levy-e-meirelles-quebraram-o-brasil\/\"]}]},{\"@type\":\"ImageObject\",\"inLanguage\":\"pt-BR\",\"@id\":\"https:\/\/psol50.org.br\/jose-luis-fevereiro-como-e-porque-levy-e-meirelles-quebraram-o-brasil\/#primaryimage\",\"url\":\"\",\"contentUrl\":\"\"},{\"@type\":\"BreadcrumbList\",\"@id\":\"https:\/\/psol50.org.br\/jose-luis-fevereiro-como-e-porque-levy-e-meirelles-quebraram-o-brasil\/#breadcrumb\",\"itemListElement\":[{\"@type\":\"ListItem\",\"position\":1,\"name\":\"In\u00edcio\",\"item\":\"https:\/\/psol50.org.br\/\"},{\"@type\":\"ListItem\",\"position\":2,\"name\":\"Jos\u00e9 Luis Fevereiro | Como e porqu\u00ea Levy e Meirelles quebraram o Brasil\"}]},{\"@type\":\"WebSite\",\"@id\":\"https:\/\/psol50.org.br\/#website\",\"url\":\"https:\/\/psol50.org.br\/\",\"name\":\"PSOL 50\",\"description\":\"Site oficial do Partido Socialismo e Liberdade\",\"publisher\":{\"@id\":\"https:\/\/psol50.org.br\/#organization\"},\"alternateName\":\"PSOL50\",\"potentialAction\":[{\"@type\":\"SearchAction\",\"target\":{\"@type\":\"EntryPoint\",\"urlTemplate\":\"https:\/\/psol50.org.br\/?s={search_term_string}\"},\"query-input\":{\"@type\":\"PropertyValueSpecification\",\"valueRequired\":true,\"valueName\":\"search_term_string\"}}],\"inLanguage\":\"pt-BR\"},{\"@type\":\"Organization\",\"@id\":\"https:\/\/psol50.org.br\/#organization\",\"name\":\"PSOL 50\",\"alternateName\":\"PSOL 50\",\"url\":\"https:\/\/psol50.org.br\/\",\"logo\":{\"@type\":\"ImageObject\",\"inLanguage\":\"pt-BR\",\"@id\":\"https:\/\/psol50.org.br\/#\/schema\/logo\/image\/\",\"url\":\"https:\/\/psol50.org.br\/inc\/uploads\/2018\/07\/capa.png\",\"contentUrl\":\"https:\/\/psol50.org.br\/inc\/uploads\/2018\/07\/capa.png\",\"width\":1350,\"height\":900,\"caption\":\"PSOL 50\"},\"image\":{\"@id\":\"https:\/\/psol50.org.br\/#\/schema\/logo\/image\/\"},\"sameAs\":[\"https:\/\/www.facebook.com\/psol50\",\"https:\/\/x.com\/psol50\",\"https:\/\/www.instagram.com\/psol50\/\",\"https:\/\/www.youtube.com\/channel\/UC7SnJS5o1os7a6CaiNabzcg\"]},{\"@type\":\"Person\",\"@id\":\"https:\/\/psol50.org.br\/#\/schema\/person\/475dfa57d0b815993c714c2e96491fcd\",\"name\":\"Comunica\u00e7\u00e3o PSOL\",\"image\":{\"@type\":\"ImageObject\",\"inLanguage\":\"pt-BR\",\"@id\":\"https:\/\/psol50.org.br\/#\/schema\/person\/image\/\",\"url\":\"https:\/\/secure.gravatar.com\/avatar\/b34fc4f4e468a4e51785917065a3db57b841f5c95dba6ad8c73aaf8f66f8f9bf?s=96&d=mm&r=g\",\"contentUrl\":\"https:\/\/secure.gravatar.com\/avatar\/b34fc4f4e468a4e51785917065a3db57b841f5c95dba6ad8c73aaf8f66f8f9bf?s=96&d=mm&r=g\",\"caption\":\"Comunica\u00e7\u00e3o PSOL\"}}]}<\/script>\n<!-- \/ Yoast SEO plugin. -->","yoast_head_json":{"title":"Jos\u00e9 Luis Fevereiro | Como e porqu\u00ea Levy e Meirelles quebraram o Brasil - PSOL 50","robots":{"index":"index","follow":"follow","max-snippet":"max-snippet:-1","max-image-preview":"max-image-preview:large","max-video-preview":"max-video-preview:-1"},"canonical":"https:\/\/psol50.org.br\/jose-luis-fevereiro-como-e-porque-levy-e-meirelles-quebraram-o-brasil\/","og_locale":"pt_BR","og_type":"article","og_title":"Jos\u00e9 Luis Fevereiro | Como e porqu\u00ea Levy e Meirelles quebraram o Brasil - PSOL 50","og_description":"Quando Dilma Roussef venceu as elei\u00e7\u00f5es em 2014 o Brasil estava \u00e0s portas de uma recess\u00e3o. A pol\u00edtica de desonera\u00e7\u00f5es tribut\u00e1rias, acompanhada da redu\u00e7\u00e3o do investimento p\u00fablico na obstinada cren\u00e7a que o setor privado aumentaria seu investimento, havia fracassado em um cen\u00e1rio onde a crise internacional tinha provocado forte queda nos pre\u00e7os dos produtos prim\u00e1rios [&hellip;]","og_url":"https:\/\/psol50.org.br\/jose-luis-fevereiro-como-e-porque-levy-e-meirelles-quebraram-o-brasil\/","og_site_name":"PSOL 50","article_publisher":"https:\/\/www.facebook.com\/psol50","article_published_time":"2017-01-16T12:01:49+00:00","og_image":[{"width":1350,"height":900,"url":"https:\/\/psol50.org.br\/inc\/uploads\/2018\/07\/capa.png","type":"image\/png"}],"author":"Comunica\u00e7\u00e3o PSOL","twitter_card":"summary_large_image","twitter_creator":"@psol50","twitter_site":"@psol50","twitter_misc":{"Escrito por":"Comunica\u00e7\u00e3o PSOL","Est. tempo de leitura":"4 minutos"},"schema":{"@context":"https:\/\/schema.org","@graph":[{"@type":"Article","@id":"https:\/\/psol50.org.br\/jose-luis-fevereiro-como-e-porque-levy-e-meirelles-quebraram-o-brasil\/#article","isPartOf":{"@id":"https:\/\/psol50.org.br\/jose-luis-fevereiro-como-e-porque-levy-e-meirelles-quebraram-o-brasil\/"},"author":{"name":"Comunica\u00e7\u00e3o PSOL","@id":"https:\/\/psol50.org.br\/#\/schema\/person\/475dfa57d0b815993c714c2e96491fcd"},"headline":"Jos\u00e9 Luis Fevereiro | Como e porqu\u00ea Levy e Meirelles quebraram o Brasil","datePublished":"2017-01-16T12:01:49+00:00","mainEntityOfPage":{"@id":"https:\/\/psol50.org.br\/jose-luis-fevereiro-como-e-porque-levy-e-meirelles-quebraram-o-brasil\/"},"wordCount":884,"commentCount":0,"publisher":{"@id":"https:\/\/psol50.org.br\/#organization"},"image":{"@id":"https:\/\/psol50.org.br\/jose-luis-fevereiro-como-e-porque-levy-e-meirelles-quebraram-o-brasil\/#primaryimage"},"thumbnailUrl":"","keywords":["Ajuste Fiscal","Brasil","crise","Dilma Rousseff","economia","Henrique Meirelles","Joaquim Levy","Jos\u00e9 Lu\u00eds Fevereiro","reforma da previd\u00eancia","Teto de gastos"],"articleSection":["Artigos","Brasil","Not\u00edcias"],"inLanguage":"pt-BR","potentialAction":[{"@type":"CommentAction","name":"Comment","target":["https:\/\/psol50.org.br\/jose-luis-fevereiro-como-e-porque-levy-e-meirelles-quebraram-o-brasil\/#respond"]}]},{"@type":"WebPage","@id":"https:\/\/psol50.org.br\/jose-luis-fevereiro-como-e-porque-levy-e-meirelles-quebraram-o-brasil\/","url":"https:\/\/psol50.org.br\/jose-luis-fevereiro-como-e-porque-levy-e-meirelles-quebraram-o-brasil\/","name":"Jos\u00e9 Luis Fevereiro | Como e porqu\u00ea Levy e Meirelles quebraram o Brasil - PSOL 50","isPartOf":{"@id":"https:\/\/psol50.org.br\/#website"},"primaryImageOfPage":{"@id":"https:\/\/psol50.org.br\/jose-luis-fevereiro-como-e-porque-levy-e-meirelles-quebraram-o-brasil\/#primaryimage"},"image":{"@id":"https:\/\/psol50.org.br\/jose-luis-fevereiro-como-e-porque-levy-e-meirelles-quebraram-o-brasil\/#primaryimage"},"thumbnailUrl":"","datePublished":"2017-01-16T12:01:49+00:00","breadcrumb":{"@id":"https:\/\/psol50.org.br\/jose-luis-fevereiro-como-e-porque-levy-e-meirelles-quebraram-o-brasil\/#breadcrumb"},"inLanguage":"pt-BR","potentialAction":[{"@type":"ReadAction","target":["https:\/\/psol50.org.br\/jose-luis-fevereiro-como-e-porque-levy-e-meirelles-quebraram-o-brasil\/"]}]},{"@type":"ImageObject","inLanguage":"pt-BR","@id":"https:\/\/psol50.org.br\/jose-luis-fevereiro-como-e-porque-levy-e-meirelles-quebraram-o-brasil\/#primaryimage","url":"","contentUrl":""},{"@type":"BreadcrumbList","@id":"https:\/\/psol50.org.br\/jose-luis-fevereiro-como-e-porque-levy-e-meirelles-quebraram-o-brasil\/#breadcrumb","itemListElement":[{"@type":"ListItem","position":1,"name":"In\u00edcio","item":"https:\/\/psol50.org.br\/"},{"@type":"ListItem","position":2,"name":"Jos\u00e9 Luis Fevereiro | Como e porqu\u00ea Levy e Meirelles quebraram o Brasil"}]},{"@type":"WebSite","@id":"https:\/\/psol50.org.br\/#website","url":"https:\/\/psol50.org.br\/","name":"PSOL 50","description":"Site oficial do Partido Socialismo e Liberdade","publisher":{"@id":"https:\/\/psol50.org.br\/#organization"},"alternateName":"PSOL50","potentialAction":[{"@type":"SearchAction","target":{"@type":"EntryPoint","urlTemplate":"https:\/\/psol50.org.br\/?s={search_term_string}"},"query-input":{"@type":"PropertyValueSpecification","valueRequired":true,"valueName":"search_term_string"}}],"inLanguage":"pt-BR"},{"@type":"Organization","@id":"https:\/\/psol50.org.br\/#organization","name":"PSOL 50","alternateName":"PSOL 50","url":"https:\/\/psol50.org.br\/","logo":{"@type":"ImageObject","inLanguage":"pt-BR","@id":"https:\/\/psol50.org.br\/#\/schema\/logo\/image\/","url":"https:\/\/psol50.org.br\/inc\/uploads\/2018\/07\/capa.png","contentUrl":"https:\/\/psol50.org.br\/inc\/uploads\/2018\/07\/capa.png","width":1350,"height":900,"caption":"PSOL 50"},"image":{"@id":"https:\/\/psol50.org.br\/#\/schema\/logo\/image\/"},"sameAs":["https:\/\/www.facebook.com\/psol50","https:\/\/x.com\/psol50","https:\/\/www.instagram.com\/psol50\/","https:\/\/www.youtube.com\/channel\/UC7SnJS5o1os7a6CaiNabzcg"]},{"@type":"Person","@id":"https:\/\/psol50.org.br\/#\/schema\/person\/475dfa57d0b815993c714c2e96491fcd","name":"Comunica\u00e7\u00e3o PSOL","image":{"@type":"ImageObject","inLanguage":"pt-BR","@id":"https:\/\/psol50.org.br\/#\/schema\/person\/image\/","url":"https:\/\/secure.gravatar.com\/avatar\/b34fc4f4e468a4e51785917065a3db57b841f5c95dba6ad8c73aaf8f66f8f9bf?s=96&d=mm&r=g","contentUrl":"https:\/\/secure.gravatar.com\/avatar\/b34fc4f4e468a4e51785917065a3db57b841f5c95dba6ad8c73aaf8f66f8f9bf?s=96&d=mm&r=g","caption":"Comunica\u00e7\u00e3o PSOL"}}]}},"_links":{"self":[{"href":"https:\/\/psol50.org.br\/rest\/wp\/v2\/posts\/15127","targetHints":{"allow":["GET"]}}],"collection":[{"href":"https:\/\/psol50.org.br\/rest\/wp\/v2\/posts"}],"about":[{"href":"https:\/\/psol50.org.br\/rest\/wp\/v2\/types\/post"}],"author":[{"embeddable":true,"href":"https:\/\/psol50.org.br\/rest\/wp\/v2\/users\/2"}],"replies":[{"embeddable":true,"href":"https:\/\/psol50.org.br\/rest\/wp\/v2\/comments?post=15127"}],"version-history":[{"count":0,"href":"https:\/\/psol50.org.br\/rest\/wp\/v2\/posts\/15127\/revisions"}],"wp:featuredmedia":[{"embeddable":true,"href":"https:\/\/psol50.org.br\/rest\/"}],"wp:attachment":[{"href":"https:\/\/psol50.org.br\/rest\/wp\/v2\/media?parent=15127"}],"wp:term":[{"taxonomy":"category","embeddable":true,"href":"https:\/\/psol50.org.br\/rest\/wp\/v2\/categories?post=15127"},{"taxonomy":"post_tag","embeddable":true,"href":"https:\/\/psol50.org.br\/rest\/wp\/v2\/tags?post=15127"}],"curies":[{"name":"wp","href":"https:\/\/api.w.org\/{rel}","templated":true}]}}