{"id":15130,"date":"2017-01-16T15:26:58","date_gmt":"2017-01-16T15:26:58","guid":{"rendered":"http:\/\/www.psol50.org.br\/?p=15130"},"modified":"2017-01-16T15:26:58","modified_gmt":"2017-01-16T15:26:58","slug":"jean-wyllys-mais-mortes-nas-prisoes-ate-quando","status":"publish","type":"post","link":"https:\/\/psol50.org.br\/jean-wyllys-mais-mortes-nas-prisoes-ate-quando\/","title":{"rendered":"Jean Wyllys | Mais mortes nas pris\u00f5es. At\u00e9 quando?"},"content":{"rendered":"<p>A confirma\u00e7\u00e3o de, ao menos, mais 30 assassinatos nos pres\u00eddios brasileiros, neste fim de semana, evidencia que, n\u00e3o apenas o governo falhou em prevenir o alastramento da viol\u00eancia, como tamb\u00e9m n\u00e3o tem propostas razo\u00e1veis para lidar com o problema. Os an\u00fancios feitos pelo ministro Alexandre de Moraes, da Justi\u00e7a, parecem propositalmente contr\u00e1rios \u00e0quilo que especialistas t\u00eam indicado que se fa\u00e7a. A guerra anunciada entre fac\u00e7\u00f5es criminosas, o que at\u00e9 agora j\u00e1 produziu mais de uma centena de mortos, chegou at\u00e9 a ser negada pelo governo federal.<\/p>\n<p>Os an\u00fancios feitos pelo ministro tratavam da proposta de construir mais pris\u00f5es. Mesmo com quase 50% de popula\u00e7\u00e3o carcer\u00e1ria em situa\u00e7\u00e3o provis\u00f3ria, ou seja, com grande chance de j\u00e1 ter a autoriza\u00e7\u00e3o para cumprir outro tipo de pena, o ministro prioriza mais pris\u00f5es, em vez de menos encarcerados. Num pa\u00eds onde a popula\u00e7\u00e3o carcer\u00e1ria (a quarta maior do mundo) aumentou 450% em 20 anos e temos cadeias superlotadas, inseguras e controladas por fac\u00e7\u00f5es e n\u00e3o pelo Estado, muitas delas privatizadas e todas com condi\u00e7\u00f5es desumanas de deten\u00e7\u00e3o, o ministro quer mais do mesmo. Mais da pol\u00edtica que aumentou a viol\u00eancia e a criminalidade em vez de reduzi-la.<\/p>\n<p>No lugar de reconsiderar a proibi\u00e7\u00e3o \u00e0s drogas, que no Brasil n\u00e3o funciona e \u00e9 crime hediondo, pass\u00edvel de at\u00e9 27 anos de cadeia e respons\u00e1vel por ao menos 1 de cada 4 detentos, o ministro prefere dizer que vai acabar com a maconha na Am\u00e9rica Latina. Das duas, uma: ou estava fazendo discurso demag\u00f3gico ou n\u00e3o tem nenhuma no\u00e7\u00e3o sobre o trabalho que deveria estar fazendo!<\/p>\n<p>\u00c9 incompreens\u00edvel a lideran\u00e7a de Moraes durante as recentes chacinas. Tanto que um grupo de juristas e ex-ministros da pasta divulgaram um manifesto pelo seu <a href=\"https:\/\/goo.gl\/bAUIsG\" target=\"_blank\" rel=\"noopener\"><span style=\"color: #3366ff\"><strong>afastamento imediato do cargo<\/strong><\/span><\/a>. Parece que \u00e9 uma quest\u00e3o fundamental.<\/p>\n<p>Na gest\u00e3o dessa crise, apontam os especialistas, o governo precisa levar mutir\u00f5es de defensores e os membros do poder judici\u00e1rio para garantir a aplica\u00e7\u00e3o correta da lei penal nos pres\u00eddios. Tamb\u00e9m \u00e9 preciso que as condi\u00e7\u00f5es nos pres\u00eddios se tornem adequadas para habita\u00e7\u00e3o de pessoas. Isso n\u00e3o significa, de modo nenhum, dias luxuosos l\u00e1 dentro.<\/p>\n<p>E o Estado precisa retomar o controle das pris\u00f5es, hoje nas m\u00e3os de fac\u00e7\u00f5es. Mas sem o necess\u00e1rio para dignidade humana e a seguran\u00e7a dos presos, a alian\u00e7a de indiv\u00edduos com essas fac\u00e7\u00f5es criminosas se transforma em necessidade de sobreviv\u00eancia no per\u00edodo de c\u00e1rcere, o que o Estado permite por sua inefic\u00e1cia e suas pol\u00edticas desastrosas, e isso leva \u00e0 trag\u00e9dia que hoje estamos presenciando.<\/p>\n","protected":false},"excerpt":{"rendered":"<p>A confirma\u00e7\u00e3o de, ao menos, mais 30 assassinatos nos pres\u00eddios brasileiros, neste fim de semana, evidencia que, n\u00e3o apenas o governo falhou em prevenir o alastramento da viol\u00eancia, como tamb\u00e9m n\u00e3o tem propostas razo\u00e1veis para lidar com o problema. Os an\u00fancios feitos pelo ministro Alexandre de Moraes, da Justi\u00e7a, parecem propositalmente contr\u00e1rios \u00e0quilo que especialistas [&hellip;]<\/p>\n","protected":false},"author":2,"featured_media":15131,"comment_status":"open","ping_status":"open","sticky":false,"template":"","format":"standard","meta":{"_acf_changed":false,"footnotes":""},"categories":[3,1882,6],"tags":[615,663,2795,168],"class_list":{"0":"post-15130","1":"post","2":"type-post","3":"status-publish","4":"format-standard","5":"has-post-thumbnail","7":"category-artigos-e-entrevistas","8":"category-brasil","9":"category-noticias","10":"tag-alexandre-de-moraes","11":"tag-jean-wyllys","12":"tag-politica-de-drogas","13":"tag-presidios"},"acf":[],"yoast_head":"<!-- This site is optimized with the Yoast SEO plugin v26.5 - https:\/\/yoast.com\/wordpress\/plugins\/seo\/ -->\n<title>Jean Wyllys | Mais mortes nas pris\u00f5es. At\u00e9 quando? - PSOL 50<\/title>\n<meta name=\"robots\" content=\"index, follow, max-snippet:-1, max-image-preview:large, max-video-preview:-1\" \/>\n<link rel=\"canonical\" href=\"https:\/\/psol50.org.br\/jean-wyllys-mais-mortes-nas-prisoes-ate-quando\/\" \/>\n<meta property=\"og:locale\" content=\"pt_BR\" \/>\n<meta property=\"og:type\" content=\"article\" \/>\n<meta property=\"og:title\" content=\"Jean Wyllys | Mais mortes nas pris\u00f5es. At\u00e9 quando? - PSOL 50\" \/>\n<meta property=\"og:description\" content=\"A confirma\u00e7\u00e3o de, ao menos, mais 30 assassinatos nos pres\u00eddios brasileiros, neste fim de semana, evidencia que, n\u00e3o apenas o governo falhou em prevenir o alastramento da viol\u00eancia, como tamb\u00e9m n\u00e3o tem propostas razo\u00e1veis para lidar com o problema. Os an\u00fancios feitos pelo ministro Alexandre de Moraes, da Justi\u00e7a, parecem propositalmente contr\u00e1rios \u00e0quilo que especialistas [&hellip;]\" \/>\n<meta property=\"og:url\" content=\"https:\/\/psol50.org.br\/jean-wyllys-mais-mortes-nas-prisoes-ate-quando\/\" \/>\n<meta property=\"og:site_name\" content=\"PSOL 50\" \/>\n<meta property=\"article:publisher\" content=\"https:\/\/www.facebook.com\/psol50\" \/>\n<meta property=\"article:published_time\" content=\"2017-01-16T15:26:58+00:00\" \/>\n<meta property=\"og:image\" content=\"https:\/\/psol50.org.br\/inc\/uploads\/2018\/07\/capa.png\" \/>\n\t<meta property=\"og:image:width\" content=\"1350\" \/>\n\t<meta property=\"og:image:height\" content=\"900\" \/>\n\t<meta property=\"og:image:type\" content=\"image\/png\" \/>\n<meta name=\"author\" content=\"Comunica\u00e7\u00e3o PSOL\" \/>\n<meta name=\"twitter:card\" content=\"summary_large_image\" \/>\n<meta name=\"twitter:creator\" content=\"@psol50\" \/>\n<meta name=\"twitter:site\" content=\"@psol50\" \/>\n<meta name=\"twitter:label1\" content=\"Escrito por\" \/>\n\t<meta name=\"twitter:data1\" content=\"Comunica\u00e7\u00e3o PSOL\" \/>\n\t<meta name=\"twitter:label2\" content=\"Est. tempo de leitura\" \/>\n\t<meta name=\"twitter:data2\" content=\"2 minutos\" \/>\n<script type=\"application\/ld+json\" class=\"yoast-schema-graph\">{\"@context\":\"https:\/\/schema.org\",\"@graph\":[{\"@type\":\"Article\",\"@id\":\"https:\/\/psol50.org.br\/jean-wyllys-mais-mortes-nas-prisoes-ate-quando\/#article\",\"isPartOf\":{\"@id\":\"https:\/\/psol50.org.br\/jean-wyllys-mais-mortes-nas-prisoes-ate-quando\/\"},\"author\":{\"name\":\"Comunica\u00e7\u00e3o PSOL\",\"@id\":\"https:\/\/psol50.org.br\/#\/schema\/person\/475dfa57d0b815993c714c2e96491fcd\"},\"headline\":\"Jean Wyllys | Mais mortes nas pris\u00f5es. At\u00e9 quando?\",\"datePublished\":\"2017-01-16T15:26:58+00:00\",\"mainEntityOfPage\":{\"@id\":\"https:\/\/psol50.org.br\/jean-wyllys-mais-mortes-nas-prisoes-ate-quando\/\"},\"wordCount\":477,\"commentCount\":0,\"publisher\":{\"@id\":\"https:\/\/psol50.org.br\/#organization\"},\"image\":{\"@id\":\"https:\/\/psol50.org.br\/jean-wyllys-mais-mortes-nas-prisoes-ate-quando\/#primaryimage\"},\"thumbnailUrl\":\"\",\"keywords\":[\"Alexandre de Moraes\",\"Jean Wyllys\",\"Pol\u00edtica de drogas\",\"Pres\u00eddios\"],\"articleSection\":[\"Artigos\",\"Brasil\",\"Not\u00edcias\"],\"inLanguage\":\"pt-BR\",\"potentialAction\":[{\"@type\":\"CommentAction\",\"name\":\"Comment\",\"target\":[\"https:\/\/psol50.org.br\/jean-wyllys-mais-mortes-nas-prisoes-ate-quando\/#respond\"]}]},{\"@type\":\"WebPage\",\"@id\":\"https:\/\/psol50.org.br\/jean-wyllys-mais-mortes-nas-prisoes-ate-quando\/\",\"url\":\"https:\/\/psol50.org.br\/jean-wyllys-mais-mortes-nas-prisoes-ate-quando\/\",\"name\":\"Jean Wyllys | Mais mortes nas pris\u00f5es. At\u00e9 quando? - PSOL 50\",\"isPartOf\":{\"@id\":\"https:\/\/psol50.org.br\/#website\"},\"primaryImageOfPage\":{\"@id\":\"https:\/\/psol50.org.br\/jean-wyllys-mais-mortes-nas-prisoes-ate-quando\/#primaryimage\"},\"image\":{\"@id\":\"https:\/\/psol50.org.br\/jean-wyllys-mais-mortes-nas-prisoes-ate-quando\/#primaryimage\"},\"thumbnailUrl\":\"\",\"datePublished\":\"2017-01-16T15:26:58+00:00\",\"breadcrumb\":{\"@id\":\"https:\/\/psol50.org.br\/jean-wyllys-mais-mortes-nas-prisoes-ate-quando\/#breadcrumb\"},\"inLanguage\":\"pt-BR\",\"potentialAction\":[{\"@type\":\"ReadAction\",\"target\":[\"https:\/\/psol50.org.br\/jean-wyllys-mais-mortes-nas-prisoes-ate-quando\/\"]}]},{\"@type\":\"ImageObject\",\"inLanguage\":\"pt-BR\",\"@id\":\"https:\/\/psol50.org.br\/jean-wyllys-mais-mortes-nas-prisoes-ate-quando\/#primaryimage\",\"url\":\"\",\"contentUrl\":\"\"},{\"@type\":\"BreadcrumbList\",\"@id\":\"https:\/\/psol50.org.br\/jean-wyllys-mais-mortes-nas-prisoes-ate-quando\/#breadcrumb\",\"itemListElement\":[{\"@type\":\"ListItem\",\"position\":1,\"name\":\"In\u00edcio\",\"item\":\"https:\/\/psol50.org.br\/\"},{\"@type\":\"ListItem\",\"position\":2,\"name\":\"Jean Wyllys | Mais mortes nas pris\u00f5es. At\u00e9 quando?\"}]},{\"@type\":\"WebSite\",\"@id\":\"https:\/\/psol50.org.br\/#website\",\"url\":\"https:\/\/psol50.org.br\/\",\"name\":\"PSOL 50\",\"description\":\"Site oficial do Partido Socialismo e Liberdade\",\"publisher\":{\"@id\":\"https:\/\/psol50.org.br\/#organization\"},\"alternateName\":\"PSOL50\",\"potentialAction\":[{\"@type\":\"SearchAction\",\"target\":{\"@type\":\"EntryPoint\",\"urlTemplate\":\"https:\/\/psol50.org.br\/?s={search_term_string}\"},\"query-input\":{\"@type\":\"PropertyValueSpecification\",\"valueRequired\":true,\"valueName\":\"search_term_string\"}}],\"inLanguage\":\"pt-BR\"},{\"@type\":\"Organization\",\"@id\":\"https:\/\/psol50.org.br\/#organization\",\"name\":\"PSOL 50\",\"alternateName\":\"PSOL 50\",\"url\":\"https:\/\/psol50.org.br\/\",\"logo\":{\"@type\":\"ImageObject\",\"inLanguage\":\"pt-BR\",\"@id\":\"https:\/\/psol50.org.br\/#\/schema\/logo\/image\/\",\"url\":\"https:\/\/psol50.org.br\/inc\/uploads\/2018\/07\/capa.png\",\"contentUrl\":\"https:\/\/psol50.org.br\/inc\/uploads\/2018\/07\/capa.png\",\"width\":1350,\"height\":900,\"caption\":\"PSOL 50\"},\"image\":{\"@id\":\"https:\/\/psol50.org.br\/#\/schema\/logo\/image\/\"},\"sameAs\":[\"https:\/\/www.facebook.com\/psol50\",\"https:\/\/x.com\/psol50\",\"https:\/\/www.instagram.com\/psol50\/\",\"https:\/\/www.youtube.com\/channel\/UC7SnJS5o1os7a6CaiNabzcg\"]},{\"@type\":\"Person\",\"@id\":\"https:\/\/psol50.org.br\/#\/schema\/person\/475dfa57d0b815993c714c2e96491fcd\",\"name\":\"Comunica\u00e7\u00e3o PSOL\",\"image\":{\"@type\":\"ImageObject\",\"inLanguage\":\"pt-BR\",\"@id\":\"https:\/\/psol50.org.br\/#\/schema\/person\/image\/\",\"url\":\"https:\/\/secure.gravatar.com\/avatar\/b34fc4f4e468a4e51785917065a3db57b841f5c95dba6ad8c73aaf8f66f8f9bf?s=96&d=mm&r=g\",\"contentUrl\":\"https:\/\/secure.gravatar.com\/avatar\/b34fc4f4e468a4e51785917065a3db57b841f5c95dba6ad8c73aaf8f66f8f9bf?s=96&d=mm&r=g\",\"caption\":\"Comunica\u00e7\u00e3o PSOL\"}}]}<\/script>\n<!-- \/ Yoast SEO plugin. -->","yoast_head_json":{"title":"Jean Wyllys | Mais mortes nas pris\u00f5es. At\u00e9 quando? - PSOL 50","robots":{"index":"index","follow":"follow","max-snippet":"max-snippet:-1","max-image-preview":"max-image-preview:large","max-video-preview":"max-video-preview:-1"},"canonical":"https:\/\/psol50.org.br\/jean-wyllys-mais-mortes-nas-prisoes-ate-quando\/","og_locale":"pt_BR","og_type":"article","og_title":"Jean Wyllys | Mais mortes nas pris\u00f5es. At\u00e9 quando? - PSOL 50","og_description":"A confirma\u00e7\u00e3o de, ao menos, mais 30 assassinatos nos pres\u00eddios brasileiros, neste fim de semana, evidencia que, n\u00e3o apenas o governo falhou em prevenir o alastramento da viol\u00eancia, como tamb\u00e9m n\u00e3o tem propostas razo\u00e1veis para lidar com o problema. Os an\u00fancios feitos pelo ministro Alexandre de Moraes, da Justi\u00e7a, parecem propositalmente contr\u00e1rios \u00e0quilo que especialistas [&hellip;]","og_url":"https:\/\/psol50.org.br\/jean-wyllys-mais-mortes-nas-prisoes-ate-quando\/","og_site_name":"PSOL 50","article_publisher":"https:\/\/www.facebook.com\/psol50","article_published_time":"2017-01-16T15:26:58+00:00","og_image":[{"width":1350,"height":900,"url":"https:\/\/psol50.org.br\/inc\/uploads\/2018\/07\/capa.png","type":"image\/png"}],"author":"Comunica\u00e7\u00e3o PSOL","twitter_card":"summary_large_image","twitter_creator":"@psol50","twitter_site":"@psol50","twitter_misc":{"Escrito por":"Comunica\u00e7\u00e3o PSOL","Est. tempo de leitura":"2 minutos"},"schema":{"@context":"https:\/\/schema.org","@graph":[{"@type":"Article","@id":"https:\/\/psol50.org.br\/jean-wyllys-mais-mortes-nas-prisoes-ate-quando\/#article","isPartOf":{"@id":"https:\/\/psol50.org.br\/jean-wyllys-mais-mortes-nas-prisoes-ate-quando\/"},"author":{"name":"Comunica\u00e7\u00e3o PSOL","@id":"https:\/\/psol50.org.br\/#\/schema\/person\/475dfa57d0b815993c714c2e96491fcd"},"headline":"Jean Wyllys | Mais mortes nas pris\u00f5es. At\u00e9 quando?","datePublished":"2017-01-16T15:26:58+00:00","mainEntityOfPage":{"@id":"https:\/\/psol50.org.br\/jean-wyllys-mais-mortes-nas-prisoes-ate-quando\/"},"wordCount":477,"commentCount":0,"publisher":{"@id":"https:\/\/psol50.org.br\/#organization"},"image":{"@id":"https:\/\/psol50.org.br\/jean-wyllys-mais-mortes-nas-prisoes-ate-quando\/#primaryimage"},"thumbnailUrl":"","keywords":["Alexandre de Moraes","Jean Wyllys","Pol\u00edtica de drogas","Pres\u00eddios"],"articleSection":["Artigos","Brasil","Not\u00edcias"],"inLanguage":"pt-BR","potentialAction":[{"@type":"CommentAction","name":"Comment","target":["https:\/\/psol50.org.br\/jean-wyllys-mais-mortes-nas-prisoes-ate-quando\/#respond"]}]},{"@type":"WebPage","@id":"https:\/\/psol50.org.br\/jean-wyllys-mais-mortes-nas-prisoes-ate-quando\/","url":"https:\/\/psol50.org.br\/jean-wyllys-mais-mortes-nas-prisoes-ate-quando\/","name":"Jean Wyllys | Mais mortes nas pris\u00f5es. At\u00e9 quando? - PSOL 50","isPartOf":{"@id":"https:\/\/psol50.org.br\/#website"},"primaryImageOfPage":{"@id":"https:\/\/psol50.org.br\/jean-wyllys-mais-mortes-nas-prisoes-ate-quando\/#primaryimage"},"image":{"@id":"https:\/\/psol50.org.br\/jean-wyllys-mais-mortes-nas-prisoes-ate-quando\/#primaryimage"},"thumbnailUrl":"","datePublished":"2017-01-16T15:26:58+00:00","breadcrumb":{"@id":"https:\/\/psol50.org.br\/jean-wyllys-mais-mortes-nas-prisoes-ate-quando\/#breadcrumb"},"inLanguage":"pt-BR","potentialAction":[{"@type":"ReadAction","target":["https:\/\/psol50.org.br\/jean-wyllys-mais-mortes-nas-prisoes-ate-quando\/"]}]},{"@type":"ImageObject","inLanguage":"pt-BR","@id":"https:\/\/psol50.org.br\/jean-wyllys-mais-mortes-nas-prisoes-ate-quando\/#primaryimage","url":"","contentUrl":""},{"@type":"BreadcrumbList","@id":"https:\/\/psol50.org.br\/jean-wyllys-mais-mortes-nas-prisoes-ate-quando\/#breadcrumb","itemListElement":[{"@type":"ListItem","position":1,"name":"In\u00edcio","item":"https:\/\/psol50.org.br\/"},{"@type":"ListItem","position":2,"name":"Jean Wyllys | Mais mortes nas pris\u00f5es. At\u00e9 quando?"}]},{"@type":"WebSite","@id":"https:\/\/psol50.org.br\/#website","url":"https:\/\/psol50.org.br\/","name":"PSOL 50","description":"Site oficial do Partido Socialismo e Liberdade","publisher":{"@id":"https:\/\/psol50.org.br\/#organization"},"alternateName":"PSOL50","potentialAction":[{"@type":"SearchAction","target":{"@type":"EntryPoint","urlTemplate":"https:\/\/psol50.org.br\/?s={search_term_string}"},"query-input":{"@type":"PropertyValueSpecification","valueRequired":true,"valueName":"search_term_string"}}],"inLanguage":"pt-BR"},{"@type":"Organization","@id":"https:\/\/psol50.org.br\/#organization","name":"PSOL 50","alternateName":"PSOL 50","url":"https:\/\/psol50.org.br\/","logo":{"@type":"ImageObject","inLanguage":"pt-BR","@id":"https:\/\/psol50.org.br\/#\/schema\/logo\/image\/","url":"https:\/\/psol50.org.br\/inc\/uploads\/2018\/07\/capa.png","contentUrl":"https:\/\/psol50.org.br\/inc\/uploads\/2018\/07\/capa.png","width":1350,"height":900,"caption":"PSOL 50"},"image":{"@id":"https:\/\/psol50.org.br\/#\/schema\/logo\/image\/"},"sameAs":["https:\/\/www.facebook.com\/psol50","https:\/\/x.com\/psol50","https:\/\/www.instagram.com\/psol50\/","https:\/\/www.youtube.com\/channel\/UC7SnJS5o1os7a6CaiNabzcg"]},{"@type":"Person","@id":"https:\/\/psol50.org.br\/#\/schema\/person\/475dfa57d0b815993c714c2e96491fcd","name":"Comunica\u00e7\u00e3o PSOL","image":{"@type":"ImageObject","inLanguage":"pt-BR","@id":"https:\/\/psol50.org.br\/#\/schema\/person\/image\/","url":"https:\/\/secure.gravatar.com\/avatar\/b34fc4f4e468a4e51785917065a3db57b841f5c95dba6ad8c73aaf8f66f8f9bf?s=96&d=mm&r=g","contentUrl":"https:\/\/secure.gravatar.com\/avatar\/b34fc4f4e468a4e51785917065a3db57b841f5c95dba6ad8c73aaf8f66f8f9bf?s=96&d=mm&r=g","caption":"Comunica\u00e7\u00e3o PSOL"}}]}},"_links":{"self":[{"href":"https:\/\/psol50.org.br\/rest\/wp\/v2\/posts\/15130","targetHints":{"allow":["GET"]}}],"collection":[{"href":"https:\/\/psol50.org.br\/rest\/wp\/v2\/posts"}],"about":[{"href":"https:\/\/psol50.org.br\/rest\/wp\/v2\/types\/post"}],"author":[{"embeddable":true,"href":"https:\/\/psol50.org.br\/rest\/wp\/v2\/users\/2"}],"replies":[{"embeddable":true,"href":"https:\/\/psol50.org.br\/rest\/wp\/v2\/comments?post=15130"}],"version-history":[{"count":0,"href":"https:\/\/psol50.org.br\/rest\/wp\/v2\/posts\/15130\/revisions"}],"wp:featuredmedia":[{"embeddable":true,"href":"https:\/\/psol50.org.br\/rest\/"}],"wp:attachment":[{"href":"https:\/\/psol50.org.br\/rest\/wp\/v2\/media?parent=15130"}],"wp:term":[{"taxonomy":"category","embeddable":true,"href":"https:\/\/psol50.org.br\/rest\/wp\/v2\/categories?post=15130"},{"taxonomy":"post_tag","embeddable":true,"href":"https:\/\/psol50.org.br\/rest\/wp\/v2\/tags?post=15130"}],"curies":[{"name":"wp","href":"https:\/\/api.w.org\/{rel}","templated":true}]}}