{"id":15139,"date":"2017-01-17T13:16:05","date_gmt":"2017-01-17T13:16:05","guid":{"rendered":"http:\/\/www.psol50.org.br\/?p=15139"},"modified":"2017-01-17T13:16:05","modified_gmt":"2017-01-17T13:16:05","slug":"com-violencia-pm-de-alckmin-retira-mais-de-700-familias-de-ocupacao-na-zona-leste-de-sao-paulo","status":"publish","type":"post","link":"https:\/\/psol50.org.br\/com-violencia-pm-de-alckmin-retira-mais-de-700-familias-de-ocupacao-na-zona-leste-de-sao-paulo\/","title":{"rendered":"Com viol\u00eancia, PM de Alckmin retira mais de 700 fam\u00edlias de ocupa\u00e7\u00e3o na zona leste de S\u00e3o Paulo"},"content":{"rendered":"<p>A manh\u00e3 desta ter\u00e7a-feira (17\/01) teve in\u00edcio com muita tristeza para as mais de 700 fam\u00edlias da Ocupa\u00e7\u00e3o Colonial, localizada no bairro de S\u00e3o Mateus, na zona leste de S\u00e3o Paulo. A tropa de choque da Pol\u00edcia Militar do governo de Geraldo Alckmin sem negociar com as lideran\u00e7as do movimento iniciou, antes das 9h, a destrui\u00e7\u00e3o das casas, algumas de alvenaria e outras madeiras. Um pedido do Minist\u00e9rio P\u00fablico de SP ao juiz que cuida do caso ponderou a inexist\u00eancia de cadastro das fam\u00edlias e pediu mais tempo para que se organizem.\u00a0No entanto, os agentes ignorou a solicita\u00e7\u00e3o, se recusando a negociar. Para dispersar as fam\u00edlias, a tropa de choque utilizou g\u00e1s de pimenta e bombas de g\u00e1s lacrimog\u00eaneo.<\/p>\n<p>O l\u00edder do Movimento dos Trabalhadores Sem Teto (MTST), Guilherme Boulos, foi preso durante a opera\u00e7\u00e3o\u00a0e levado para a 49\u00aa DP de S\u00e3o Mateus, onde prestou depoimento. Ele foi liberado pela PM paulista apenas na noite desta ter\u00e7a-feira, por volta das 19h30.<\/p>\n<p>Em nota, o MTST considerou a pris\u00e3o um verdadeiro absurdo, uma vez que o l\u00edder estava o tempo todo procurando uma media\u00e7\u00e3o para o conflito. \u201cN\u00e3o aceitaremos calados que, al\u00e9m do massacre ao povo da ocupa\u00e7\u00e3o Colonial, jogando-o nas ruas, queiram prender quem tentou o tempo todo e de forma pac\u00edfica ajud\u00e1-lo\u201d, disse a nota.<\/p>\n<p><strong><em>Leia mais: <span style=\"color: #3366ff\"><a style=\"color: #3366ff\" href=\"http:\/\/www.psol50.org.br\/blog\/2017\/01\/17\/nota-do-psol-sao-paulo-em-solidariedade-a-guilherme-boulos\/\" target=\"_blank\" rel=\"noopener\">Nota do PSOL S\u00e3o Paulo em solidariedade a Guilherme Boulos<\/a><\/span><\/em><\/strong><\/p>\n<p>Segundo o advogado do dirigente do MTST, Felipe Vono, n\u00e3o houve qualquer desobedi\u00eancia por parte de Guilherme Boulos.<\/p>\n<figure id=\"attachment_15141\" aria-describedby=\"caption-attachment-15141\" style=\"width: 530px\" class=\"wp-caption aligncenter\"><img loading=\"lazy\" decoding=\"async\" class=\"wp-image-15141\" src=\"http:\/\/www.psol50.org.br\/2017teste\/inc\/uploads\/2017\/01\/Boulos_preso_JorgeFerreira_Ninja-300x200.jpg\" width=\"530\" height=\"353\" \/><figcaption id=\"caption-attachment-15141\" class=\"wp-caption-text\"><em>Jorge Ferreira\/M\u00eddia Ninja<\/em><\/figcaption><\/figure>\n<p>&#8220;A gente n\u00e3o tem pra onde ir e eles n\u00e3o t\u00e3o ligando pra isso, minha filha t\u00e1 na casa do pai dela agora, mas a gente n\u00e3o tem pra onde ir&#8221;, contou Emily, moradora da ocupa\u00e7\u00e3o, \u00e0 M\u00eddia Ninja. Emocionada e nervosa, el\\ viu a destrui\u00e7\u00e3o do seu lar e agora est\u00e1 sem moradia e com uma filha pequena.<\/p>\n<p>A ocupa\u00e7\u00e3o, chamada comunidade Colonial, est\u00e1 localizada no bairro S\u00e3o Mateus, na zona leste da cidade, na Rua Andr\u00e9 de Almeida. As fam\u00edlias vivem no local h\u00e1 um ano e meio. Neto Brasil, integrante da coordena\u00e7\u00e3o do MTST, disse que o terreno, antes da ocupa\u00e7\u00e3o pelas fam\u00edlias, era usado para crimes e desova de corpos.<\/p>\n<p>Maria S\u00f4nia Rodrigues da Silva, de 61 anos, vivia com as duas filhas na comunidade. \u201cAqui s\u00f3 tem crian\u00e7a, cadeirantes, pessoas idosas, adolescentes. A gente n\u00e3o quer nada de gra\u00e7a n\u00e3o, a gente quer comprar [o terreno]\u201d, disse ela. A idosa e as filhas estavam no local h\u00e1 um ano e meio. \u201cEu n\u00e3o tenho onde morar, nem elas. Essa terra estava abandonada h\u00e1 40 anos\u201d, completou.<\/p>\n<figure id=\"attachment_15143\" aria-describedby=\"caption-attachment-15143\" style=\"width: 530px\" class=\"wp-caption aligncenter\"><img loading=\"lazy\" decoding=\"async\" class=\"wp-image-15143\" src=\"http:\/\/www.psol50.org.br\/2017teste\/inc\/uploads\/2017\/01\/Ocupa\u00e7\u00e3oColonial_Ferreira_Ninja-300x200.jpg\" width=\"530\" height=\"354\" \/><figcaption id=\"caption-attachment-15143\" class=\"wp-caption-text\"><em>Jorge Ferreira\/M\u00eddia Ninja<\/em><\/figcaption><\/figure>\n<p>Leia na \u00edntegra a nota do MTST:<\/p>\n<p><strong>Nota do MTST sobre o Despejo de 700 fam\u00edlias da ocupa\u00e7\u00e3o colonial e a injusta pris\u00e3o de Guilherme Boulos<\/strong><\/p>\n<p>No despertar da manh\u00e3 de hoje, centenas de policiais do batalh\u00e3o de choque da pol\u00edcia militar de S\u00e3o Paulo cercaram o terreno onde mais de 700 fam\u00edlias est\u00e3o ocupadas a mais de um ano no Jd. Colonial, zona leste de S\u00e3o Paulo.<\/p>\n<p>Cerca de 3 mil pessoas: homens, mulheres, crian\u00e7as, idosos, deficientes que foram jogados na rua por uma decis\u00e3o judicial que considerou apenas os interesses do propriet\u00e1rio de um latif\u00fandio urbano que s\u00f3 servira antes das pessoas morarem ali para especula\u00e7\u00e3o imobili\u00e1ria..<\/p>\n<p>A todo o momento, o MTST procurou alternativas para evitar o despejo, evitando assim um massacre de pessoas pobres que nada mais estavam que lutando pelo direito constitucional da moradia.<br \/>\nInfelizmente, nossos esfor\u00e7os foram em v\u00e3o e a PM de Alckmin levou a frente uma a\u00e7\u00e3o desumana contra as fam\u00edlias da ocupa\u00e7\u00e3o Colonial.<\/p>\n<p>Sem respostas favor\u00e1veis do poder p\u00fablico e do judici\u00e1rio, os moradores se viram sem alternativas e partiram para a resist\u00eancia a ordem de despejo.<\/p>\n<p>Mesmo a ocupa\u00e7\u00e3o Colonial n\u00e3o sendo uma ocupa\u00e7\u00e3o do MTST, o companheiro Guilherme Boulos, membro da coordena\u00e7\u00e3o nacional do MTST, acompanhou o processo desde o in\u00edcio a convite dos representantes da ocupa\u00e7\u00e3o Colonial, na tentativa de encontrar um desfecho favor\u00e1vel para as fam\u00edlias da ocupa\u00e7\u00e3o.<\/p>\n<p>No entanto, a PM de Alckmin, de forma autorit\u00e1ria, resolver prender o companheiro Guilherme Boulos sob a acusa\u00e7\u00e3o de desobedi\u00eancia civil e por participar e organizar manifesta\u00e7\u00f5es contra as medidas de retirada de direitos do governo ileg\u00edtimo de Michel Temer.<\/p>\n<p>A pris\u00e3o do Guilherme Boulos, assim como o despejo das fam\u00edlias da ocupa\u00e7\u00e3o Colonial s\u00e3o uma demonstra\u00e7\u00e3o do modus operandi pol\u00edtico criminalizat\u00f3rio em voga contra os movimentos sociais, contra os pobres, contra os direitos sociais e os servi\u00e7os p\u00fablicos.<\/p>\n<p>Um verdadeiro absurdo, uma vez que Guilherme Boulos esteve o tempo todo procurando uma media\u00e7\u00e3o para o conflito.<br \/>\nNeste momento, o companheiro Guilherme continua detido no 49\u00aa DP de S\u00e3o Mateus.<\/p>\n<p>N\u00e3o aceitaremos calados que al\u00e9m de massacrarem o povo da ocupa\u00e7\u00e3o Colonial, jogando-os nas ruas, ainda queiram prender aqueles que tentaram ajuda-los.<\/p>\n<p>Continuaremos acompanhando as fam\u00edlias e lutando contra esse despejo injusto.<\/p>\n<p>Movimento dos Trabalhadores Sem Teto &#8211; MTST<\/p>\n<p><em>Com informa\u00e7\u00f5es da <a href=\"https:\/\/www.facebook.com\/MidiaNINJA\/\" target=\"_blank\" rel=\"noopener\"><span style=\"color: #0000ff\">M\u00eddia Ninja<\/span><\/a> e da <a href=\"http:\/\/agenciabrasil.ebc.com.br\/geral\/noticia\/2017-01\/reintegracao-de-posse-provoca-conflito-em-sao-paulo\" target=\"_blank\" rel=\"noopener\"><span style=\"color: #0000ff\">Ag\u00eancia Brasil<\/span><\/a><\/em><\/p>\n<p>&nbsp;<\/p>\n","protected":false},"excerpt":{"rendered":"<p>A manh\u00e3 desta ter\u00e7a-feira (17\/01) teve in\u00edcio com muita tristeza para as mais de 700 fam\u00edlias da Ocupa\u00e7\u00e3o Colonial, localizada no bairro de S\u00e3o Mateus, na zona leste de S\u00e3o Paulo. A tropa de choque da Pol\u00edcia Militar do governo de Geraldo Alckmin sem negociar com as lideran\u00e7as do movimento iniciou, antes das 9h, a [&hellip;]<\/p>\n","protected":false},"author":2,"featured_media":15148,"comment_status":"open","ping_status":"open","sticky":false,"template":"","format":"standard","meta":{"_acf_changed":false,"footnotes":""},"categories":[1882,1104,6],"tags":[977,101,2796,114,1044,117,2797,233],"class_list":{"0":"post-15139","1":"post","2":"type-post","3":"status-publish","4":"format-standard","5":"has-post-thumbnail","7":"category-brasil","8":"category-movimento","9":"category-noticias","10":"tag-guilherme-boulos","11":"tag-mtst","12":"tag-ocupacao-colonial","13":"tag-pm","14":"tag-reintegracao-de-posse","15":"tag-sao-paulo","16":"tag-tropa-de-choque","17":"tag-violencia"},"acf":[],"yoast_head":"<!-- This site is optimized with the Yoast SEO plugin v26.5 - https:\/\/yoast.com\/wordpress\/plugins\/seo\/ -->\n<title>Com viol\u00eancia, PM de Alckmin retira mais de 700 fam\u00edlias de ocupa\u00e7\u00e3o na zona leste de S\u00e3o Paulo - PSOL 50<\/title>\n<meta name=\"robots\" content=\"index, follow, max-snippet:-1, max-image-preview:large, max-video-preview:-1\" \/>\n<link rel=\"canonical\" href=\"https:\/\/psol50.org.br\/com-violencia-pm-de-alckmin-retira-mais-de-700-familias-de-ocupacao-na-zona-leste-de-sao-paulo\/\" \/>\n<meta property=\"og:locale\" content=\"pt_BR\" \/>\n<meta property=\"og:type\" content=\"article\" \/>\n<meta property=\"og:title\" content=\"Com viol\u00eancia, PM de Alckmin retira mais de 700 fam\u00edlias de ocupa\u00e7\u00e3o na zona leste de S\u00e3o Paulo - PSOL 50\" \/>\n<meta property=\"og:description\" content=\"A manh\u00e3 desta ter\u00e7a-feira (17\/01) teve in\u00edcio com muita tristeza para as mais de 700 fam\u00edlias da Ocupa\u00e7\u00e3o Colonial, localizada no bairro de S\u00e3o Mateus, na zona leste de S\u00e3o Paulo. A tropa de choque da Pol\u00edcia Militar do governo de Geraldo Alckmin sem negociar com as lideran\u00e7as do movimento iniciou, antes das 9h, a [&hellip;]\" \/>\n<meta property=\"og:url\" content=\"https:\/\/psol50.org.br\/com-violencia-pm-de-alckmin-retira-mais-de-700-familias-de-ocupacao-na-zona-leste-de-sao-paulo\/\" \/>\n<meta property=\"og:site_name\" content=\"PSOL 50\" \/>\n<meta property=\"article:publisher\" content=\"https:\/\/www.facebook.com\/psol50\" \/>\n<meta property=\"article:published_time\" content=\"2017-01-17T13:16:05+00:00\" \/>\n<meta property=\"og:image\" content=\"https:\/\/psol50.org.br\/inc\/uploads\/2018\/07\/capa.png\" \/>\n\t<meta property=\"og:image:width\" content=\"1350\" \/>\n\t<meta property=\"og:image:height\" content=\"900\" \/>\n\t<meta property=\"og:image:type\" content=\"image\/png\" \/>\n<meta name=\"author\" content=\"Comunica\u00e7\u00e3o PSOL\" \/>\n<meta name=\"twitter:card\" content=\"summary_large_image\" \/>\n<meta name=\"twitter:creator\" content=\"@psol50\" \/>\n<meta name=\"twitter:site\" content=\"@psol50\" \/>\n<meta name=\"twitter:label1\" content=\"Escrito por\" \/>\n\t<meta name=\"twitter:data1\" content=\"Comunica\u00e7\u00e3o PSOL\" \/>\n\t<meta name=\"twitter:label2\" content=\"Est. tempo de leitura\" \/>\n\t<meta name=\"twitter:data2\" content=\"5 minutos\" \/>\n<script type=\"application\/ld+json\" class=\"yoast-schema-graph\">{\"@context\":\"https:\/\/schema.org\",\"@graph\":[{\"@type\":\"Article\",\"@id\":\"https:\/\/psol50.org.br\/com-violencia-pm-de-alckmin-retira-mais-de-700-familias-de-ocupacao-na-zona-leste-de-sao-paulo\/#article\",\"isPartOf\":{\"@id\":\"https:\/\/psol50.org.br\/com-violencia-pm-de-alckmin-retira-mais-de-700-familias-de-ocupacao-na-zona-leste-de-sao-paulo\/\"},\"author\":{\"name\":\"Comunica\u00e7\u00e3o PSOL\",\"@id\":\"https:\/\/psol50.org.br\/#\/schema\/person\/475dfa57d0b815993c714c2e96491fcd\"},\"headline\":\"Com viol\u00eancia, PM de Alckmin retira mais de 700 fam\u00edlias de ocupa\u00e7\u00e3o na zona leste de S\u00e3o Paulo\",\"datePublished\":\"2017-01-17T13:16:05+00:00\",\"mainEntityOfPage\":{\"@id\":\"https:\/\/psol50.org.br\/com-violencia-pm-de-alckmin-retira-mais-de-700-familias-de-ocupacao-na-zona-leste-de-sao-paulo\/\"},\"wordCount\":962,\"commentCount\":0,\"publisher\":{\"@id\":\"https:\/\/psol50.org.br\/#organization\"},\"image\":{\"@id\":\"https:\/\/psol50.org.br\/com-violencia-pm-de-alckmin-retira-mais-de-700-familias-de-ocupacao-na-zona-leste-de-sao-paulo\/#primaryimage\"},\"thumbnailUrl\":\"\",\"keywords\":[\"Guilherme Boulos\",\"MTST\",\"ocupa\u00e7\u00e3o Colonial\",\"PM\",\"reintegra\u00e7\u00e3o de posse\",\"S\u00e3o Paulo\",\"tropa de choque\",\"viol\u00eancia\"],\"articleSection\":[\"Brasil\",\"Movimento\",\"Not\u00edcias\"],\"inLanguage\":\"pt-BR\",\"potentialAction\":[{\"@type\":\"CommentAction\",\"name\":\"Comment\",\"target\":[\"https:\/\/psol50.org.br\/com-violencia-pm-de-alckmin-retira-mais-de-700-familias-de-ocupacao-na-zona-leste-de-sao-paulo\/#respond\"]}]},{\"@type\":\"WebPage\",\"@id\":\"https:\/\/psol50.org.br\/com-violencia-pm-de-alckmin-retira-mais-de-700-familias-de-ocupacao-na-zona-leste-de-sao-paulo\/\",\"url\":\"https:\/\/psol50.org.br\/com-violencia-pm-de-alckmin-retira-mais-de-700-familias-de-ocupacao-na-zona-leste-de-sao-paulo\/\",\"name\":\"Com viol\u00eancia, PM de Alckmin retira mais de 700 fam\u00edlias de ocupa\u00e7\u00e3o na zona leste de S\u00e3o Paulo - PSOL 50\",\"isPartOf\":{\"@id\":\"https:\/\/psol50.org.br\/#website\"},\"primaryImageOfPage\":{\"@id\":\"https:\/\/psol50.org.br\/com-violencia-pm-de-alckmin-retira-mais-de-700-familias-de-ocupacao-na-zona-leste-de-sao-paulo\/#primaryimage\"},\"image\":{\"@id\":\"https:\/\/psol50.org.br\/com-violencia-pm-de-alckmin-retira-mais-de-700-familias-de-ocupacao-na-zona-leste-de-sao-paulo\/#primaryimage\"},\"thumbnailUrl\":\"\",\"datePublished\":\"2017-01-17T13:16:05+00:00\",\"breadcrumb\":{\"@id\":\"https:\/\/psol50.org.br\/com-violencia-pm-de-alckmin-retira-mais-de-700-familias-de-ocupacao-na-zona-leste-de-sao-paulo\/#breadcrumb\"},\"inLanguage\":\"pt-BR\",\"potentialAction\":[{\"@type\":\"ReadAction\",\"target\":[\"https:\/\/psol50.org.br\/com-violencia-pm-de-alckmin-retira-mais-de-700-familias-de-ocupacao-na-zona-leste-de-sao-paulo\/\"]}]},{\"@type\":\"ImageObject\",\"inLanguage\":\"pt-BR\",\"@id\":\"https:\/\/psol50.org.br\/com-violencia-pm-de-alckmin-retira-mais-de-700-familias-de-ocupacao-na-zona-leste-de-sao-paulo\/#primaryimage\",\"url\":\"\",\"contentUrl\":\"\"},{\"@type\":\"BreadcrumbList\",\"@id\":\"https:\/\/psol50.org.br\/com-violencia-pm-de-alckmin-retira-mais-de-700-familias-de-ocupacao-na-zona-leste-de-sao-paulo\/#breadcrumb\",\"itemListElement\":[{\"@type\":\"ListItem\",\"position\":1,\"name\":\"In\u00edcio\",\"item\":\"https:\/\/psol50.org.br\/\"},{\"@type\":\"ListItem\",\"position\":2,\"name\":\"Com viol\u00eancia, PM de Alckmin retira mais de 700 fam\u00edlias de ocupa\u00e7\u00e3o na zona leste de S\u00e3o Paulo\"}]},{\"@type\":\"WebSite\",\"@id\":\"https:\/\/psol50.org.br\/#website\",\"url\":\"https:\/\/psol50.org.br\/\",\"name\":\"PSOL 50\",\"description\":\"Site oficial do Partido Socialismo e Liberdade\",\"publisher\":{\"@id\":\"https:\/\/psol50.org.br\/#organization\"},\"alternateName\":\"PSOL50\",\"potentialAction\":[{\"@type\":\"SearchAction\",\"target\":{\"@type\":\"EntryPoint\",\"urlTemplate\":\"https:\/\/psol50.org.br\/?s={search_term_string}\"},\"query-input\":{\"@type\":\"PropertyValueSpecification\",\"valueRequired\":true,\"valueName\":\"search_term_string\"}}],\"inLanguage\":\"pt-BR\"},{\"@type\":\"Organization\",\"@id\":\"https:\/\/psol50.org.br\/#organization\",\"name\":\"PSOL 50\",\"alternateName\":\"PSOL 50\",\"url\":\"https:\/\/psol50.org.br\/\",\"logo\":{\"@type\":\"ImageObject\",\"inLanguage\":\"pt-BR\",\"@id\":\"https:\/\/psol50.org.br\/#\/schema\/logo\/image\/\",\"url\":\"https:\/\/psol50.org.br\/inc\/uploads\/2018\/07\/capa.png\",\"contentUrl\":\"https:\/\/psol50.org.br\/inc\/uploads\/2018\/07\/capa.png\",\"width\":1350,\"height\":900,\"caption\":\"PSOL 50\"},\"image\":{\"@id\":\"https:\/\/psol50.org.br\/#\/schema\/logo\/image\/\"},\"sameAs\":[\"https:\/\/www.facebook.com\/psol50\",\"https:\/\/x.com\/psol50\",\"https:\/\/www.instagram.com\/psol50\/\",\"https:\/\/www.youtube.com\/channel\/UC7SnJS5o1os7a6CaiNabzcg\"]},{\"@type\":\"Person\",\"@id\":\"https:\/\/psol50.org.br\/#\/schema\/person\/475dfa57d0b815993c714c2e96491fcd\",\"name\":\"Comunica\u00e7\u00e3o PSOL\",\"image\":{\"@type\":\"ImageObject\",\"inLanguage\":\"pt-BR\",\"@id\":\"https:\/\/psol50.org.br\/#\/schema\/person\/image\/\",\"url\":\"https:\/\/secure.gravatar.com\/avatar\/b34fc4f4e468a4e51785917065a3db57b841f5c95dba6ad8c73aaf8f66f8f9bf?s=96&d=mm&r=g\",\"contentUrl\":\"https:\/\/secure.gravatar.com\/avatar\/b34fc4f4e468a4e51785917065a3db57b841f5c95dba6ad8c73aaf8f66f8f9bf?s=96&d=mm&r=g\",\"caption\":\"Comunica\u00e7\u00e3o PSOL\"}}]}<\/script>\n<!-- \/ Yoast SEO plugin. -->","yoast_head_json":{"title":"Com viol\u00eancia, PM de Alckmin retira mais de 700 fam\u00edlias de ocupa\u00e7\u00e3o na zona leste de S\u00e3o Paulo - PSOL 50","robots":{"index":"index","follow":"follow","max-snippet":"max-snippet:-1","max-image-preview":"max-image-preview:large","max-video-preview":"max-video-preview:-1"},"canonical":"https:\/\/psol50.org.br\/com-violencia-pm-de-alckmin-retira-mais-de-700-familias-de-ocupacao-na-zona-leste-de-sao-paulo\/","og_locale":"pt_BR","og_type":"article","og_title":"Com viol\u00eancia, PM de Alckmin retira mais de 700 fam\u00edlias de ocupa\u00e7\u00e3o na zona leste de S\u00e3o Paulo - PSOL 50","og_description":"A manh\u00e3 desta ter\u00e7a-feira (17\/01) teve in\u00edcio com muita tristeza para as mais de 700 fam\u00edlias da Ocupa\u00e7\u00e3o Colonial, localizada no bairro de S\u00e3o Mateus, na zona leste de S\u00e3o Paulo. A tropa de choque da Pol\u00edcia Militar do governo de Geraldo Alckmin sem negociar com as lideran\u00e7as do movimento iniciou, antes das 9h, a [&hellip;]","og_url":"https:\/\/psol50.org.br\/com-violencia-pm-de-alckmin-retira-mais-de-700-familias-de-ocupacao-na-zona-leste-de-sao-paulo\/","og_site_name":"PSOL 50","article_publisher":"https:\/\/www.facebook.com\/psol50","article_published_time":"2017-01-17T13:16:05+00:00","og_image":[{"width":1350,"height":900,"url":"https:\/\/psol50.org.br\/inc\/uploads\/2018\/07\/capa.png","type":"image\/png"}],"author":"Comunica\u00e7\u00e3o PSOL","twitter_card":"summary_large_image","twitter_creator":"@psol50","twitter_site":"@psol50","twitter_misc":{"Escrito por":"Comunica\u00e7\u00e3o PSOL","Est. tempo de leitura":"5 minutos"},"schema":{"@context":"https:\/\/schema.org","@graph":[{"@type":"Article","@id":"https:\/\/psol50.org.br\/com-violencia-pm-de-alckmin-retira-mais-de-700-familias-de-ocupacao-na-zona-leste-de-sao-paulo\/#article","isPartOf":{"@id":"https:\/\/psol50.org.br\/com-violencia-pm-de-alckmin-retira-mais-de-700-familias-de-ocupacao-na-zona-leste-de-sao-paulo\/"},"author":{"name":"Comunica\u00e7\u00e3o PSOL","@id":"https:\/\/psol50.org.br\/#\/schema\/person\/475dfa57d0b815993c714c2e96491fcd"},"headline":"Com viol\u00eancia, PM de Alckmin retira mais de 700 fam\u00edlias de ocupa\u00e7\u00e3o na zona leste de S\u00e3o Paulo","datePublished":"2017-01-17T13:16:05+00:00","mainEntityOfPage":{"@id":"https:\/\/psol50.org.br\/com-violencia-pm-de-alckmin-retira-mais-de-700-familias-de-ocupacao-na-zona-leste-de-sao-paulo\/"},"wordCount":962,"commentCount":0,"publisher":{"@id":"https:\/\/psol50.org.br\/#organization"},"image":{"@id":"https:\/\/psol50.org.br\/com-violencia-pm-de-alckmin-retira-mais-de-700-familias-de-ocupacao-na-zona-leste-de-sao-paulo\/#primaryimage"},"thumbnailUrl":"","keywords":["Guilherme Boulos","MTST","ocupa\u00e7\u00e3o Colonial","PM","reintegra\u00e7\u00e3o de posse","S\u00e3o Paulo","tropa de choque","viol\u00eancia"],"articleSection":["Brasil","Movimento","Not\u00edcias"],"inLanguage":"pt-BR","potentialAction":[{"@type":"CommentAction","name":"Comment","target":["https:\/\/psol50.org.br\/com-violencia-pm-de-alckmin-retira-mais-de-700-familias-de-ocupacao-na-zona-leste-de-sao-paulo\/#respond"]}]},{"@type":"WebPage","@id":"https:\/\/psol50.org.br\/com-violencia-pm-de-alckmin-retira-mais-de-700-familias-de-ocupacao-na-zona-leste-de-sao-paulo\/","url":"https:\/\/psol50.org.br\/com-violencia-pm-de-alckmin-retira-mais-de-700-familias-de-ocupacao-na-zona-leste-de-sao-paulo\/","name":"Com viol\u00eancia, PM de Alckmin retira mais de 700 fam\u00edlias de ocupa\u00e7\u00e3o na zona leste de S\u00e3o Paulo - PSOL 50","isPartOf":{"@id":"https:\/\/psol50.org.br\/#website"},"primaryImageOfPage":{"@id":"https:\/\/psol50.org.br\/com-violencia-pm-de-alckmin-retira-mais-de-700-familias-de-ocupacao-na-zona-leste-de-sao-paulo\/#primaryimage"},"image":{"@id":"https:\/\/psol50.org.br\/com-violencia-pm-de-alckmin-retira-mais-de-700-familias-de-ocupacao-na-zona-leste-de-sao-paulo\/#primaryimage"},"thumbnailUrl":"","datePublished":"2017-01-17T13:16:05+00:00","breadcrumb":{"@id":"https:\/\/psol50.org.br\/com-violencia-pm-de-alckmin-retira-mais-de-700-familias-de-ocupacao-na-zona-leste-de-sao-paulo\/#breadcrumb"},"inLanguage":"pt-BR","potentialAction":[{"@type":"ReadAction","target":["https:\/\/psol50.org.br\/com-violencia-pm-de-alckmin-retira-mais-de-700-familias-de-ocupacao-na-zona-leste-de-sao-paulo\/"]}]},{"@type":"ImageObject","inLanguage":"pt-BR","@id":"https:\/\/psol50.org.br\/com-violencia-pm-de-alckmin-retira-mais-de-700-familias-de-ocupacao-na-zona-leste-de-sao-paulo\/#primaryimage","url":"","contentUrl":""},{"@type":"BreadcrumbList","@id":"https:\/\/psol50.org.br\/com-violencia-pm-de-alckmin-retira-mais-de-700-familias-de-ocupacao-na-zona-leste-de-sao-paulo\/#breadcrumb","itemListElement":[{"@type":"ListItem","position":1,"name":"In\u00edcio","item":"https:\/\/psol50.org.br\/"},{"@type":"ListItem","position":2,"name":"Com viol\u00eancia, PM de Alckmin retira mais de 700 fam\u00edlias de ocupa\u00e7\u00e3o na zona leste de S\u00e3o Paulo"}]},{"@type":"WebSite","@id":"https:\/\/psol50.org.br\/#website","url":"https:\/\/psol50.org.br\/","name":"PSOL 50","description":"Site oficial do Partido Socialismo e Liberdade","publisher":{"@id":"https:\/\/psol50.org.br\/#organization"},"alternateName":"PSOL50","potentialAction":[{"@type":"SearchAction","target":{"@type":"EntryPoint","urlTemplate":"https:\/\/psol50.org.br\/?s={search_term_string}"},"query-input":{"@type":"PropertyValueSpecification","valueRequired":true,"valueName":"search_term_string"}}],"inLanguage":"pt-BR"},{"@type":"Organization","@id":"https:\/\/psol50.org.br\/#organization","name":"PSOL 50","alternateName":"PSOL 50","url":"https:\/\/psol50.org.br\/","logo":{"@type":"ImageObject","inLanguage":"pt-BR","@id":"https:\/\/psol50.org.br\/#\/schema\/logo\/image\/","url":"https:\/\/psol50.org.br\/inc\/uploads\/2018\/07\/capa.png","contentUrl":"https:\/\/psol50.org.br\/inc\/uploads\/2018\/07\/capa.png","width":1350,"height":900,"caption":"PSOL 50"},"image":{"@id":"https:\/\/psol50.org.br\/#\/schema\/logo\/image\/"},"sameAs":["https:\/\/www.facebook.com\/psol50","https:\/\/x.com\/psol50","https:\/\/www.instagram.com\/psol50\/","https:\/\/www.youtube.com\/channel\/UC7SnJS5o1os7a6CaiNabzcg"]},{"@type":"Person","@id":"https:\/\/psol50.org.br\/#\/schema\/person\/475dfa57d0b815993c714c2e96491fcd","name":"Comunica\u00e7\u00e3o PSOL","image":{"@type":"ImageObject","inLanguage":"pt-BR","@id":"https:\/\/psol50.org.br\/#\/schema\/person\/image\/","url":"https:\/\/secure.gravatar.com\/avatar\/b34fc4f4e468a4e51785917065a3db57b841f5c95dba6ad8c73aaf8f66f8f9bf?s=96&d=mm&r=g","contentUrl":"https:\/\/secure.gravatar.com\/avatar\/b34fc4f4e468a4e51785917065a3db57b841f5c95dba6ad8c73aaf8f66f8f9bf?s=96&d=mm&r=g","caption":"Comunica\u00e7\u00e3o PSOL"}}]}},"_links":{"self":[{"href":"https:\/\/psol50.org.br\/rest\/wp\/v2\/posts\/15139","targetHints":{"allow":["GET"]}}],"collection":[{"href":"https:\/\/psol50.org.br\/rest\/wp\/v2\/posts"}],"about":[{"href":"https:\/\/psol50.org.br\/rest\/wp\/v2\/types\/post"}],"author":[{"embeddable":true,"href":"https:\/\/psol50.org.br\/rest\/wp\/v2\/users\/2"}],"replies":[{"embeddable":true,"href":"https:\/\/psol50.org.br\/rest\/wp\/v2\/comments?post=15139"}],"version-history":[{"count":0,"href":"https:\/\/psol50.org.br\/rest\/wp\/v2\/posts\/15139\/revisions"}],"wp:featuredmedia":[{"embeddable":true,"href":"https:\/\/psol50.org.br\/rest\/"}],"wp:attachment":[{"href":"https:\/\/psol50.org.br\/rest\/wp\/v2\/media?parent=15139"}],"wp:term":[{"taxonomy":"category","embeddable":true,"href":"https:\/\/psol50.org.br\/rest\/wp\/v2\/categories?post=15139"},{"taxonomy":"post_tag","embeddable":true,"href":"https:\/\/psol50.org.br\/rest\/wp\/v2\/tags?post=15139"}],"curies":[{"name":"wp","href":"https:\/\/api.w.org\/{rel}","templated":true}]}}