{"id":1517,"date":"2011-04-05T00:00:00","date_gmt":"2011-04-05T00:00:00","guid":{"rendered":"http:\/\/psol50.org.br\/arquivo\/2011\/04\/05\/audiencia-publica-e-manifestacao-dia-6-de-abril-niteroi-um-ano-e-a-tragedia-continua\/"},"modified":"2011-04-05T00:00:00","modified_gmt":"2011-04-05T00:00:00","slug":"audiencia-publica-e-manifestacao-dia-6-de-abril-niteroi-um-ano-e-a-tragedia-continua","status":"publish","type":"post","link":"https:\/\/psol50.org.br\/audiencia-publica-e-manifestacao-dia-6-de-abril-niteroi-um-ano-e-a-tragedia-continua\/","title":{"rendered":"Audi\u00eancia p\u00fablica e manifesta\u00e7\u00e3o dia 6 de abril: \u201cNiter\u00f3i, um ano e a trag\u00e9dia continua!\u201d"},"content":{"rendered":"<p style=\"text-align: justify\"><a rel=\"attachment wp-att-7394\" href=\"http:\/\/psol50.org.br\/blog\/2011\/04\/05\/audiencia-publica-e-manifestacao-dia-6-de-abril-%e2%80%9cniteroi-um-ano-e-a-tragedia-continua%e2%80%9d\/atoaudienciamorrobumba-2\/\"><img loading=\"lazy\" decoding=\"async\" class=\"aligncenter size-medium wp-image-7394\" src=\"http:\/\/psol50.org.br\/files\/2011\/04\/AtoAudienciaMorroBumba1-300x213.jpg\" alt=\"\" width=\"300\" height=\"213\" \/><\/a><\/p>\n<p style=\"text-align: justify\">Os desabamentos que assolaram Niter\u00f3i em abril deixaram uma situa\u00e7\u00e3o de calamidade em toda a cidade, principalmente nas favelas e bairros pobres. A Audi\u00eancia P\u00fablica novamente convocada pelo mandato do vereador Renatinho (PSOL), se faz necess\u00e1ria tendo em vista que apesar dos desabamentos terem ocorrido h\u00e1 um ano, muitos dos atingidos ainda se encontram sem solu\u00e7\u00e3o para seus problemas. Um ano depois e nada se fala ainda de concreto sobre habita\u00e7\u00e3o popular, a n\u00e3o ser uma propaganda sem nenhuma concretude sobre o que se chama de \u201cBairro Modelo\u201d no Sap\u00ea, onde fam\u00edlias inteiras correm o risco de ficarem igualmente desabrigadas.<\/p>\n<p>A situa\u00e7\u00e3o dos abrigos tamb\u00e9m requer cuidados e debates, e nesse sentido vemos como muito importante que esse debate seja desenvolvido com a sociedade, ouvindo sugest\u00f5es e cr\u00edticas sobre propostas de solu\u00e7\u00e3o dos problemas oriundos da trag\u00e9dia s\u00f3cio-ambiental ocorrida em nosso Munic\u00edpio.<\/p>\n<p>A Comiss\u00e3o de Defesa de Direitos Humanos da C\u00e2mara Municipal de Niter\u00f3i, atrav\u00e9s do gabinete do vereador Renatinho, continua recebendo diversas den\u00fancias e solicita\u00e7\u00f5es de apoio de comunidades atingidas, que exigem com toda a raz\u00e3o, provid\u00eancias mais do que imediatas do Poder P\u00fablico.<\/p>\n<p>\u201cDesde maio que existem irregularidades no pagamento do aluguel social, pessoas entram e saem das listas sem nenhuma justificativa ou motiva\u00e7\u00e3o p\u00fablica. Por este motivo e por milhares de pessoas ainda n\u00e3o terem recebido sequer uma parcela, todos os meses acontecem tumultos na hora do pagamento. A culpa \u00e9 do governo que \u00e9 incompetente e corrupto. J\u00e1 em abril de 2010 eu fiz um pedido de CPI para investigar as causas da trag\u00e9dia s\u00f3cio-ambiental, e agora mais do que nunca isso tudo merece ser seriamente investigado. O objetivo final \u00e9 conseguir que as casas populares sejam constru\u00eddas e depois de um ano ainda estamos debatendo aluguel social. O prefeito de Niter\u00f3i e todos que contribu\u00edram de alguma forma para essa situa\u00e7\u00e3o horr\u00edvel que est\u00e1 passando o povo pobre da cidade, precisam pagar caro por isso. O dif\u00edcil aqui na C\u00e2mara \u00e9 conseguir as seis assinaturas necess\u00e1rias para a abertura da CPI, pois a grande maioria dos vereadores \u00e9 governista. No entanto, acredito que este ato p\u00fablico organizado pelo movimento social e a audi\u00eancia p\u00fablica que acontecer\u00e1 em seguida, ser\u00e3o passos importantes para que a cidade volte a cobrar com toda for\u00e7a uma solu\u00e7\u00e3o definitiva para os desabrigados e uma puni\u00e7\u00e3o exemplar para o prefeito e todos os outros culpados!\u201d, disse o vereador Renatinho, presidente da Comiss\u00e3o de Direitos Humanos da C\u00e2mara Municipal de Niter\u00f3i, que acompanha desde abril diversas fam\u00edlias de desabrigados, apresentando denuncias ao Minist\u00e9rio P\u00fablico, fiscalizando e cobrando medidas do poder executivo municipal.<\/p>\n<p>Este \u00e9 o papel participativo e fiscalizador do Poder Legislativo, buscar com participa\u00e7\u00e3o popular, com seriedade e transpar\u00eancia um efetivo debate com a sociedade sobre a aloca\u00e7\u00e3o e a sele\u00e7\u00e3o de prioridades dos gastos p\u00fablicos que devem servir para a real e plena preserva\u00e7\u00e3o e garantia da qualidade de vida da popula\u00e7\u00e3o.<\/p>\n<p>Desta forma \u00e9 que nosso mandato convida a todas e todos para mais um grande ato p\u00fablico de protesto e cobran\u00e7a de solu\u00e7\u00f5es, e convida tamb\u00e9m para esta\u00a0 Audi\u00eancia P\u00fablica, a fim de buscar um amplo debate com a sociedade sobre os problemas que ainda persistem, mesmo j\u00e1 tendo passado um ano inteiro desde a trag\u00e9dia de abril de 2010.<\/p>\n<p style=\"text-align: center\">\n<em><strong>DIA 6 DE ABRIL<\/strong><\/em><\/p>\n<p style=\"text-align: center\"><em><strong>*ATO P\u00daBLICO DOS DESABRIGADOS: Concentra\u00e7\u00e3o \u00e0s 15 horas em frente a Prefeitura velha (Rua da Concei\u00e7\u00e3o).<br \/>\n<\/strong><\/em><\/p>\n<p style=\"text-align: center\"><em><strong>*AUDI\u00caNCIA P\u00daBLICA &#8220;NITER\u00d3I, UM ANO E A TRAG\u00c9DIA CONTINUA&#8221;: C\u00e2mara Municipal de Niter\u00f3i, \u00e0s 20 horas.<\/strong><\/em><\/p>\n","protected":false},"excerpt":{"rendered":"<p>Os desabamentos que assolaram Niter\u00f3i em abril deixaram uma situa\u00e7\u00e3o de calamidade em toda a cidade, principalmente nas favelas e bairros pobres. A Audi\u00eancia P\u00fablica novamente convocada pelo mandato do vereador Renatinho (PSOL), se faz necess\u00e1ria tendo em vista que apesar dos desabamentos terem ocorrido h\u00e1 um ano, muitos dos atingidos ainda se encontram sem [&hellip;]<\/p>\n","protected":false},"author":2,"featured_media":0,"comment_status":"open","ping_status":"open","sticky":false,"template":"","format":"standard","meta":{"_acf_changed":false,"footnotes":""},"categories":[4766],"tags":[],"class_list":{"0":"post-1517","1":"post","2":"type-post","3":"status-publish","4":"format-standard","6":"category-arquivo"},"acf":[],"yoast_head":"<!-- This site is optimized with the Yoast SEO plugin v26.5 - https:\/\/yoast.com\/wordpress\/plugins\/seo\/ -->\n<title>Audi\u00eancia p\u00fablica e manifesta\u00e7\u00e3o dia 6 de abril: \u201cNiter\u00f3i, um ano e a trag\u00e9dia continua!\u201d - PSOL 50<\/title>\n<meta name=\"robots\" content=\"index, follow, max-snippet:-1, max-image-preview:large, max-video-preview:-1\" \/>\n<link rel=\"canonical\" href=\"https:\/\/psol50.org.br\/audiencia-publica-e-manifestacao-dia-6-de-abril-niteroi-um-ano-e-a-tragedia-continua\/\" \/>\n<meta property=\"og:locale\" content=\"pt_BR\" \/>\n<meta property=\"og:type\" content=\"article\" \/>\n<meta property=\"og:title\" content=\"Audi\u00eancia p\u00fablica e manifesta\u00e7\u00e3o dia 6 de abril: \u201cNiter\u00f3i, um ano e a trag\u00e9dia continua!\u201d - PSOL 50\" \/>\n<meta property=\"og:description\" content=\"Os desabamentos que assolaram Niter\u00f3i em abril deixaram uma situa\u00e7\u00e3o de calamidade em toda a cidade, principalmente nas favelas e bairros pobres. A Audi\u00eancia P\u00fablica novamente convocada pelo mandato do vereador Renatinho (PSOL), se faz necess\u00e1ria tendo em vista que apesar dos desabamentos terem ocorrido h\u00e1 um ano, muitos dos atingidos ainda se encontram sem [&hellip;]\" \/>\n<meta property=\"og:url\" content=\"https:\/\/psol50.org.br\/audiencia-publica-e-manifestacao-dia-6-de-abril-niteroi-um-ano-e-a-tragedia-continua\/\" \/>\n<meta property=\"og:site_name\" content=\"PSOL 50\" \/>\n<meta property=\"article:publisher\" content=\"https:\/\/www.facebook.com\/psol50\" \/>\n<meta property=\"article:published_time\" content=\"2011-04-05T00:00:00+00:00\" \/>\n<meta property=\"og:image\" content=\"http:\/\/psol50.org.br\/files\/2011\/04\/AtoAudienciaMorroBumba1-300x213.jpg\" \/>\n<meta name=\"author\" content=\"Comunica\u00e7\u00e3o PSOL\" \/>\n<meta name=\"twitter:card\" content=\"summary_large_image\" \/>\n<meta name=\"twitter:creator\" content=\"@psol50\" \/>\n<meta name=\"twitter:site\" content=\"@psol50\" \/>\n<meta name=\"twitter:label1\" content=\"Escrito por\" \/>\n\t<meta name=\"twitter:data1\" content=\"Comunica\u00e7\u00e3o PSOL\" \/>\n\t<meta name=\"twitter:label2\" content=\"Est. tempo de leitura\" \/>\n\t<meta name=\"twitter:data2\" content=\"3 minutos\" \/>\n<script type=\"application\/ld+json\" class=\"yoast-schema-graph\">{\"@context\":\"https:\/\/schema.org\",\"@graph\":[{\"@type\":\"Article\",\"@id\":\"https:\/\/psol50.org.br\/audiencia-publica-e-manifestacao-dia-6-de-abril-niteroi-um-ano-e-a-tragedia-continua\/#article\",\"isPartOf\":{\"@id\":\"https:\/\/psol50.org.br\/audiencia-publica-e-manifestacao-dia-6-de-abril-niteroi-um-ano-e-a-tragedia-continua\/\"},\"author\":{\"name\":\"Comunica\u00e7\u00e3o PSOL\",\"@id\":\"https:\/\/psol50.org.br\/#\/schema\/person\/475dfa57d0b815993c714c2e96491fcd\"},\"headline\":\"Audi\u00eancia p\u00fablica e manifesta\u00e7\u00e3o dia 6 de abril: \u201cNiter\u00f3i, um ano e a trag\u00e9dia continua!\u201d\",\"datePublished\":\"2011-04-05T00:00:00+00:00\",\"mainEntityOfPage\":{\"@id\":\"https:\/\/psol50.org.br\/audiencia-publica-e-manifestacao-dia-6-de-abril-niteroi-um-ano-e-a-tragedia-continua\/\"},\"wordCount\":660,\"commentCount\":0,\"publisher\":{\"@id\":\"https:\/\/psol50.org.br\/#organization\"},\"image\":{\"@id\":\"https:\/\/psol50.org.br\/audiencia-publica-e-manifestacao-dia-6-de-abril-niteroi-um-ano-e-a-tragedia-continua\/#primaryimage\"},\"thumbnailUrl\":\"http:\/\/psol50.org.br\/files\/2011\/04\/AtoAudienciaMorroBumba1-300x213.jpg\",\"articleSection\":[\"Arquivo\"],\"inLanguage\":\"pt-BR\",\"potentialAction\":[{\"@type\":\"CommentAction\",\"name\":\"Comment\",\"target\":[\"https:\/\/psol50.org.br\/audiencia-publica-e-manifestacao-dia-6-de-abril-niteroi-um-ano-e-a-tragedia-continua\/#respond\"]}]},{\"@type\":\"WebPage\",\"@id\":\"https:\/\/psol50.org.br\/audiencia-publica-e-manifestacao-dia-6-de-abril-niteroi-um-ano-e-a-tragedia-continua\/\",\"url\":\"https:\/\/psol50.org.br\/audiencia-publica-e-manifestacao-dia-6-de-abril-niteroi-um-ano-e-a-tragedia-continua\/\",\"name\":\"Audi\u00eancia p\u00fablica e manifesta\u00e7\u00e3o dia 6 de abril: \u201cNiter\u00f3i, um ano e a trag\u00e9dia continua!\u201d - PSOL 50\",\"isPartOf\":{\"@id\":\"https:\/\/psol50.org.br\/#website\"},\"primaryImageOfPage\":{\"@id\":\"https:\/\/psol50.org.br\/audiencia-publica-e-manifestacao-dia-6-de-abril-niteroi-um-ano-e-a-tragedia-continua\/#primaryimage\"},\"image\":{\"@id\":\"https:\/\/psol50.org.br\/audiencia-publica-e-manifestacao-dia-6-de-abril-niteroi-um-ano-e-a-tragedia-continua\/#primaryimage\"},\"thumbnailUrl\":\"http:\/\/psol50.org.br\/files\/2011\/04\/AtoAudienciaMorroBumba1-300x213.jpg\",\"datePublished\":\"2011-04-05T00:00:00+00:00\",\"breadcrumb\":{\"@id\":\"https:\/\/psol50.org.br\/audiencia-publica-e-manifestacao-dia-6-de-abril-niteroi-um-ano-e-a-tragedia-continua\/#breadcrumb\"},\"inLanguage\":\"pt-BR\",\"potentialAction\":[{\"@type\":\"ReadAction\",\"target\":[\"https:\/\/psol50.org.br\/audiencia-publica-e-manifestacao-dia-6-de-abril-niteroi-um-ano-e-a-tragedia-continua\/\"]}]},{\"@type\":\"ImageObject\",\"inLanguage\":\"pt-BR\",\"@id\":\"https:\/\/psol50.org.br\/audiencia-publica-e-manifestacao-dia-6-de-abril-niteroi-um-ano-e-a-tragedia-continua\/#primaryimage\",\"url\":\"http:\/\/psol50.org.br\/files\/2011\/04\/AtoAudienciaMorroBumba1-300x213.jpg\",\"contentUrl\":\"http:\/\/psol50.org.br\/files\/2011\/04\/AtoAudienciaMorroBumba1-300x213.jpg\"},{\"@type\":\"BreadcrumbList\",\"@id\":\"https:\/\/psol50.org.br\/audiencia-publica-e-manifestacao-dia-6-de-abril-niteroi-um-ano-e-a-tragedia-continua\/#breadcrumb\",\"itemListElement\":[{\"@type\":\"ListItem\",\"position\":1,\"name\":\"In\u00edcio\",\"item\":\"https:\/\/psol50.org.br\/\"},{\"@type\":\"ListItem\",\"position\":2,\"name\":\"Audi\u00eancia p\u00fablica e manifesta\u00e7\u00e3o dia 6 de abril: \u201cNiter\u00f3i, um ano e a trag\u00e9dia continua!\u201d\"}]},{\"@type\":\"WebSite\",\"@id\":\"https:\/\/psol50.org.br\/#website\",\"url\":\"https:\/\/psol50.org.br\/\",\"name\":\"PSOL 50\",\"description\":\"Site oficial do Partido Socialismo e Liberdade\",\"publisher\":{\"@id\":\"https:\/\/psol50.org.br\/#organization\"},\"alternateName\":\"PSOL50\",\"potentialAction\":[{\"@type\":\"SearchAction\",\"target\":{\"@type\":\"EntryPoint\",\"urlTemplate\":\"https:\/\/psol50.org.br\/?s={search_term_string}\"},\"query-input\":{\"@type\":\"PropertyValueSpecification\",\"valueRequired\":true,\"valueName\":\"search_term_string\"}}],\"inLanguage\":\"pt-BR\"},{\"@type\":\"Organization\",\"@id\":\"https:\/\/psol50.org.br\/#organization\",\"name\":\"PSOL 50\",\"alternateName\":\"PSOL 50\",\"url\":\"https:\/\/psol50.org.br\/\",\"logo\":{\"@type\":\"ImageObject\",\"inLanguage\":\"pt-BR\",\"@id\":\"https:\/\/psol50.org.br\/#\/schema\/logo\/image\/\",\"url\":\"https:\/\/psol50.org.br\/inc\/uploads\/2018\/07\/capa.png\",\"contentUrl\":\"https:\/\/psol50.org.br\/inc\/uploads\/2018\/07\/capa.png\",\"width\":1350,\"height\":900,\"caption\":\"PSOL 50\"},\"image\":{\"@id\":\"https:\/\/psol50.org.br\/#\/schema\/logo\/image\/\"},\"sameAs\":[\"https:\/\/www.facebook.com\/psol50\",\"https:\/\/x.com\/psol50\",\"https:\/\/www.instagram.com\/psol50\/\",\"https:\/\/www.youtube.com\/channel\/UC7SnJS5o1os7a6CaiNabzcg\"]},{\"@type\":\"Person\",\"@id\":\"https:\/\/psol50.org.br\/#\/schema\/person\/475dfa57d0b815993c714c2e96491fcd\",\"name\":\"Comunica\u00e7\u00e3o PSOL\",\"image\":{\"@type\":\"ImageObject\",\"inLanguage\":\"pt-BR\",\"@id\":\"https:\/\/psol50.org.br\/#\/schema\/person\/image\/\",\"url\":\"https:\/\/secure.gravatar.com\/avatar\/b34fc4f4e468a4e51785917065a3db57b841f5c95dba6ad8c73aaf8f66f8f9bf?s=96&d=mm&r=g\",\"contentUrl\":\"https:\/\/secure.gravatar.com\/avatar\/b34fc4f4e468a4e51785917065a3db57b841f5c95dba6ad8c73aaf8f66f8f9bf?s=96&d=mm&r=g\",\"caption\":\"Comunica\u00e7\u00e3o PSOL\"}}]}<\/script>\n<!-- \/ Yoast SEO plugin. -->","yoast_head_json":{"title":"Audi\u00eancia p\u00fablica e manifesta\u00e7\u00e3o dia 6 de abril: \u201cNiter\u00f3i, um ano e a trag\u00e9dia continua!\u201d - PSOL 50","robots":{"index":"index","follow":"follow","max-snippet":"max-snippet:-1","max-image-preview":"max-image-preview:large","max-video-preview":"max-video-preview:-1"},"canonical":"https:\/\/psol50.org.br\/audiencia-publica-e-manifestacao-dia-6-de-abril-niteroi-um-ano-e-a-tragedia-continua\/","og_locale":"pt_BR","og_type":"article","og_title":"Audi\u00eancia p\u00fablica e manifesta\u00e7\u00e3o dia 6 de abril: \u201cNiter\u00f3i, um ano e a trag\u00e9dia continua!\u201d - PSOL 50","og_description":"Os desabamentos que assolaram Niter\u00f3i em abril deixaram uma situa\u00e7\u00e3o de calamidade em toda a cidade, principalmente nas favelas e bairros pobres. A Audi\u00eancia P\u00fablica novamente convocada pelo mandato do vereador Renatinho (PSOL), se faz necess\u00e1ria tendo em vista que apesar dos desabamentos terem ocorrido h\u00e1 um ano, muitos dos atingidos ainda se encontram sem [&hellip;]","og_url":"https:\/\/psol50.org.br\/audiencia-publica-e-manifestacao-dia-6-de-abril-niteroi-um-ano-e-a-tragedia-continua\/","og_site_name":"PSOL 50","article_publisher":"https:\/\/www.facebook.com\/psol50","article_published_time":"2011-04-05T00:00:00+00:00","og_image":[{"url":"http:\/\/psol50.org.br\/files\/2011\/04\/AtoAudienciaMorroBumba1-300x213.jpg","type":"","width":"","height":""}],"author":"Comunica\u00e7\u00e3o PSOL","twitter_card":"summary_large_image","twitter_creator":"@psol50","twitter_site":"@psol50","twitter_misc":{"Escrito por":"Comunica\u00e7\u00e3o PSOL","Est. tempo de leitura":"3 minutos"},"schema":{"@context":"https:\/\/schema.org","@graph":[{"@type":"Article","@id":"https:\/\/psol50.org.br\/audiencia-publica-e-manifestacao-dia-6-de-abril-niteroi-um-ano-e-a-tragedia-continua\/#article","isPartOf":{"@id":"https:\/\/psol50.org.br\/audiencia-publica-e-manifestacao-dia-6-de-abril-niteroi-um-ano-e-a-tragedia-continua\/"},"author":{"name":"Comunica\u00e7\u00e3o PSOL","@id":"https:\/\/psol50.org.br\/#\/schema\/person\/475dfa57d0b815993c714c2e96491fcd"},"headline":"Audi\u00eancia p\u00fablica e manifesta\u00e7\u00e3o dia 6 de abril: \u201cNiter\u00f3i, um ano e a trag\u00e9dia continua!\u201d","datePublished":"2011-04-05T00:00:00+00:00","mainEntityOfPage":{"@id":"https:\/\/psol50.org.br\/audiencia-publica-e-manifestacao-dia-6-de-abril-niteroi-um-ano-e-a-tragedia-continua\/"},"wordCount":660,"commentCount":0,"publisher":{"@id":"https:\/\/psol50.org.br\/#organization"},"image":{"@id":"https:\/\/psol50.org.br\/audiencia-publica-e-manifestacao-dia-6-de-abril-niteroi-um-ano-e-a-tragedia-continua\/#primaryimage"},"thumbnailUrl":"http:\/\/psol50.org.br\/files\/2011\/04\/AtoAudienciaMorroBumba1-300x213.jpg","articleSection":["Arquivo"],"inLanguage":"pt-BR","potentialAction":[{"@type":"CommentAction","name":"Comment","target":["https:\/\/psol50.org.br\/audiencia-publica-e-manifestacao-dia-6-de-abril-niteroi-um-ano-e-a-tragedia-continua\/#respond"]}]},{"@type":"WebPage","@id":"https:\/\/psol50.org.br\/audiencia-publica-e-manifestacao-dia-6-de-abril-niteroi-um-ano-e-a-tragedia-continua\/","url":"https:\/\/psol50.org.br\/audiencia-publica-e-manifestacao-dia-6-de-abril-niteroi-um-ano-e-a-tragedia-continua\/","name":"Audi\u00eancia p\u00fablica e manifesta\u00e7\u00e3o dia 6 de abril: \u201cNiter\u00f3i, um ano e a trag\u00e9dia continua!\u201d - PSOL 50","isPartOf":{"@id":"https:\/\/psol50.org.br\/#website"},"primaryImageOfPage":{"@id":"https:\/\/psol50.org.br\/audiencia-publica-e-manifestacao-dia-6-de-abril-niteroi-um-ano-e-a-tragedia-continua\/#primaryimage"},"image":{"@id":"https:\/\/psol50.org.br\/audiencia-publica-e-manifestacao-dia-6-de-abril-niteroi-um-ano-e-a-tragedia-continua\/#primaryimage"},"thumbnailUrl":"http:\/\/psol50.org.br\/files\/2011\/04\/AtoAudienciaMorroBumba1-300x213.jpg","datePublished":"2011-04-05T00:00:00+00:00","breadcrumb":{"@id":"https:\/\/psol50.org.br\/audiencia-publica-e-manifestacao-dia-6-de-abril-niteroi-um-ano-e-a-tragedia-continua\/#breadcrumb"},"inLanguage":"pt-BR","potentialAction":[{"@type":"ReadAction","target":["https:\/\/psol50.org.br\/audiencia-publica-e-manifestacao-dia-6-de-abril-niteroi-um-ano-e-a-tragedia-continua\/"]}]},{"@type":"ImageObject","inLanguage":"pt-BR","@id":"https:\/\/psol50.org.br\/audiencia-publica-e-manifestacao-dia-6-de-abril-niteroi-um-ano-e-a-tragedia-continua\/#primaryimage","url":"http:\/\/psol50.org.br\/files\/2011\/04\/AtoAudienciaMorroBumba1-300x213.jpg","contentUrl":"http:\/\/psol50.org.br\/files\/2011\/04\/AtoAudienciaMorroBumba1-300x213.jpg"},{"@type":"BreadcrumbList","@id":"https:\/\/psol50.org.br\/audiencia-publica-e-manifestacao-dia-6-de-abril-niteroi-um-ano-e-a-tragedia-continua\/#breadcrumb","itemListElement":[{"@type":"ListItem","position":1,"name":"In\u00edcio","item":"https:\/\/psol50.org.br\/"},{"@type":"ListItem","position":2,"name":"Audi\u00eancia p\u00fablica e manifesta\u00e7\u00e3o dia 6 de abril: \u201cNiter\u00f3i, um ano e a trag\u00e9dia continua!\u201d"}]},{"@type":"WebSite","@id":"https:\/\/psol50.org.br\/#website","url":"https:\/\/psol50.org.br\/","name":"PSOL 50","description":"Site oficial do Partido Socialismo e Liberdade","publisher":{"@id":"https:\/\/psol50.org.br\/#organization"},"alternateName":"PSOL50","potentialAction":[{"@type":"SearchAction","target":{"@type":"EntryPoint","urlTemplate":"https:\/\/psol50.org.br\/?s={search_term_string}"},"query-input":{"@type":"PropertyValueSpecification","valueRequired":true,"valueName":"search_term_string"}}],"inLanguage":"pt-BR"},{"@type":"Organization","@id":"https:\/\/psol50.org.br\/#organization","name":"PSOL 50","alternateName":"PSOL 50","url":"https:\/\/psol50.org.br\/","logo":{"@type":"ImageObject","inLanguage":"pt-BR","@id":"https:\/\/psol50.org.br\/#\/schema\/logo\/image\/","url":"https:\/\/psol50.org.br\/inc\/uploads\/2018\/07\/capa.png","contentUrl":"https:\/\/psol50.org.br\/inc\/uploads\/2018\/07\/capa.png","width":1350,"height":900,"caption":"PSOL 50"},"image":{"@id":"https:\/\/psol50.org.br\/#\/schema\/logo\/image\/"},"sameAs":["https:\/\/www.facebook.com\/psol50","https:\/\/x.com\/psol50","https:\/\/www.instagram.com\/psol50\/","https:\/\/www.youtube.com\/channel\/UC7SnJS5o1os7a6CaiNabzcg"]},{"@type":"Person","@id":"https:\/\/psol50.org.br\/#\/schema\/person\/475dfa57d0b815993c714c2e96491fcd","name":"Comunica\u00e7\u00e3o PSOL","image":{"@type":"ImageObject","inLanguage":"pt-BR","@id":"https:\/\/psol50.org.br\/#\/schema\/person\/image\/","url":"https:\/\/secure.gravatar.com\/avatar\/b34fc4f4e468a4e51785917065a3db57b841f5c95dba6ad8c73aaf8f66f8f9bf?s=96&d=mm&r=g","contentUrl":"https:\/\/secure.gravatar.com\/avatar\/b34fc4f4e468a4e51785917065a3db57b841f5c95dba6ad8c73aaf8f66f8f9bf?s=96&d=mm&r=g","caption":"Comunica\u00e7\u00e3o PSOL"}}]}},"_links":{"self":[{"href":"https:\/\/psol50.org.br\/rest\/wp\/v2\/posts\/1517","targetHints":{"allow":["GET"]}}],"collection":[{"href":"https:\/\/psol50.org.br\/rest\/wp\/v2\/posts"}],"about":[{"href":"https:\/\/psol50.org.br\/rest\/wp\/v2\/types\/post"}],"author":[{"embeddable":true,"href":"https:\/\/psol50.org.br\/rest\/wp\/v2\/users\/2"}],"replies":[{"embeddable":true,"href":"https:\/\/psol50.org.br\/rest\/wp\/v2\/comments?post=1517"}],"version-history":[{"count":0,"href":"https:\/\/psol50.org.br\/rest\/wp\/v2\/posts\/1517\/revisions"}],"wp:attachment":[{"href":"https:\/\/psol50.org.br\/rest\/wp\/v2\/media?parent=1517"}],"wp:term":[{"taxonomy":"category","embeddable":true,"href":"https:\/\/psol50.org.br\/rest\/wp\/v2\/categories?post=1517"},{"taxonomy":"post_tag","embeddable":true,"href":"https:\/\/psol50.org.br\/rest\/wp\/v2\/tags?post=1517"}],"curies":[{"name":"wp","href":"https:\/\/api.w.org\/{rel}","templated":true}]}}