{"id":15172,"date":"2017-01-19T12:28:35","date_gmt":"2017-01-19T12:28:35","guid":{"rendered":"http:\/\/www.psol50.org.br\/?p=15172"},"modified":"2017-01-19T12:28:35","modified_gmt":"2017-01-19T12:28:35","slug":"presidente-do-psol-participa-em-porto-alegre-de-debate-sobre-reorganizacao-da-esquerda","status":"publish","type":"post","link":"https:\/\/psol50.org.br\/presidente-do-psol-participa-em-porto-alegre-de-debate-sobre-reorganizacao-da-esquerda\/","title":{"rendered":"Presidente do PSOL participa, em Porto Alegre, de debate sobre reorganiza\u00e7\u00e3o da esquerda"},"content":{"rendered":"<p>O presidente nacional do PSOL, Luiz Ara\u00fajo, participou nesta quarta-feira (18\/01) de debate sobre o papel da esquerda no F\u00f3rum das Resist\u00eancias, que acontece em Porto Alegre (RS). Centenas de ativistas do movimento social lotaram o local do evento. Na mesa, al\u00e9m do representante do PSOL, estavam Raul Carrion (PCdoB) e Raul Pont (PT).<\/p>\n<p>A interven\u00e7\u00e3o de Luiz Ara\u00fajo afirmou que o golpe institucional\/parlamentar afetou a toda esquerda, mas que para reorganiz\u00e1-la \u00e9 preciso fazer ajuste com os erros dos governos de Lula e Dilma, al\u00e9m de unir todos contra a retirada de direitos.<\/p>\n<p>&#8220;Li estes dias que a esquerda dentro do PT, ou parte dela, quer Lula como candidato pra fazer reformas profundas&#8221;, afirmou Luiz. &#8220;Lembrei do samba &#8216;com que roupa eu vou&#8217;: uma candidatura para reorganizar a esquerda \u00e9 necess\u00e1ria? Sim, mas a roupa, o programa, \u00e9 a primeira necessidade&#8221;.<\/p>\n<p>Para o presidente do PSOL, Lula &#8220;n\u00e3o cabe na roupa que precisamos&#8221;. &#8220;Desde 89 que ele n\u00e3o veste e mesmo que diga que usar\u00e1 novamente a velha roupa que empolgou muitos de n\u00f3s, isso n\u00e3o \u00e9 verdade. Vai dar em estelionato eleitoral&#8221;.<\/p>\n<p><img loading=\"lazy\" decoding=\"async\" class=\" wp-image-15174 aligncenter\" src=\"http:\/\/www.psol50.org.br\/2017teste\/inc\/uploads\/2017\/01\/Debate-POA-FSM-2-300x178.png\" alt=\"\" width=\"628\" height=\"373\" srcset=\"https:\/\/psol50.org.br\/inc\/uploads\/2017\/01\/Debate-POA-FSM-2-300x178.png 300w, https:\/\/psol50.org.br\/inc\/uploads\/2017\/01\/Debate-POA-FSM-2-768x456.png 768w, https:\/\/psol50.org.br\/inc\/uploads\/2017\/01\/Debate-POA-FSM-2-150x89.png 150w, https:\/\/psol50.org.br\/inc\/uploads\/2017\/01\/Debate-POA-FSM-2-696x413.png 696w, https:\/\/psol50.org.br\/inc\/uploads\/2017\/01\/Debate-POA-FSM-2.png 852w\" sizes=\"auto, (max-width: 628px) 100vw, 628px\" \/>o<\/p>\n<p>&nbsp;<\/p>\n","protected":false},"excerpt":{"rendered":"<p>O presidente nacional do PSOL, Luiz Ara\u00fajo, participou nesta quarta-feira (18\/01) de debate sobre o papel da esquerda no F\u00f3rum das Resist\u00eancias, que acontece em Porto Alegre (RS). Centenas de ativistas do movimento social lotaram o local do evento. Na mesa, al\u00e9m do representante do PSOL, estavam Raul Carrion (PCdoB) e Raul Pont (PT). A [&hellip;]<\/p>\n","protected":false},"author":2,"featured_media":15173,"comment_status":"open","ping_status":"open","sticky":false,"template":"","format":"standard","meta":{"_acf_changed":false,"footnotes":""},"categories":[1882,1104,6],"tags":[790,2808,1801,1763,316,748,22,319],"class_list":{"0":"post-15172","1":"post","2":"type-post","3":"status-publish","4":"format-standard","5":"has-post-thumbnail","7":"category-brasil","8":"category-movimento","9":"category-noticias","10":"tag-esquerda","11":"tag-forum-das-resistencias","12":"tag-luiz-araujo","13":"tag-lula","14":"tag-pcdob","15":"tag-porto-alegre","16":"tag-psol","17":"tag-pt"},"acf":[],"yoast_head":"<!-- This site is optimized with the Yoast SEO plugin v26.5 - https:\/\/yoast.com\/wordpress\/plugins\/seo\/ -->\n<title>Presidente do PSOL participa, em Porto Alegre, de debate sobre reorganiza\u00e7\u00e3o da esquerda - PSOL 50<\/title>\n<meta name=\"robots\" content=\"index, follow, max-snippet:-1, max-image-preview:large, max-video-preview:-1\" \/>\n<link rel=\"canonical\" href=\"https:\/\/psol50.org.br\/presidente-do-psol-participa-em-porto-alegre-de-debate-sobre-reorganizacao-da-esquerda\/\" \/>\n<meta property=\"og:locale\" content=\"pt_BR\" \/>\n<meta property=\"og:type\" content=\"article\" \/>\n<meta property=\"og:title\" content=\"Presidente do PSOL participa, em Porto Alegre, de debate sobre reorganiza\u00e7\u00e3o da esquerda - PSOL 50\" \/>\n<meta property=\"og:description\" content=\"O presidente nacional do PSOL, Luiz Ara\u00fajo, participou nesta quarta-feira (18\/01) de debate sobre o papel da esquerda no F\u00f3rum das Resist\u00eancias, que acontece em Porto Alegre (RS). Centenas de ativistas do movimento social lotaram o local do evento. Na mesa, al\u00e9m do representante do PSOL, estavam Raul Carrion (PCdoB) e Raul Pont (PT). A [&hellip;]\" \/>\n<meta property=\"og:url\" content=\"https:\/\/psol50.org.br\/presidente-do-psol-participa-em-porto-alegre-de-debate-sobre-reorganizacao-da-esquerda\/\" \/>\n<meta property=\"og:site_name\" content=\"PSOL 50\" \/>\n<meta property=\"article:publisher\" content=\"https:\/\/www.facebook.com\/psol50\" \/>\n<meta property=\"article:published_time\" content=\"2017-01-19T12:28:35+00:00\" \/>\n<meta property=\"og:image\" content=\"https:\/\/psol50.org.br\/inc\/uploads\/2018\/07\/capa.png\" \/>\n\t<meta property=\"og:image:width\" content=\"1350\" \/>\n\t<meta property=\"og:image:height\" content=\"900\" \/>\n\t<meta property=\"og:image:type\" content=\"image\/png\" \/>\n<meta name=\"author\" content=\"Comunica\u00e7\u00e3o PSOL\" \/>\n<meta name=\"twitter:card\" content=\"summary_large_image\" \/>\n<meta name=\"twitter:creator\" content=\"@psol50\" \/>\n<meta name=\"twitter:site\" content=\"@psol50\" \/>\n<meta name=\"twitter:label1\" content=\"Escrito por\" \/>\n\t<meta name=\"twitter:data1\" content=\"Comunica\u00e7\u00e3o PSOL\" \/>\n\t<meta name=\"twitter:label2\" content=\"Est. tempo de leitura\" \/>\n\t<meta name=\"twitter:data2\" content=\"1 minuto\" \/>\n<script type=\"application\/ld+json\" class=\"yoast-schema-graph\">{\"@context\":\"https:\/\/schema.org\",\"@graph\":[{\"@type\":\"Article\",\"@id\":\"https:\/\/psol50.org.br\/presidente-do-psol-participa-em-porto-alegre-de-debate-sobre-reorganizacao-da-esquerda\/#article\",\"isPartOf\":{\"@id\":\"https:\/\/psol50.org.br\/presidente-do-psol-participa-em-porto-alegre-de-debate-sobre-reorganizacao-da-esquerda\/\"},\"author\":{\"name\":\"Comunica\u00e7\u00e3o PSOL\",\"@id\":\"https:\/\/psol50.org.br\/#\/schema\/person\/475dfa57d0b815993c714c2e96491fcd\"},\"headline\":\"Presidente do PSOL participa, em Porto Alegre, de debate sobre reorganiza\u00e7\u00e3o da esquerda\",\"datePublished\":\"2017-01-19T12:28:35+00:00\",\"mainEntityOfPage\":{\"@id\":\"https:\/\/psol50.org.br\/presidente-do-psol-participa-em-porto-alegre-de-debate-sobre-reorganizacao-da-esquerda\/\"},\"wordCount\":208,\"commentCount\":0,\"publisher\":{\"@id\":\"https:\/\/psol50.org.br\/#organization\"},\"image\":{\"@id\":\"https:\/\/psol50.org.br\/presidente-do-psol-participa-em-porto-alegre-de-debate-sobre-reorganizacao-da-esquerda\/#primaryimage\"},\"thumbnailUrl\":\"\",\"keywords\":[\"esquerda\",\"F\u00f3rum das Resist\u00eancias\",\"Luiz Ara\u00fajo\",\"Lula\",\"PCdoB\",\"Porto Alegre\",\"PSOL\",\"PT\"],\"articleSection\":[\"Brasil\",\"Movimento\",\"Not\u00edcias\"],\"inLanguage\":\"pt-BR\",\"potentialAction\":[{\"@type\":\"CommentAction\",\"name\":\"Comment\",\"target\":[\"https:\/\/psol50.org.br\/presidente-do-psol-participa-em-porto-alegre-de-debate-sobre-reorganizacao-da-esquerda\/#respond\"]}]},{\"@type\":\"WebPage\",\"@id\":\"https:\/\/psol50.org.br\/presidente-do-psol-participa-em-porto-alegre-de-debate-sobre-reorganizacao-da-esquerda\/\",\"url\":\"https:\/\/psol50.org.br\/presidente-do-psol-participa-em-porto-alegre-de-debate-sobre-reorganizacao-da-esquerda\/\",\"name\":\"Presidente do PSOL participa, em Porto Alegre, de debate sobre reorganiza\u00e7\u00e3o da esquerda - PSOL 50\",\"isPartOf\":{\"@id\":\"https:\/\/psol50.org.br\/#website\"},\"primaryImageOfPage\":{\"@id\":\"https:\/\/psol50.org.br\/presidente-do-psol-participa-em-porto-alegre-de-debate-sobre-reorganizacao-da-esquerda\/#primaryimage\"},\"image\":{\"@id\":\"https:\/\/psol50.org.br\/presidente-do-psol-participa-em-porto-alegre-de-debate-sobre-reorganizacao-da-esquerda\/#primaryimage\"},\"thumbnailUrl\":\"\",\"datePublished\":\"2017-01-19T12:28:35+00:00\",\"breadcrumb\":{\"@id\":\"https:\/\/psol50.org.br\/presidente-do-psol-participa-em-porto-alegre-de-debate-sobre-reorganizacao-da-esquerda\/#breadcrumb\"},\"inLanguage\":\"pt-BR\",\"potentialAction\":[{\"@type\":\"ReadAction\",\"target\":[\"https:\/\/psol50.org.br\/presidente-do-psol-participa-em-porto-alegre-de-debate-sobre-reorganizacao-da-esquerda\/\"]}]},{\"@type\":\"ImageObject\",\"inLanguage\":\"pt-BR\",\"@id\":\"https:\/\/psol50.org.br\/presidente-do-psol-participa-em-porto-alegre-de-debate-sobre-reorganizacao-da-esquerda\/#primaryimage\",\"url\":\"\",\"contentUrl\":\"\"},{\"@type\":\"BreadcrumbList\",\"@id\":\"https:\/\/psol50.org.br\/presidente-do-psol-participa-em-porto-alegre-de-debate-sobre-reorganizacao-da-esquerda\/#breadcrumb\",\"itemListElement\":[{\"@type\":\"ListItem\",\"position\":1,\"name\":\"In\u00edcio\",\"item\":\"https:\/\/psol50.org.br\/\"},{\"@type\":\"ListItem\",\"position\":2,\"name\":\"Presidente do PSOL participa, em Porto Alegre, de debate sobre reorganiza\u00e7\u00e3o da esquerda\"}]},{\"@type\":\"WebSite\",\"@id\":\"https:\/\/psol50.org.br\/#website\",\"url\":\"https:\/\/psol50.org.br\/\",\"name\":\"PSOL 50\",\"description\":\"Site oficial do Partido Socialismo e Liberdade\",\"publisher\":{\"@id\":\"https:\/\/psol50.org.br\/#organization\"},\"alternateName\":\"PSOL50\",\"potentialAction\":[{\"@type\":\"SearchAction\",\"target\":{\"@type\":\"EntryPoint\",\"urlTemplate\":\"https:\/\/psol50.org.br\/?s={search_term_string}\"},\"query-input\":{\"@type\":\"PropertyValueSpecification\",\"valueRequired\":true,\"valueName\":\"search_term_string\"}}],\"inLanguage\":\"pt-BR\"},{\"@type\":\"Organization\",\"@id\":\"https:\/\/psol50.org.br\/#organization\",\"name\":\"PSOL 50\",\"alternateName\":\"PSOL 50\",\"url\":\"https:\/\/psol50.org.br\/\",\"logo\":{\"@type\":\"ImageObject\",\"inLanguage\":\"pt-BR\",\"@id\":\"https:\/\/psol50.org.br\/#\/schema\/logo\/image\/\",\"url\":\"https:\/\/psol50.org.br\/inc\/uploads\/2018\/07\/capa.png\",\"contentUrl\":\"https:\/\/psol50.org.br\/inc\/uploads\/2018\/07\/capa.png\",\"width\":1350,\"height\":900,\"caption\":\"PSOL 50\"},\"image\":{\"@id\":\"https:\/\/psol50.org.br\/#\/schema\/logo\/image\/\"},\"sameAs\":[\"https:\/\/www.facebook.com\/psol50\",\"https:\/\/x.com\/psol50\",\"https:\/\/www.instagram.com\/psol50\/\",\"https:\/\/www.youtube.com\/channel\/UC7SnJS5o1os7a6CaiNabzcg\"]},{\"@type\":\"Person\",\"@id\":\"https:\/\/psol50.org.br\/#\/schema\/person\/475dfa57d0b815993c714c2e96491fcd\",\"name\":\"Comunica\u00e7\u00e3o PSOL\",\"image\":{\"@type\":\"ImageObject\",\"inLanguage\":\"pt-BR\",\"@id\":\"https:\/\/psol50.org.br\/#\/schema\/person\/image\/\",\"url\":\"https:\/\/secure.gravatar.com\/avatar\/b34fc4f4e468a4e51785917065a3db57b841f5c95dba6ad8c73aaf8f66f8f9bf?s=96&d=mm&r=g\",\"contentUrl\":\"https:\/\/secure.gravatar.com\/avatar\/b34fc4f4e468a4e51785917065a3db57b841f5c95dba6ad8c73aaf8f66f8f9bf?s=96&d=mm&r=g\",\"caption\":\"Comunica\u00e7\u00e3o PSOL\"}}]}<\/script>\n<!-- \/ Yoast SEO plugin. -->","yoast_head_json":{"title":"Presidente do PSOL participa, em Porto Alegre, de debate sobre reorganiza\u00e7\u00e3o da esquerda - PSOL 50","robots":{"index":"index","follow":"follow","max-snippet":"max-snippet:-1","max-image-preview":"max-image-preview:large","max-video-preview":"max-video-preview:-1"},"canonical":"https:\/\/psol50.org.br\/presidente-do-psol-participa-em-porto-alegre-de-debate-sobre-reorganizacao-da-esquerda\/","og_locale":"pt_BR","og_type":"article","og_title":"Presidente do PSOL participa, em Porto Alegre, de debate sobre reorganiza\u00e7\u00e3o da esquerda - PSOL 50","og_description":"O presidente nacional do PSOL, Luiz Ara\u00fajo, participou nesta quarta-feira (18\/01) de debate sobre o papel da esquerda no F\u00f3rum das Resist\u00eancias, que acontece em Porto Alegre (RS). Centenas de ativistas do movimento social lotaram o local do evento. Na mesa, al\u00e9m do representante do PSOL, estavam Raul Carrion (PCdoB) e Raul Pont (PT). A [&hellip;]","og_url":"https:\/\/psol50.org.br\/presidente-do-psol-participa-em-porto-alegre-de-debate-sobre-reorganizacao-da-esquerda\/","og_site_name":"PSOL 50","article_publisher":"https:\/\/www.facebook.com\/psol50","article_published_time":"2017-01-19T12:28:35+00:00","og_image":[{"width":1350,"height":900,"url":"https:\/\/psol50.org.br\/inc\/uploads\/2018\/07\/capa.png","type":"image\/png"}],"author":"Comunica\u00e7\u00e3o PSOL","twitter_card":"summary_large_image","twitter_creator":"@psol50","twitter_site":"@psol50","twitter_misc":{"Escrito por":"Comunica\u00e7\u00e3o PSOL","Est. tempo de leitura":"1 minuto"},"schema":{"@context":"https:\/\/schema.org","@graph":[{"@type":"Article","@id":"https:\/\/psol50.org.br\/presidente-do-psol-participa-em-porto-alegre-de-debate-sobre-reorganizacao-da-esquerda\/#article","isPartOf":{"@id":"https:\/\/psol50.org.br\/presidente-do-psol-participa-em-porto-alegre-de-debate-sobre-reorganizacao-da-esquerda\/"},"author":{"name":"Comunica\u00e7\u00e3o PSOL","@id":"https:\/\/psol50.org.br\/#\/schema\/person\/475dfa57d0b815993c714c2e96491fcd"},"headline":"Presidente do PSOL participa, em Porto Alegre, de debate sobre reorganiza\u00e7\u00e3o da esquerda","datePublished":"2017-01-19T12:28:35+00:00","mainEntityOfPage":{"@id":"https:\/\/psol50.org.br\/presidente-do-psol-participa-em-porto-alegre-de-debate-sobre-reorganizacao-da-esquerda\/"},"wordCount":208,"commentCount":0,"publisher":{"@id":"https:\/\/psol50.org.br\/#organization"},"image":{"@id":"https:\/\/psol50.org.br\/presidente-do-psol-participa-em-porto-alegre-de-debate-sobre-reorganizacao-da-esquerda\/#primaryimage"},"thumbnailUrl":"","keywords":["esquerda","F\u00f3rum das Resist\u00eancias","Luiz Ara\u00fajo","Lula","PCdoB","Porto Alegre","PSOL","PT"],"articleSection":["Brasil","Movimento","Not\u00edcias"],"inLanguage":"pt-BR","potentialAction":[{"@type":"CommentAction","name":"Comment","target":["https:\/\/psol50.org.br\/presidente-do-psol-participa-em-porto-alegre-de-debate-sobre-reorganizacao-da-esquerda\/#respond"]}]},{"@type":"WebPage","@id":"https:\/\/psol50.org.br\/presidente-do-psol-participa-em-porto-alegre-de-debate-sobre-reorganizacao-da-esquerda\/","url":"https:\/\/psol50.org.br\/presidente-do-psol-participa-em-porto-alegre-de-debate-sobre-reorganizacao-da-esquerda\/","name":"Presidente do PSOL participa, em Porto Alegre, de debate sobre reorganiza\u00e7\u00e3o da esquerda - PSOL 50","isPartOf":{"@id":"https:\/\/psol50.org.br\/#website"},"primaryImageOfPage":{"@id":"https:\/\/psol50.org.br\/presidente-do-psol-participa-em-porto-alegre-de-debate-sobre-reorganizacao-da-esquerda\/#primaryimage"},"image":{"@id":"https:\/\/psol50.org.br\/presidente-do-psol-participa-em-porto-alegre-de-debate-sobre-reorganizacao-da-esquerda\/#primaryimage"},"thumbnailUrl":"","datePublished":"2017-01-19T12:28:35+00:00","breadcrumb":{"@id":"https:\/\/psol50.org.br\/presidente-do-psol-participa-em-porto-alegre-de-debate-sobre-reorganizacao-da-esquerda\/#breadcrumb"},"inLanguage":"pt-BR","potentialAction":[{"@type":"ReadAction","target":["https:\/\/psol50.org.br\/presidente-do-psol-participa-em-porto-alegre-de-debate-sobre-reorganizacao-da-esquerda\/"]}]},{"@type":"ImageObject","inLanguage":"pt-BR","@id":"https:\/\/psol50.org.br\/presidente-do-psol-participa-em-porto-alegre-de-debate-sobre-reorganizacao-da-esquerda\/#primaryimage","url":"","contentUrl":""},{"@type":"BreadcrumbList","@id":"https:\/\/psol50.org.br\/presidente-do-psol-participa-em-porto-alegre-de-debate-sobre-reorganizacao-da-esquerda\/#breadcrumb","itemListElement":[{"@type":"ListItem","position":1,"name":"In\u00edcio","item":"https:\/\/psol50.org.br\/"},{"@type":"ListItem","position":2,"name":"Presidente do PSOL participa, em Porto Alegre, de debate sobre reorganiza\u00e7\u00e3o da esquerda"}]},{"@type":"WebSite","@id":"https:\/\/psol50.org.br\/#website","url":"https:\/\/psol50.org.br\/","name":"PSOL 50","description":"Site oficial do Partido Socialismo e Liberdade","publisher":{"@id":"https:\/\/psol50.org.br\/#organization"},"alternateName":"PSOL50","potentialAction":[{"@type":"SearchAction","target":{"@type":"EntryPoint","urlTemplate":"https:\/\/psol50.org.br\/?s={search_term_string}"},"query-input":{"@type":"PropertyValueSpecification","valueRequired":true,"valueName":"search_term_string"}}],"inLanguage":"pt-BR"},{"@type":"Organization","@id":"https:\/\/psol50.org.br\/#organization","name":"PSOL 50","alternateName":"PSOL 50","url":"https:\/\/psol50.org.br\/","logo":{"@type":"ImageObject","inLanguage":"pt-BR","@id":"https:\/\/psol50.org.br\/#\/schema\/logo\/image\/","url":"https:\/\/psol50.org.br\/inc\/uploads\/2018\/07\/capa.png","contentUrl":"https:\/\/psol50.org.br\/inc\/uploads\/2018\/07\/capa.png","width":1350,"height":900,"caption":"PSOL 50"},"image":{"@id":"https:\/\/psol50.org.br\/#\/schema\/logo\/image\/"},"sameAs":["https:\/\/www.facebook.com\/psol50","https:\/\/x.com\/psol50","https:\/\/www.instagram.com\/psol50\/","https:\/\/www.youtube.com\/channel\/UC7SnJS5o1os7a6CaiNabzcg"]},{"@type":"Person","@id":"https:\/\/psol50.org.br\/#\/schema\/person\/475dfa57d0b815993c714c2e96491fcd","name":"Comunica\u00e7\u00e3o PSOL","image":{"@type":"ImageObject","inLanguage":"pt-BR","@id":"https:\/\/psol50.org.br\/#\/schema\/person\/image\/","url":"https:\/\/secure.gravatar.com\/avatar\/b34fc4f4e468a4e51785917065a3db57b841f5c95dba6ad8c73aaf8f66f8f9bf?s=96&d=mm&r=g","contentUrl":"https:\/\/secure.gravatar.com\/avatar\/b34fc4f4e468a4e51785917065a3db57b841f5c95dba6ad8c73aaf8f66f8f9bf?s=96&d=mm&r=g","caption":"Comunica\u00e7\u00e3o PSOL"}}]}},"_links":{"self":[{"href":"https:\/\/psol50.org.br\/rest\/wp\/v2\/posts\/15172","targetHints":{"allow":["GET"]}}],"collection":[{"href":"https:\/\/psol50.org.br\/rest\/wp\/v2\/posts"}],"about":[{"href":"https:\/\/psol50.org.br\/rest\/wp\/v2\/types\/post"}],"author":[{"embeddable":true,"href":"https:\/\/psol50.org.br\/rest\/wp\/v2\/users\/2"}],"replies":[{"embeddable":true,"href":"https:\/\/psol50.org.br\/rest\/wp\/v2\/comments?post=15172"}],"version-history":[{"count":0,"href":"https:\/\/psol50.org.br\/rest\/wp\/v2\/posts\/15172\/revisions"}],"wp:featuredmedia":[{"embeddable":true,"href":"https:\/\/psol50.org.br\/rest\/"}],"wp:attachment":[{"href":"https:\/\/psol50.org.br\/rest\/wp\/v2\/media?parent=15172"}],"wp:term":[{"taxonomy":"category","embeddable":true,"href":"https:\/\/psol50.org.br\/rest\/wp\/v2\/categories?post=15172"},{"taxonomy":"post_tag","embeddable":true,"href":"https:\/\/psol50.org.br\/rest\/wp\/v2\/tags?post=15172"}],"curies":[{"name":"wp","href":"https:\/\/api.w.org\/{rel}","templated":true}]}}