{"id":15179,"date":"2017-01-19T13:38:25","date_gmt":"2017-01-19T13:38:25","guid":{"rendered":"http:\/\/www.psol50.org.br\/?p=15179"},"modified":"2017-01-19T13:38:25","modified_gmt":"2017-01-19T13:38:25","slug":"mais-retrocesso-governo-altera-demarcacao-de-terras-indigenas-esvaziando-poder-da-funai","status":"publish","type":"post","link":"https:\/\/psol50.org.br\/mais-retrocesso-governo-altera-demarcacao-de-terras-indigenas-esvaziando-poder-da-funai\/","title":{"rendered":"Mais retrocesso: Governo altera demarca\u00e7\u00e3o de terras ind\u00edgenas, esvaziando poder da Funai"},"content":{"rendered":"<p>O ministro da Justi\u00e7a, Alexandre de Morais, publicou nesta quarta-feira (18\/01) uma portaria que altera o sistema de demarca\u00e7\u00e3o de terras ind\u00edgenas no Brasil. Com a medida, o Minist\u00e9rio da Justi\u00e7a passa a deter, na pr\u00e1tica, o poder de rever todo o processo original definido pela Funai (Funda\u00e7\u00e3o Nacional do \u00cdndio), que, por sua vez, perde ainda mais poder no que se refere a esse quesito envolvendo os direitos de milhares de ind\u00edgenas.<\/p>\n<p>Divulgada no Di\u00e1rio Oficial de ontem, a medida cria um grupo de trabalho no minist\u00e9rio com o poder de reavaliar os processos de demarca\u00e7\u00e3o em andamento submetidos \u00e0 assinatura do ministro, realizar &#8220;dilig\u00eancias&#8221; e observar &#8220;cumprimento da jurisprud\u00eancia do STF (Supremo Tribunal Federal)&#8221;.<\/p>\n<p>Reportagem divulgada pelo jornal <strong><a href=\"http:\/\/www1.folha.uol.com.br\/poder\/2017\/01\/1851036-ministro-da-justica-altera-demarcacao-de-terras-indigenas-no-pais.shtml?cmpid=facefolha\" target=\"_blank\" rel=\"noopener\"><span style=\"color: #0000ff\"><em>Folha de S. Paulo<\/em><\/span><\/a><\/strong> explica que em dezembro o ve\u00edculo teve a informa\u00e7\u00e3o de que um plano do governo iria alterar o regramento das demarca\u00e7\u00f5es, incorporando teses defendidas pelas entidades do agroneg\u00f3cio e pela bancada ruralista no Congresso. Na \u00e9poca, o Minist\u00e9rio da Justi\u00e7a disse desconhecer o assunto e negou que iria alterar o sistema.<\/p>\n<p>A portaria agora divulgada pelo ministro, por\u00e9m, incorpora todos os principais elementos do estudo revelado em dezembro, incluindo uma &#8220;repara\u00e7\u00e3o&#8221; a ind\u00edgenas em caso de &#8220;perda de \u00e1rea&#8221;.<\/p>\n<p>O decreto 1.775, de janeiro de 1996, em vigor antes da nova portaria, determina que a an\u00e1lise antropol\u00f3gica da terra e das vis\u00f5es divergentes s\u00e3o de responsabilidade da Funai, que ap\u00f3s finalizar o processo o envia para a assinatura do ministro da Justi\u00e7a e, de l\u00e1, para a Presid\u00eancia da Rep\u00fablica.<\/p>\n<p>J\u00e1 a medida de Alexandre Moraes fragiliza os trabalhos da Funai, que \u00e9 subordinada ao pr\u00f3prio minist\u00e9rio. Al\u00e9m disso, abre espa\u00e7o para a a\u00e7\u00e3o de grupos de press\u00e3o do meio ruralista, como sindicatos de produtores rurais, ao estabelecer que poder\u00e3o &#8220;ser criados outros meios de participa\u00e7\u00e3o das partes interessadas, diretamente ou por meio de organiza\u00e7\u00f5es e associa\u00e7\u00f5es legalmente reconhecidas&#8221;.<\/p>\n<p>O deputado Edmilson Rodrigues (PA), que representou o PSOL na CPI da Funai e do Incra, a portaria d\u00e1 ao pr\u00f3prio ministro da Justi\u00e7a todo o poder de rever o processo de demarca\u00e7\u00e3o, independente do parecer do \u00f3rg\u00e3o respons\u00e1vel pelas quest\u00f5es ind\u00edgenas no pa\u00eds. \u201cAl\u00e9m disso, desrespeita a Conven\u00e7\u00e3o da Organiza\u00e7\u00e3o Internacional do Trabalho que determina a participa\u00e7\u00e3o dos ind\u00edgenas sobre medidas que tenham repercuss\u00e3o sobre eles\u201d.<\/p>\n<p>Segundo o secret\u00e1rio executivo do Cimi (Conselho Indigenista Mission\u00e1rio), Cleber Buzatto, o governo n\u00e3o promoveu qualquer tipo de debate com o movimento ind\u00edgena. \u201cNesse sentido, entendemos que h\u00e1 uma ilegalidade na portaria&#8221;, afirmou Buzatto, em refer\u00eancia \u00e0 conven\u00e7\u00e3o da OIT, mencionada por Edmilson.<\/p>\n<p>Buzatto disse que a medida &#8220;cria um ambiente de desconfian\u00e7a sobre o car\u00e1ter t\u00e9cnico dos estudos realizados pela Funai&#8221;. &#8220;A portaria d\u00e1 a entender que o minist\u00e9rio est\u00e1 criando uma inst\u00e2ncia que vai supervisionar os estudos t\u00e9cnicos dos grupos constitu\u00eddos para a identifica\u00e7\u00e3o e delimita\u00e7\u00e3o das terras ind\u00edgenas&#8221;, disse Buzatto.<\/p>\n","protected":false},"excerpt":{"rendered":"<p>O ministro da Justi\u00e7a, Alexandre de Morais, publicou nesta quarta-feira (18\/01) uma portaria que altera o sistema de demarca\u00e7\u00e3o de terras ind\u00edgenas no Brasil. Com a medida, o Minist\u00e9rio da Justi\u00e7a passa a deter, na pr\u00e1tica, o poder de rever todo o processo original definido pela Funai (Funda\u00e7\u00e3o Nacional do \u00cdndio), que, por sua vez, [&hellip;]<\/p>\n","protected":false},"author":2,"featured_media":15180,"comment_status":"open","ping_status":"open","sticky":false,"template":"","format":"standard","meta":{"_acf_changed":false,"footnotes":""},"categories":[1882,1104,6],"tags":[661,1887,533,1748,597,452,228],"class_list":{"0":"post-15179","1":"post","2":"type-post","3":"status-publish","4":"format-standard","5":"has-post-thumbnail","7":"category-brasil","8":"category-movimento","9":"category-noticias","10":"tag-alexandre-moraes","11":"tag-demarcacao","12":"tag-funai","13":"tag-michel-temer","14":"tag-ministro-da-justica","15":"tag-portaria","16":"tag-terras-indigenas"},"acf":[],"yoast_head":"<!-- This site is optimized with the Yoast SEO plugin v26.5 - https:\/\/yoast.com\/wordpress\/plugins\/seo\/ -->\n<title>Mais retrocesso: Governo altera demarca\u00e7\u00e3o de terras ind\u00edgenas, esvaziando poder da Funai - PSOL 50<\/title>\n<meta name=\"robots\" content=\"index, follow, max-snippet:-1, max-image-preview:large, max-video-preview:-1\" \/>\n<link rel=\"canonical\" href=\"https:\/\/psol50.org.br\/mais-retrocesso-governo-altera-demarcacao-de-terras-indigenas-esvaziando-poder-da-funai\/\" \/>\n<meta property=\"og:locale\" content=\"pt_BR\" \/>\n<meta property=\"og:type\" content=\"article\" \/>\n<meta property=\"og:title\" content=\"Mais retrocesso: Governo altera demarca\u00e7\u00e3o de terras ind\u00edgenas, esvaziando poder da Funai - PSOL 50\" \/>\n<meta property=\"og:description\" content=\"O ministro da Justi\u00e7a, Alexandre de Morais, publicou nesta quarta-feira (18\/01) uma portaria que altera o sistema de demarca\u00e7\u00e3o de terras ind\u00edgenas no Brasil. Com a medida, o Minist\u00e9rio da Justi\u00e7a passa a deter, na pr\u00e1tica, o poder de rever todo o processo original definido pela Funai (Funda\u00e7\u00e3o Nacional do \u00cdndio), que, por sua vez, [&hellip;]\" \/>\n<meta property=\"og:url\" content=\"https:\/\/psol50.org.br\/mais-retrocesso-governo-altera-demarcacao-de-terras-indigenas-esvaziando-poder-da-funai\/\" \/>\n<meta property=\"og:site_name\" content=\"PSOL 50\" \/>\n<meta property=\"article:publisher\" content=\"https:\/\/www.facebook.com\/psol50\" \/>\n<meta property=\"article:published_time\" content=\"2017-01-19T13:38:25+00:00\" \/>\n<meta property=\"og:image\" content=\"https:\/\/psol50.org.br\/inc\/uploads\/2018\/07\/capa.png\" \/>\n\t<meta property=\"og:image:width\" content=\"1350\" \/>\n\t<meta property=\"og:image:height\" content=\"900\" \/>\n\t<meta property=\"og:image:type\" content=\"image\/png\" \/>\n<meta name=\"author\" content=\"Comunica\u00e7\u00e3o PSOL\" \/>\n<meta name=\"twitter:card\" content=\"summary_large_image\" \/>\n<meta name=\"twitter:creator\" content=\"@psol50\" \/>\n<meta name=\"twitter:site\" content=\"@psol50\" \/>\n<meta name=\"twitter:label1\" content=\"Escrito por\" \/>\n\t<meta name=\"twitter:data1\" content=\"Comunica\u00e7\u00e3o PSOL\" \/>\n\t<meta name=\"twitter:label2\" content=\"Est. tempo de leitura\" \/>\n\t<meta name=\"twitter:data2\" content=\"3 minutos\" \/>\n<script type=\"application\/ld+json\" class=\"yoast-schema-graph\">{\"@context\":\"https:\/\/schema.org\",\"@graph\":[{\"@type\":\"Article\",\"@id\":\"https:\/\/psol50.org.br\/mais-retrocesso-governo-altera-demarcacao-de-terras-indigenas-esvaziando-poder-da-funai\/#article\",\"isPartOf\":{\"@id\":\"https:\/\/psol50.org.br\/mais-retrocesso-governo-altera-demarcacao-de-terras-indigenas-esvaziando-poder-da-funai\/\"},\"author\":{\"name\":\"Comunica\u00e7\u00e3o PSOL\",\"@id\":\"https:\/\/psol50.org.br\/#\/schema\/person\/475dfa57d0b815993c714c2e96491fcd\"},\"headline\":\"Mais retrocesso: Governo altera demarca\u00e7\u00e3o de terras ind\u00edgenas, esvaziando poder da Funai\",\"datePublished\":\"2017-01-19T13:38:25+00:00\",\"mainEntityOfPage\":{\"@id\":\"https:\/\/psol50.org.br\/mais-retrocesso-governo-altera-demarcacao-de-terras-indigenas-esvaziando-poder-da-funai\/\"},\"wordCount\":551,\"commentCount\":0,\"publisher\":{\"@id\":\"https:\/\/psol50.org.br\/#organization\"},\"image\":{\"@id\":\"https:\/\/psol50.org.br\/mais-retrocesso-governo-altera-demarcacao-de-terras-indigenas-esvaziando-poder-da-funai\/#primaryimage\"},\"thumbnailUrl\":\"\",\"keywords\":[\"Alexandre Moraes\",\"demarca\u00e7\u00e3o\",\"Funai\",\"Michel Temer\",\"ministro da Justi\u00e7a\",\"portaria\",\"terras ind\u00edgenas\"],\"articleSection\":[\"Brasil\",\"Movimento\",\"Not\u00edcias\"],\"inLanguage\":\"pt-BR\",\"potentialAction\":[{\"@type\":\"CommentAction\",\"name\":\"Comment\",\"target\":[\"https:\/\/psol50.org.br\/mais-retrocesso-governo-altera-demarcacao-de-terras-indigenas-esvaziando-poder-da-funai\/#respond\"]}]},{\"@type\":\"WebPage\",\"@id\":\"https:\/\/psol50.org.br\/mais-retrocesso-governo-altera-demarcacao-de-terras-indigenas-esvaziando-poder-da-funai\/\",\"url\":\"https:\/\/psol50.org.br\/mais-retrocesso-governo-altera-demarcacao-de-terras-indigenas-esvaziando-poder-da-funai\/\",\"name\":\"Mais retrocesso: Governo altera demarca\u00e7\u00e3o de terras ind\u00edgenas, esvaziando poder da Funai - PSOL 50\",\"isPartOf\":{\"@id\":\"https:\/\/psol50.org.br\/#website\"},\"primaryImageOfPage\":{\"@id\":\"https:\/\/psol50.org.br\/mais-retrocesso-governo-altera-demarcacao-de-terras-indigenas-esvaziando-poder-da-funai\/#primaryimage\"},\"image\":{\"@id\":\"https:\/\/psol50.org.br\/mais-retrocesso-governo-altera-demarcacao-de-terras-indigenas-esvaziando-poder-da-funai\/#primaryimage\"},\"thumbnailUrl\":\"\",\"datePublished\":\"2017-01-19T13:38:25+00:00\",\"breadcrumb\":{\"@id\":\"https:\/\/psol50.org.br\/mais-retrocesso-governo-altera-demarcacao-de-terras-indigenas-esvaziando-poder-da-funai\/#breadcrumb\"},\"inLanguage\":\"pt-BR\",\"potentialAction\":[{\"@type\":\"ReadAction\",\"target\":[\"https:\/\/psol50.org.br\/mais-retrocesso-governo-altera-demarcacao-de-terras-indigenas-esvaziando-poder-da-funai\/\"]}]},{\"@type\":\"ImageObject\",\"inLanguage\":\"pt-BR\",\"@id\":\"https:\/\/psol50.org.br\/mais-retrocesso-governo-altera-demarcacao-de-terras-indigenas-esvaziando-poder-da-funai\/#primaryimage\",\"url\":\"\",\"contentUrl\":\"\"},{\"@type\":\"BreadcrumbList\",\"@id\":\"https:\/\/psol50.org.br\/mais-retrocesso-governo-altera-demarcacao-de-terras-indigenas-esvaziando-poder-da-funai\/#breadcrumb\",\"itemListElement\":[{\"@type\":\"ListItem\",\"position\":1,\"name\":\"In\u00edcio\",\"item\":\"https:\/\/psol50.org.br\/\"},{\"@type\":\"ListItem\",\"position\":2,\"name\":\"Mais retrocesso: Governo altera demarca\u00e7\u00e3o de terras ind\u00edgenas, esvaziando poder da Funai\"}]},{\"@type\":\"WebSite\",\"@id\":\"https:\/\/psol50.org.br\/#website\",\"url\":\"https:\/\/psol50.org.br\/\",\"name\":\"PSOL 50\",\"description\":\"Site oficial do Partido Socialismo e Liberdade\",\"publisher\":{\"@id\":\"https:\/\/psol50.org.br\/#organization\"},\"alternateName\":\"PSOL50\",\"potentialAction\":[{\"@type\":\"SearchAction\",\"target\":{\"@type\":\"EntryPoint\",\"urlTemplate\":\"https:\/\/psol50.org.br\/?s={search_term_string}\"},\"query-input\":{\"@type\":\"PropertyValueSpecification\",\"valueRequired\":true,\"valueName\":\"search_term_string\"}}],\"inLanguage\":\"pt-BR\"},{\"@type\":\"Organization\",\"@id\":\"https:\/\/psol50.org.br\/#organization\",\"name\":\"PSOL 50\",\"alternateName\":\"PSOL 50\",\"url\":\"https:\/\/psol50.org.br\/\",\"logo\":{\"@type\":\"ImageObject\",\"inLanguage\":\"pt-BR\",\"@id\":\"https:\/\/psol50.org.br\/#\/schema\/logo\/image\/\",\"url\":\"https:\/\/psol50.org.br\/inc\/uploads\/2018\/07\/capa.png\",\"contentUrl\":\"https:\/\/psol50.org.br\/inc\/uploads\/2018\/07\/capa.png\",\"width\":1350,\"height\":900,\"caption\":\"PSOL 50\"},\"image\":{\"@id\":\"https:\/\/psol50.org.br\/#\/schema\/logo\/image\/\"},\"sameAs\":[\"https:\/\/www.facebook.com\/psol50\",\"https:\/\/x.com\/psol50\",\"https:\/\/www.instagram.com\/psol50\/\",\"https:\/\/www.youtube.com\/channel\/UC7SnJS5o1os7a6CaiNabzcg\"]},{\"@type\":\"Person\",\"@id\":\"https:\/\/psol50.org.br\/#\/schema\/person\/475dfa57d0b815993c714c2e96491fcd\",\"name\":\"Comunica\u00e7\u00e3o PSOL\",\"image\":{\"@type\":\"ImageObject\",\"inLanguage\":\"pt-BR\",\"@id\":\"https:\/\/psol50.org.br\/#\/schema\/person\/image\/\",\"url\":\"https:\/\/secure.gravatar.com\/avatar\/b34fc4f4e468a4e51785917065a3db57b841f5c95dba6ad8c73aaf8f66f8f9bf?s=96&d=mm&r=g\",\"contentUrl\":\"https:\/\/secure.gravatar.com\/avatar\/b34fc4f4e468a4e51785917065a3db57b841f5c95dba6ad8c73aaf8f66f8f9bf?s=96&d=mm&r=g\",\"caption\":\"Comunica\u00e7\u00e3o PSOL\"}}]}<\/script>\n<!-- \/ Yoast SEO plugin. -->","yoast_head_json":{"title":"Mais retrocesso: Governo altera demarca\u00e7\u00e3o de terras ind\u00edgenas, esvaziando poder da Funai - PSOL 50","robots":{"index":"index","follow":"follow","max-snippet":"max-snippet:-1","max-image-preview":"max-image-preview:large","max-video-preview":"max-video-preview:-1"},"canonical":"https:\/\/psol50.org.br\/mais-retrocesso-governo-altera-demarcacao-de-terras-indigenas-esvaziando-poder-da-funai\/","og_locale":"pt_BR","og_type":"article","og_title":"Mais retrocesso: Governo altera demarca\u00e7\u00e3o de terras ind\u00edgenas, esvaziando poder da Funai - PSOL 50","og_description":"O ministro da Justi\u00e7a, Alexandre de Morais, publicou nesta quarta-feira (18\/01) uma portaria que altera o sistema de demarca\u00e7\u00e3o de terras ind\u00edgenas no Brasil. Com a medida, o Minist\u00e9rio da Justi\u00e7a passa a deter, na pr\u00e1tica, o poder de rever todo o processo original definido pela Funai (Funda\u00e7\u00e3o Nacional do \u00cdndio), que, por sua vez, [&hellip;]","og_url":"https:\/\/psol50.org.br\/mais-retrocesso-governo-altera-demarcacao-de-terras-indigenas-esvaziando-poder-da-funai\/","og_site_name":"PSOL 50","article_publisher":"https:\/\/www.facebook.com\/psol50","article_published_time":"2017-01-19T13:38:25+00:00","og_image":[{"width":1350,"height":900,"url":"https:\/\/psol50.org.br\/inc\/uploads\/2018\/07\/capa.png","type":"image\/png"}],"author":"Comunica\u00e7\u00e3o PSOL","twitter_card":"summary_large_image","twitter_creator":"@psol50","twitter_site":"@psol50","twitter_misc":{"Escrito por":"Comunica\u00e7\u00e3o PSOL","Est. tempo de leitura":"3 minutos"},"schema":{"@context":"https:\/\/schema.org","@graph":[{"@type":"Article","@id":"https:\/\/psol50.org.br\/mais-retrocesso-governo-altera-demarcacao-de-terras-indigenas-esvaziando-poder-da-funai\/#article","isPartOf":{"@id":"https:\/\/psol50.org.br\/mais-retrocesso-governo-altera-demarcacao-de-terras-indigenas-esvaziando-poder-da-funai\/"},"author":{"name":"Comunica\u00e7\u00e3o PSOL","@id":"https:\/\/psol50.org.br\/#\/schema\/person\/475dfa57d0b815993c714c2e96491fcd"},"headline":"Mais retrocesso: Governo altera demarca\u00e7\u00e3o de terras ind\u00edgenas, esvaziando poder da Funai","datePublished":"2017-01-19T13:38:25+00:00","mainEntityOfPage":{"@id":"https:\/\/psol50.org.br\/mais-retrocesso-governo-altera-demarcacao-de-terras-indigenas-esvaziando-poder-da-funai\/"},"wordCount":551,"commentCount":0,"publisher":{"@id":"https:\/\/psol50.org.br\/#organization"},"image":{"@id":"https:\/\/psol50.org.br\/mais-retrocesso-governo-altera-demarcacao-de-terras-indigenas-esvaziando-poder-da-funai\/#primaryimage"},"thumbnailUrl":"","keywords":["Alexandre Moraes","demarca\u00e7\u00e3o","Funai","Michel Temer","ministro da Justi\u00e7a","portaria","terras ind\u00edgenas"],"articleSection":["Brasil","Movimento","Not\u00edcias"],"inLanguage":"pt-BR","potentialAction":[{"@type":"CommentAction","name":"Comment","target":["https:\/\/psol50.org.br\/mais-retrocesso-governo-altera-demarcacao-de-terras-indigenas-esvaziando-poder-da-funai\/#respond"]}]},{"@type":"WebPage","@id":"https:\/\/psol50.org.br\/mais-retrocesso-governo-altera-demarcacao-de-terras-indigenas-esvaziando-poder-da-funai\/","url":"https:\/\/psol50.org.br\/mais-retrocesso-governo-altera-demarcacao-de-terras-indigenas-esvaziando-poder-da-funai\/","name":"Mais retrocesso: Governo altera demarca\u00e7\u00e3o de terras ind\u00edgenas, esvaziando poder da Funai - PSOL 50","isPartOf":{"@id":"https:\/\/psol50.org.br\/#website"},"primaryImageOfPage":{"@id":"https:\/\/psol50.org.br\/mais-retrocesso-governo-altera-demarcacao-de-terras-indigenas-esvaziando-poder-da-funai\/#primaryimage"},"image":{"@id":"https:\/\/psol50.org.br\/mais-retrocesso-governo-altera-demarcacao-de-terras-indigenas-esvaziando-poder-da-funai\/#primaryimage"},"thumbnailUrl":"","datePublished":"2017-01-19T13:38:25+00:00","breadcrumb":{"@id":"https:\/\/psol50.org.br\/mais-retrocesso-governo-altera-demarcacao-de-terras-indigenas-esvaziando-poder-da-funai\/#breadcrumb"},"inLanguage":"pt-BR","potentialAction":[{"@type":"ReadAction","target":["https:\/\/psol50.org.br\/mais-retrocesso-governo-altera-demarcacao-de-terras-indigenas-esvaziando-poder-da-funai\/"]}]},{"@type":"ImageObject","inLanguage":"pt-BR","@id":"https:\/\/psol50.org.br\/mais-retrocesso-governo-altera-demarcacao-de-terras-indigenas-esvaziando-poder-da-funai\/#primaryimage","url":"","contentUrl":""},{"@type":"BreadcrumbList","@id":"https:\/\/psol50.org.br\/mais-retrocesso-governo-altera-demarcacao-de-terras-indigenas-esvaziando-poder-da-funai\/#breadcrumb","itemListElement":[{"@type":"ListItem","position":1,"name":"In\u00edcio","item":"https:\/\/psol50.org.br\/"},{"@type":"ListItem","position":2,"name":"Mais retrocesso: Governo altera demarca\u00e7\u00e3o de terras ind\u00edgenas, esvaziando poder da Funai"}]},{"@type":"WebSite","@id":"https:\/\/psol50.org.br\/#website","url":"https:\/\/psol50.org.br\/","name":"PSOL 50","description":"Site oficial do Partido Socialismo e Liberdade","publisher":{"@id":"https:\/\/psol50.org.br\/#organization"},"alternateName":"PSOL50","potentialAction":[{"@type":"SearchAction","target":{"@type":"EntryPoint","urlTemplate":"https:\/\/psol50.org.br\/?s={search_term_string}"},"query-input":{"@type":"PropertyValueSpecification","valueRequired":true,"valueName":"search_term_string"}}],"inLanguage":"pt-BR"},{"@type":"Organization","@id":"https:\/\/psol50.org.br\/#organization","name":"PSOL 50","alternateName":"PSOL 50","url":"https:\/\/psol50.org.br\/","logo":{"@type":"ImageObject","inLanguage":"pt-BR","@id":"https:\/\/psol50.org.br\/#\/schema\/logo\/image\/","url":"https:\/\/psol50.org.br\/inc\/uploads\/2018\/07\/capa.png","contentUrl":"https:\/\/psol50.org.br\/inc\/uploads\/2018\/07\/capa.png","width":1350,"height":900,"caption":"PSOL 50"},"image":{"@id":"https:\/\/psol50.org.br\/#\/schema\/logo\/image\/"},"sameAs":["https:\/\/www.facebook.com\/psol50","https:\/\/x.com\/psol50","https:\/\/www.instagram.com\/psol50\/","https:\/\/www.youtube.com\/channel\/UC7SnJS5o1os7a6CaiNabzcg"]},{"@type":"Person","@id":"https:\/\/psol50.org.br\/#\/schema\/person\/475dfa57d0b815993c714c2e96491fcd","name":"Comunica\u00e7\u00e3o PSOL","image":{"@type":"ImageObject","inLanguage":"pt-BR","@id":"https:\/\/psol50.org.br\/#\/schema\/person\/image\/","url":"https:\/\/secure.gravatar.com\/avatar\/b34fc4f4e468a4e51785917065a3db57b841f5c95dba6ad8c73aaf8f66f8f9bf?s=96&d=mm&r=g","contentUrl":"https:\/\/secure.gravatar.com\/avatar\/b34fc4f4e468a4e51785917065a3db57b841f5c95dba6ad8c73aaf8f66f8f9bf?s=96&d=mm&r=g","caption":"Comunica\u00e7\u00e3o PSOL"}}]}},"_links":{"self":[{"href":"https:\/\/psol50.org.br\/rest\/wp\/v2\/posts\/15179","targetHints":{"allow":["GET"]}}],"collection":[{"href":"https:\/\/psol50.org.br\/rest\/wp\/v2\/posts"}],"about":[{"href":"https:\/\/psol50.org.br\/rest\/wp\/v2\/types\/post"}],"author":[{"embeddable":true,"href":"https:\/\/psol50.org.br\/rest\/wp\/v2\/users\/2"}],"replies":[{"embeddable":true,"href":"https:\/\/psol50.org.br\/rest\/wp\/v2\/comments?post=15179"}],"version-history":[{"count":0,"href":"https:\/\/psol50.org.br\/rest\/wp\/v2\/posts\/15179\/revisions"}],"wp:featuredmedia":[{"embeddable":true,"href":"https:\/\/psol50.org.br\/rest\/"}],"wp:attachment":[{"href":"https:\/\/psol50.org.br\/rest\/wp\/v2\/media?parent=15179"}],"wp:term":[{"taxonomy":"category","embeddable":true,"href":"https:\/\/psol50.org.br\/rest\/wp\/v2\/categories?post=15179"},{"taxonomy":"post_tag","embeddable":true,"href":"https:\/\/psol50.org.br\/rest\/wp\/v2\/tags?post=15179"}],"curies":[{"name":"wp","href":"https:\/\/api.w.org\/{rel}","templated":true}]}}