{"id":1518,"date":"2011-04-08T00:00:00","date_gmt":"2011-04-08T00:00:00","guid":{"rendered":"http:\/\/psol50.org.br\/arquivo\/2011\/04\/08\/rj-morro-do-bumba-um-ano-depois-das-chuvas-de-abril-a-tragedia-ainda-continua\/"},"modified":"2011-04-08T00:00:00","modified_gmt":"2011-04-08T00:00:00","slug":"rj-morro-do-bumba-um-ano-depois-das-chuvas-de-abril-a-tragedia-ainda-continua","status":"publish","type":"post","link":"https:\/\/psol50.org.br\/rj-morro-do-bumba-um-ano-depois-das-chuvas-de-abril-a-tragedia-ainda-continua\/","title":{"rendered":"RJ &#8211; Morro do Bumba: Um ano depois das chuvas de abril a trag\u00e9dia ainda continua!"},"content":{"rendered":"<p><a rel=\"attachment wp-att-7516\" href=\"http:\/\/psol50.org.br\/blog\/2011\/04\/08\/rj-morro-do-bumba-um-ano-depois-das-chuvas-de-abril-a-tragedia-ainda-continua\/morrobumba\/\"><img loading=\"lazy\" decoding=\"async\" class=\"alignleft size-medium wp-image-7516\" src=\"http:\/\/psol50.org.br\/files\/2011\/04\/MorroBumba-300x225.jpg\" alt=\"\" width=\"300\" height=\"225\" \/><\/a>Ao completarmos um ano da trag\u00e9dia das chuvas em Niter\u00f3i, em primeiro lugar, rendemos homenagem aos 169 trabalhadores que perderam suas vidas por residirem em comunidades abandonadas pelo poder p\u00fablico. Aos seus familiares e amigos, oferecemos nossa solidariedade.<\/p>\n<p>As chuvas e desabamentos que assolaram Niter\u00f3i em abril de 2010 deixaram o munic\u00edpio em uma situa\u00e7\u00e3o de calamidade, principalmente nas favelas e bairros mais pobres. At\u00e9 agora nada de efetivo foi feito para viabilizar um programa de habita\u00e7\u00e3o popular que atenda a enorme demanda existente. O que se tem \u00e9 uma abstrata promessa de constru\u00e7\u00e3o de um \u201cBairro Modelo\u201d, na chamada Fazendinha, no bairro Sap\u00ea, regi\u00e3o sabidamente sem infraestrutura. Projeta-se assim uma favela que se deseja afastada do centro da cidade, escondida e ocultada, nos moldes de uma \u201cCidade de Deus\u201d. E pior, j\u00e1 come\u00e7aram as amea\u00e7as de remo\u00e7\u00e3o aos atuais moradores da localidade, cidad\u00e3os que correm o risco de virar os mais novos desabrigados de Jorge Roberto Silveira (PDT).<\/p>\n<p>O projeto de um bairro modelo na Fazendinha demonstra a precariedade da pol\u00edtica habitacional em diferentes n\u00edveis de poder. Ao mesmo tempo em que o prefeito n\u00e3o oferece nenhuma resposta convincente \u00e0 den\u00fancia feita pelo Minist\u00e9rio P\u00fablico de que h\u00e1 impedimentos ambientais para a edifica\u00e7\u00e3o de moradias populares na \u00e1rea, notamos tamb\u00e9m inconsist\u00eancia no programa \u201cMinha Casa, Minha Vida\u201d, do governo federal, um dos carros-chefe da elei\u00e7\u00e3o de Dilma. Esse programa nos d\u00e1 provas de sua fragilidade e defici\u00eancia ao permanecer a milhas da cidade da trag\u00e9dia do Morro do Bumba.<\/p>\n<p>Nem o aluguel social, medida paliativa e tempor\u00e1ria, que paga um \u00ednfimo valor de R$ 400 para menos da metade das pessoas, dentre as que deveriam receber o benef\u00edcio, \u00e9 regular. N\u00e3o h\u00e1 data certa para o pagamento e os atrasos s\u00e3o frequentes. S\u00e3o muitos os casos de pessoas que foram for\u00e7adas a abandonar os im\u00f3veis que locaram. Alguns desabrigados se tornaram moradores de rua. Mesmo assim, a Lei Municipal 2425\/2007, que obriga a Prefeitura a assumir como avalista os contratos de loca\u00e7\u00e3o, continua letra morta. Filas gigantescas se formam na quadra da Viradouro para recebimento de parcelas atrasadas. E quando o povo protesta, \u00e0 beira do despejo, corre o s\u00e9rio risco de levar g\u00e1s de pimenta da pol\u00edcia de S\u00e9rgio Cabral.<\/p>\n<p>Niter\u00f3i passa por muitos problemas. A decis\u00e3o de Jorge Roberto em governar para uma minoria da cidade, em especial para a especula\u00e7\u00e3o imobili\u00e1ria, grandes construtoras e donos das empresas de \u00f4nibus, tem como consequencia o desvio de recursos p\u00fablicos em favor de interesses particulares. N\u00e3o \u00e9 \u00e0 toa que nosso tr\u00e2nsito piora a cada dia. O niteroiense sabe quantas horas perde nos engarrafamentos. \u00c9 que Jorge n\u00e3o pensa em planejamento urbano quando aumenta os gabaritos para a constru\u00e7\u00e3o de pr\u00e9dios, pensa em neg\u00f3cios. Temos uma das tarifas de \u00f4nibus mais caras do Brasil por quil\u00f4metro rodado. Os trabalhadores ambulantes s\u00e3o criminalizados e perseguidos. O governo municipal quer privatizar a CLIN (Companhia de Limpeza de Niter\u00f3i), sem apresentar qualquer justificativa para o convencimento da popula\u00e7\u00e3o. Com a licita\u00e7\u00e3o da CLIN, cerca de 3 mil funcion\u00e1rios podem perder seus empregos. At\u00e9 o Campo de S\u00e3o Bento \u00e9 alvo do autoritarismo da Prefeitura, que irracionalmente fechou os port\u00f5es do parque. Nossos administradores locais preferem gastar 20 milh\u00f5es de reais com uma \u201cTorre Panor\u00e2mica\u201d, no Caminho Niemeyer, ao inv\u00e9s de investir na urbaniza\u00e7\u00e3o das favelas. Definitivamente, Niter\u00f3i est\u00e1 abandonada.<\/p>\n<p>A Prefeitura n\u00e3o prioriza gastos em pol\u00edticas p\u00fablicas que se direcionem para a solu\u00e7\u00e3o dos problemas que a popula\u00e7\u00e3o entende como sendo mais importantes. Os recursos p\u00fablicos continuam sendo direcionados para o embelezamento da zona sul ou \u00e9 drenado para sustentar uma pol\u00edtica corrupta de ocupa\u00e7\u00e3o do aparelho estatal, com a reprodu\u00e7\u00e3o de milhares de cargos de confian\u00e7a para a acomoda\u00e7\u00e3o de aliados e cabos eleitorais em \u00f3rg\u00e3os municipais.<\/p>\n<p>Os recursos que poderiam ser redirecionados para \u00e1reas deficientes da administra\u00e7\u00e3o p\u00fablica, continuam a alimentar esquemas de coopta\u00e7\u00e3o pol\u00edtica. No in\u00edcio de seu atual governo, Jorge, para abrigar os seus aliados, fez uma reforma administrativa na qual criou centenas de cargos comissionados. Isso sem falar do famigerado Conselho Consultivo, extinto ap\u00f3s a trag\u00e9dia de abril, mas que enquanto existiu jamais teve divulgadas suas reuni\u00f5es em atas e nem mesmo a pauta de suas discuss\u00f5es. Como as Secretarias Regionais, que prosseguem servindo como moeda de barganha pol\u00edtica com os vereadores, o Conselho Consultivo servia para remunerar em mais de seis mil reais por m\u00eas cada um dos seus 21 conselheiros, em geral empres\u00e1rios e pol\u00edticos sem mandato, encarregados de realizar uma reuni\u00e3o a cada 30 dias, a fim de emitir opini\u00f5es reservadamente ao prefeito sobre temas da municipalidade.<\/p>\n<p>O governo Jorge n\u00e3o d\u00e1 sinais de que sabe o caminho para sair da crise que se encontra ou que deseja trilh\u00e1-lo. O munic\u00edpio est\u00e1 desgovernado. Mal se tem not\u00edcia do prefeito, que nesses \u00faltimos anos \u00e9 uma figura ausente do debate pol\u00edtico, que nunca se pronuncia para defender sua gest\u00e3o, de apari\u00e7\u00f5es rar\u00edssimas. Por vezes, o governo adota posi\u00e7\u00f5es inexplic\u00e1veis, como a proposta de gradeamento da Pra\u00e7a da Cantareira. Parece n\u00e3o haver mais nenhuma preocupa\u00e7\u00e3o com a opini\u00e3o do p\u00fablica. Quando analisamos os super-poderes dos secret\u00e1rios Pitanga e Mocarzel, temos a impress\u00e3o de que os ratos subiram do por\u00e3o e tomaram conta da sala, de que est\u00e1 tudo entregue \u00e0 gan\u00e2ncia predat\u00f3ria da especula\u00e7\u00e3o imobili\u00e1ria, de que o prefeito apenas exige de seus subordinados que apaguem a luz quando sair, e que de quebra garantam um bom neg\u00f3cio com a privatiza\u00e7\u00e3o da CLIN.<\/p>\n<p>O PSOL se op\u00f5e a tudo isso. A popula\u00e7\u00e3o das favelas e bairros da periferia da cidade t\u00eam o direito a um plano emergencial de habita\u00e7\u00e3o, com a participa\u00e7\u00e3o popular na elabora\u00e7\u00e3o e na realiza\u00e7\u00e3o dos projetos. Chega de manter milhares de fam\u00edlias sem moradia digna e mais de 500 dormindo nas ruas. Basta de desrespeitar os direitos dos mais de 100 mil niteroienses que vivem nas favelas da cidade.<\/p>\n<p>Convocamos a popula\u00e7\u00e3o de Niter\u00f3i a repudiar Jorge Roberto Silveira e dar um basta a este modelo elitista, excludente e corrupto de se administrar Niter\u00f3i. Somente com a mobiliza\u00e7\u00e3o da juventude, trabalhadores e popula\u00e7\u00e3o em geral poderemos ter \u00eaxito. Fora Jorge! Chega de Lama!<\/p>\n<p>&#8211; Exigimos uma pol\u00edtica de moradia popular urgente! Casa digna para todos!<\/p>\n<p>&#8211; Contra a Privatiza\u00e7\u00e3o da CLIN! Por uma CLIN p\u00fablica, transparente e eficiente!<\/p>\n<p>Niter\u00f3i, 06 de abril de 2011.<\/p>\n<p><a href=\"http:\/\/mandatorenatinhopsol.blogspot.com\/\"><strong>Fonte: Mandato Socialista do vereador Renatinho PSOL &#8211; Niter\u00f3i (RJ) &#8211; http:\/\/mandatorenatinhopsol.blogspot.com\/<\/strong><\/a><\/p>\n","protected":false},"excerpt":{"rendered":"<p>Ao completarmos um ano da trag\u00e9dia das chuvas em Niter\u00f3i, em primeiro lugar, rendemos homenagem aos 169 trabalhadores que perderam suas vidas por residirem em comunidades abandonadas pelo poder p\u00fablico. Aos seus familiares e amigos, oferecemos nossa solidariedade. As chuvas e desabamentos que assolaram Niter\u00f3i em abril de 2010 deixaram o munic\u00edpio em uma situa\u00e7\u00e3o [&hellip;]<\/p>\n","protected":false},"author":2,"featured_media":0,"comment_status":"open","ping_status":"open","sticky":false,"template":"","format":"standard","meta":{"_acf_changed":false,"footnotes":""},"categories":[4766],"tags":[],"class_list":{"0":"post-1518","1":"post","2":"type-post","3":"status-publish","4":"format-standard","6":"category-arquivo"},"acf":[],"yoast_head":"<!-- This site is optimized with the Yoast SEO plugin v26.5 - https:\/\/yoast.com\/wordpress\/plugins\/seo\/ -->\n<title>RJ - Morro do Bumba: Um ano depois das chuvas de abril a trag\u00e9dia ainda continua! - PSOL 50<\/title>\n<meta name=\"robots\" content=\"index, follow, max-snippet:-1, max-image-preview:large, max-video-preview:-1\" \/>\n<link rel=\"canonical\" href=\"https:\/\/psol50.org.br\/rj-morro-do-bumba-um-ano-depois-das-chuvas-de-abril-a-tragedia-ainda-continua\/\" \/>\n<meta property=\"og:locale\" content=\"pt_BR\" \/>\n<meta property=\"og:type\" content=\"article\" \/>\n<meta property=\"og:title\" content=\"RJ - Morro do Bumba: Um ano depois das chuvas de abril a trag\u00e9dia ainda continua! - PSOL 50\" \/>\n<meta property=\"og:description\" content=\"Ao completarmos um ano da trag\u00e9dia das chuvas em Niter\u00f3i, em primeiro lugar, rendemos homenagem aos 169 trabalhadores que perderam suas vidas por residirem em comunidades abandonadas pelo poder p\u00fablico. Aos seus familiares e amigos, oferecemos nossa solidariedade. As chuvas e desabamentos que assolaram Niter\u00f3i em abril de 2010 deixaram o munic\u00edpio em uma situa\u00e7\u00e3o [&hellip;]\" \/>\n<meta property=\"og:url\" content=\"https:\/\/psol50.org.br\/rj-morro-do-bumba-um-ano-depois-das-chuvas-de-abril-a-tragedia-ainda-continua\/\" \/>\n<meta property=\"og:site_name\" content=\"PSOL 50\" \/>\n<meta property=\"article:publisher\" content=\"https:\/\/www.facebook.com\/psol50\" \/>\n<meta property=\"article:published_time\" content=\"2011-04-08T00:00:00+00:00\" \/>\n<meta property=\"og:image\" content=\"http:\/\/psol50.org.br\/files\/2011\/04\/MorroBumba-300x225.jpg\" \/>\n<meta name=\"author\" content=\"Comunica\u00e7\u00e3o PSOL\" \/>\n<meta name=\"twitter:card\" content=\"summary_large_image\" \/>\n<meta name=\"twitter:creator\" content=\"@psol50\" \/>\n<meta name=\"twitter:site\" content=\"@psol50\" \/>\n<meta name=\"twitter:label1\" content=\"Escrito por\" \/>\n\t<meta name=\"twitter:data1\" content=\"Comunica\u00e7\u00e3o PSOL\" \/>\n\t<meta name=\"twitter:label2\" content=\"Est. tempo de leitura\" \/>\n\t<meta name=\"twitter:data2\" content=\"6 minutos\" \/>\n<script type=\"application\/ld+json\" class=\"yoast-schema-graph\">{\"@context\":\"https:\/\/schema.org\",\"@graph\":[{\"@type\":\"Article\",\"@id\":\"https:\/\/psol50.org.br\/rj-morro-do-bumba-um-ano-depois-das-chuvas-de-abril-a-tragedia-ainda-continua\/#article\",\"isPartOf\":{\"@id\":\"https:\/\/psol50.org.br\/rj-morro-do-bumba-um-ano-depois-das-chuvas-de-abril-a-tragedia-ainda-continua\/\"},\"author\":{\"name\":\"Comunica\u00e7\u00e3o PSOL\",\"@id\":\"https:\/\/psol50.org.br\/#\/schema\/person\/475dfa57d0b815993c714c2e96491fcd\"},\"headline\":\"RJ &#8211; Morro do Bumba: Um ano depois das chuvas de abril a trag\u00e9dia ainda continua!\",\"datePublished\":\"2011-04-08T00:00:00+00:00\",\"mainEntityOfPage\":{\"@id\":\"https:\/\/psol50.org.br\/rj-morro-do-bumba-um-ano-depois-das-chuvas-de-abril-a-tragedia-ainda-continua\/\"},\"wordCount\":1191,\"commentCount\":0,\"publisher\":{\"@id\":\"https:\/\/psol50.org.br\/#organization\"},\"image\":{\"@id\":\"https:\/\/psol50.org.br\/rj-morro-do-bumba-um-ano-depois-das-chuvas-de-abril-a-tragedia-ainda-continua\/#primaryimage\"},\"thumbnailUrl\":\"http:\/\/psol50.org.br\/files\/2011\/04\/MorroBumba-300x225.jpg\",\"articleSection\":[\"Arquivo\"],\"inLanguage\":\"pt-BR\",\"potentialAction\":[{\"@type\":\"CommentAction\",\"name\":\"Comment\",\"target\":[\"https:\/\/psol50.org.br\/rj-morro-do-bumba-um-ano-depois-das-chuvas-de-abril-a-tragedia-ainda-continua\/#respond\"]}]},{\"@type\":\"WebPage\",\"@id\":\"https:\/\/psol50.org.br\/rj-morro-do-bumba-um-ano-depois-das-chuvas-de-abril-a-tragedia-ainda-continua\/\",\"url\":\"https:\/\/psol50.org.br\/rj-morro-do-bumba-um-ano-depois-das-chuvas-de-abril-a-tragedia-ainda-continua\/\",\"name\":\"RJ - Morro do Bumba: Um ano depois das chuvas de abril a trag\u00e9dia ainda continua! - PSOL 50\",\"isPartOf\":{\"@id\":\"https:\/\/psol50.org.br\/#website\"},\"primaryImageOfPage\":{\"@id\":\"https:\/\/psol50.org.br\/rj-morro-do-bumba-um-ano-depois-das-chuvas-de-abril-a-tragedia-ainda-continua\/#primaryimage\"},\"image\":{\"@id\":\"https:\/\/psol50.org.br\/rj-morro-do-bumba-um-ano-depois-das-chuvas-de-abril-a-tragedia-ainda-continua\/#primaryimage\"},\"thumbnailUrl\":\"http:\/\/psol50.org.br\/files\/2011\/04\/MorroBumba-300x225.jpg\",\"datePublished\":\"2011-04-08T00:00:00+00:00\",\"breadcrumb\":{\"@id\":\"https:\/\/psol50.org.br\/rj-morro-do-bumba-um-ano-depois-das-chuvas-de-abril-a-tragedia-ainda-continua\/#breadcrumb\"},\"inLanguage\":\"pt-BR\",\"potentialAction\":[{\"@type\":\"ReadAction\",\"target\":[\"https:\/\/psol50.org.br\/rj-morro-do-bumba-um-ano-depois-das-chuvas-de-abril-a-tragedia-ainda-continua\/\"]}]},{\"@type\":\"ImageObject\",\"inLanguage\":\"pt-BR\",\"@id\":\"https:\/\/psol50.org.br\/rj-morro-do-bumba-um-ano-depois-das-chuvas-de-abril-a-tragedia-ainda-continua\/#primaryimage\",\"url\":\"http:\/\/psol50.org.br\/files\/2011\/04\/MorroBumba-300x225.jpg\",\"contentUrl\":\"http:\/\/psol50.org.br\/files\/2011\/04\/MorroBumba-300x225.jpg\"},{\"@type\":\"BreadcrumbList\",\"@id\":\"https:\/\/psol50.org.br\/rj-morro-do-bumba-um-ano-depois-das-chuvas-de-abril-a-tragedia-ainda-continua\/#breadcrumb\",\"itemListElement\":[{\"@type\":\"ListItem\",\"position\":1,\"name\":\"In\u00edcio\",\"item\":\"https:\/\/psol50.org.br\/\"},{\"@type\":\"ListItem\",\"position\":2,\"name\":\"RJ &#8211; Morro do Bumba: Um ano depois das chuvas de abril a trag\u00e9dia ainda continua!\"}]},{\"@type\":\"WebSite\",\"@id\":\"https:\/\/psol50.org.br\/#website\",\"url\":\"https:\/\/psol50.org.br\/\",\"name\":\"PSOL 50\",\"description\":\"Site oficial do Partido Socialismo e Liberdade\",\"publisher\":{\"@id\":\"https:\/\/psol50.org.br\/#organization\"},\"alternateName\":\"PSOL50\",\"potentialAction\":[{\"@type\":\"SearchAction\",\"target\":{\"@type\":\"EntryPoint\",\"urlTemplate\":\"https:\/\/psol50.org.br\/?s={search_term_string}\"},\"query-input\":{\"@type\":\"PropertyValueSpecification\",\"valueRequired\":true,\"valueName\":\"search_term_string\"}}],\"inLanguage\":\"pt-BR\"},{\"@type\":\"Organization\",\"@id\":\"https:\/\/psol50.org.br\/#organization\",\"name\":\"PSOL 50\",\"alternateName\":\"PSOL 50\",\"url\":\"https:\/\/psol50.org.br\/\",\"logo\":{\"@type\":\"ImageObject\",\"inLanguage\":\"pt-BR\",\"@id\":\"https:\/\/psol50.org.br\/#\/schema\/logo\/image\/\",\"url\":\"https:\/\/psol50.org.br\/inc\/uploads\/2018\/07\/capa.png\",\"contentUrl\":\"https:\/\/psol50.org.br\/inc\/uploads\/2018\/07\/capa.png\",\"width\":1350,\"height\":900,\"caption\":\"PSOL 50\"},\"image\":{\"@id\":\"https:\/\/psol50.org.br\/#\/schema\/logo\/image\/\"},\"sameAs\":[\"https:\/\/www.facebook.com\/psol50\",\"https:\/\/x.com\/psol50\",\"https:\/\/www.instagram.com\/psol50\/\",\"https:\/\/www.youtube.com\/channel\/UC7SnJS5o1os7a6CaiNabzcg\"]},{\"@type\":\"Person\",\"@id\":\"https:\/\/psol50.org.br\/#\/schema\/person\/475dfa57d0b815993c714c2e96491fcd\",\"name\":\"Comunica\u00e7\u00e3o PSOL\",\"image\":{\"@type\":\"ImageObject\",\"inLanguage\":\"pt-BR\",\"@id\":\"https:\/\/psol50.org.br\/#\/schema\/person\/image\/\",\"url\":\"https:\/\/secure.gravatar.com\/avatar\/b34fc4f4e468a4e51785917065a3db57b841f5c95dba6ad8c73aaf8f66f8f9bf?s=96&d=mm&r=g\",\"contentUrl\":\"https:\/\/secure.gravatar.com\/avatar\/b34fc4f4e468a4e51785917065a3db57b841f5c95dba6ad8c73aaf8f66f8f9bf?s=96&d=mm&r=g\",\"caption\":\"Comunica\u00e7\u00e3o PSOL\"}}]}<\/script>\n<!-- \/ Yoast SEO plugin. -->","yoast_head_json":{"title":"RJ - Morro do Bumba: Um ano depois das chuvas de abril a trag\u00e9dia ainda continua! - PSOL 50","robots":{"index":"index","follow":"follow","max-snippet":"max-snippet:-1","max-image-preview":"max-image-preview:large","max-video-preview":"max-video-preview:-1"},"canonical":"https:\/\/psol50.org.br\/rj-morro-do-bumba-um-ano-depois-das-chuvas-de-abril-a-tragedia-ainda-continua\/","og_locale":"pt_BR","og_type":"article","og_title":"RJ - Morro do Bumba: Um ano depois das chuvas de abril a trag\u00e9dia ainda continua! - PSOL 50","og_description":"Ao completarmos um ano da trag\u00e9dia das chuvas em Niter\u00f3i, em primeiro lugar, rendemos homenagem aos 169 trabalhadores que perderam suas vidas por residirem em comunidades abandonadas pelo poder p\u00fablico. Aos seus familiares e amigos, oferecemos nossa solidariedade. As chuvas e desabamentos que assolaram Niter\u00f3i em abril de 2010 deixaram o munic\u00edpio em uma situa\u00e7\u00e3o [&hellip;]","og_url":"https:\/\/psol50.org.br\/rj-morro-do-bumba-um-ano-depois-das-chuvas-de-abril-a-tragedia-ainda-continua\/","og_site_name":"PSOL 50","article_publisher":"https:\/\/www.facebook.com\/psol50","article_published_time":"2011-04-08T00:00:00+00:00","og_image":[{"url":"http:\/\/psol50.org.br\/files\/2011\/04\/MorroBumba-300x225.jpg","type":"","width":"","height":""}],"author":"Comunica\u00e7\u00e3o PSOL","twitter_card":"summary_large_image","twitter_creator":"@psol50","twitter_site":"@psol50","twitter_misc":{"Escrito por":"Comunica\u00e7\u00e3o PSOL","Est. tempo de leitura":"6 minutos"},"schema":{"@context":"https:\/\/schema.org","@graph":[{"@type":"Article","@id":"https:\/\/psol50.org.br\/rj-morro-do-bumba-um-ano-depois-das-chuvas-de-abril-a-tragedia-ainda-continua\/#article","isPartOf":{"@id":"https:\/\/psol50.org.br\/rj-morro-do-bumba-um-ano-depois-das-chuvas-de-abril-a-tragedia-ainda-continua\/"},"author":{"name":"Comunica\u00e7\u00e3o PSOL","@id":"https:\/\/psol50.org.br\/#\/schema\/person\/475dfa57d0b815993c714c2e96491fcd"},"headline":"RJ &#8211; Morro do Bumba: Um ano depois das chuvas de abril a trag\u00e9dia ainda continua!","datePublished":"2011-04-08T00:00:00+00:00","mainEntityOfPage":{"@id":"https:\/\/psol50.org.br\/rj-morro-do-bumba-um-ano-depois-das-chuvas-de-abril-a-tragedia-ainda-continua\/"},"wordCount":1191,"commentCount":0,"publisher":{"@id":"https:\/\/psol50.org.br\/#organization"},"image":{"@id":"https:\/\/psol50.org.br\/rj-morro-do-bumba-um-ano-depois-das-chuvas-de-abril-a-tragedia-ainda-continua\/#primaryimage"},"thumbnailUrl":"http:\/\/psol50.org.br\/files\/2011\/04\/MorroBumba-300x225.jpg","articleSection":["Arquivo"],"inLanguage":"pt-BR","potentialAction":[{"@type":"CommentAction","name":"Comment","target":["https:\/\/psol50.org.br\/rj-morro-do-bumba-um-ano-depois-das-chuvas-de-abril-a-tragedia-ainda-continua\/#respond"]}]},{"@type":"WebPage","@id":"https:\/\/psol50.org.br\/rj-morro-do-bumba-um-ano-depois-das-chuvas-de-abril-a-tragedia-ainda-continua\/","url":"https:\/\/psol50.org.br\/rj-morro-do-bumba-um-ano-depois-das-chuvas-de-abril-a-tragedia-ainda-continua\/","name":"RJ - Morro do Bumba: Um ano depois das chuvas de abril a trag\u00e9dia ainda continua! - PSOL 50","isPartOf":{"@id":"https:\/\/psol50.org.br\/#website"},"primaryImageOfPage":{"@id":"https:\/\/psol50.org.br\/rj-morro-do-bumba-um-ano-depois-das-chuvas-de-abril-a-tragedia-ainda-continua\/#primaryimage"},"image":{"@id":"https:\/\/psol50.org.br\/rj-morro-do-bumba-um-ano-depois-das-chuvas-de-abril-a-tragedia-ainda-continua\/#primaryimage"},"thumbnailUrl":"http:\/\/psol50.org.br\/files\/2011\/04\/MorroBumba-300x225.jpg","datePublished":"2011-04-08T00:00:00+00:00","breadcrumb":{"@id":"https:\/\/psol50.org.br\/rj-morro-do-bumba-um-ano-depois-das-chuvas-de-abril-a-tragedia-ainda-continua\/#breadcrumb"},"inLanguage":"pt-BR","potentialAction":[{"@type":"ReadAction","target":["https:\/\/psol50.org.br\/rj-morro-do-bumba-um-ano-depois-das-chuvas-de-abril-a-tragedia-ainda-continua\/"]}]},{"@type":"ImageObject","inLanguage":"pt-BR","@id":"https:\/\/psol50.org.br\/rj-morro-do-bumba-um-ano-depois-das-chuvas-de-abril-a-tragedia-ainda-continua\/#primaryimage","url":"http:\/\/psol50.org.br\/files\/2011\/04\/MorroBumba-300x225.jpg","contentUrl":"http:\/\/psol50.org.br\/files\/2011\/04\/MorroBumba-300x225.jpg"},{"@type":"BreadcrumbList","@id":"https:\/\/psol50.org.br\/rj-morro-do-bumba-um-ano-depois-das-chuvas-de-abril-a-tragedia-ainda-continua\/#breadcrumb","itemListElement":[{"@type":"ListItem","position":1,"name":"In\u00edcio","item":"https:\/\/psol50.org.br\/"},{"@type":"ListItem","position":2,"name":"RJ &#8211; Morro do Bumba: Um ano depois das chuvas de abril a trag\u00e9dia ainda continua!"}]},{"@type":"WebSite","@id":"https:\/\/psol50.org.br\/#website","url":"https:\/\/psol50.org.br\/","name":"PSOL 50","description":"Site oficial do Partido Socialismo e Liberdade","publisher":{"@id":"https:\/\/psol50.org.br\/#organization"},"alternateName":"PSOL50","potentialAction":[{"@type":"SearchAction","target":{"@type":"EntryPoint","urlTemplate":"https:\/\/psol50.org.br\/?s={search_term_string}"},"query-input":{"@type":"PropertyValueSpecification","valueRequired":true,"valueName":"search_term_string"}}],"inLanguage":"pt-BR"},{"@type":"Organization","@id":"https:\/\/psol50.org.br\/#organization","name":"PSOL 50","alternateName":"PSOL 50","url":"https:\/\/psol50.org.br\/","logo":{"@type":"ImageObject","inLanguage":"pt-BR","@id":"https:\/\/psol50.org.br\/#\/schema\/logo\/image\/","url":"https:\/\/psol50.org.br\/inc\/uploads\/2018\/07\/capa.png","contentUrl":"https:\/\/psol50.org.br\/inc\/uploads\/2018\/07\/capa.png","width":1350,"height":900,"caption":"PSOL 50"},"image":{"@id":"https:\/\/psol50.org.br\/#\/schema\/logo\/image\/"},"sameAs":["https:\/\/www.facebook.com\/psol50","https:\/\/x.com\/psol50","https:\/\/www.instagram.com\/psol50\/","https:\/\/www.youtube.com\/channel\/UC7SnJS5o1os7a6CaiNabzcg"]},{"@type":"Person","@id":"https:\/\/psol50.org.br\/#\/schema\/person\/475dfa57d0b815993c714c2e96491fcd","name":"Comunica\u00e7\u00e3o PSOL","image":{"@type":"ImageObject","inLanguage":"pt-BR","@id":"https:\/\/psol50.org.br\/#\/schema\/person\/image\/","url":"https:\/\/secure.gravatar.com\/avatar\/b34fc4f4e468a4e51785917065a3db57b841f5c95dba6ad8c73aaf8f66f8f9bf?s=96&d=mm&r=g","contentUrl":"https:\/\/secure.gravatar.com\/avatar\/b34fc4f4e468a4e51785917065a3db57b841f5c95dba6ad8c73aaf8f66f8f9bf?s=96&d=mm&r=g","caption":"Comunica\u00e7\u00e3o PSOL"}}]}},"_links":{"self":[{"href":"https:\/\/psol50.org.br\/rest\/wp\/v2\/posts\/1518","targetHints":{"allow":["GET"]}}],"collection":[{"href":"https:\/\/psol50.org.br\/rest\/wp\/v2\/posts"}],"about":[{"href":"https:\/\/psol50.org.br\/rest\/wp\/v2\/types\/post"}],"author":[{"embeddable":true,"href":"https:\/\/psol50.org.br\/rest\/wp\/v2\/users\/2"}],"replies":[{"embeddable":true,"href":"https:\/\/psol50.org.br\/rest\/wp\/v2\/comments?post=1518"}],"version-history":[{"count":0,"href":"https:\/\/psol50.org.br\/rest\/wp\/v2\/posts\/1518\/revisions"}],"wp:attachment":[{"href":"https:\/\/psol50.org.br\/rest\/wp\/v2\/media?parent=1518"}],"wp:term":[{"taxonomy":"category","embeddable":true,"href":"https:\/\/psol50.org.br\/rest\/wp\/v2\/categories?post=1518"},{"taxonomy":"post_tag","embeddable":true,"href":"https:\/\/psol50.org.br\/rest\/wp\/v2\/tags?post=1518"}],"curies":[{"name":"wp","href":"https:\/\/api.w.org\/{rel}","templated":true}]}}