{"id":15203,"date":"2017-01-23T13:46:40","date_gmt":"2017-01-23T13:46:40","guid":{"rendered":"http:\/\/www.psol50.org.br\/?p=15203"},"modified":"2017-01-23T13:46:40","modified_gmt":"2017-01-23T13:46:40","slug":"milhares-vao-as-ruas-contra-a-politica-conservadora-de-trump","status":"publish","type":"post","link":"https:\/\/psol50.org.br\/milhares-vao-as-ruas-contra-a-politica-conservadora-de-trump\/","title":{"rendered":"Milhares v\u00e3o \u00e0s ruas contra a pol\u00edtica conservadora de Trump"},"content":{"rendered":"<p>As ruas do centro de Washington, capital dos Estados Unidos, ficaram tomadas no \u00faltimo s\u00e1bado (21\/01), durante a posse do novo presidente Donald Trump. Convocada nas redes sociais, a Marcha das Mulheres (Women\u2019s march) reuniu milhares de pessoas, entre homens e mulheres, que protestaram contra a pol\u00edtica defendida pelo novo l\u00edder da maior pot\u00eancia imperialista mundial.<\/p>\n<p>Segundo a organiza\u00e7\u00e3o, cerca de 500 mil pessoas, de todo o pa\u00eds, compareceram \u00e0 marcha de Washington. Na pauta, os direitos das mulheres, dos negros, da comunidade LGBT, dos imigrantes e de outros setores vulner\u00e1veis pela opress\u00e3o, que correr\u00e3o ainda mais riscos sob a gest\u00e3o do republicano.<\/p>\n<p>Al\u00e9m de militantes de organiza\u00e7\u00f5es que lutam em defesa dos direitos humanos, diversas personalistas pol\u00edticas e art\u00edsticas apareceram na manifesta\u00e7\u00e3o, como a cantora Madonna, o cineasta Michel Moore e a professora universit\u00e1ria, fil\u00f3sofa e feminista negra \u00c2ngela Davis.<\/p>\n<p>\u201cEsta \u00e9 uma Marcha das Mulheres e ela representa a promessa de um feminismo contra o pernicioso poder da viol\u00eancia do Estado. E um feminismo inclusivo e interseccional que convoca todos n\u00f3s a resist\u00eancia contra o racismo, a islamofobia, ao anti-semitismo, a misoginia e a explora\u00e7\u00e3o capitalista\u201d, disse, em seu <a href=\"http:\/\/www.brasilpost.com.br\/2017\/01\/22\/angela-davis-discurso-feminismo_n_14316876.html\" target=\"_blank\" rel=\"noopener\"><span style=\"color: #0000ff\">discurso<\/span><\/a>, Davis, conhecida pela sua milit\u00e2ncia no Panteras Negras e tamb\u00e9m no Partido Comunista dos EUA.<\/p>\n<figure id=\"attachment_15204\" aria-describedby=\"caption-attachment-15204\" style=\"width: 570px\" class=\"wp-caption aligncenter\"><img loading=\"lazy\" decoding=\"async\" class=\"wp-image-15204 size-full\" src=\"http:\/\/www.psol50.org.br\/2017teste\/inc\/uploads\/2017\/01\/o-ANGELA-DAVIS-570_PaulMorigi_GettyImages.jpg\" width=\"570\" height=\"377\" \/><figcaption id=\"caption-attachment-15204\" class=\"wp-caption-text\"><em>Paul Morigi\/GettyImage<\/em><\/figcaption><\/figure>\n<p>A fil\u00f3sofa terminou seu discurso pontuando os desafios que ter\u00e3o pela frente, ao longo do mandato de Donald Trump. \u201cNos pr\u00f3ximos meses e anos n\u00f3s estamos convocadas a intensificar nossas demandas por justi\u00e7a social e nos tornarmos mais militantes em nossa defesa das popula\u00e7\u00f5es vulner\u00e1veis. Aqueles que ainda defendem a supremacia masculina branca e h\u00e9tero-patriarcal devem ter cuidado! Os pr\u00f3ximos 1459 dias da gest\u00e3o Trump ser\u00e3o 1459 dias de resist\u00eancia: Resist\u00eancia nas ruas, nas escolas, no trabalho, resist\u00eancia em nossa arte e em nossa m\u00fasica\u201d.<\/p>\n<p>Preocupados com as consequ\u00eancias da pol\u00edtica conservadora de Trump para o resto do mundo, ativistas tamb\u00e9m realizaram manifesta\u00e7\u00f5es em outras capitais, como Nova Yorque, Boston, Los Angeles, Seatle, Londres, Paris, Berlim, Amsterd\u00e3, Atenas, Genebra, Roma, Estocolmo e Sidney.<\/p>\n<figure id=\"attachment_15205\" aria-describedby=\"caption-attachment-15205\" style=\"width: 560px\" class=\"wp-caption aligncenter\"><img loading=\"lazy\" decoding=\"async\" class=\"wp-image-15205 size-full\" src=\"http:\/\/www.psol50.org.br\/2017teste\/inc\/uploads\/2017\/01\/MarchaWashington_JoseLuisMagana_AP.jpg\" width=\"560\" height=\"423\" \/><figcaption id=\"caption-attachment-15205\" class=\"wp-caption-text\"><em>Jose Luis Magana\/AP<\/em><\/figcaption><\/figure>\n","protected":false},"excerpt":{"rendered":"<p>As ruas do centro de Washington, capital dos Estados Unidos, ficaram tomadas no \u00faltimo s\u00e1bado (21\/01), durante a posse do novo presidente Donald Trump. Convocada nas redes sociais, a Marcha das Mulheres (Women\u2019s march) reuniu milhares de pessoas, entre homens e mulheres, que protestaram contra a pol\u00edtica defendida pelo novo l\u00edder da maior pot\u00eancia imperialista [&hellip;]<\/p>\n","protected":false},"author":2,"featured_media":15206,"comment_status":"open","ping_status":"open","sticky":false,"template":"","format":"standard","meta":{"_acf_changed":false,"footnotes":""},"categories":[836,6],"tags":[2819,534,1244,16,2820,2821,2822,2823,2824,2825],"class_list":{"0":"post-15203","1":"post","2":"type-post","3":"status-publish","4":"format-standard","5":"has-post-thumbnail","7":"category-internacional","8":"category-noticias","9":"tag-angela-davis","10":"tag-direitos-humanos","11":"tag-donald-trump","12":"tag-eua","13":"tag-madonna","14":"tag-marcha-das-mulheres","15":"tag-michel-moore","16":"tag-republicano","17":"tag-washington","18":"tag-womens-march"},"acf":[],"yoast_head":"<!-- This site is optimized with the Yoast SEO plugin v26.5 - https:\/\/yoast.com\/wordpress\/plugins\/seo\/ -->\n<title>Milhares v\u00e3o \u00e0s ruas contra a pol\u00edtica conservadora de Trump - PSOL 50<\/title>\n<meta name=\"robots\" content=\"index, follow, max-snippet:-1, max-image-preview:large, max-video-preview:-1\" \/>\n<link rel=\"canonical\" href=\"https:\/\/psol50.org.br\/milhares-vao-as-ruas-contra-a-politica-conservadora-de-trump\/\" \/>\n<meta property=\"og:locale\" content=\"pt_BR\" \/>\n<meta property=\"og:type\" content=\"article\" \/>\n<meta property=\"og:title\" content=\"Milhares v\u00e3o \u00e0s ruas contra a pol\u00edtica conservadora de Trump - PSOL 50\" \/>\n<meta property=\"og:description\" content=\"As ruas do centro de Washington, capital dos Estados Unidos, ficaram tomadas no \u00faltimo s\u00e1bado (21\/01), durante a posse do novo presidente Donald Trump. Convocada nas redes sociais, a Marcha das Mulheres (Women\u2019s march) reuniu milhares de pessoas, entre homens e mulheres, que protestaram contra a pol\u00edtica defendida pelo novo l\u00edder da maior pot\u00eancia imperialista [&hellip;]\" \/>\n<meta property=\"og:url\" content=\"https:\/\/psol50.org.br\/milhares-vao-as-ruas-contra-a-politica-conservadora-de-trump\/\" \/>\n<meta property=\"og:site_name\" content=\"PSOL 50\" \/>\n<meta property=\"article:publisher\" content=\"https:\/\/www.facebook.com\/psol50\" \/>\n<meta property=\"article:published_time\" content=\"2017-01-23T13:46:40+00:00\" \/>\n<meta property=\"og:image\" content=\"https:\/\/psol50.org.br\/inc\/uploads\/2018\/07\/capa.png\" \/>\n\t<meta property=\"og:image:width\" content=\"1350\" \/>\n\t<meta property=\"og:image:height\" content=\"900\" \/>\n\t<meta property=\"og:image:type\" content=\"image\/png\" \/>\n<meta name=\"author\" content=\"Comunica\u00e7\u00e3o PSOL\" \/>\n<meta name=\"twitter:card\" content=\"summary_large_image\" \/>\n<meta name=\"twitter:creator\" content=\"@psol50\" \/>\n<meta name=\"twitter:site\" content=\"@psol50\" \/>\n<meta name=\"twitter:label1\" content=\"Escrito por\" \/>\n\t<meta name=\"twitter:data1\" content=\"Comunica\u00e7\u00e3o PSOL\" \/>\n\t<meta name=\"twitter:label2\" content=\"Est. tempo de leitura\" \/>\n\t<meta name=\"twitter:data2\" content=\"2 minutos\" \/>\n<script type=\"application\/ld+json\" class=\"yoast-schema-graph\">{\"@context\":\"https:\/\/schema.org\",\"@graph\":[{\"@type\":\"Article\",\"@id\":\"https:\/\/psol50.org.br\/milhares-vao-as-ruas-contra-a-politica-conservadora-de-trump\/#article\",\"isPartOf\":{\"@id\":\"https:\/\/psol50.org.br\/milhares-vao-as-ruas-contra-a-politica-conservadora-de-trump\/\"},\"author\":{\"name\":\"Comunica\u00e7\u00e3o PSOL\",\"@id\":\"https:\/\/psol50.org.br\/#\/schema\/person\/475dfa57d0b815993c714c2e96491fcd\"},\"headline\":\"Milhares v\u00e3o \u00e0s ruas contra a pol\u00edtica conservadora de Trump\",\"datePublished\":\"2017-01-23T13:46:40+00:00\",\"mainEntityOfPage\":{\"@id\":\"https:\/\/psol50.org.br\/milhares-vao-as-ruas-contra-a-politica-conservadora-de-trump\/\"},\"wordCount\":400,\"commentCount\":0,\"publisher\":{\"@id\":\"https:\/\/psol50.org.br\/#organization\"},\"image\":{\"@id\":\"https:\/\/psol50.org.br\/milhares-vao-as-ruas-contra-a-politica-conservadora-de-trump\/#primaryimage\"},\"thumbnailUrl\":\"\",\"keywords\":[\"\u00c2ngela Davis\",\"direitos humanos\",\"Donald Trump\",\"EUA\",\"Madonna\",\"Marcha das Mulheres\",\"Michel Moore\",\"republicano\",\"Washington\",\"Women\u2019s march\"],\"articleSection\":[\"Internacional\",\"Not\u00edcias\"],\"inLanguage\":\"pt-BR\",\"potentialAction\":[{\"@type\":\"CommentAction\",\"name\":\"Comment\",\"target\":[\"https:\/\/psol50.org.br\/milhares-vao-as-ruas-contra-a-politica-conservadora-de-trump\/#respond\"]}]},{\"@type\":\"WebPage\",\"@id\":\"https:\/\/psol50.org.br\/milhares-vao-as-ruas-contra-a-politica-conservadora-de-trump\/\",\"url\":\"https:\/\/psol50.org.br\/milhares-vao-as-ruas-contra-a-politica-conservadora-de-trump\/\",\"name\":\"Milhares v\u00e3o \u00e0s ruas contra a pol\u00edtica conservadora de Trump - PSOL 50\",\"isPartOf\":{\"@id\":\"https:\/\/psol50.org.br\/#website\"},\"primaryImageOfPage\":{\"@id\":\"https:\/\/psol50.org.br\/milhares-vao-as-ruas-contra-a-politica-conservadora-de-trump\/#primaryimage\"},\"image\":{\"@id\":\"https:\/\/psol50.org.br\/milhares-vao-as-ruas-contra-a-politica-conservadora-de-trump\/#primaryimage\"},\"thumbnailUrl\":\"\",\"datePublished\":\"2017-01-23T13:46:40+00:00\",\"breadcrumb\":{\"@id\":\"https:\/\/psol50.org.br\/milhares-vao-as-ruas-contra-a-politica-conservadora-de-trump\/#breadcrumb\"},\"inLanguage\":\"pt-BR\",\"potentialAction\":[{\"@type\":\"ReadAction\",\"target\":[\"https:\/\/psol50.org.br\/milhares-vao-as-ruas-contra-a-politica-conservadora-de-trump\/\"]}]},{\"@type\":\"ImageObject\",\"inLanguage\":\"pt-BR\",\"@id\":\"https:\/\/psol50.org.br\/milhares-vao-as-ruas-contra-a-politica-conservadora-de-trump\/#primaryimage\",\"url\":\"\",\"contentUrl\":\"\"},{\"@type\":\"BreadcrumbList\",\"@id\":\"https:\/\/psol50.org.br\/milhares-vao-as-ruas-contra-a-politica-conservadora-de-trump\/#breadcrumb\",\"itemListElement\":[{\"@type\":\"ListItem\",\"position\":1,\"name\":\"In\u00edcio\",\"item\":\"https:\/\/psol50.org.br\/\"},{\"@type\":\"ListItem\",\"position\":2,\"name\":\"Milhares v\u00e3o \u00e0s ruas contra a pol\u00edtica conservadora de Trump\"}]},{\"@type\":\"WebSite\",\"@id\":\"https:\/\/psol50.org.br\/#website\",\"url\":\"https:\/\/psol50.org.br\/\",\"name\":\"PSOL 50\",\"description\":\"Site oficial do Partido Socialismo e Liberdade\",\"publisher\":{\"@id\":\"https:\/\/psol50.org.br\/#organization\"},\"alternateName\":\"PSOL50\",\"potentialAction\":[{\"@type\":\"SearchAction\",\"target\":{\"@type\":\"EntryPoint\",\"urlTemplate\":\"https:\/\/psol50.org.br\/?s={search_term_string}\"},\"query-input\":{\"@type\":\"PropertyValueSpecification\",\"valueRequired\":true,\"valueName\":\"search_term_string\"}}],\"inLanguage\":\"pt-BR\"},{\"@type\":\"Organization\",\"@id\":\"https:\/\/psol50.org.br\/#organization\",\"name\":\"PSOL 50\",\"alternateName\":\"PSOL 50\",\"url\":\"https:\/\/psol50.org.br\/\",\"logo\":{\"@type\":\"ImageObject\",\"inLanguage\":\"pt-BR\",\"@id\":\"https:\/\/psol50.org.br\/#\/schema\/logo\/image\/\",\"url\":\"https:\/\/psol50.org.br\/inc\/uploads\/2018\/07\/capa.png\",\"contentUrl\":\"https:\/\/psol50.org.br\/inc\/uploads\/2018\/07\/capa.png\",\"width\":1350,\"height\":900,\"caption\":\"PSOL 50\"},\"image\":{\"@id\":\"https:\/\/psol50.org.br\/#\/schema\/logo\/image\/\"},\"sameAs\":[\"https:\/\/www.facebook.com\/psol50\",\"https:\/\/x.com\/psol50\",\"https:\/\/www.instagram.com\/psol50\/\",\"https:\/\/www.youtube.com\/channel\/UC7SnJS5o1os7a6CaiNabzcg\"]},{\"@type\":\"Person\",\"@id\":\"https:\/\/psol50.org.br\/#\/schema\/person\/475dfa57d0b815993c714c2e96491fcd\",\"name\":\"Comunica\u00e7\u00e3o PSOL\",\"image\":{\"@type\":\"ImageObject\",\"inLanguage\":\"pt-BR\",\"@id\":\"https:\/\/psol50.org.br\/#\/schema\/person\/image\/\",\"url\":\"https:\/\/secure.gravatar.com\/avatar\/b34fc4f4e468a4e51785917065a3db57b841f5c95dba6ad8c73aaf8f66f8f9bf?s=96&d=mm&r=g\",\"contentUrl\":\"https:\/\/secure.gravatar.com\/avatar\/b34fc4f4e468a4e51785917065a3db57b841f5c95dba6ad8c73aaf8f66f8f9bf?s=96&d=mm&r=g\",\"caption\":\"Comunica\u00e7\u00e3o PSOL\"}}]}<\/script>\n<!-- \/ Yoast SEO plugin. -->","yoast_head_json":{"title":"Milhares v\u00e3o \u00e0s ruas contra a pol\u00edtica conservadora de Trump - PSOL 50","robots":{"index":"index","follow":"follow","max-snippet":"max-snippet:-1","max-image-preview":"max-image-preview:large","max-video-preview":"max-video-preview:-1"},"canonical":"https:\/\/psol50.org.br\/milhares-vao-as-ruas-contra-a-politica-conservadora-de-trump\/","og_locale":"pt_BR","og_type":"article","og_title":"Milhares v\u00e3o \u00e0s ruas contra a pol\u00edtica conservadora de Trump - PSOL 50","og_description":"As ruas do centro de Washington, capital dos Estados Unidos, ficaram tomadas no \u00faltimo s\u00e1bado (21\/01), durante a posse do novo presidente Donald Trump. Convocada nas redes sociais, a Marcha das Mulheres (Women\u2019s march) reuniu milhares de pessoas, entre homens e mulheres, que protestaram contra a pol\u00edtica defendida pelo novo l\u00edder da maior pot\u00eancia imperialista [&hellip;]","og_url":"https:\/\/psol50.org.br\/milhares-vao-as-ruas-contra-a-politica-conservadora-de-trump\/","og_site_name":"PSOL 50","article_publisher":"https:\/\/www.facebook.com\/psol50","article_published_time":"2017-01-23T13:46:40+00:00","og_image":[{"width":1350,"height":900,"url":"https:\/\/psol50.org.br\/inc\/uploads\/2018\/07\/capa.png","type":"image\/png"}],"author":"Comunica\u00e7\u00e3o PSOL","twitter_card":"summary_large_image","twitter_creator":"@psol50","twitter_site":"@psol50","twitter_misc":{"Escrito por":"Comunica\u00e7\u00e3o PSOL","Est. tempo de leitura":"2 minutos"},"schema":{"@context":"https:\/\/schema.org","@graph":[{"@type":"Article","@id":"https:\/\/psol50.org.br\/milhares-vao-as-ruas-contra-a-politica-conservadora-de-trump\/#article","isPartOf":{"@id":"https:\/\/psol50.org.br\/milhares-vao-as-ruas-contra-a-politica-conservadora-de-trump\/"},"author":{"name":"Comunica\u00e7\u00e3o PSOL","@id":"https:\/\/psol50.org.br\/#\/schema\/person\/475dfa57d0b815993c714c2e96491fcd"},"headline":"Milhares v\u00e3o \u00e0s ruas contra a pol\u00edtica conservadora de Trump","datePublished":"2017-01-23T13:46:40+00:00","mainEntityOfPage":{"@id":"https:\/\/psol50.org.br\/milhares-vao-as-ruas-contra-a-politica-conservadora-de-trump\/"},"wordCount":400,"commentCount":0,"publisher":{"@id":"https:\/\/psol50.org.br\/#organization"},"image":{"@id":"https:\/\/psol50.org.br\/milhares-vao-as-ruas-contra-a-politica-conservadora-de-trump\/#primaryimage"},"thumbnailUrl":"","keywords":["\u00c2ngela Davis","direitos humanos","Donald Trump","EUA","Madonna","Marcha das Mulheres","Michel Moore","republicano","Washington","Women\u2019s march"],"articleSection":["Internacional","Not\u00edcias"],"inLanguage":"pt-BR","potentialAction":[{"@type":"CommentAction","name":"Comment","target":["https:\/\/psol50.org.br\/milhares-vao-as-ruas-contra-a-politica-conservadora-de-trump\/#respond"]}]},{"@type":"WebPage","@id":"https:\/\/psol50.org.br\/milhares-vao-as-ruas-contra-a-politica-conservadora-de-trump\/","url":"https:\/\/psol50.org.br\/milhares-vao-as-ruas-contra-a-politica-conservadora-de-trump\/","name":"Milhares v\u00e3o \u00e0s ruas contra a pol\u00edtica conservadora de Trump - PSOL 50","isPartOf":{"@id":"https:\/\/psol50.org.br\/#website"},"primaryImageOfPage":{"@id":"https:\/\/psol50.org.br\/milhares-vao-as-ruas-contra-a-politica-conservadora-de-trump\/#primaryimage"},"image":{"@id":"https:\/\/psol50.org.br\/milhares-vao-as-ruas-contra-a-politica-conservadora-de-trump\/#primaryimage"},"thumbnailUrl":"","datePublished":"2017-01-23T13:46:40+00:00","breadcrumb":{"@id":"https:\/\/psol50.org.br\/milhares-vao-as-ruas-contra-a-politica-conservadora-de-trump\/#breadcrumb"},"inLanguage":"pt-BR","potentialAction":[{"@type":"ReadAction","target":["https:\/\/psol50.org.br\/milhares-vao-as-ruas-contra-a-politica-conservadora-de-trump\/"]}]},{"@type":"ImageObject","inLanguage":"pt-BR","@id":"https:\/\/psol50.org.br\/milhares-vao-as-ruas-contra-a-politica-conservadora-de-trump\/#primaryimage","url":"","contentUrl":""},{"@type":"BreadcrumbList","@id":"https:\/\/psol50.org.br\/milhares-vao-as-ruas-contra-a-politica-conservadora-de-trump\/#breadcrumb","itemListElement":[{"@type":"ListItem","position":1,"name":"In\u00edcio","item":"https:\/\/psol50.org.br\/"},{"@type":"ListItem","position":2,"name":"Milhares v\u00e3o \u00e0s ruas contra a pol\u00edtica conservadora de Trump"}]},{"@type":"WebSite","@id":"https:\/\/psol50.org.br\/#website","url":"https:\/\/psol50.org.br\/","name":"PSOL 50","description":"Site oficial do Partido Socialismo e Liberdade","publisher":{"@id":"https:\/\/psol50.org.br\/#organization"},"alternateName":"PSOL50","potentialAction":[{"@type":"SearchAction","target":{"@type":"EntryPoint","urlTemplate":"https:\/\/psol50.org.br\/?s={search_term_string}"},"query-input":{"@type":"PropertyValueSpecification","valueRequired":true,"valueName":"search_term_string"}}],"inLanguage":"pt-BR"},{"@type":"Organization","@id":"https:\/\/psol50.org.br\/#organization","name":"PSOL 50","alternateName":"PSOL 50","url":"https:\/\/psol50.org.br\/","logo":{"@type":"ImageObject","inLanguage":"pt-BR","@id":"https:\/\/psol50.org.br\/#\/schema\/logo\/image\/","url":"https:\/\/psol50.org.br\/inc\/uploads\/2018\/07\/capa.png","contentUrl":"https:\/\/psol50.org.br\/inc\/uploads\/2018\/07\/capa.png","width":1350,"height":900,"caption":"PSOL 50"},"image":{"@id":"https:\/\/psol50.org.br\/#\/schema\/logo\/image\/"},"sameAs":["https:\/\/www.facebook.com\/psol50","https:\/\/x.com\/psol50","https:\/\/www.instagram.com\/psol50\/","https:\/\/www.youtube.com\/channel\/UC7SnJS5o1os7a6CaiNabzcg"]},{"@type":"Person","@id":"https:\/\/psol50.org.br\/#\/schema\/person\/475dfa57d0b815993c714c2e96491fcd","name":"Comunica\u00e7\u00e3o PSOL","image":{"@type":"ImageObject","inLanguage":"pt-BR","@id":"https:\/\/psol50.org.br\/#\/schema\/person\/image\/","url":"https:\/\/secure.gravatar.com\/avatar\/b34fc4f4e468a4e51785917065a3db57b841f5c95dba6ad8c73aaf8f66f8f9bf?s=96&d=mm&r=g","contentUrl":"https:\/\/secure.gravatar.com\/avatar\/b34fc4f4e468a4e51785917065a3db57b841f5c95dba6ad8c73aaf8f66f8f9bf?s=96&d=mm&r=g","caption":"Comunica\u00e7\u00e3o PSOL"}}]}},"_links":{"self":[{"href":"https:\/\/psol50.org.br\/rest\/wp\/v2\/posts\/15203","targetHints":{"allow":["GET"]}}],"collection":[{"href":"https:\/\/psol50.org.br\/rest\/wp\/v2\/posts"}],"about":[{"href":"https:\/\/psol50.org.br\/rest\/wp\/v2\/types\/post"}],"author":[{"embeddable":true,"href":"https:\/\/psol50.org.br\/rest\/wp\/v2\/users\/2"}],"replies":[{"embeddable":true,"href":"https:\/\/psol50.org.br\/rest\/wp\/v2\/comments?post=15203"}],"version-history":[{"count":0,"href":"https:\/\/psol50.org.br\/rest\/wp\/v2\/posts\/15203\/revisions"}],"wp:featuredmedia":[{"embeddable":true,"href":"https:\/\/psol50.org.br\/rest\/"}],"wp:attachment":[{"href":"https:\/\/psol50.org.br\/rest\/wp\/v2\/media?parent=15203"}],"wp:term":[{"taxonomy":"category","embeddable":true,"href":"https:\/\/psol50.org.br\/rest\/wp\/v2\/categories?post=15203"},{"taxonomy":"post_tag","embeddable":true,"href":"https:\/\/psol50.org.br\/rest\/wp\/v2\/tags?post=15203"}],"curies":[{"name":"wp","href":"https:\/\/api.w.org\/{rel}","templated":true}]}}