{"id":15220,"date":"2017-01-24T12:27:46","date_gmt":"2017-01-24T12:27:46","guid":{"rendered":"http:\/\/www.psol50.org.br\/?p=15220"},"modified":"2017-01-24T12:27:46","modified_gmt":"2017-01-24T12:27:46","slug":"por-iniciativa-do-psol-audiencia-publica-vai-discutir-reforma-da-previdencia-no-amapa","status":"publish","type":"post","link":"https:\/\/psol50.org.br\/por-iniciativa-do-psol-audiencia-publica-vai-discutir-reforma-da-previdencia-no-amapa\/","title":{"rendered":"Por iniciativa do PSOL, audi\u00eancia p\u00fablica vai discutir reforma da Previd\u00eancia no Amap\u00e1"},"content":{"rendered":"<p><em>O assunto ser\u00e1 discutido em Macap\u00e1, no dia 13 de fevereiro, com parlamentares do PSOL, representantes sindicais e sociedade civil<\/p>\n<p><\/em>Os parlamentares do PSOL no Amap\u00e1, deputado estadual Paulo Lemos e o vereador em Macap\u00e1 Rinaldo Martins, promover\u00e3o no pr\u00f3ximo dia 13 de fevereiro, no audit\u00f3rio Santana, do Sebrae-AP, uma audi\u00eancia p\u00fablica para discutir a reforma Previdenci\u00e1ria, prevista na PEC 287\/2016. O evento conta com o apoio de entidades sindicais e visa a orientar a popula\u00e7\u00e3o amapaense quanto aos preju\u00edzos que acarretar\u00e3o aos trabalhadores com a poss\u00edvel aprova\u00e7\u00e3o da Proposta de Emenda \u00e0 Constitui\u00e7\u00e3o (PEC) enviada ao Congresso Nacional pelo governo federal.<\/p>\n<p>A audi\u00eancia p\u00fablica ter\u00e1 a participa\u00e7\u00e3o da doutora em Economia pela Universidade Federal do Rio de Janeiro (UFRJ), Denise Gentil, a qual contesta os argumentos do governo federal quanto ao d\u00e9ficit bilion\u00e1rio existente na Previd\u00eancia Social. Segundo a palestrante, h\u00e1 vi\u00e9s que podem e devem ser tomados para uma reforma previdenci\u00e1ria sem, necessariamente, prejudicar os trabalhadores, como apresenta a atual proposta do governo em seu texto original.<\/p>\n<p>A PEC teve parecer favor\u00e1vel para a tramita\u00e7\u00e3o na Comiss\u00e3o de Constitui\u00e7\u00e3o e Justi\u00e7a (CCJ), durante vota\u00e7\u00e3o realizada j\u00e1 na madrugada do dia 15 de dezembro do ano passado. Entretanto, a proposta da reforma da Previd\u00eancia tem sido criticada por diversos fatores, entre eles o fato do parecer ter sido aprovado para a tramita\u00e7\u00e3o de modo r\u00e1pido e superficial; de conte\u00fado desconhecido pela a maioria dos parlamentares e, principalmente, porque as mudan\u00e7as prejudicam diretamente os trabalhadores.<\/p>\n<p>\u201cO objetivo da audi\u00eancia \u00e9 debater, esclarecer e discutir todos os pontos da proposta do governo. Queremos evitar que os trabalhadores, de todas as categorias, sejam prejudicados por mais esse pacote de maldade do governo ileg\u00edtimo de Temer. Vamos lutar, por exemplo, para que seja retirado da PEC a perda do direito \u00e0 aposentaria especial para professores, al\u00e9m da equidade da idade m\u00ednima para homens e mulheres, e o aumento do tempo de contribui\u00e7\u00e3o \u201d, esclarece o deputado Paulo Lemos.<\/p>\n<p>O vereador Rinaldo Martins ressalta a import\u00e2ncia da audi\u00eancia em aproximar a bancada federal do Amap\u00e1 ao debate. &#8220;Vamos entregar \u00e0 bancada federal do Amap\u00e1 um documento com as reivindica\u00e7\u00f5es dos sindicatos e movimentos sociais de nega\u00e7\u00e3o a esse processo de &#8216;contra&#8217; reforma. A reforma da Previd\u00eancia \u00e9 um assalto &#8216;legalizado&#8217; contra o trabalhador e contra a juventude, pois rouba sonhos, qualidade de vida, sequestra o\u00a0 futuro do povo&#8221;, frisa Rinaldo.<\/p>\n<p>A audi\u00eancia conta com o apoio das seguintes entidades e representa\u00e7\u00f5es sindicais: Setorial de Mulheres do PSOL; Intersindical \u2013 Central da Classe Trabalhadora; Central Sindical Popular (CSP-Conlutas); Uni\u00e3o Geral dos Trabalhadores (UGT); Federa\u00e7\u00e3o Interestadual dos Servidores P\u00fablicos Municipais e Estaduais (Fesempre); Sindicato dos Servidores P\u00fablicos em Educa\u00e7\u00e3o do Amap\u00e1 (Sinsepeap); Sindicato dos Docentes da Universidade Federal do Amap\u00e1 (Sindufap); Sindicatos das Dom\u00e9sticas (Sindom\u00e9sticas); Sindicato dos Serventu\u00e1rios da Justi\u00e7a do Amap\u00e1 (Sinjap); e Sindicatos dos T\u00e9cnicos Administrativos da Universidade Estadual do Amap\u00e1 (Sintaufap).<\/p>\n<p><strong>Alguns pontos que mudar\u00e3o se for aprovada a reforma da previd\u00eancia<br \/>\n<\/strong>Pela nova regra, o tempo m\u00ednimo de contribui\u00e7\u00e3o passa de 15 para 25 anos, para todos os trabalhadores. Para os militares nada muda, por enquanto. Pela regra atual, os trabalhadores rurais se aposentam com 55 anos (mulheres) e 60 (homens) e precisa comprovar 15 anos de trabalho no campo. Pela nova regra, passar\u00e3o a contribuir para o INSS e se aposentam a partir de 65 anos, com 25 de contribui\u00e7\u00e3o.<\/p>\n<p>J\u00e1 os servidores p\u00fablicos, pelas regras de hoje h\u00e1 um regime pr\u00f3prio e separado da previd\u00eancia dos trabalhadores privados. Parte das aposentadorias vem das contribui\u00e7\u00f5es dos pr\u00f3prios servidores e outra parte do governo. A proposta do governo \u00e9 de p\u00f4r fim na diferen\u00e7a entre o sistema p\u00fablico e privado.<\/p>\n<p>A PEC da reforma Previdenci\u00e1ria est\u00e1 prevista para ser votada na C\u00e2mara ainda neste semestre.<\/p>\n<p>&nbsp;<\/p>\n","protected":false},"excerpt":{"rendered":"<p>O assunto ser\u00e1 discutido em Macap\u00e1, no dia 13 de fevereiro, com parlamentares do PSOL, representantes sindicais e sociedade civil Os parlamentares do PSOL no Amap\u00e1, deputado estadual Paulo Lemos e o vereador em Macap\u00e1 Rinaldo Martins, promover\u00e3o no pr\u00f3ximo dia 13 de fevereiro, no audit\u00f3rio Santana, do Sebrae-AP, uma audi\u00eancia p\u00fablica para discutir a [&hellip;]<\/p>\n","protected":false},"author":2,"featured_media":15221,"comment_status":"open","ping_status":"open","sticky":false,"template":"","format":"standard","meta":{"_acf_changed":false,"footnotes":""},"categories":[10,1882,654,6],"tags":[1241,1802,2830,2438,2831,22,39,2832],"class_list":{"0":"post-15220","1":"post","2":"type-post","3":"status-publish","4":"format-standard","5":"has-post-thumbnail","7":"category-acao-parlamentares","8":"category-brasil","9":"category-estados","10":"category-noticias","11":"tag-amapa","12":"tag-audiencia-publica","13":"tag-deputado-estadual-paulo-lemos","14":"tag-macapa","15":"tag-pec-2872016","16":"tag-psol","17":"tag-reforma-da-previdencia","18":"tag-vereador-rinaldo-martins"},"acf":[],"yoast_head":"<!-- This site is optimized with the Yoast SEO plugin v26.5 - https:\/\/yoast.com\/wordpress\/plugins\/seo\/ -->\n<title>Por iniciativa do PSOL, audi\u00eancia p\u00fablica vai discutir reforma da Previd\u00eancia no Amap\u00e1 - PSOL 50<\/title>\n<meta name=\"robots\" content=\"index, follow, max-snippet:-1, max-image-preview:large, max-video-preview:-1\" \/>\n<link rel=\"canonical\" href=\"https:\/\/psol50.org.br\/por-iniciativa-do-psol-audiencia-publica-vai-discutir-reforma-da-previdencia-no-amapa\/\" \/>\n<meta property=\"og:locale\" content=\"pt_BR\" \/>\n<meta property=\"og:type\" content=\"article\" \/>\n<meta property=\"og:title\" content=\"Por iniciativa do PSOL, audi\u00eancia p\u00fablica vai discutir reforma da Previd\u00eancia no Amap\u00e1 - PSOL 50\" \/>\n<meta property=\"og:description\" content=\"O assunto ser\u00e1 discutido em Macap\u00e1, no dia 13 de fevereiro, com parlamentares do PSOL, representantes sindicais e sociedade civil Os parlamentares do PSOL no Amap\u00e1, deputado estadual Paulo Lemos e o vereador em Macap\u00e1 Rinaldo Martins, promover\u00e3o no pr\u00f3ximo dia 13 de fevereiro, no audit\u00f3rio Santana, do Sebrae-AP, uma audi\u00eancia p\u00fablica para discutir a [&hellip;]\" \/>\n<meta property=\"og:url\" content=\"https:\/\/psol50.org.br\/por-iniciativa-do-psol-audiencia-publica-vai-discutir-reforma-da-previdencia-no-amapa\/\" \/>\n<meta property=\"og:site_name\" content=\"PSOL 50\" \/>\n<meta property=\"article:publisher\" content=\"https:\/\/www.facebook.com\/psol50\" \/>\n<meta property=\"article:published_time\" content=\"2017-01-24T12:27:46+00:00\" \/>\n<meta property=\"og:image\" content=\"https:\/\/psol50.org.br\/inc\/uploads\/2018\/07\/capa.png\" \/>\n\t<meta property=\"og:image:width\" content=\"1350\" \/>\n\t<meta property=\"og:image:height\" content=\"900\" \/>\n\t<meta property=\"og:image:type\" content=\"image\/png\" \/>\n<meta name=\"author\" content=\"Comunica\u00e7\u00e3o PSOL\" \/>\n<meta name=\"twitter:card\" content=\"summary_large_image\" \/>\n<meta name=\"twitter:creator\" content=\"@psol50\" \/>\n<meta name=\"twitter:site\" content=\"@psol50\" \/>\n<meta name=\"twitter:label1\" content=\"Escrito por\" \/>\n\t<meta name=\"twitter:data1\" content=\"Comunica\u00e7\u00e3o PSOL\" \/>\n\t<meta name=\"twitter:label2\" content=\"Est. tempo de leitura\" \/>\n\t<meta name=\"twitter:data2\" content=\"3 minutos\" \/>\n<script type=\"application\/ld+json\" class=\"yoast-schema-graph\">{\"@context\":\"https:\/\/schema.org\",\"@graph\":[{\"@type\":\"Article\",\"@id\":\"https:\/\/psol50.org.br\/por-iniciativa-do-psol-audiencia-publica-vai-discutir-reforma-da-previdencia-no-amapa\/#article\",\"isPartOf\":{\"@id\":\"https:\/\/psol50.org.br\/por-iniciativa-do-psol-audiencia-publica-vai-discutir-reforma-da-previdencia-no-amapa\/\"},\"author\":{\"name\":\"Comunica\u00e7\u00e3o PSOL\",\"@id\":\"https:\/\/psol50.org.br\/#\/schema\/person\/475dfa57d0b815993c714c2e96491fcd\"},\"headline\":\"Por iniciativa do PSOL, audi\u00eancia p\u00fablica vai discutir reforma da Previd\u00eancia no Amap\u00e1\",\"datePublished\":\"2017-01-24T12:27:46+00:00\",\"mainEntityOfPage\":{\"@id\":\"https:\/\/psol50.org.br\/por-iniciativa-do-psol-audiencia-publica-vai-discutir-reforma-da-previdencia-no-amapa\/\"},\"wordCount\":690,\"commentCount\":0,\"publisher\":{\"@id\":\"https:\/\/psol50.org.br\/#organization\"},\"image\":{\"@id\":\"https:\/\/psol50.org.br\/por-iniciativa-do-psol-audiencia-publica-vai-discutir-reforma-da-previdencia-no-amapa\/#primaryimage\"},\"thumbnailUrl\":\"\",\"keywords\":[\"Amap\u00e1\",\"audi\u00eancia p\u00fablica\",\"deputado estadual Paulo Lemos\",\"Macap\u00e1\",\"PEC 287\/2016\",\"PSOL\",\"reforma da previd\u00eancia\",\"vereador Rinaldo Martins\"],\"articleSection\":[\"A\u00e7\u00e3o Parlamentar\",\"Brasil\",\"Estados\",\"Not\u00edcias\"],\"inLanguage\":\"pt-BR\",\"potentialAction\":[{\"@type\":\"CommentAction\",\"name\":\"Comment\",\"target\":[\"https:\/\/psol50.org.br\/por-iniciativa-do-psol-audiencia-publica-vai-discutir-reforma-da-previdencia-no-amapa\/#respond\"]}]},{\"@type\":\"WebPage\",\"@id\":\"https:\/\/psol50.org.br\/por-iniciativa-do-psol-audiencia-publica-vai-discutir-reforma-da-previdencia-no-amapa\/\",\"url\":\"https:\/\/psol50.org.br\/por-iniciativa-do-psol-audiencia-publica-vai-discutir-reforma-da-previdencia-no-amapa\/\",\"name\":\"Por iniciativa do PSOL, audi\u00eancia p\u00fablica vai discutir reforma da Previd\u00eancia no Amap\u00e1 - PSOL 50\",\"isPartOf\":{\"@id\":\"https:\/\/psol50.org.br\/#website\"},\"primaryImageOfPage\":{\"@id\":\"https:\/\/psol50.org.br\/por-iniciativa-do-psol-audiencia-publica-vai-discutir-reforma-da-previdencia-no-amapa\/#primaryimage\"},\"image\":{\"@id\":\"https:\/\/psol50.org.br\/por-iniciativa-do-psol-audiencia-publica-vai-discutir-reforma-da-previdencia-no-amapa\/#primaryimage\"},\"thumbnailUrl\":\"\",\"datePublished\":\"2017-01-24T12:27:46+00:00\",\"breadcrumb\":{\"@id\":\"https:\/\/psol50.org.br\/por-iniciativa-do-psol-audiencia-publica-vai-discutir-reforma-da-previdencia-no-amapa\/#breadcrumb\"},\"inLanguage\":\"pt-BR\",\"potentialAction\":[{\"@type\":\"ReadAction\",\"target\":[\"https:\/\/psol50.org.br\/por-iniciativa-do-psol-audiencia-publica-vai-discutir-reforma-da-previdencia-no-amapa\/\"]}]},{\"@type\":\"ImageObject\",\"inLanguage\":\"pt-BR\",\"@id\":\"https:\/\/psol50.org.br\/por-iniciativa-do-psol-audiencia-publica-vai-discutir-reforma-da-previdencia-no-amapa\/#primaryimage\",\"url\":\"\",\"contentUrl\":\"\"},{\"@type\":\"BreadcrumbList\",\"@id\":\"https:\/\/psol50.org.br\/por-iniciativa-do-psol-audiencia-publica-vai-discutir-reforma-da-previdencia-no-amapa\/#breadcrumb\",\"itemListElement\":[{\"@type\":\"ListItem\",\"position\":1,\"name\":\"In\u00edcio\",\"item\":\"https:\/\/psol50.org.br\/\"},{\"@type\":\"ListItem\",\"position\":2,\"name\":\"Por iniciativa do PSOL, audi\u00eancia p\u00fablica vai discutir reforma da Previd\u00eancia no Amap\u00e1\"}]},{\"@type\":\"WebSite\",\"@id\":\"https:\/\/psol50.org.br\/#website\",\"url\":\"https:\/\/psol50.org.br\/\",\"name\":\"PSOL 50\",\"description\":\"Site oficial do Partido Socialismo e Liberdade\",\"publisher\":{\"@id\":\"https:\/\/psol50.org.br\/#organization\"},\"alternateName\":\"PSOL50\",\"potentialAction\":[{\"@type\":\"SearchAction\",\"target\":{\"@type\":\"EntryPoint\",\"urlTemplate\":\"https:\/\/psol50.org.br\/?s={search_term_string}\"},\"query-input\":{\"@type\":\"PropertyValueSpecification\",\"valueRequired\":true,\"valueName\":\"search_term_string\"}}],\"inLanguage\":\"pt-BR\"},{\"@type\":\"Organization\",\"@id\":\"https:\/\/psol50.org.br\/#organization\",\"name\":\"PSOL 50\",\"alternateName\":\"PSOL 50\",\"url\":\"https:\/\/psol50.org.br\/\",\"logo\":{\"@type\":\"ImageObject\",\"inLanguage\":\"pt-BR\",\"@id\":\"https:\/\/psol50.org.br\/#\/schema\/logo\/image\/\",\"url\":\"https:\/\/psol50.org.br\/inc\/uploads\/2018\/07\/capa.png\",\"contentUrl\":\"https:\/\/psol50.org.br\/inc\/uploads\/2018\/07\/capa.png\",\"width\":1350,\"height\":900,\"caption\":\"PSOL 50\"},\"image\":{\"@id\":\"https:\/\/psol50.org.br\/#\/schema\/logo\/image\/\"},\"sameAs\":[\"https:\/\/www.facebook.com\/psol50\",\"https:\/\/x.com\/psol50\",\"https:\/\/www.instagram.com\/psol50\/\",\"https:\/\/www.youtube.com\/channel\/UC7SnJS5o1os7a6CaiNabzcg\"]},{\"@type\":\"Person\",\"@id\":\"https:\/\/psol50.org.br\/#\/schema\/person\/475dfa57d0b815993c714c2e96491fcd\",\"name\":\"Comunica\u00e7\u00e3o PSOL\",\"image\":{\"@type\":\"ImageObject\",\"inLanguage\":\"pt-BR\",\"@id\":\"https:\/\/psol50.org.br\/#\/schema\/person\/image\/\",\"url\":\"https:\/\/secure.gravatar.com\/avatar\/b34fc4f4e468a4e51785917065a3db57b841f5c95dba6ad8c73aaf8f66f8f9bf?s=96&d=mm&r=g\",\"contentUrl\":\"https:\/\/secure.gravatar.com\/avatar\/b34fc4f4e468a4e51785917065a3db57b841f5c95dba6ad8c73aaf8f66f8f9bf?s=96&d=mm&r=g\",\"caption\":\"Comunica\u00e7\u00e3o PSOL\"}}]}<\/script>\n<!-- \/ Yoast SEO plugin. -->","yoast_head_json":{"title":"Por iniciativa do PSOL, audi\u00eancia p\u00fablica vai discutir reforma da Previd\u00eancia no Amap\u00e1 - PSOL 50","robots":{"index":"index","follow":"follow","max-snippet":"max-snippet:-1","max-image-preview":"max-image-preview:large","max-video-preview":"max-video-preview:-1"},"canonical":"https:\/\/psol50.org.br\/por-iniciativa-do-psol-audiencia-publica-vai-discutir-reforma-da-previdencia-no-amapa\/","og_locale":"pt_BR","og_type":"article","og_title":"Por iniciativa do PSOL, audi\u00eancia p\u00fablica vai discutir reforma da Previd\u00eancia no Amap\u00e1 - PSOL 50","og_description":"O assunto ser\u00e1 discutido em Macap\u00e1, no dia 13 de fevereiro, com parlamentares do PSOL, representantes sindicais e sociedade civil Os parlamentares do PSOL no Amap\u00e1, deputado estadual Paulo Lemos e o vereador em Macap\u00e1 Rinaldo Martins, promover\u00e3o no pr\u00f3ximo dia 13 de fevereiro, no audit\u00f3rio Santana, do Sebrae-AP, uma audi\u00eancia p\u00fablica para discutir a [&hellip;]","og_url":"https:\/\/psol50.org.br\/por-iniciativa-do-psol-audiencia-publica-vai-discutir-reforma-da-previdencia-no-amapa\/","og_site_name":"PSOL 50","article_publisher":"https:\/\/www.facebook.com\/psol50","article_published_time":"2017-01-24T12:27:46+00:00","og_image":[{"width":1350,"height":900,"url":"https:\/\/psol50.org.br\/inc\/uploads\/2018\/07\/capa.png","type":"image\/png"}],"author":"Comunica\u00e7\u00e3o PSOL","twitter_card":"summary_large_image","twitter_creator":"@psol50","twitter_site":"@psol50","twitter_misc":{"Escrito por":"Comunica\u00e7\u00e3o PSOL","Est. tempo de leitura":"3 minutos"},"schema":{"@context":"https:\/\/schema.org","@graph":[{"@type":"Article","@id":"https:\/\/psol50.org.br\/por-iniciativa-do-psol-audiencia-publica-vai-discutir-reforma-da-previdencia-no-amapa\/#article","isPartOf":{"@id":"https:\/\/psol50.org.br\/por-iniciativa-do-psol-audiencia-publica-vai-discutir-reforma-da-previdencia-no-amapa\/"},"author":{"name":"Comunica\u00e7\u00e3o PSOL","@id":"https:\/\/psol50.org.br\/#\/schema\/person\/475dfa57d0b815993c714c2e96491fcd"},"headline":"Por iniciativa do PSOL, audi\u00eancia p\u00fablica vai discutir reforma da Previd\u00eancia no Amap\u00e1","datePublished":"2017-01-24T12:27:46+00:00","mainEntityOfPage":{"@id":"https:\/\/psol50.org.br\/por-iniciativa-do-psol-audiencia-publica-vai-discutir-reforma-da-previdencia-no-amapa\/"},"wordCount":690,"commentCount":0,"publisher":{"@id":"https:\/\/psol50.org.br\/#organization"},"image":{"@id":"https:\/\/psol50.org.br\/por-iniciativa-do-psol-audiencia-publica-vai-discutir-reforma-da-previdencia-no-amapa\/#primaryimage"},"thumbnailUrl":"","keywords":["Amap\u00e1","audi\u00eancia p\u00fablica","deputado estadual Paulo Lemos","Macap\u00e1","PEC 287\/2016","PSOL","reforma da previd\u00eancia","vereador Rinaldo Martins"],"articleSection":["A\u00e7\u00e3o Parlamentar","Brasil","Estados","Not\u00edcias"],"inLanguage":"pt-BR","potentialAction":[{"@type":"CommentAction","name":"Comment","target":["https:\/\/psol50.org.br\/por-iniciativa-do-psol-audiencia-publica-vai-discutir-reforma-da-previdencia-no-amapa\/#respond"]}]},{"@type":"WebPage","@id":"https:\/\/psol50.org.br\/por-iniciativa-do-psol-audiencia-publica-vai-discutir-reforma-da-previdencia-no-amapa\/","url":"https:\/\/psol50.org.br\/por-iniciativa-do-psol-audiencia-publica-vai-discutir-reforma-da-previdencia-no-amapa\/","name":"Por iniciativa do PSOL, audi\u00eancia p\u00fablica vai discutir reforma da Previd\u00eancia no Amap\u00e1 - PSOL 50","isPartOf":{"@id":"https:\/\/psol50.org.br\/#website"},"primaryImageOfPage":{"@id":"https:\/\/psol50.org.br\/por-iniciativa-do-psol-audiencia-publica-vai-discutir-reforma-da-previdencia-no-amapa\/#primaryimage"},"image":{"@id":"https:\/\/psol50.org.br\/por-iniciativa-do-psol-audiencia-publica-vai-discutir-reforma-da-previdencia-no-amapa\/#primaryimage"},"thumbnailUrl":"","datePublished":"2017-01-24T12:27:46+00:00","breadcrumb":{"@id":"https:\/\/psol50.org.br\/por-iniciativa-do-psol-audiencia-publica-vai-discutir-reforma-da-previdencia-no-amapa\/#breadcrumb"},"inLanguage":"pt-BR","potentialAction":[{"@type":"ReadAction","target":["https:\/\/psol50.org.br\/por-iniciativa-do-psol-audiencia-publica-vai-discutir-reforma-da-previdencia-no-amapa\/"]}]},{"@type":"ImageObject","inLanguage":"pt-BR","@id":"https:\/\/psol50.org.br\/por-iniciativa-do-psol-audiencia-publica-vai-discutir-reforma-da-previdencia-no-amapa\/#primaryimage","url":"","contentUrl":""},{"@type":"BreadcrumbList","@id":"https:\/\/psol50.org.br\/por-iniciativa-do-psol-audiencia-publica-vai-discutir-reforma-da-previdencia-no-amapa\/#breadcrumb","itemListElement":[{"@type":"ListItem","position":1,"name":"In\u00edcio","item":"https:\/\/psol50.org.br\/"},{"@type":"ListItem","position":2,"name":"Por iniciativa do PSOL, audi\u00eancia p\u00fablica vai discutir reforma da Previd\u00eancia no Amap\u00e1"}]},{"@type":"WebSite","@id":"https:\/\/psol50.org.br\/#website","url":"https:\/\/psol50.org.br\/","name":"PSOL 50","description":"Site oficial do Partido Socialismo e Liberdade","publisher":{"@id":"https:\/\/psol50.org.br\/#organization"},"alternateName":"PSOL50","potentialAction":[{"@type":"SearchAction","target":{"@type":"EntryPoint","urlTemplate":"https:\/\/psol50.org.br\/?s={search_term_string}"},"query-input":{"@type":"PropertyValueSpecification","valueRequired":true,"valueName":"search_term_string"}}],"inLanguage":"pt-BR"},{"@type":"Organization","@id":"https:\/\/psol50.org.br\/#organization","name":"PSOL 50","alternateName":"PSOL 50","url":"https:\/\/psol50.org.br\/","logo":{"@type":"ImageObject","inLanguage":"pt-BR","@id":"https:\/\/psol50.org.br\/#\/schema\/logo\/image\/","url":"https:\/\/psol50.org.br\/inc\/uploads\/2018\/07\/capa.png","contentUrl":"https:\/\/psol50.org.br\/inc\/uploads\/2018\/07\/capa.png","width":1350,"height":900,"caption":"PSOL 50"},"image":{"@id":"https:\/\/psol50.org.br\/#\/schema\/logo\/image\/"},"sameAs":["https:\/\/www.facebook.com\/psol50","https:\/\/x.com\/psol50","https:\/\/www.instagram.com\/psol50\/","https:\/\/www.youtube.com\/channel\/UC7SnJS5o1os7a6CaiNabzcg"]},{"@type":"Person","@id":"https:\/\/psol50.org.br\/#\/schema\/person\/475dfa57d0b815993c714c2e96491fcd","name":"Comunica\u00e7\u00e3o PSOL","image":{"@type":"ImageObject","inLanguage":"pt-BR","@id":"https:\/\/psol50.org.br\/#\/schema\/person\/image\/","url":"https:\/\/secure.gravatar.com\/avatar\/b34fc4f4e468a4e51785917065a3db57b841f5c95dba6ad8c73aaf8f66f8f9bf?s=96&d=mm&r=g","contentUrl":"https:\/\/secure.gravatar.com\/avatar\/b34fc4f4e468a4e51785917065a3db57b841f5c95dba6ad8c73aaf8f66f8f9bf?s=96&d=mm&r=g","caption":"Comunica\u00e7\u00e3o PSOL"}}]}},"_links":{"self":[{"href":"https:\/\/psol50.org.br\/rest\/wp\/v2\/posts\/15220","targetHints":{"allow":["GET"]}}],"collection":[{"href":"https:\/\/psol50.org.br\/rest\/wp\/v2\/posts"}],"about":[{"href":"https:\/\/psol50.org.br\/rest\/wp\/v2\/types\/post"}],"author":[{"embeddable":true,"href":"https:\/\/psol50.org.br\/rest\/wp\/v2\/users\/2"}],"replies":[{"embeddable":true,"href":"https:\/\/psol50.org.br\/rest\/wp\/v2\/comments?post=15220"}],"version-history":[{"count":0,"href":"https:\/\/psol50.org.br\/rest\/wp\/v2\/posts\/15220\/revisions"}],"wp:featuredmedia":[{"embeddable":true,"href":"https:\/\/psol50.org.br\/rest\/"}],"wp:attachment":[{"href":"https:\/\/psol50.org.br\/rest\/wp\/v2\/media?parent=15220"}],"wp:term":[{"taxonomy":"category","embeddable":true,"href":"https:\/\/psol50.org.br\/rest\/wp\/v2\/categories?post=15220"},{"taxonomy":"post_tag","embeddable":true,"href":"https:\/\/psol50.org.br\/rest\/wp\/v2\/tags?post=15220"}],"curies":[{"name":"wp","href":"https:\/\/api.w.org\/{rel}","templated":true}]}}