{"id":15227,"date":"2017-01-25T12:25:57","date_gmt":"2017-01-25T12:25:57","guid":{"rendered":"http:\/\/www.psol50.org.br\/?p=15227"},"modified":"2017-01-25T12:25:57","modified_gmt":"2017-01-25T12:25:57","slug":"favorito-de-temer-para-vaga-no-stf-e-da-opus-dei-e-considera-que-mulher-deve-ser-submissa-ao-marido","status":"publish","type":"post","link":"https:\/\/psol50.org.br\/favorito-de-temer-para-vaga-no-stf-e-da-opus-dei-e-considera-que-mulher-deve-ser-submissa-ao-marido\/","title":{"rendered":"Favorito de Temer para vaga no STF \u00e9 da Opus Dei e considera que mulher deve ser submissa ao marido"},"content":{"rendered":"<p>O presidente de Michel Temer ainda n\u00e3o definiu qual personalidade do mundo jur\u00eddico indicar\u00e1 para ocupar a vaga no Supremo Tribunal Federal (STF), deixada pelo ministro Teori Zavaski, morto em um acidente a\u00e9reo no \u00faltimo dia 19 de janeiro. V\u00e1rios nomes circulam entre os corredores do Pal\u00e1cio do Planalto e nas mat\u00e9rias das editorias de Pol\u00edtica dos principais ve\u00edculos do pa\u00eds. Nomes como do ministro da Justi\u00e7a, Alexandre de Moraes; e do juiz respons\u00e1vel pelas investiga\u00e7\u00f5es da Opera\u00e7\u00e3o Lava Jato em Curitiba, S\u00e9rgio Moro, j\u00e1 circularam entre as apostas.<\/p>\n<p>No entanto uma nova personalidade figura entre os favoritos do Pal\u00e1cio do Planalto: o do presidente do Tribunal Superior do Trabalho (TST), ministro Ives Gandra Martins Filho. Com a poss\u00edvel indica\u00e7\u00e3o de Gandra, Temer quer tentar convencer a opini\u00e3o p\u00fablica de que o Planalto n\u00e3o age para interferir na Lava Jato ou para obter algum benef\u00edcio pol\u00edtico no STF. Mas o presidente do TST carrega o mesmo perfil conservador que os demais poss\u00edveis nomes para a vaga. Tal como o seu pai, o advogado Ives Gandra Martins, ele integra a Opus Dei, organiza\u00e7\u00e3o cat\u00f3lica ultraconservadora, e diz ser celibat\u00e1rio. Al\u00e9m disso, conta com a simpatia do ministro Gilmar Mendes, um dos conselheiros de Temer para assuntos do meio jur\u00eddico.<\/p>\n<p>No que se refere \u00e0s medidas do ajuste fiscal de Temer, o presidente do TST se declarou favor\u00e1vel \u00e0 reforma trabalhista, enviada ao Congresso Nacional em dezembro passado. Na ocasi\u00e3o, ele defendeu uma reforma mais abrangente, em que os acordos coletivos prevale\u00e7am sobre a legisla\u00e7\u00e3o, um dos pilares da proposta do governo e talvez o maior ataque que a classe trabalhadora ter\u00e1 que enfrentar nos pr\u00f3ximos meses.<\/p>\n<p><strong>Mulher deve submiss\u00e3o ao marido<br \/>\n<\/strong>Ives Gandra Martins Filho tamb\u00e9m j\u00e1 demonstrou que n\u00e3o \u00e9 aliado das pautas relacionadas aos direitos humanos. Em 2010, quando publicou artigo sobre Direitos Fundamentais no livro \u201cTratado de Direito Constitucional, v. 1\u201d, disse que as mulheres devem ser submissas aos maridos e que casamento deve ser para sempre e apenas entre o homem e a mulher. Al\u00e9m disso, comparou uni\u00f5es homoafetivas ao bestialismo, usando como exemplo uma mulher casada com um cavalo.<\/p>\n<p>O presidente do TST afirmou que a fun\u00e7\u00e3o do casamento \u00e9 gerar filhos. \u201cO matrim\u00f4nio possui dupla finalidade: a) gera\u00e7\u00e3o e educa\u00e7\u00e3o dos filhos; b) complementa\u00e7\u00e3o e ajuda m\u00fatua de seus membros. Tendo em vista, justamente, essa dupla finalidade, \u00e9 que o matrim\u00f4nio se reveste de duas caracter\u00edsticas b\u00e1sicas que devem ser atendidas pela legisla\u00e7\u00e3o positiva, sob pena de corrup\u00e7\u00e3o da institui\u00e7\u00e3o: a) unidade \u2013 um homem com uma mulher; b) indissolubilidade \u2013 v\u00ednculo permanente\u201d, afirmou.<\/p>\n<p>Gerando rea\u00e7\u00e3o de v\u00e1rias organiza\u00e7\u00f5es que lutam em defesa dos direitos da comunidade LGBT, o ministro tamb\u00e9m criticou as uni\u00f5es homoafetivas, comparando-as ao bestialismo, no caso a uni\u00e3o entre um humano e um animal. \u201cPor simples impossibilidade natural, ante a aus\u00eancia de bipolaridade sexual (feminino e masculino), n\u00e3o h\u00e1 que se falar, pois, em matrim\u00f4nio entre dois homens ou duas mulheres, como n\u00e3o se pode falar em casamento de uma mulher com seu cachorro ou de um homem com seu cavalo (pode ser qualquer tipo de sociedade ou uni\u00e3o, menos matrimonial)\u201d.<\/p>\n<p>E disse mais: \u201cO princ\u00edpio da autoridade na fam\u00edlia est\u00e1 ordenado de tal forma que os filhos obede\u00e7am aos pais e a mulher ao marido\u201d, deixando expl\u00edcita a sua compreens\u00e3o de que a mulher deve submiss\u00e3o ao marido.<\/p>\n<p>Al\u00e9m de ressaltar ser contra a uni\u00e3o homoafetiva, o presidente do TST tamb\u00e9m contestou no artigo outras decis\u00f5es do Supremo, como a libera\u00e7\u00e3o das c\u00e9lulas-tronco embrion\u00e1rias para pesquisa. \u00c9 tamb\u00e9m contr\u00e1rio ao aborto, ao div\u00f3rcio e \u00e0 distribui\u00e7\u00e3o de p\u00edlulas anticoncepcionais em hospitais p\u00fablicos. &#8220;O uso de c\u00e9lulas-tronco embrion\u00e1rias com fins terap\u00eauticos representa nitidamente processo de canibaliza\u00e7\u00e3o do ser humano, incompat\u00edvel com o est\u00e1gio de civiliza\u00e7\u00e3o da sociedade moderna&#8221;, afirmou.<\/p>\n<p>Caso a indica\u00e7\u00e3o se confirme, Temer contar\u00e1 com um aliado de peso no STF \u00e0s suas pautas que amea\u00e7am direitos humanos, sociais, trabalhistas e previdenci\u00e1rios. Mais um retrocesso, que exige unidade e organiza\u00e7\u00e3o das entidades sindicais e dos movimentos sociais.<\/p>\n<p><em>Com informa\u00e7\u00f5es da Folha de S. Paulo e do blog Justificando<\/em><\/p>\n","protected":false},"excerpt":{"rendered":"<p>O presidente de Michel Temer ainda n\u00e3o definiu qual personalidade do mundo jur\u00eddico indicar\u00e1 para ocupar a vaga no Supremo Tribunal Federal (STF), deixada pelo ministro Teori Zavaski, morto em um acidente a\u00e9reo no \u00faltimo dia 19 de janeiro. V\u00e1rios nomes circulam entre os corredores do Pal\u00e1cio do Planalto e nas mat\u00e9rias das editorias de [&hellip;]<\/p>\n","protected":false},"author":2,"featured_media":15228,"comment_status":"open","ping_status":"open","sticky":false,"template":"","format":"standard","meta":{"_acf_changed":false,"footnotes":""},"categories":[1882,6],"tags":[2189,2839,1748,2840,2841,1669,2842,2843],"class_list":{"0":"post-15227","1":"post","2":"type-post","3":"status-publish","4":"format-standard","5":"has-post-thumbnail","7":"category-brasil","8":"category-noticias","9":"tag-conservador","10":"tag-ives-gandra-martins-filho","11":"tag-michel-temer","12":"tag-opus-dei","13":"tag-presidente-do-tst","14":"tag-reforma-trabalhista","15":"tag-teori-zavaski","16":"tag-vaga-no-stf"},"acf":[],"yoast_head":"<!-- This site is optimized with the Yoast SEO plugin v26.5 - https:\/\/yoast.com\/wordpress\/plugins\/seo\/ -->\n<title>Favorito de Temer para vaga no STF \u00e9 da Opus Dei e considera que mulher deve ser submissa ao marido - PSOL 50<\/title>\n<meta name=\"robots\" content=\"index, follow, max-snippet:-1, max-image-preview:large, max-video-preview:-1\" \/>\n<link rel=\"canonical\" href=\"https:\/\/psol50.org.br\/favorito-de-temer-para-vaga-no-stf-e-da-opus-dei-e-considera-que-mulher-deve-ser-submissa-ao-marido\/\" \/>\n<meta property=\"og:locale\" content=\"pt_BR\" \/>\n<meta property=\"og:type\" content=\"article\" \/>\n<meta property=\"og:title\" content=\"Favorito de Temer para vaga no STF \u00e9 da Opus Dei e considera que mulher deve ser submissa ao marido - PSOL 50\" \/>\n<meta property=\"og:description\" content=\"O presidente de Michel Temer ainda n\u00e3o definiu qual personalidade do mundo jur\u00eddico indicar\u00e1 para ocupar a vaga no Supremo Tribunal Federal (STF), deixada pelo ministro Teori Zavaski, morto em um acidente a\u00e9reo no \u00faltimo dia 19 de janeiro. V\u00e1rios nomes circulam entre os corredores do Pal\u00e1cio do Planalto e nas mat\u00e9rias das editorias de [&hellip;]\" \/>\n<meta property=\"og:url\" content=\"https:\/\/psol50.org.br\/favorito-de-temer-para-vaga-no-stf-e-da-opus-dei-e-considera-que-mulher-deve-ser-submissa-ao-marido\/\" \/>\n<meta property=\"og:site_name\" content=\"PSOL 50\" \/>\n<meta property=\"article:publisher\" content=\"https:\/\/www.facebook.com\/psol50\" \/>\n<meta property=\"article:published_time\" content=\"2017-01-25T12:25:57+00:00\" \/>\n<meta property=\"og:image\" content=\"https:\/\/psol50.org.br\/inc\/uploads\/2018\/07\/capa.png\" \/>\n\t<meta property=\"og:image:width\" content=\"1350\" \/>\n\t<meta property=\"og:image:height\" content=\"900\" \/>\n\t<meta property=\"og:image:type\" content=\"image\/png\" \/>\n<meta name=\"author\" content=\"Comunica\u00e7\u00e3o PSOL\" \/>\n<meta name=\"twitter:card\" content=\"summary_large_image\" \/>\n<meta name=\"twitter:creator\" content=\"@psol50\" \/>\n<meta name=\"twitter:site\" content=\"@psol50\" \/>\n<meta name=\"twitter:label1\" content=\"Escrito por\" \/>\n\t<meta name=\"twitter:data1\" content=\"Comunica\u00e7\u00e3o PSOL\" \/>\n\t<meta name=\"twitter:label2\" content=\"Est. tempo de leitura\" \/>\n\t<meta name=\"twitter:data2\" content=\"4 minutos\" \/>\n<script type=\"application\/ld+json\" class=\"yoast-schema-graph\">{\"@context\":\"https:\/\/schema.org\",\"@graph\":[{\"@type\":\"Article\",\"@id\":\"https:\/\/psol50.org.br\/favorito-de-temer-para-vaga-no-stf-e-da-opus-dei-e-considera-que-mulher-deve-ser-submissa-ao-marido\/#article\",\"isPartOf\":{\"@id\":\"https:\/\/psol50.org.br\/favorito-de-temer-para-vaga-no-stf-e-da-opus-dei-e-considera-que-mulher-deve-ser-submissa-ao-marido\/\"},\"author\":{\"name\":\"Comunica\u00e7\u00e3o PSOL\",\"@id\":\"https:\/\/psol50.org.br\/#\/schema\/person\/475dfa57d0b815993c714c2e96491fcd\"},\"headline\":\"Favorito de Temer para vaga no STF \u00e9 da Opus Dei e considera que mulher deve ser submissa ao marido\",\"datePublished\":\"2017-01-25T12:25:57+00:00\",\"mainEntityOfPage\":{\"@id\":\"https:\/\/psol50.org.br\/favorito-de-temer-para-vaga-no-stf-e-da-opus-dei-e-considera-que-mulher-deve-ser-submissa-ao-marido\/\"},\"wordCount\":780,\"commentCount\":0,\"publisher\":{\"@id\":\"https:\/\/psol50.org.br\/#organization\"},\"image\":{\"@id\":\"https:\/\/psol50.org.br\/favorito-de-temer-para-vaga-no-stf-e-da-opus-dei-e-considera-que-mulher-deve-ser-submissa-ao-marido\/#primaryimage\"},\"thumbnailUrl\":\"\",\"keywords\":[\"conservador\",\"Ives Gandra Martins Filho\",\"Michel Temer\",\"Opus Dei\",\"presidente do TST\",\"reforma trabalhista\",\"Teori Zavaski\",\"vaga no STF\"],\"articleSection\":[\"Brasil\",\"Not\u00edcias\"],\"inLanguage\":\"pt-BR\",\"potentialAction\":[{\"@type\":\"CommentAction\",\"name\":\"Comment\",\"target\":[\"https:\/\/psol50.org.br\/favorito-de-temer-para-vaga-no-stf-e-da-opus-dei-e-considera-que-mulher-deve-ser-submissa-ao-marido\/#respond\"]}]},{\"@type\":\"WebPage\",\"@id\":\"https:\/\/psol50.org.br\/favorito-de-temer-para-vaga-no-stf-e-da-opus-dei-e-considera-que-mulher-deve-ser-submissa-ao-marido\/\",\"url\":\"https:\/\/psol50.org.br\/favorito-de-temer-para-vaga-no-stf-e-da-opus-dei-e-considera-que-mulher-deve-ser-submissa-ao-marido\/\",\"name\":\"Favorito de Temer para vaga no STF \u00e9 da Opus Dei e considera que mulher deve ser submissa ao marido - PSOL 50\",\"isPartOf\":{\"@id\":\"https:\/\/psol50.org.br\/#website\"},\"primaryImageOfPage\":{\"@id\":\"https:\/\/psol50.org.br\/favorito-de-temer-para-vaga-no-stf-e-da-opus-dei-e-considera-que-mulher-deve-ser-submissa-ao-marido\/#primaryimage\"},\"image\":{\"@id\":\"https:\/\/psol50.org.br\/favorito-de-temer-para-vaga-no-stf-e-da-opus-dei-e-considera-que-mulher-deve-ser-submissa-ao-marido\/#primaryimage\"},\"thumbnailUrl\":\"\",\"datePublished\":\"2017-01-25T12:25:57+00:00\",\"breadcrumb\":{\"@id\":\"https:\/\/psol50.org.br\/favorito-de-temer-para-vaga-no-stf-e-da-opus-dei-e-considera-que-mulher-deve-ser-submissa-ao-marido\/#breadcrumb\"},\"inLanguage\":\"pt-BR\",\"potentialAction\":[{\"@type\":\"ReadAction\",\"target\":[\"https:\/\/psol50.org.br\/favorito-de-temer-para-vaga-no-stf-e-da-opus-dei-e-considera-que-mulher-deve-ser-submissa-ao-marido\/\"]}]},{\"@type\":\"ImageObject\",\"inLanguage\":\"pt-BR\",\"@id\":\"https:\/\/psol50.org.br\/favorito-de-temer-para-vaga-no-stf-e-da-opus-dei-e-considera-que-mulher-deve-ser-submissa-ao-marido\/#primaryimage\",\"url\":\"\",\"contentUrl\":\"\"},{\"@type\":\"BreadcrumbList\",\"@id\":\"https:\/\/psol50.org.br\/favorito-de-temer-para-vaga-no-stf-e-da-opus-dei-e-considera-que-mulher-deve-ser-submissa-ao-marido\/#breadcrumb\",\"itemListElement\":[{\"@type\":\"ListItem\",\"position\":1,\"name\":\"In\u00edcio\",\"item\":\"https:\/\/psol50.org.br\/\"},{\"@type\":\"ListItem\",\"position\":2,\"name\":\"Favorito de Temer para vaga no STF \u00e9 da Opus Dei e considera que mulher deve ser submissa ao marido\"}]},{\"@type\":\"WebSite\",\"@id\":\"https:\/\/psol50.org.br\/#website\",\"url\":\"https:\/\/psol50.org.br\/\",\"name\":\"PSOL 50\",\"description\":\"Site oficial do Partido Socialismo e Liberdade\",\"publisher\":{\"@id\":\"https:\/\/psol50.org.br\/#organization\"},\"alternateName\":\"PSOL50\",\"potentialAction\":[{\"@type\":\"SearchAction\",\"target\":{\"@type\":\"EntryPoint\",\"urlTemplate\":\"https:\/\/psol50.org.br\/?s={search_term_string}\"},\"query-input\":{\"@type\":\"PropertyValueSpecification\",\"valueRequired\":true,\"valueName\":\"search_term_string\"}}],\"inLanguage\":\"pt-BR\"},{\"@type\":\"Organization\",\"@id\":\"https:\/\/psol50.org.br\/#organization\",\"name\":\"PSOL 50\",\"alternateName\":\"PSOL 50\",\"url\":\"https:\/\/psol50.org.br\/\",\"logo\":{\"@type\":\"ImageObject\",\"inLanguage\":\"pt-BR\",\"@id\":\"https:\/\/psol50.org.br\/#\/schema\/logo\/image\/\",\"url\":\"https:\/\/psol50.org.br\/inc\/uploads\/2018\/07\/capa.png\",\"contentUrl\":\"https:\/\/psol50.org.br\/inc\/uploads\/2018\/07\/capa.png\",\"width\":1350,\"height\":900,\"caption\":\"PSOL 50\"},\"image\":{\"@id\":\"https:\/\/psol50.org.br\/#\/schema\/logo\/image\/\"},\"sameAs\":[\"https:\/\/www.facebook.com\/psol50\",\"https:\/\/x.com\/psol50\",\"https:\/\/www.instagram.com\/psol50\/\",\"https:\/\/www.youtube.com\/channel\/UC7SnJS5o1os7a6CaiNabzcg\"]},{\"@type\":\"Person\",\"@id\":\"https:\/\/psol50.org.br\/#\/schema\/person\/475dfa57d0b815993c714c2e96491fcd\",\"name\":\"Comunica\u00e7\u00e3o PSOL\",\"image\":{\"@type\":\"ImageObject\",\"inLanguage\":\"pt-BR\",\"@id\":\"https:\/\/psol50.org.br\/#\/schema\/person\/image\/\",\"url\":\"https:\/\/secure.gravatar.com\/avatar\/b34fc4f4e468a4e51785917065a3db57b841f5c95dba6ad8c73aaf8f66f8f9bf?s=96&d=mm&r=g\",\"contentUrl\":\"https:\/\/secure.gravatar.com\/avatar\/b34fc4f4e468a4e51785917065a3db57b841f5c95dba6ad8c73aaf8f66f8f9bf?s=96&d=mm&r=g\",\"caption\":\"Comunica\u00e7\u00e3o PSOL\"}}]}<\/script>\n<!-- \/ Yoast SEO plugin. -->","yoast_head_json":{"title":"Favorito de Temer para vaga no STF \u00e9 da Opus Dei e considera que mulher deve ser submissa ao marido - PSOL 50","robots":{"index":"index","follow":"follow","max-snippet":"max-snippet:-1","max-image-preview":"max-image-preview:large","max-video-preview":"max-video-preview:-1"},"canonical":"https:\/\/psol50.org.br\/favorito-de-temer-para-vaga-no-stf-e-da-opus-dei-e-considera-que-mulher-deve-ser-submissa-ao-marido\/","og_locale":"pt_BR","og_type":"article","og_title":"Favorito de Temer para vaga no STF \u00e9 da Opus Dei e considera que mulher deve ser submissa ao marido - PSOL 50","og_description":"O presidente de Michel Temer ainda n\u00e3o definiu qual personalidade do mundo jur\u00eddico indicar\u00e1 para ocupar a vaga no Supremo Tribunal Federal (STF), deixada pelo ministro Teori Zavaski, morto em um acidente a\u00e9reo no \u00faltimo dia 19 de janeiro. V\u00e1rios nomes circulam entre os corredores do Pal\u00e1cio do Planalto e nas mat\u00e9rias das editorias de [&hellip;]","og_url":"https:\/\/psol50.org.br\/favorito-de-temer-para-vaga-no-stf-e-da-opus-dei-e-considera-que-mulher-deve-ser-submissa-ao-marido\/","og_site_name":"PSOL 50","article_publisher":"https:\/\/www.facebook.com\/psol50","article_published_time":"2017-01-25T12:25:57+00:00","og_image":[{"width":1350,"height":900,"url":"https:\/\/psol50.org.br\/inc\/uploads\/2018\/07\/capa.png","type":"image\/png"}],"author":"Comunica\u00e7\u00e3o PSOL","twitter_card":"summary_large_image","twitter_creator":"@psol50","twitter_site":"@psol50","twitter_misc":{"Escrito por":"Comunica\u00e7\u00e3o PSOL","Est. tempo de leitura":"4 minutos"},"schema":{"@context":"https:\/\/schema.org","@graph":[{"@type":"Article","@id":"https:\/\/psol50.org.br\/favorito-de-temer-para-vaga-no-stf-e-da-opus-dei-e-considera-que-mulher-deve-ser-submissa-ao-marido\/#article","isPartOf":{"@id":"https:\/\/psol50.org.br\/favorito-de-temer-para-vaga-no-stf-e-da-opus-dei-e-considera-que-mulher-deve-ser-submissa-ao-marido\/"},"author":{"name":"Comunica\u00e7\u00e3o PSOL","@id":"https:\/\/psol50.org.br\/#\/schema\/person\/475dfa57d0b815993c714c2e96491fcd"},"headline":"Favorito de Temer para vaga no STF \u00e9 da Opus Dei e considera que mulher deve ser submissa ao marido","datePublished":"2017-01-25T12:25:57+00:00","mainEntityOfPage":{"@id":"https:\/\/psol50.org.br\/favorito-de-temer-para-vaga-no-stf-e-da-opus-dei-e-considera-que-mulher-deve-ser-submissa-ao-marido\/"},"wordCount":780,"commentCount":0,"publisher":{"@id":"https:\/\/psol50.org.br\/#organization"},"image":{"@id":"https:\/\/psol50.org.br\/favorito-de-temer-para-vaga-no-stf-e-da-opus-dei-e-considera-que-mulher-deve-ser-submissa-ao-marido\/#primaryimage"},"thumbnailUrl":"","keywords":["conservador","Ives Gandra Martins Filho","Michel Temer","Opus Dei","presidente do TST","reforma trabalhista","Teori Zavaski","vaga no STF"],"articleSection":["Brasil","Not\u00edcias"],"inLanguage":"pt-BR","potentialAction":[{"@type":"CommentAction","name":"Comment","target":["https:\/\/psol50.org.br\/favorito-de-temer-para-vaga-no-stf-e-da-opus-dei-e-considera-que-mulher-deve-ser-submissa-ao-marido\/#respond"]}]},{"@type":"WebPage","@id":"https:\/\/psol50.org.br\/favorito-de-temer-para-vaga-no-stf-e-da-opus-dei-e-considera-que-mulher-deve-ser-submissa-ao-marido\/","url":"https:\/\/psol50.org.br\/favorito-de-temer-para-vaga-no-stf-e-da-opus-dei-e-considera-que-mulher-deve-ser-submissa-ao-marido\/","name":"Favorito de Temer para vaga no STF \u00e9 da Opus Dei e considera que mulher deve ser submissa ao marido - PSOL 50","isPartOf":{"@id":"https:\/\/psol50.org.br\/#website"},"primaryImageOfPage":{"@id":"https:\/\/psol50.org.br\/favorito-de-temer-para-vaga-no-stf-e-da-opus-dei-e-considera-que-mulher-deve-ser-submissa-ao-marido\/#primaryimage"},"image":{"@id":"https:\/\/psol50.org.br\/favorito-de-temer-para-vaga-no-stf-e-da-opus-dei-e-considera-que-mulher-deve-ser-submissa-ao-marido\/#primaryimage"},"thumbnailUrl":"","datePublished":"2017-01-25T12:25:57+00:00","breadcrumb":{"@id":"https:\/\/psol50.org.br\/favorito-de-temer-para-vaga-no-stf-e-da-opus-dei-e-considera-que-mulher-deve-ser-submissa-ao-marido\/#breadcrumb"},"inLanguage":"pt-BR","potentialAction":[{"@type":"ReadAction","target":["https:\/\/psol50.org.br\/favorito-de-temer-para-vaga-no-stf-e-da-opus-dei-e-considera-que-mulher-deve-ser-submissa-ao-marido\/"]}]},{"@type":"ImageObject","inLanguage":"pt-BR","@id":"https:\/\/psol50.org.br\/favorito-de-temer-para-vaga-no-stf-e-da-opus-dei-e-considera-que-mulher-deve-ser-submissa-ao-marido\/#primaryimage","url":"","contentUrl":""},{"@type":"BreadcrumbList","@id":"https:\/\/psol50.org.br\/favorito-de-temer-para-vaga-no-stf-e-da-opus-dei-e-considera-que-mulher-deve-ser-submissa-ao-marido\/#breadcrumb","itemListElement":[{"@type":"ListItem","position":1,"name":"In\u00edcio","item":"https:\/\/psol50.org.br\/"},{"@type":"ListItem","position":2,"name":"Favorito de Temer para vaga no STF \u00e9 da Opus Dei e considera que mulher deve ser submissa ao marido"}]},{"@type":"WebSite","@id":"https:\/\/psol50.org.br\/#website","url":"https:\/\/psol50.org.br\/","name":"PSOL 50","description":"Site oficial do Partido Socialismo e Liberdade","publisher":{"@id":"https:\/\/psol50.org.br\/#organization"},"alternateName":"PSOL50","potentialAction":[{"@type":"SearchAction","target":{"@type":"EntryPoint","urlTemplate":"https:\/\/psol50.org.br\/?s={search_term_string}"},"query-input":{"@type":"PropertyValueSpecification","valueRequired":true,"valueName":"search_term_string"}}],"inLanguage":"pt-BR"},{"@type":"Organization","@id":"https:\/\/psol50.org.br\/#organization","name":"PSOL 50","alternateName":"PSOL 50","url":"https:\/\/psol50.org.br\/","logo":{"@type":"ImageObject","inLanguage":"pt-BR","@id":"https:\/\/psol50.org.br\/#\/schema\/logo\/image\/","url":"https:\/\/psol50.org.br\/inc\/uploads\/2018\/07\/capa.png","contentUrl":"https:\/\/psol50.org.br\/inc\/uploads\/2018\/07\/capa.png","width":1350,"height":900,"caption":"PSOL 50"},"image":{"@id":"https:\/\/psol50.org.br\/#\/schema\/logo\/image\/"},"sameAs":["https:\/\/www.facebook.com\/psol50","https:\/\/x.com\/psol50","https:\/\/www.instagram.com\/psol50\/","https:\/\/www.youtube.com\/channel\/UC7SnJS5o1os7a6CaiNabzcg"]},{"@type":"Person","@id":"https:\/\/psol50.org.br\/#\/schema\/person\/475dfa57d0b815993c714c2e96491fcd","name":"Comunica\u00e7\u00e3o PSOL","image":{"@type":"ImageObject","inLanguage":"pt-BR","@id":"https:\/\/psol50.org.br\/#\/schema\/person\/image\/","url":"https:\/\/secure.gravatar.com\/avatar\/b34fc4f4e468a4e51785917065a3db57b841f5c95dba6ad8c73aaf8f66f8f9bf?s=96&d=mm&r=g","contentUrl":"https:\/\/secure.gravatar.com\/avatar\/b34fc4f4e468a4e51785917065a3db57b841f5c95dba6ad8c73aaf8f66f8f9bf?s=96&d=mm&r=g","caption":"Comunica\u00e7\u00e3o PSOL"}}]}},"_links":{"self":[{"href":"https:\/\/psol50.org.br\/rest\/wp\/v2\/posts\/15227","targetHints":{"allow":["GET"]}}],"collection":[{"href":"https:\/\/psol50.org.br\/rest\/wp\/v2\/posts"}],"about":[{"href":"https:\/\/psol50.org.br\/rest\/wp\/v2\/types\/post"}],"author":[{"embeddable":true,"href":"https:\/\/psol50.org.br\/rest\/wp\/v2\/users\/2"}],"replies":[{"embeddable":true,"href":"https:\/\/psol50.org.br\/rest\/wp\/v2\/comments?post=15227"}],"version-history":[{"count":0,"href":"https:\/\/psol50.org.br\/rest\/wp\/v2\/posts\/15227\/revisions"}],"wp:featuredmedia":[{"embeddable":true,"href":"https:\/\/psol50.org.br\/rest\/"}],"wp:attachment":[{"href":"https:\/\/psol50.org.br\/rest\/wp\/v2\/media?parent=15227"}],"wp:term":[{"taxonomy":"category","embeddable":true,"href":"https:\/\/psol50.org.br\/rest\/wp\/v2\/categories?post=15227"},{"taxonomy":"post_tag","embeddable":true,"href":"https:\/\/psol50.org.br\/rest\/wp\/v2\/tags?post=15227"}],"curies":[{"name":"wp","href":"https:\/\/api.w.org\/{rel}","templated":true}]}}