{"id":15235,"date":"2017-01-27T13:00:44","date_gmt":"2017-01-27T13:00:44","guid":{"rendered":"http:\/\/www.psol50.org.br\/?p=15235"},"modified":"2017-01-27T13:00:44","modified_gmt":"2017-01-27T13:00:44","slug":"em-audiencia-publica-sobre-violencia-no-para-edmilson-cobra-responsabilidade-do-governo-estadual","status":"publish","type":"post","link":"https:\/\/psol50.org.br\/em-audiencia-publica-sobre-violencia-no-para-edmilson-cobra-responsabilidade-do-governo-estadual\/","title":{"rendered":"Em audi\u00eancia p\u00fablica sobre viol\u00eancia no Par\u00e1, Edmilson cobra responsabilidade do governo estadual"},"content":{"rendered":"<p>Nesta quinta-feira (26\/01), o deputado Edmilson Rodrigues (PSOL-PA) participou da audi\u00eancia p\u00fablica \u201cViol\u00eancia e Execu\u00e7\u00f5es na Regi\u00e3o Metropolitana de Bel\u00e9m\u201d, promovida pela OAB do Par\u00e1 e que contou com a participa\u00e7\u00e3o de diversas autoridades e representantes da sociedade civil. A audi\u00eancia foi dedicada a discutir a viol\u00eancia crescente no estado, que tem deixado ref\u00e9m a sociedade paraense.<\/p>\n<p>Na oportunidade, Edmilson expressou solidariedade \u00e0s fam\u00edlias de todas as v\u00edtimas e cobrou do governador Sim\u00e3o Jatene, do PSDB, a\u00a0humildade em reconhecer que \u00e9 necess\u00e1ria uma coopera\u00e7\u00e3o coletiva das institui\u00e7\u00f5es para combater o quadro de extrema viol\u00eancia no Par\u00e1 e investigar de forma rigorosa os crimes ocorridos. \u201c\u00c9 inadmiss\u00edvel cruzar os bra\u00e7os em um momento como esse e ainda utilizar dados estat\u00edsticos como desculpa para investigar ou n\u00e3o os crimes\u201d, afirmou o deputado do PSOL.<\/p>\n<p>Edmilson destacou, ainda, que o governo do Par\u00e1, em coopera\u00e7\u00e3o com outras entidades, precisa investigar de forma rigorosa a chacina do \u00faltimo final de semana, assim como a chacina de 2014. N\u00e3o se pode permitir que a sociedade continue ref\u00e9m de um descontrole da criminalidade pelo poder p\u00fablico que beira \u00e0 barb\u00e1rie.<\/p>\n<p>&nbsp;<\/p>\n","protected":false},"excerpt":{"rendered":"<p>Nesta quinta-feira (26\/01), o deputado Edmilson Rodrigues (PSOL-PA) participou da audi\u00eancia p\u00fablica \u201cViol\u00eancia e Execu\u00e7\u00f5es na Regi\u00e3o Metropolitana de Bel\u00e9m\u201d, promovida pela OAB do Par\u00e1 e que contou com a participa\u00e7\u00e3o de diversas autoridades e representantes da sociedade civil. A audi\u00eancia foi dedicada a discutir a viol\u00eancia crescente no estado, que tem deixado ref\u00e9m a [&hellip;]<\/p>\n","protected":false},"author":2,"featured_media":15236,"comment_status":"open","ping_status":"open","sticky":false,"template":"","format":"standard","meta":{"_acf_changed":false,"footnotes":""},"categories":[10,654,6],"tags":[643,1232,973,50,2844,233],"class_list":{"0":"post-15235","1":"post","2":"type-post","3":"status-publish","4":"format-standard","5":"has-post-thumbnail","7":"category-acao-parlamentares","8":"category-estados","9":"category-noticias","10":"tag-belem","11":"tag-chacina","12":"tag-edmilson-rodrigues","13":"tag-para","14":"tag-simao-jatene","15":"tag-violencia"},"acf":[],"yoast_head":"<!-- This site is optimized with the Yoast SEO plugin v26.5 - https:\/\/yoast.com\/wordpress\/plugins\/seo\/ -->\n<title>Em audi\u00eancia p\u00fablica sobre viol\u00eancia no Par\u00e1, Edmilson cobra responsabilidade do governo estadual - PSOL 50<\/title>\n<meta name=\"robots\" content=\"index, follow, max-snippet:-1, max-image-preview:large, max-video-preview:-1\" \/>\n<link rel=\"canonical\" href=\"https:\/\/psol50.org.br\/em-audiencia-publica-sobre-violencia-no-para-edmilson-cobra-responsabilidade-do-governo-estadual\/\" \/>\n<meta property=\"og:locale\" content=\"pt_BR\" \/>\n<meta property=\"og:type\" content=\"article\" \/>\n<meta property=\"og:title\" content=\"Em audi\u00eancia p\u00fablica sobre viol\u00eancia no Par\u00e1, Edmilson cobra responsabilidade do governo estadual - PSOL 50\" \/>\n<meta property=\"og:description\" content=\"Nesta quinta-feira (26\/01), o deputado Edmilson Rodrigues (PSOL-PA) participou da audi\u00eancia p\u00fablica \u201cViol\u00eancia e Execu\u00e7\u00f5es na Regi\u00e3o Metropolitana de Bel\u00e9m\u201d, promovida pela OAB do Par\u00e1 e que contou com a participa\u00e7\u00e3o de diversas autoridades e representantes da sociedade civil. A audi\u00eancia foi dedicada a discutir a viol\u00eancia crescente no estado, que tem deixado ref\u00e9m a [&hellip;]\" \/>\n<meta property=\"og:url\" content=\"https:\/\/psol50.org.br\/em-audiencia-publica-sobre-violencia-no-para-edmilson-cobra-responsabilidade-do-governo-estadual\/\" \/>\n<meta property=\"og:site_name\" content=\"PSOL 50\" \/>\n<meta property=\"article:publisher\" content=\"https:\/\/www.facebook.com\/psol50\" \/>\n<meta property=\"article:published_time\" content=\"2017-01-27T13:00:44+00:00\" \/>\n<meta property=\"og:image\" content=\"https:\/\/psol50.org.br\/inc\/uploads\/2018\/07\/capa.png\" \/>\n\t<meta property=\"og:image:width\" content=\"1350\" \/>\n\t<meta property=\"og:image:height\" content=\"900\" \/>\n\t<meta property=\"og:image:type\" content=\"image\/png\" \/>\n<meta name=\"author\" content=\"Comunica\u00e7\u00e3o PSOL\" \/>\n<meta name=\"twitter:card\" content=\"summary_large_image\" \/>\n<meta name=\"twitter:creator\" content=\"@psol50\" \/>\n<meta name=\"twitter:site\" content=\"@psol50\" \/>\n<meta name=\"twitter:label1\" content=\"Escrito por\" \/>\n\t<meta name=\"twitter:data1\" content=\"Comunica\u00e7\u00e3o PSOL\" \/>\n\t<meta name=\"twitter:label2\" content=\"Est. tempo de leitura\" \/>\n\t<meta name=\"twitter:data2\" content=\"1 minuto\" \/>\n<script type=\"application\/ld+json\" class=\"yoast-schema-graph\">{\"@context\":\"https:\/\/schema.org\",\"@graph\":[{\"@type\":\"Article\",\"@id\":\"https:\/\/psol50.org.br\/em-audiencia-publica-sobre-violencia-no-para-edmilson-cobra-responsabilidade-do-governo-estadual\/#article\",\"isPartOf\":{\"@id\":\"https:\/\/psol50.org.br\/em-audiencia-publica-sobre-violencia-no-para-edmilson-cobra-responsabilidade-do-governo-estadual\/\"},\"author\":{\"name\":\"Comunica\u00e7\u00e3o PSOL\",\"@id\":\"https:\/\/psol50.org.br\/#\/schema\/person\/475dfa57d0b815993c714c2e96491fcd\"},\"headline\":\"Em audi\u00eancia p\u00fablica sobre viol\u00eancia no Par\u00e1, Edmilson cobra responsabilidade do governo estadual\",\"datePublished\":\"2017-01-27T13:00:44+00:00\",\"mainEntityOfPage\":{\"@id\":\"https:\/\/psol50.org.br\/em-audiencia-publica-sobre-violencia-no-para-edmilson-cobra-responsabilidade-do-governo-estadual\/\"},\"wordCount\":223,\"commentCount\":0,\"publisher\":{\"@id\":\"https:\/\/psol50.org.br\/#organization\"},\"image\":{\"@id\":\"https:\/\/psol50.org.br\/em-audiencia-publica-sobre-violencia-no-para-edmilson-cobra-responsabilidade-do-governo-estadual\/#primaryimage\"},\"thumbnailUrl\":\"\",\"keywords\":[\"Bel\u00e9m\",\"chacina\",\"Edmilson Rodrigues\",\"Par\u00e1\",\"Sim\u00e3o Jatene\",\"viol\u00eancia\"],\"articleSection\":[\"A\u00e7\u00e3o Parlamentar\",\"Estados\",\"Not\u00edcias\"],\"inLanguage\":\"pt-BR\",\"potentialAction\":[{\"@type\":\"CommentAction\",\"name\":\"Comment\",\"target\":[\"https:\/\/psol50.org.br\/em-audiencia-publica-sobre-violencia-no-para-edmilson-cobra-responsabilidade-do-governo-estadual\/#respond\"]}]},{\"@type\":\"WebPage\",\"@id\":\"https:\/\/psol50.org.br\/em-audiencia-publica-sobre-violencia-no-para-edmilson-cobra-responsabilidade-do-governo-estadual\/\",\"url\":\"https:\/\/psol50.org.br\/em-audiencia-publica-sobre-violencia-no-para-edmilson-cobra-responsabilidade-do-governo-estadual\/\",\"name\":\"Em audi\u00eancia p\u00fablica sobre viol\u00eancia no Par\u00e1, Edmilson cobra responsabilidade do governo estadual - PSOL 50\",\"isPartOf\":{\"@id\":\"https:\/\/psol50.org.br\/#website\"},\"primaryImageOfPage\":{\"@id\":\"https:\/\/psol50.org.br\/em-audiencia-publica-sobre-violencia-no-para-edmilson-cobra-responsabilidade-do-governo-estadual\/#primaryimage\"},\"image\":{\"@id\":\"https:\/\/psol50.org.br\/em-audiencia-publica-sobre-violencia-no-para-edmilson-cobra-responsabilidade-do-governo-estadual\/#primaryimage\"},\"thumbnailUrl\":\"\",\"datePublished\":\"2017-01-27T13:00:44+00:00\",\"breadcrumb\":{\"@id\":\"https:\/\/psol50.org.br\/em-audiencia-publica-sobre-violencia-no-para-edmilson-cobra-responsabilidade-do-governo-estadual\/#breadcrumb\"},\"inLanguage\":\"pt-BR\",\"potentialAction\":[{\"@type\":\"ReadAction\",\"target\":[\"https:\/\/psol50.org.br\/em-audiencia-publica-sobre-violencia-no-para-edmilson-cobra-responsabilidade-do-governo-estadual\/\"]}]},{\"@type\":\"ImageObject\",\"inLanguage\":\"pt-BR\",\"@id\":\"https:\/\/psol50.org.br\/em-audiencia-publica-sobre-violencia-no-para-edmilson-cobra-responsabilidade-do-governo-estadual\/#primaryimage\",\"url\":\"\",\"contentUrl\":\"\"},{\"@type\":\"BreadcrumbList\",\"@id\":\"https:\/\/psol50.org.br\/em-audiencia-publica-sobre-violencia-no-para-edmilson-cobra-responsabilidade-do-governo-estadual\/#breadcrumb\",\"itemListElement\":[{\"@type\":\"ListItem\",\"position\":1,\"name\":\"In\u00edcio\",\"item\":\"https:\/\/psol50.org.br\/\"},{\"@type\":\"ListItem\",\"position\":2,\"name\":\"Em audi\u00eancia p\u00fablica sobre viol\u00eancia no Par\u00e1, Edmilson cobra responsabilidade do governo estadual\"}]},{\"@type\":\"WebSite\",\"@id\":\"https:\/\/psol50.org.br\/#website\",\"url\":\"https:\/\/psol50.org.br\/\",\"name\":\"PSOL 50\",\"description\":\"Site oficial do Partido Socialismo e Liberdade\",\"publisher\":{\"@id\":\"https:\/\/psol50.org.br\/#organization\"},\"alternateName\":\"PSOL50\",\"potentialAction\":[{\"@type\":\"SearchAction\",\"target\":{\"@type\":\"EntryPoint\",\"urlTemplate\":\"https:\/\/psol50.org.br\/?s={search_term_string}\"},\"query-input\":{\"@type\":\"PropertyValueSpecification\",\"valueRequired\":true,\"valueName\":\"search_term_string\"}}],\"inLanguage\":\"pt-BR\"},{\"@type\":\"Organization\",\"@id\":\"https:\/\/psol50.org.br\/#organization\",\"name\":\"PSOL 50\",\"alternateName\":\"PSOL 50\",\"url\":\"https:\/\/psol50.org.br\/\",\"logo\":{\"@type\":\"ImageObject\",\"inLanguage\":\"pt-BR\",\"@id\":\"https:\/\/psol50.org.br\/#\/schema\/logo\/image\/\",\"url\":\"https:\/\/psol50.org.br\/inc\/uploads\/2018\/07\/capa.png\",\"contentUrl\":\"https:\/\/psol50.org.br\/inc\/uploads\/2018\/07\/capa.png\",\"width\":1350,\"height\":900,\"caption\":\"PSOL 50\"},\"image\":{\"@id\":\"https:\/\/psol50.org.br\/#\/schema\/logo\/image\/\"},\"sameAs\":[\"https:\/\/www.facebook.com\/psol50\",\"https:\/\/x.com\/psol50\",\"https:\/\/www.instagram.com\/psol50\/\",\"https:\/\/www.youtube.com\/channel\/UC7SnJS5o1os7a6CaiNabzcg\"]},{\"@type\":\"Person\",\"@id\":\"https:\/\/psol50.org.br\/#\/schema\/person\/475dfa57d0b815993c714c2e96491fcd\",\"name\":\"Comunica\u00e7\u00e3o PSOL\",\"image\":{\"@type\":\"ImageObject\",\"inLanguage\":\"pt-BR\",\"@id\":\"https:\/\/psol50.org.br\/#\/schema\/person\/image\/\",\"url\":\"https:\/\/secure.gravatar.com\/avatar\/b34fc4f4e468a4e51785917065a3db57b841f5c95dba6ad8c73aaf8f66f8f9bf?s=96&d=mm&r=g\",\"contentUrl\":\"https:\/\/secure.gravatar.com\/avatar\/b34fc4f4e468a4e51785917065a3db57b841f5c95dba6ad8c73aaf8f66f8f9bf?s=96&d=mm&r=g\",\"caption\":\"Comunica\u00e7\u00e3o PSOL\"}}]}<\/script>\n<!-- \/ Yoast SEO plugin. -->","yoast_head_json":{"title":"Em audi\u00eancia p\u00fablica sobre viol\u00eancia no Par\u00e1, Edmilson cobra responsabilidade do governo estadual - PSOL 50","robots":{"index":"index","follow":"follow","max-snippet":"max-snippet:-1","max-image-preview":"max-image-preview:large","max-video-preview":"max-video-preview:-1"},"canonical":"https:\/\/psol50.org.br\/em-audiencia-publica-sobre-violencia-no-para-edmilson-cobra-responsabilidade-do-governo-estadual\/","og_locale":"pt_BR","og_type":"article","og_title":"Em audi\u00eancia p\u00fablica sobre viol\u00eancia no Par\u00e1, Edmilson cobra responsabilidade do governo estadual - PSOL 50","og_description":"Nesta quinta-feira (26\/01), o deputado Edmilson Rodrigues (PSOL-PA) participou da audi\u00eancia p\u00fablica \u201cViol\u00eancia e Execu\u00e7\u00f5es na Regi\u00e3o Metropolitana de Bel\u00e9m\u201d, promovida pela OAB do Par\u00e1 e que contou com a participa\u00e7\u00e3o de diversas autoridades e representantes da sociedade civil. A audi\u00eancia foi dedicada a discutir a viol\u00eancia crescente no estado, que tem deixado ref\u00e9m a [&hellip;]","og_url":"https:\/\/psol50.org.br\/em-audiencia-publica-sobre-violencia-no-para-edmilson-cobra-responsabilidade-do-governo-estadual\/","og_site_name":"PSOL 50","article_publisher":"https:\/\/www.facebook.com\/psol50","article_published_time":"2017-01-27T13:00:44+00:00","og_image":[{"width":1350,"height":900,"url":"https:\/\/psol50.org.br\/inc\/uploads\/2018\/07\/capa.png","type":"image\/png"}],"author":"Comunica\u00e7\u00e3o PSOL","twitter_card":"summary_large_image","twitter_creator":"@psol50","twitter_site":"@psol50","twitter_misc":{"Escrito por":"Comunica\u00e7\u00e3o PSOL","Est. tempo de leitura":"1 minuto"},"schema":{"@context":"https:\/\/schema.org","@graph":[{"@type":"Article","@id":"https:\/\/psol50.org.br\/em-audiencia-publica-sobre-violencia-no-para-edmilson-cobra-responsabilidade-do-governo-estadual\/#article","isPartOf":{"@id":"https:\/\/psol50.org.br\/em-audiencia-publica-sobre-violencia-no-para-edmilson-cobra-responsabilidade-do-governo-estadual\/"},"author":{"name":"Comunica\u00e7\u00e3o PSOL","@id":"https:\/\/psol50.org.br\/#\/schema\/person\/475dfa57d0b815993c714c2e96491fcd"},"headline":"Em audi\u00eancia p\u00fablica sobre viol\u00eancia no Par\u00e1, Edmilson cobra responsabilidade do governo estadual","datePublished":"2017-01-27T13:00:44+00:00","mainEntityOfPage":{"@id":"https:\/\/psol50.org.br\/em-audiencia-publica-sobre-violencia-no-para-edmilson-cobra-responsabilidade-do-governo-estadual\/"},"wordCount":223,"commentCount":0,"publisher":{"@id":"https:\/\/psol50.org.br\/#organization"},"image":{"@id":"https:\/\/psol50.org.br\/em-audiencia-publica-sobre-violencia-no-para-edmilson-cobra-responsabilidade-do-governo-estadual\/#primaryimage"},"thumbnailUrl":"","keywords":["Bel\u00e9m","chacina","Edmilson Rodrigues","Par\u00e1","Sim\u00e3o Jatene","viol\u00eancia"],"articleSection":["A\u00e7\u00e3o Parlamentar","Estados","Not\u00edcias"],"inLanguage":"pt-BR","potentialAction":[{"@type":"CommentAction","name":"Comment","target":["https:\/\/psol50.org.br\/em-audiencia-publica-sobre-violencia-no-para-edmilson-cobra-responsabilidade-do-governo-estadual\/#respond"]}]},{"@type":"WebPage","@id":"https:\/\/psol50.org.br\/em-audiencia-publica-sobre-violencia-no-para-edmilson-cobra-responsabilidade-do-governo-estadual\/","url":"https:\/\/psol50.org.br\/em-audiencia-publica-sobre-violencia-no-para-edmilson-cobra-responsabilidade-do-governo-estadual\/","name":"Em audi\u00eancia p\u00fablica sobre viol\u00eancia no Par\u00e1, Edmilson cobra responsabilidade do governo estadual - PSOL 50","isPartOf":{"@id":"https:\/\/psol50.org.br\/#website"},"primaryImageOfPage":{"@id":"https:\/\/psol50.org.br\/em-audiencia-publica-sobre-violencia-no-para-edmilson-cobra-responsabilidade-do-governo-estadual\/#primaryimage"},"image":{"@id":"https:\/\/psol50.org.br\/em-audiencia-publica-sobre-violencia-no-para-edmilson-cobra-responsabilidade-do-governo-estadual\/#primaryimage"},"thumbnailUrl":"","datePublished":"2017-01-27T13:00:44+00:00","breadcrumb":{"@id":"https:\/\/psol50.org.br\/em-audiencia-publica-sobre-violencia-no-para-edmilson-cobra-responsabilidade-do-governo-estadual\/#breadcrumb"},"inLanguage":"pt-BR","potentialAction":[{"@type":"ReadAction","target":["https:\/\/psol50.org.br\/em-audiencia-publica-sobre-violencia-no-para-edmilson-cobra-responsabilidade-do-governo-estadual\/"]}]},{"@type":"ImageObject","inLanguage":"pt-BR","@id":"https:\/\/psol50.org.br\/em-audiencia-publica-sobre-violencia-no-para-edmilson-cobra-responsabilidade-do-governo-estadual\/#primaryimage","url":"","contentUrl":""},{"@type":"BreadcrumbList","@id":"https:\/\/psol50.org.br\/em-audiencia-publica-sobre-violencia-no-para-edmilson-cobra-responsabilidade-do-governo-estadual\/#breadcrumb","itemListElement":[{"@type":"ListItem","position":1,"name":"In\u00edcio","item":"https:\/\/psol50.org.br\/"},{"@type":"ListItem","position":2,"name":"Em audi\u00eancia p\u00fablica sobre viol\u00eancia no Par\u00e1, Edmilson cobra responsabilidade do governo estadual"}]},{"@type":"WebSite","@id":"https:\/\/psol50.org.br\/#website","url":"https:\/\/psol50.org.br\/","name":"PSOL 50","description":"Site oficial do Partido Socialismo e Liberdade","publisher":{"@id":"https:\/\/psol50.org.br\/#organization"},"alternateName":"PSOL50","potentialAction":[{"@type":"SearchAction","target":{"@type":"EntryPoint","urlTemplate":"https:\/\/psol50.org.br\/?s={search_term_string}"},"query-input":{"@type":"PropertyValueSpecification","valueRequired":true,"valueName":"search_term_string"}}],"inLanguage":"pt-BR"},{"@type":"Organization","@id":"https:\/\/psol50.org.br\/#organization","name":"PSOL 50","alternateName":"PSOL 50","url":"https:\/\/psol50.org.br\/","logo":{"@type":"ImageObject","inLanguage":"pt-BR","@id":"https:\/\/psol50.org.br\/#\/schema\/logo\/image\/","url":"https:\/\/psol50.org.br\/inc\/uploads\/2018\/07\/capa.png","contentUrl":"https:\/\/psol50.org.br\/inc\/uploads\/2018\/07\/capa.png","width":1350,"height":900,"caption":"PSOL 50"},"image":{"@id":"https:\/\/psol50.org.br\/#\/schema\/logo\/image\/"},"sameAs":["https:\/\/www.facebook.com\/psol50","https:\/\/x.com\/psol50","https:\/\/www.instagram.com\/psol50\/","https:\/\/www.youtube.com\/channel\/UC7SnJS5o1os7a6CaiNabzcg"]},{"@type":"Person","@id":"https:\/\/psol50.org.br\/#\/schema\/person\/475dfa57d0b815993c714c2e96491fcd","name":"Comunica\u00e7\u00e3o PSOL","image":{"@type":"ImageObject","inLanguage":"pt-BR","@id":"https:\/\/psol50.org.br\/#\/schema\/person\/image\/","url":"https:\/\/secure.gravatar.com\/avatar\/b34fc4f4e468a4e51785917065a3db57b841f5c95dba6ad8c73aaf8f66f8f9bf?s=96&d=mm&r=g","contentUrl":"https:\/\/secure.gravatar.com\/avatar\/b34fc4f4e468a4e51785917065a3db57b841f5c95dba6ad8c73aaf8f66f8f9bf?s=96&d=mm&r=g","caption":"Comunica\u00e7\u00e3o PSOL"}}]}},"_links":{"self":[{"href":"https:\/\/psol50.org.br\/rest\/wp\/v2\/posts\/15235","targetHints":{"allow":["GET"]}}],"collection":[{"href":"https:\/\/psol50.org.br\/rest\/wp\/v2\/posts"}],"about":[{"href":"https:\/\/psol50.org.br\/rest\/wp\/v2\/types\/post"}],"author":[{"embeddable":true,"href":"https:\/\/psol50.org.br\/rest\/wp\/v2\/users\/2"}],"replies":[{"embeddable":true,"href":"https:\/\/psol50.org.br\/rest\/wp\/v2\/comments?post=15235"}],"version-history":[{"count":0,"href":"https:\/\/psol50.org.br\/rest\/wp\/v2\/posts\/15235\/revisions"}],"wp:featuredmedia":[{"embeddable":true,"href":"https:\/\/psol50.org.br\/rest\/"}],"wp:attachment":[{"href":"https:\/\/psol50.org.br\/rest\/wp\/v2\/media?parent=15235"}],"wp:term":[{"taxonomy":"category","embeddable":true,"href":"https:\/\/psol50.org.br\/rest\/wp\/v2\/categories?post=15235"},{"taxonomy":"post_tag","embeddable":true,"href":"https:\/\/psol50.org.br\/rest\/wp\/v2\/tags?post=15235"}],"curies":[{"name":"wp","href":"https:\/\/api.w.org\/{rel}","templated":true}]}}