{"id":15249,"date":"2017-01-31T16:24:56","date_gmt":"2017-01-31T16:24:56","guid":{"rendered":"http:\/\/www.psol50.org.br\/?p=15249"},"modified":"2017-01-31T16:24:56","modified_gmt":"2017-01-31T16:24:56","slug":"glauber-braga-e-o-novo-lider-do-psol-na-camara","status":"publish","type":"post","link":"https:\/\/psol50.org.br\/glauber-braga-e-o-novo-lider-do-psol-na-camara\/","title":{"rendered":"Glauber Braga \u00e9 o novo l\u00edder do PSOL na C\u00e2mara"},"content":{"rendered":"<p>A bancada do PSOL na C\u00e2mara dos Deputados decidiu, nesta ter\u00e7a-feira (31), que Glauber Braga (RJ) ser\u00e1 o novo l\u00edder do partido na Casa pelo per\u00edodo de um ano. O deputado, antes vice-l\u00edder, assume no lugar de Ivan Valente (SP), que ocupou o cargo em 2016.<\/p>\n<p>O cargo de lideran\u00e7a partid\u00e1ria acumula uma s\u00e9rie de atribui\u00e7\u00f5es espec\u00edficas, dando ao deputado que o ocupa fun\u00e7\u00f5es norteadoras do debate pol\u00edtico na C\u00e2mara (assim como no Senado), como o encaminhamento de propostas, a articula\u00e7\u00e3o com outras bancadas e na comunica\u00e7\u00e3o com a popula\u00e7\u00e3o, sempre em nome do partido.<\/p>\n<p>Glauber Braga, de 34 anos, \u00e9 o deputado mais jovem da bancada do PSOL. Nascido em Nova Friburgo, regi\u00e3o serrana do Rio de Janeiro, \u00e9 deputado federal desde 2009. Tem entre suas principais pautas a defesa da educa\u00e7\u00e3o p\u00fablica, tendo se destacado na disputa pelo mais recente Plano Nacional de Educa\u00e7\u00e3o (PNE), e tamb\u00e9m o trabalho com v\u00edtimas de desastres naturais.<\/p>\n<p>Desde 2013, figura nas listas dos melhores deputados do pa\u00eds, no Pr\u00eamio Congresso em Foco, e na das pessoas mais influentes do Congresso Nacional, feita pelo Departamento Intersindical de Assessoria Parlamentar (Diap).<\/p>\n<p>\u00c9 reconhecido, tamb\u00e9m, pela transpar\u00eancia com que trabalha em seu mandato, tanto na utiliza\u00e7\u00e3o de ferramentas da internet quanto por realizar diversas atividades p\u00fablicas e abertas em diferentes cidades do estado\u00a0do RJ.<\/p>\n<p>Acesse e siga o novo l\u00edder do PSOL na C\u00e2mara:<\/p>\n<p><span style=\"color: #3366ff\"><strong><a style=\"color: #3366ff\" href=\"https:\/\/www.facebook.com\/glauber.braga1\/\" target=\"_blank\" rel=\"noopener\">Facebook<\/a> <\/strong><\/span>|\u00a0<span style=\"color: #3366ff\"><strong><a style=\"color: #3366ff\" href=\"https:\/\/twitter.com\/Glauber_Braga\" target=\"_blank\" rel=\"noopener\">Twitter<\/a><\/strong><\/span><\/p>\n<p>Uma marca de Glauber Braga foi sua poderosa fala na vota\u00e7\u00e3o da admissibilidade do processo de impeachment, em 2016, na C\u00e2mara. Assista novamente:<\/p>\n<p><iframe loading=\"lazy\" title=\"Glauber Braga - Votacao do Impeachment\" width=\"696\" height=\"392\" src=\"https:\/\/www.youtube.com\/embed\/DCuFSGWnk2I?feature=oembed\" frameborder=\"0\" allow=\"accelerometer; autoplay; clipboard-write; encrypted-media; gyroscope; picture-in-picture\" allowfullscreen><\/iframe><\/p>\n","protected":false},"excerpt":{"rendered":"<p>A bancada do PSOL na C\u00e2mara dos Deputados decidiu, nesta ter\u00e7a-feira (31), que Glauber Braga (RJ) ser\u00e1 o novo l\u00edder do partido na Casa pelo per\u00edodo de um ano. O deputado, antes vice-l\u00edder, assume no lugar de Ivan Valente (SP), que ocupou o cargo em 2016. O cargo de lideran\u00e7a partid\u00e1ria acumula uma s\u00e9rie de [&hellip;]<\/p>\n","protected":false},"author":2,"featured_media":15271,"comment_status":"open","ping_status":"open","sticky":false,"template":"","format":"standard","meta":{"_acf_changed":false,"footnotes":""},"categories":[10,1882,6],"tags":[1191,552,417],"class_list":{"0":"post-15249","1":"post","2":"type-post","3":"status-publish","4":"format-standard","5":"has-post-thumbnail","7":"category-acao-parlamentares","8":"category-brasil","9":"category-noticias","10":"tag-glauber-braga","11":"tag-ivan-valente","12":"tag-psol-na-camara"},"acf":[],"yoast_head":"<!-- This site is optimized with the Yoast SEO plugin v26.5 - https:\/\/yoast.com\/wordpress\/plugins\/seo\/ -->\n<title>Glauber Braga \u00e9 o novo l\u00edder do PSOL na C\u00e2mara - PSOL 50<\/title>\n<meta name=\"robots\" content=\"index, follow, max-snippet:-1, max-image-preview:large, max-video-preview:-1\" \/>\n<link rel=\"canonical\" href=\"https:\/\/psol50.org.br\/glauber-braga-e-o-novo-lider-do-psol-na-camara\/\" \/>\n<meta property=\"og:locale\" content=\"pt_BR\" \/>\n<meta property=\"og:type\" content=\"article\" \/>\n<meta property=\"og:title\" content=\"Glauber Braga \u00e9 o novo l\u00edder do PSOL na C\u00e2mara - PSOL 50\" \/>\n<meta property=\"og:description\" content=\"A bancada do PSOL na C\u00e2mara dos Deputados decidiu, nesta ter\u00e7a-feira (31), que Glauber Braga (RJ) ser\u00e1 o novo l\u00edder do partido na Casa pelo per\u00edodo de um ano. O deputado, antes vice-l\u00edder, assume no lugar de Ivan Valente (SP), que ocupou o cargo em 2016. O cargo de lideran\u00e7a partid\u00e1ria acumula uma s\u00e9rie de [&hellip;]\" \/>\n<meta property=\"og:url\" content=\"https:\/\/psol50.org.br\/glauber-braga-e-o-novo-lider-do-psol-na-camara\/\" \/>\n<meta property=\"og:site_name\" content=\"PSOL 50\" \/>\n<meta property=\"article:publisher\" content=\"https:\/\/www.facebook.com\/psol50\" \/>\n<meta property=\"article:published_time\" content=\"2017-01-31T16:24:56+00:00\" \/>\n<meta property=\"og:image\" content=\"https:\/\/psol50.org.br\/inc\/uploads\/2018\/07\/capa.png\" \/>\n\t<meta property=\"og:image:width\" content=\"1350\" \/>\n\t<meta property=\"og:image:height\" content=\"900\" \/>\n\t<meta property=\"og:image:type\" content=\"image\/png\" \/>\n<meta name=\"author\" content=\"Comunica\u00e7\u00e3o PSOL\" \/>\n<meta name=\"twitter:card\" content=\"summary_large_image\" \/>\n<meta name=\"twitter:creator\" content=\"@psol50\" \/>\n<meta name=\"twitter:site\" content=\"@psol50\" \/>\n<meta name=\"twitter:label1\" content=\"Escrito por\" \/>\n\t<meta name=\"twitter:data1\" content=\"Comunica\u00e7\u00e3o PSOL\" \/>\n\t<meta name=\"twitter:label2\" content=\"Est. tempo de leitura\" \/>\n\t<meta name=\"twitter:data2\" content=\"1 minuto\" \/>\n<script type=\"application\/ld+json\" class=\"yoast-schema-graph\">{\"@context\":\"https:\/\/schema.org\",\"@graph\":[{\"@type\":\"Article\",\"@id\":\"https:\/\/psol50.org.br\/glauber-braga-e-o-novo-lider-do-psol-na-camara\/#article\",\"isPartOf\":{\"@id\":\"https:\/\/psol50.org.br\/glauber-braga-e-o-novo-lider-do-psol-na-camara\/\"},\"author\":{\"name\":\"Comunica\u00e7\u00e3o PSOL\",\"@id\":\"https:\/\/psol50.org.br\/#\/schema\/person\/475dfa57d0b815993c714c2e96491fcd\"},\"headline\":\"Glauber Braga \u00e9 o novo l\u00edder do PSOL na C\u00e2mara\",\"datePublished\":\"2017-01-31T16:24:56+00:00\",\"mainEntityOfPage\":{\"@id\":\"https:\/\/psol50.org.br\/glauber-braga-e-o-novo-lider-do-psol-na-camara\/\"},\"wordCount\":297,\"commentCount\":0,\"publisher\":{\"@id\":\"https:\/\/psol50.org.br\/#organization\"},\"image\":{\"@id\":\"https:\/\/psol50.org.br\/glauber-braga-e-o-novo-lider-do-psol-na-camara\/#primaryimage\"},\"thumbnailUrl\":\"\",\"keywords\":[\"Glauber Braga\",\"Ivan Valente\",\"PSOL na C\u00e2mara\"],\"articleSection\":[\"A\u00e7\u00e3o Parlamentar\",\"Brasil\",\"Not\u00edcias\"],\"inLanguage\":\"pt-BR\",\"potentialAction\":[{\"@type\":\"CommentAction\",\"name\":\"Comment\",\"target\":[\"https:\/\/psol50.org.br\/glauber-braga-e-o-novo-lider-do-psol-na-camara\/#respond\"]}]},{\"@type\":\"WebPage\",\"@id\":\"https:\/\/psol50.org.br\/glauber-braga-e-o-novo-lider-do-psol-na-camara\/\",\"url\":\"https:\/\/psol50.org.br\/glauber-braga-e-o-novo-lider-do-psol-na-camara\/\",\"name\":\"Glauber Braga \u00e9 o novo l\u00edder do PSOL na C\u00e2mara - PSOL 50\",\"isPartOf\":{\"@id\":\"https:\/\/psol50.org.br\/#website\"},\"primaryImageOfPage\":{\"@id\":\"https:\/\/psol50.org.br\/glauber-braga-e-o-novo-lider-do-psol-na-camara\/#primaryimage\"},\"image\":{\"@id\":\"https:\/\/psol50.org.br\/glauber-braga-e-o-novo-lider-do-psol-na-camara\/#primaryimage\"},\"thumbnailUrl\":\"\",\"datePublished\":\"2017-01-31T16:24:56+00:00\",\"breadcrumb\":{\"@id\":\"https:\/\/psol50.org.br\/glauber-braga-e-o-novo-lider-do-psol-na-camara\/#breadcrumb\"},\"inLanguage\":\"pt-BR\",\"potentialAction\":[{\"@type\":\"ReadAction\",\"target\":[\"https:\/\/psol50.org.br\/glauber-braga-e-o-novo-lider-do-psol-na-camara\/\"]}]},{\"@type\":\"ImageObject\",\"inLanguage\":\"pt-BR\",\"@id\":\"https:\/\/psol50.org.br\/glauber-braga-e-o-novo-lider-do-psol-na-camara\/#primaryimage\",\"url\":\"\",\"contentUrl\":\"\"},{\"@type\":\"BreadcrumbList\",\"@id\":\"https:\/\/psol50.org.br\/glauber-braga-e-o-novo-lider-do-psol-na-camara\/#breadcrumb\",\"itemListElement\":[{\"@type\":\"ListItem\",\"position\":1,\"name\":\"In\u00edcio\",\"item\":\"https:\/\/psol50.org.br\/\"},{\"@type\":\"ListItem\",\"position\":2,\"name\":\"Glauber Braga \u00e9 o novo l\u00edder do PSOL na C\u00e2mara\"}]},{\"@type\":\"WebSite\",\"@id\":\"https:\/\/psol50.org.br\/#website\",\"url\":\"https:\/\/psol50.org.br\/\",\"name\":\"PSOL 50\",\"description\":\"Site oficial do Partido Socialismo e Liberdade\",\"publisher\":{\"@id\":\"https:\/\/psol50.org.br\/#organization\"},\"alternateName\":\"PSOL50\",\"potentialAction\":[{\"@type\":\"SearchAction\",\"target\":{\"@type\":\"EntryPoint\",\"urlTemplate\":\"https:\/\/psol50.org.br\/?s={search_term_string}\"},\"query-input\":{\"@type\":\"PropertyValueSpecification\",\"valueRequired\":true,\"valueName\":\"search_term_string\"}}],\"inLanguage\":\"pt-BR\"},{\"@type\":\"Organization\",\"@id\":\"https:\/\/psol50.org.br\/#organization\",\"name\":\"PSOL 50\",\"alternateName\":\"PSOL 50\",\"url\":\"https:\/\/psol50.org.br\/\",\"logo\":{\"@type\":\"ImageObject\",\"inLanguage\":\"pt-BR\",\"@id\":\"https:\/\/psol50.org.br\/#\/schema\/logo\/image\/\",\"url\":\"https:\/\/psol50.org.br\/inc\/uploads\/2018\/07\/capa.png\",\"contentUrl\":\"https:\/\/psol50.org.br\/inc\/uploads\/2018\/07\/capa.png\",\"width\":1350,\"height\":900,\"caption\":\"PSOL 50\"},\"image\":{\"@id\":\"https:\/\/psol50.org.br\/#\/schema\/logo\/image\/\"},\"sameAs\":[\"https:\/\/www.facebook.com\/psol50\",\"https:\/\/x.com\/psol50\",\"https:\/\/www.instagram.com\/psol50\/\",\"https:\/\/www.youtube.com\/channel\/UC7SnJS5o1os7a6CaiNabzcg\"]},{\"@type\":\"Person\",\"@id\":\"https:\/\/psol50.org.br\/#\/schema\/person\/475dfa57d0b815993c714c2e96491fcd\",\"name\":\"Comunica\u00e7\u00e3o PSOL\",\"image\":{\"@type\":\"ImageObject\",\"inLanguage\":\"pt-BR\",\"@id\":\"https:\/\/psol50.org.br\/#\/schema\/person\/image\/\",\"url\":\"https:\/\/secure.gravatar.com\/avatar\/b34fc4f4e468a4e51785917065a3db57b841f5c95dba6ad8c73aaf8f66f8f9bf?s=96&d=mm&r=g\",\"contentUrl\":\"https:\/\/secure.gravatar.com\/avatar\/b34fc4f4e468a4e51785917065a3db57b841f5c95dba6ad8c73aaf8f66f8f9bf?s=96&d=mm&r=g\",\"caption\":\"Comunica\u00e7\u00e3o PSOL\"}}]}<\/script>\n<!-- \/ Yoast SEO plugin. -->","yoast_head_json":{"title":"Glauber Braga \u00e9 o novo l\u00edder do PSOL na C\u00e2mara - PSOL 50","robots":{"index":"index","follow":"follow","max-snippet":"max-snippet:-1","max-image-preview":"max-image-preview:large","max-video-preview":"max-video-preview:-1"},"canonical":"https:\/\/psol50.org.br\/glauber-braga-e-o-novo-lider-do-psol-na-camara\/","og_locale":"pt_BR","og_type":"article","og_title":"Glauber Braga \u00e9 o novo l\u00edder do PSOL na C\u00e2mara - PSOL 50","og_description":"A bancada do PSOL na C\u00e2mara dos Deputados decidiu, nesta ter\u00e7a-feira (31), que Glauber Braga (RJ) ser\u00e1 o novo l\u00edder do partido na Casa pelo per\u00edodo de um ano. O deputado, antes vice-l\u00edder, assume no lugar de Ivan Valente (SP), que ocupou o cargo em 2016. O cargo de lideran\u00e7a partid\u00e1ria acumula uma s\u00e9rie de [&hellip;]","og_url":"https:\/\/psol50.org.br\/glauber-braga-e-o-novo-lider-do-psol-na-camara\/","og_site_name":"PSOL 50","article_publisher":"https:\/\/www.facebook.com\/psol50","article_published_time":"2017-01-31T16:24:56+00:00","og_image":[{"width":1350,"height":900,"url":"https:\/\/psol50.org.br\/inc\/uploads\/2018\/07\/capa.png","type":"image\/png"}],"author":"Comunica\u00e7\u00e3o PSOL","twitter_card":"summary_large_image","twitter_creator":"@psol50","twitter_site":"@psol50","twitter_misc":{"Escrito por":"Comunica\u00e7\u00e3o PSOL","Est. tempo de leitura":"1 minuto"},"schema":{"@context":"https:\/\/schema.org","@graph":[{"@type":"Article","@id":"https:\/\/psol50.org.br\/glauber-braga-e-o-novo-lider-do-psol-na-camara\/#article","isPartOf":{"@id":"https:\/\/psol50.org.br\/glauber-braga-e-o-novo-lider-do-psol-na-camara\/"},"author":{"name":"Comunica\u00e7\u00e3o PSOL","@id":"https:\/\/psol50.org.br\/#\/schema\/person\/475dfa57d0b815993c714c2e96491fcd"},"headline":"Glauber Braga \u00e9 o novo l\u00edder do PSOL na C\u00e2mara","datePublished":"2017-01-31T16:24:56+00:00","mainEntityOfPage":{"@id":"https:\/\/psol50.org.br\/glauber-braga-e-o-novo-lider-do-psol-na-camara\/"},"wordCount":297,"commentCount":0,"publisher":{"@id":"https:\/\/psol50.org.br\/#organization"},"image":{"@id":"https:\/\/psol50.org.br\/glauber-braga-e-o-novo-lider-do-psol-na-camara\/#primaryimage"},"thumbnailUrl":"","keywords":["Glauber Braga","Ivan Valente","PSOL na C\u00e2mara"],"articleSection":["A\u00e7\u00e3o Parlamentar","Brasil","Not\u00edcias"],"inLanguage":"pt-BR","potentialAction":[{"@type":"CommentAction","name":"Comment","target":["https:\/\/psol50.org.br\/glauber-braga-e-o-novo-lider-do-psol-na-camara\/#respond"]}]},{"@type":"WebPage","@id":"https:\/\/psol50.org.br\/glauber-braga-e-o-novo-lider-do-psol-na-camara\/","url":"https:\/\/psol50.org.br\/glauber-braga-e-o-novo-lider-do-psol-na-camara\/","name":"Glauber Braga \u00e9 o novo l\u00edder do PSOL na C\u00e2mara - PSOL 50","isPartOf":{"@id":"https:\/\/psol50.org.br\/#website"},"primaryImageOfPage":{"@id":"https:\/\/psol50.org.br\/glauber-braga-e-o-novo-lider-do-psol-na-camara\/#primaryimage"},"image":{"@id":"https:\/\/psol50.org.br\/glauber-braga-e-o-novo-lider-do-psol-na-camara\/#primaryimage"},"thumbnailUrl":"","datePublished":"2017-01-31T16:24:56+00:00","breadcrumb":{"@id":"https:\/\/psol50.org.br\/glauber-braga-e-o-novo-lider-do-psol-na-camara\/#breadcrumb"},"inLanguage":"pt-BR","potentialAction":[{"@type":"ReadAction","target":["https:\/\/psol50.org.br\/glauber-braga-e-o-novo-lider-do-psol-na-camara\/"]}]},{"@type":"ImageObject","inLanguage":"pt-BR","@id":"https:\/\/psol50.org.br\/glauber-braga-e-o-novo-lider-do-psol-na-camara\/#primaryimage","url":"","contentUrl":""},{"@type":"BreadcrumbList","@id":"https:\/\/psol50.org.br\/glauber-braga-e-o-novo-lider-do-psol-na-camara\/#breadcrumb","itemListElement":[{"@type":"ListItem","position":1,"name":"In\u00edcio","item":"https:\/\/psol50.org.br\/"},{"@type":"ListItem","position":2,"name":"Glauber Braga \u00e9 o novo l\u00edder do PSOL na C\u00e2mara"}]},{"@type":"WebSite","@id":"https:\/\/psol50.org.br\/#website","url":"https:\/\/psol50.org.br\/","name":"PSOL 50","description":"Site oficial do Partido Socialismo e Liberdade","publisher":{"@id":"https:\/\/psol50.org.br\/#organization"},"alternateName":"PSOL50","potentialAction":[{"@type":"SearchAction","target":{"@type":"EntryPoint","urlTemplate":"https:\/\/psol50.org.br\/?s={search_term_string}"},"query-input":{"@type":"PropertyValueSpecification","valueRequired":true,"valueName":"search_term_string"}}],"inLanguage":"pt-BR"},{"@type":"Organization","@id":"https:\/\/psol50.org.br\/#organization","name":"PSOL 50","alternateName":"PSOL 50","url":"https:\/\/psol50.org.br\/","logo":{"@type":"ImageObject","inLanguage":"pt-BR","@id":"https:\/\/psol50.org.br\/#\/schema\/logo\/image\/","url":"https:\/\/psol50.org.br\/inc\/uploads\/2018\/07\/capa.png","contentUrl":"https:\/\/psol50.org.br\/inc\/uploads\/2018\/07\/capa.png","width":1350,"height":900,"caption":"PSOL 50"},"image":{"@id":"https:\/\/psol50.org.br\/#\/schema\/logo\/image\/"},"sameAs":["https:\/\/www.facebook.com\/psol50","https:\/\/x.com\/psol50","https:\/\/www.instagram.com\/psol50\/","https:\/\/www.youtube.com\/channel\/UC7SnJS5o1os7a6CaiNabzcg"]},{"@type":"Person","@id":"https:\/\/psol50.org.br\/#\/schema\/person\/475dfa57d0b815993c714c2e96491fcd","name":"Comunica\u00e7\u00e3o PSOL","image":{"@type":"ImageObject","inLanguage":"pt-BR","@id":"https:\/\/psol50.org.br\/#\/schema\/person\/image\/","url":"https:\/\/secure.gravatar.com\/avatar\/b34fc4f4e468a4e51785917065a3db57b841f5c95dba6ad8c73aaf8f66f8f9bf?s=96&d=mm&r=g","contentUrl":"https:\/\/secure.gravatar.com\/avatar\/b34fc4f4e468a4e51785917065a3db57b841f5c95dba6ad8c73aaf8f66f8f9bf?s=96&d=mm&r=g","caption":"Comunica\u00e7\u00e3o PSOL"}}]}},"_links":{"self":[{"href":"https:\/\/psol50.org.br\/rest\/wp\/v2\/posts\/15249","targetHints":{"allow":["GET"]}}],"collection":[{"href":"https:\/\/psol50.org.br\/rest\/wp\/v2\/posts"}],"about":[{"href":"https:\/\/psol50.org.br\/rest\/wp\/v2\/types\/post"}],"author":[{"embeddable":true,"href":"https:\/\/psol50.org.br\/rest\/wp\/v2\/users\/2"}],"replies":[{"embeddable":true,"href":"https:\/\/psol50.org.br\/rest\/wp\/v2\/comments?post=15249"}],"version-history":[{"count":0,"href":"https:\/\/psol50.org.br\/rest\/wp\/v2\/posts\/15249\/revisions"}],"wp:featuredmedia":[{"embeddable":true,"href":"https:\/\/psol50.org.br\/rest\/"}],"wp:attachment":[{"href":"https:\/\/psol50.org.br\/rest\/wp\/v2\/media?parent=15249"}],"wp:term":[{"taxonomy":"category","embeddable":true,"href":"https:\/\/psol50.org.br\/rest\/wp\/v2\/categories?post=15249"},{"taxonomy":"post_tag","embeddable":true,"href":"https:\/\/psol50.org.br\/rest\/wp\/v2\/tags?post=15249"}],"curies":[{"name":"wp","href":"https:\/\/api.w.org\/{rel}","templated":true}]}}