{"id":15262,"date":"2017-01-31T15:05:53","date_gmt":"2017-01-31T15:05:53","guid":{"rendered":"http:\/\/www.psol50.org.br\/?p=15262"},"modified":"2017-01-31T15:05:53","modified_gmt":"2017-01-31T15:05:53","slug":"chico-alencar-os-mesmos-tristes-velhos-fatos","status":"publish","type":"post","link":"https:\/\/psol50.org.br\/chico-alencar-os-mesmos-tristes-velhos-fatos\/","title":{"rendered":"Chico Alencar | Os mesmos tristes velhos fatos"},"content":{"rendered":"<p><span style=\"font-size: 13px\"><em>Artigo publicado originalmente no <a href=\"http:\/\/noblat.oglobo.globo.com\/artigos\/noticia\/2017\/01\/os-mesmos-tristes-velhos-fatos.html\" target=\"_blank\" rel=\"noopener\">Blog do Noblat<\/a><\/em><\/span><\/p>\n<p>H\u00e1 quase meio s\u00e9culo, Tom Jobim, nosso nonagen\u00e1rio maestro soberano, comp\u00f4s com o ent\u00e3o jovem Chico Buarque o comovente \u2018Retrato em branco e preto\u2019. Fala da tem\u00e1tica mais recorrente na hist\u00f3ria humana: o desconsolo amoroso e nossa teimosa busca pelo afeto correspondido.<\/p>\n<p>2017 entra em seu segundo m\u00eas e l\u00e1 vamos n\u00f3s, como tolos, procurar sa\u00eddas para o que cansamos de conhecer. Na vida social, que tamb\u00e9m nos constitui, problema n\u00e3o resolvido \u00e9 problema agravado: o que est\u00e1 ruim e n\u00e3o muda, piora. Tempos temer\u00e1rios, perspectivas temerosas.<\/p>\n<p>\u00c0 primeira vista, o cen\u00e1rio nacional \u2013 para n\u00e3o falar do internacional, com as recorrentes \u2018trumpadas\u2019 do \u2018anarcocapitalista\u2019 machista e xen\u00f3fobo \u2013 \u00e9 desolador. At\u00e9 o Maracan\u00e3, s\u00edmbolo de concreto e a\u00e7o da pujan\u00e7a da engenharia brasileira e da for\u00e7a popular do nosso futebol, est\u00e1 abandonado. Absurdo dos absurdos!<\/p>\n<p>A Odebrecht (sempre ela, como Eike!) ganhou a concess\u00e3o de explora\u00e7\u00e3o do \u2018maior do mundo\u2019 sabe-se como. Agora, mesmo especializada em \u2018verdinhas\u2019, deixa seu gramado ser tomado pelas pragas ou secar, e seus equipamentos serem roubados.<\/p>\n<p>O p\u00fablico, que pagou sua constru\u00e7\u00e3o para a inaugura\u00e7\u00e3o na Copa de 1950 e tamb\u00e9m arcou com suas diversas reformas superfaturadas, est\u00e1 sendo roubado at\u00e9 de suas tardes de cl\u00e1ssicos no domingo.<\/p>\n<p>A semana ter\u00e1 a elei\u00e7\u00e3o das Mesas Diretoras do Senado e da C\u00e2mara. H\u00e1 uma aguda crise da representa\u00e7\u00e3o, que este\u00a0<em>blog do Noblat<\/em>\u00a0registrou em simples consulta aos seus mais de 900 mil seguidores: apenas 2% dos que responderam disseram respeitar o Congresso Nacional!<\/p>\n<p>Mas os modos e meios de conquistar votos dos colegas seguem os mesmos de sempre: oferta de cargos na estrutura da Casa e de relatorias de projetos importantes. Al\u00e9m, claro, da defesa corporativa de eventuais acusados de graves desmandos.<\/p>\n<p>Diante do derretimento da pol\u00edtica institucional, que se agravar\u00e1 com as revela\u00e7\u00f5es da Lava-Jato e de Eike Batista, os partidos fazem \u2018cara de paisagem\u2019.<\/p>\n<p>No Brasil, partido n\u00e3o toma partido. \u00c9, quase sempre, ajuntamento de interesses difusos para abocanhar nacos do hoje combalido Or\u00e7amento P\u00fablico, em parceria com agentes privados.<\/p>\n<p>Enquanto isso, cadeias e viol\u00eancia urbana explodem, governos estaduais e prefeituras est\u00e3o em fal\u00eancia e as reformas penitenci\u00e1ria, tribut\u00e1ria e pol\u00edtica n\u00e3o entram na ordem do dia.<\/p>\n<p>Ao menos a presidente do STF, C\u00e1rmen L\u00facia, j\u00e1 homologou as dela\u00e7\u00f5es dos 77 executivos da Odebrecht. Que elas n\u00e3o fiquem sigilosas, pois s\u00e3o de interesse p\u00fablico. Espera-se agora que seja indicado um relator que prosseguir\u00e1 o trabalho independente e correto de Teori. Sem abusos ou coniv\u00eancias, persegui\u00e7\u00f5es ou protela\u00e7\u00f5es.<\/p>\n<p>E l\u00e1 vamos n\u00f3s, s\u00faditos da Esperan\u00e7a, colecionar mais um soneto. Que n\u00e3o seja para maltratar o cora\u00e7\u00e3o de quem aspira uma p\u00e1tria amada menos injusta, corrupta e desigual.<\/p>\n<p>&nbsp;<\/p>\n<p>&nbsp;<\/p>\n","protected":false},"excerpt":{"rendered":"<p>Artigo publicado originalmente no Blog do Noblat H\u00e1 quase meio s\u00e9culo, Tom Jobim, nosso nonagen\u00e1rio maestro soberano, comp\u00f4s com o ent\u00e3o jovem Chico Buarque o comovente \u2018Retrato em branco e preto\u2019. Fala da tem\u00e1tica mais recorrente na hist\u00f3ria humana: o desconsolo amoroso e nossa teimosa busca pelo afeto correspondido. 2017 entra em seu segundo m\u00eas [&hellip;]<\/p>\n","protected":false},"author":2,"featured_media":15263,"comment_status":"open","ping_status":"open","sticky":false,"template":"","format":"standard","meta":{"_acf_changed":false,"footnotes":""},"categories":[1882,6],"tags":[1467,1680,2865,2866,2867,1749],"class_list":{"0":"post-15262","1":"post","2":"type-post","3":"status-publish","4":"format-standard","5":"has-post-thumbnail","7":"category-brasil","8":"category-noticias","9":"tag-carmen-lucia","10":"tag-chico-alencar","11":"tag-delacoes","12":"tag-eike-batista","13":"tag-odebrecht","14":"tag-operacao-lava-jato"},"acf":[],"yoast_head":"<!-- This site is optimized with the Yoast SEO plugin v26.5 - https:\/\/yoast.com\/wordpress\/plugins\/seo\/ -->\n<title>Chico Alencar | Os mesmos tristes velhos fatos - PSOL 50<\/title>\n<meta name=\"robots\" content=\"index, follow, max-snippet:-1, max-image-preview:large, max-video-preview:-1\" \/>\n<link rel=\"canonical\" href=\"https:\/\/psol50.org.br\/chico-alencar-os-mesmos-tristes-velhos-fatos\/\" \/>\n<meta property=\"og:locale\" content=\"pt_BR\" \/>\n<meta property=\"og:type\" content=\"article\" \/>\n<meta property=\"og:title\" content=\"Chico Alencar | Os mesmos tristes velhos fatos - PSOL 50\" \/>\n<meta property=\"og:description\" content=\"Artigo publicado originalmente no Blog do Noblat H\u00e1 quase meio s\u00e9culo, Tom Jobim, nosso nonagen\u00e1rio maestro soberano, comp\u00f4s com o ent\u00e3o jovem Chico Buarque o comovente \u2018Retrato em branco e preto\u2019. Fala da tem\u00e1tica mais recorrente na hist\u00f3ria humana: o desconsolo amoroso e nossa teimosa busca pelo afeto correspondido. 2017 entra em seu segundo m\u00eas [&hellip;]\" \/>\n<meta property=\"og:url\" content=\"https:\/\/psol50.org.br\/chico-alencar-os-mesmos-tristes-velhos-fatos\/\" \/>\n<meta property=\"og:site_name\" content=\"PSOL 50\" \/>\n<meta property=\"article:publisher\" content=\"https:\/\/www.facebook.com\/psol50\" \/>\n<meta property=\"article:published_time\" content=\"2017-01-31T15:05:53+00:00\" \/>\n<meta property=\"og:image\" content=\"https:\/\/psol50.org.br\/inc\/uploads\/2018\/07\/capa.png\" \/>\n\t<meta property=\"og:image:width\" content=\"1350\" \/>\n\t<meta property=\"og:image:height\" content=\"900\" \/>\n\t<meta property=\"og:image:type\" content=\"image\/png\" \/>\n<meta name=\"author\" content=\"Comunica\u00e7\u00e3o PSOL\" \/>\n<meta name=\"twitter:card\" content=\"summary_large_image\" \/>\n<meta name=\"twitter:creator\" content=\"@psol50\" \/>\n<meta name=\"twitter:site\" content=\"@psol50\" \/>\n<meta name=\"twitter:label1\" content=\"Escrito por\" \/>\n\t<meta name=\"twitter:data1\" content=\"Comunica\u00e7\u00e3o PSOL\" \/>\n\t<meta name=\"twitter:label2\" content=\"Est. tempo de leitura\" \/>\n\t<meta name=\"twitter:data2\" content=\"3 minutos\" \/>\n<script type=\"application\/ld+json\" class=\"yoast-schema-graph\">{\"@context\":\"https:\/\/schema.org\",\"@graph\":[{\"@type\":\"Article\",\"@id\":\"https:\/\/psol50.org.br\/chico-alencar-os-mesmos-tristes-velhos-fatos\/#article\",\"isPartOf\":{\"@id\":\"https:\/\/psol50.org.br\/chico-alencar-os-mesmos-tristes-velhos-fatos\/\"},\"author\":{\"name\":\"Comunica\u00e7\u00e3o PSOL\",\"@id\":\"https:\/\/psol50.org.br\/#\/schema\/person\/475dfa57d0b815993c714c2e96491fcd\"},\"headline\":\"Chico Alencar | Os mesmos tristes velhos fatos\",\"datePublished\":\"2017-01-31T15:05:53+00:00\",\"mainEntityOfPage\":{\"@id\":\"https:\/\/psol50.org.br\/chico-alencar-os-mesmos-tristes-velhos-fatos\/\"},\"wordCount\":507,\"commentCount\":0,\"publisher\":{\"@id\":\"https:\/\/psol50.org.br\/#organization\"},\"image\":{\"@id\":\"https:\/\/psol50.org.br\/chico-alencar-os-mesmos-tristes-velhos-fatos\/#primaryimage\"},\"thumbnailUrl\":\"\",\"keywords\":[\"Carmen L\u00facia\",\"Chico Alencar\",\"dela\u00e7\u00f5es\",\"Eike Batista\",\"Odebrecht\",\"Opera\u00e7\u00e3o Lava-Jato\"],\"articleSection\":[\"Brasil\",\"Not\u00edcias\"],\"inLanguage\":\"pt-BR\",\"potentialAction\":[{\"@type\":\"CommentAction\",\"name\":\"Comment\",\"target\":[\"https:\/\/psol50.org.br\/chico-alencar-os-mesmos-tristes-velhos-fatos\/#respond\"]}]},{\"@type\":\"WebPage\",\"@id\":\"https:\/\/psol50.org.br\/chico-alencar-os-mesmos-tristes-velhos-fatos\/\",\"url\":\"https:\/\/psol50.org.br\/chico-alencar-os-mesmos-tristes-velhos-fatos\/\",\"name\":\"Chico Alencar | Os mesmos tristes velhos fatos - PSOL 50\",\"isPartOf\":{\"@id\":\"https:\/\/psol50.org.br\/#website\"},\"primaryImageOfPage\":{\"@id\":\"https:\/\/psol50.org.br\/chico-alencar-os-mesmos-tristes-velhos-fatos\/#primaryimage\"},\"image\":{\"@id\":\"https:\/\/psol50.org.br\/chico-alencar-os-mesmos-tristes-velhos-fatos\/#primaryimage\"},\"thumbnailUrl\":\"\",\"datePublished\":\"2017-01-31T15:05:53+00:00\",\"breadcrumb\":{\"@id\":\"https:\/\/psol50.org.br\/chico-alencar-os-mesmos-tristes-velhos-fatos\/#breadcrumb\"},\"inLanguage\":\"pt-BR\",\"potentialAction\":[{\"@type\":\"ReadAction\",\"target\":[\"https:\/\/psol50.org.br\/chico-alencar-os-mesmos-tristes-velhos-fatos\/\"]}]},{\"@type\":\"ImageObject\",\"inLanguage\":\"pt-BR\",\"@id\":\"https:\/\/psol50.org.br\/chico-alencar-os-mesmos-tristes-velhos-fatos\/#primaryimage\",\"url\":\"\",\"contentUrl\":\"\"},{\"@type\":\"BreadcrumbList\",\"@id\":\"https:\/\/psol50.org.br\/chico-alencar-os-mesmos-tristes-velhos-fatos\/#breadcrumb\",\"itemListElement\":[{\"@type\":\"ListItem\",\"position\":1,\"name\":\"In\u00edcio\",\"item\":\"https:\/\/psol50.org.br\/\"},{\"@type\":\"ListItem\",\"position\":2,\"name\":\"Chico Alencar | Os mesmos tristes velhos fatos\"}]},{\"@type\":\"WebSite\",\"@id\":\"https:\/\/psol50.org.br\/#website\",\"url\":\"https:\/\/psol50.org.br\/\",\"name\":\"PSOL 50\",\"description\":\"Site oficial do Partido Socialismo e Liberdade\",\"publisher\":{\"@id\":\"https:\/\/psol50.org.br\/#organization\"},\"alternateName\":\"PSOL50\",\"potentialAction\":[{\"@type\":\"SearchAction\",\"target\":{\"@type\":\"EntryPoint\",\"urlTemplate\":\"https:\/\/psol50.org.br\/?s={search_term_string}\"},\"query-input\":{\"@type\":\"PropertyValueSpecification\",\"valueRequired\":true,\"valueName\":\"search_term_string\"}}],\"inLanguage\":\"pt-BR\"},{\"@type\":\"Organization\",\"@id\":\"https:\/\/psol50.org.br\/#organization\",\"name\":\"PSOL 50\",\"alternateName\":\"PSOL 50\",\"url\":\"https:\/\/psol50.org.br\/\",\"logo\":{\"@type\":\"ImageObject\",\"inLanguage\":\"pt-BR\",\"@id\":\"https:\/\/psol50.org.br\/#\/schema\/logo\/image\/\",\"url\":\"https:\/\/psol50.org.br\/inc\/uploads\/2018\/07\/capa.png\",\"contentUrl\":\"https:\/\/psol50.org.br\/inc\/uploads\/2018\/07\/capa.png\",\"width\":1350,\"height\":900,\"caption\":\"PSOL 50\"},\"image\":{\"@id\":\"https:\/\/psol50.org.br\/#\/schema\/logo\/image\/\"},\"sameAs\":[\"https:\/\/www.facebook.com\/psol50\",\"https:\/\/x.com\/psol50\",\"https:\/\/www.instagram.com\/psol50\/\",\"https:\/\/www.youtube.com\/channel\/UC7SnJS5o1os7a6CaiNabzcg\"]},{\"@type\":\"Person\",\"@id\":\"https:\/\/psol50.org.br\/#\/schema\/person\/475dfa57d0b815993c714c2e96491fcd\",\"name\":\"Comunica\u00e7\u00e3o PSOL\",\"image\":{\"@type\":\"ImageObject\",\"inLanguage\":\"pt-BR\",\"@id\":\"https:\/\/psol50.org.br\/#\/schema\/person\/image\/\",\"url\":\"https:\/\/secure.gravatar.com\/avatar\/b34fc4f4e468a4e51785917065a3db57b841f5c95dba6ad8c73aaf8f66f8f9bf?s=96&d=mm&r=g\",\"contentUrl\":\"https:\/\/secure.gravatar.com\/avatar\/b34fc4f4e468a4e51785917065a3db57b841f5c95dba6ad8c73aaf8f66f8f9bf?s=96&d=mm&r=g\",\"caption\":\"Comunica\u00e7\u00e3o PSOL\"}}]}<\/script>\n<!-- \/ Yoast SEO plugin. -->","yoast_head_json":{"title":"Chico Alencar | Os mesmos tristes velhos fatos - PSOL 50","robots":{"index":"index","follow":"follow","max-snippet":"max-snippet:-1","max-image-preview":"max-image-preview:large","max-video-preview":"max-video-preview:-1"},"canonical":"https:\/\/psol50.org.br\/chico-alencar-os-mesmos-tristes-velhos-fatos\/","og_locale":"pt_BR","og_type":"article","og_title":"Chico Alencar | Os mesmos tristes velhos fatos - PSOL 50","og_description":"Artigo publicado originalmente no Blog do Noblat H\u00e1 quase meio s\u00e9culo, Tom Jobim, nosso nonagen\u00e1rio maestro soberano, comp\u00f4s com o ent\u00e3o jovem Chico Buarque o comovente \u2018Retrato em branco e preto\u2019. Fala da tem\u00e1tica mais recorrente na hist\u00f3ria humana: o desconsolo amoroso e nossa teimosa busca pelo afeto correspondido. 2017 entra em seu segundo m\u00eas [&hellip;]","og_url":"https:\/\/psol50.org.br\/chico-alencar-os-mesmos-tristes-velhos-fatos\/","og_site_name":"PSOL 50","article_publisher":"https:\/\/www.facebook.com\/psol50","article_published_time":"2017-01-31T15:05:53+00:00","og_image":[{"width":1350,"height":900,"url":"https:\/\/psol50.org.br\/inc\/uploads\/2018\/07\/capa.png","type":"image\/png"}],"author":"Comunica\u00e7\u00e3o PSOL","twitter_card":"summary_large_image","twitter_creator":"@psol50","twitter_site":"@psol50","twitter_misc":{"Escrito por":"Comunica\u00e7\u00e3o PSOL","Est. tempo de leitura":"3 minutos"},"schema":{"@context":"https:\/\/schema.org","@graph":[{"@type":"Article","@id":"https:\/\/psol50.org.br\/chico-alencar-os-mesmos-tristes-velhos-fatos\/#article","isPartOf":{"@id":"https:\/\/psol50.org.br\/chico-alencar-os-mesmos-tristes-velhos-fatos\/"},"author":{"name":"Comunica\u00e7\u00e3o PSOL","@id":"https:\/\/psol50.org.br\/#\/schema\/person\/475dfa57d0b815993c714c2e96491fcd"},"headline":"Chico Alencar | Os mesmos tristes velhos fatos","datePublished":"2017-01-31T15:05:53+00:00","mainEntityOfPage":{"@id":"https:\/\/psol50.org.br\/chico-alencar-os-mesmos-tristes-velhos-fatos\/"},"wordCount":507,"commentCount":0,"publisher":{"@id":"https:\/\/psol50.org.br\/#organization"},"image":{"@id":"https:\/\/psol50.org.br\/chico-alencar-os-mesmos-tristes-velhos-fatos\/#primaryimage"},"thumbnailUrl":"","keywords":["Carmen L\u00facia","Chico Alencar","dela\u00e7\u00f5es","Eike Batista","Odebrecht","Opera\u00e7\u00e3o Lava-Jato"],"articleSection":["Brasil","Not\u00edcias"],"inLanguage":"pt-BR","potentialAction":[{"@type":"CommentAction","name":"Comment","target":["https:\/\/psol50.org.br\/chico-alencar-os-mesmos-tristes-velhos-fatos\/#respond"]}]},{"@type":"WebPage","@id":"https:\/\/psol50.org.br\/chico-alencar-os-mesmos-tristes-velhos-fatos\/","url":"https:\/\/psol50.org.br\/chico-alencar-os-mesmos-tristes-velhos-fatos\/","name":"Chico Alencar | Os mesmos tristes velhos fatos - PSOL 50","isPartOf":{"@id":"https:\/\/psol50.org.br\/#website"},"primaryImageOfPage":{"@id":"https:\/\/psol50.org.br\/chico-alencar-os-mesmos-tristes-velhos-fatos\/#primaryimage"},"image":{"@id":"https:\/\/psol50.org.br\/chico-alencar-os-mesmos-tristes-velhos-fatos\/#primaryimage"},"thumbnailUrl":"","datePublished":"2017-01-31T15:05:53+00:00","breadcrumb":{"@id":"https:\/\/psol50.org.br\/chico-alencar-os-mesmos-tristes-velhos-fatos\/#breadcrumb"},"inLanguage":"pt-BR","potentialAction":[{"@type":"ReadAction","target":["https:\/\/psol50.org.br\/chico-alencar-os-mesmos-tristes-velhos-fatos\/"]}]},{"@type":"ImageObject","inLanguage":"pt-BR","@id":"https:\/\/psol50.org.br\/chico-alencar-os-mesmos-tristes-velhos-fatos\/#primaryimage","url":"","contentUrl":""},{"@type":"BreadcrumbList","@id":"https:\/\/psol50.org.br\/chico-alencar-os-mesmos-tristes-velhos-fatos\/#breadcrumb","itemListElement":[{"@type":"ListItem","position":1,"name":"In\u00edcio","item":"https:\/\/psol50.org.br\/"},{"@type":"ListItem","position":2,"name":"Chico Alencar | Os mesmos tristes velhos fatos"}]},{"@type":"WebSite","@id":"https:\/\/psol50.org.br\/#website","url":"https:\/\/psol50.org.br\/","name":"PSOL 50","description":"Site oficial do Partido Socialismo e Liberdade","publisher":{"@id":"https:\/\/psol50.org.br\/#organization"},"alternateName":"PSOL50","potentialAction":[{"@type":"SearchAction","target":{"@type":"EntryPoint","urlTemplate":"https:\/\/psol50.org.br\/?s={search_term_string}"},"query-input":{"@type":"PropertyValueSpecification","valueRequired":true,"valueName":"search_term_string"}}],"inLanguage":"pt-BR"},{"@type":"Organization","@id":"https:\/\/psol50.org.br\/#organization","name":"PSOL 50","alternateName":"PSOL 50","url":"https:\/\/psol50.org.br\/","logo":{"@type":"ImageObject","inLanguage":"pt-BR","@id":"https:\/\/psol50.org.br\/#\/schema\/logo\/image\/","url":"https:\/\/psol50.org.br\/inc\/uploads\/2018\/07\/capa.png","contentUrl":"https:\/\/psol50.org.br\/inc\/uploads\/2018\/07\/capa.png","width":1350,"height":900,"caption":"PSOL 50"},"image":{"@id":"https:\/\/psol50.org.br\/#\/schema\/logo\/image\/"},"sameAs":["https:\/\/www.facebook.com\/psol50","https:\/\/x.com\/psol50","https:\/\/www.instagram.com\/psol50\/","https:\/\/www.youtube.com\/channel\/UC7SnJS5o1os7a6CaiNabzcg"]},{"@type":"Person","@id":"https:\/\/psol50.org.br\/#\/schema\/person\/475dfa57d0b815993c714c2e96491fcd","name":"Comunica\u00e7\u00e3o PSOL","image":{"@type":"ImageObject","inLanguage":"pt-BR","@id":"https:\/\/psol50.org.br\/#\/schema\/person\/image\/","url":"https:\/\/secure.gravatar.com\/avatar\/b34fc4f4e468a4e51785917065a3db57b841f5c95dba6ad8c73aaf8f66f8f9bf?s=96&d=mm&r=g","contentUrl":"https:\/\/secure.gravatar.com\/avatar\/b34fc4f4e468a4e51785917065a3db57b841f5c95dba6ad8c73aaf8f66f8f9bf?s=96&d=mm&r=g","caption":"Comunica\u00e7\u00e3o PSOL"}}]}},"_links":{"self":[{"href":"https:\/\/psol50.org.br\/rest\/wp\/v2\/posts\/15262","targetHints":{"allow":["GET"]}}],"collection":[{"href":"https:\/\/psol50.org.br\/rest\/wp\/v2\/posts"}],"about":[{"href":"https:\/\/psol50.org.br\/rest\/wp\/v2\/types\/post"}],"author":[{"embeddable":true,"href":"https:\/\/psol50.org.br\/rest\/wp\/v2\/users\/2"}],"replies":[{"embeddable":true,"href":"https:\/\/psol50.org.br\/rest\/wp\/v2\/comments?post=15262"}],"version-history":[{"count":0,"href":"https:\/\/psol50.org.br\/rest\/wp\/v2\/posts\/15262\/revisions"}],"wp:featuredmedia":[{"embeddable":true,"href":"https:\/\/psol50.org.br\/rest\/"}],"wp:attachment":[{"href":"https:\/\/psol50.org.br\/rest\/wp\/v2\/media?parent=15262"}],"wp:term":[{"taxonomy":"category","embeddable":true,"href":"https:\/\/psol50.org.br\/rest\/wp\/v2\/categories?post=15262"},{"taxonomy":"post_tag","embeddable":true,"href":"https:\/\/psol50.org.br\/rest\/wp\/v2\/tags?post=15262"}],"curies":[{"name":"wp","href":"https:\/\/api.w.org\/{rel}","templated":true}]}}