{"id":15276,"date":"2017-02-01T12:02:27","date_gmt":"2017-02-01T12:02:27","guid":{"rendered":"http:\/\/www.psol50.org.br\/?p=15276"},"modified":"2017-02-01T12:02:27","modified_gmt":"2017-02-01T12:02:27","slug":"ivan-valente-ajuste-fiscal-agravado-por-temer-so-aumenta-o-desemprego","status":"publish","type":"post","link":"https:\/\/psol50.org.br\/ivan-valente-ajuste-fiscal-agravado-por-temer-so-aumenta-o-desemprego\/","title":{"rendered":"Ivan Valente | Ajuste Fiscal, agravado por Temer, s\u00f3 aumenta o desemprego"},"content":{"rendered":"<p>O mesmo dia em que foi anunciado o maior d\u00e9ficit do setor p\u00fablico desde 1997, dados do IBGE revelam\u00a0a maior taxa de desemprego desde o in\u00edcio da s\u00e9rie hist\u00f3rica em 2012. O Brasil fechou 2016 com 12,3 milh\u00f5es de pessoas desempregadas, com o \u00edndice de 12%\u00a0no 4\u00ba trimestre.<\/p>\n<p>Apesar de todo o esfor\u00e7o da grande m\u00eddia de blindar o governo Temer e tentar construir na opini\u00e3o p\u00fablica a percep\u00e7\u00e3o de que o pior j\u00e1 teria passado, a realidade insiste em bater na porta. Desde que Temer assumiu, em maio de 2016, a taxa de desemprego aumentou. Em rela\u00e7\u00e3o a isso, duas quest\u00f5es s\u00e3o fundamentais: primeiro, a taxa de desempregados \u00e9 muito maior, considerando aqueles que desistem de procurar emprego ou acabam aceitando bicos; em segundo lugar, os poucos empregos criados durante a crise s\u00e3o de pior qualidade, obrigando os trabalhadores a aceitarem sal\u00e1rios menores e condi\u00e7\u00f5es de trabalho pioradas.<\/p>\n<p>O aumento da taxa de desemprego tamb\u00e9m deixa claro o desastre do ajuste fiscal iniciado por Joaquim Levy e aprofundado por Henrique Meirelles. A pol\u00edtica de cortes no or\u00e7amento e de direitos sociais s\u00f3 tem levado a mais flagelo, em especial, para a popula\u00e7\u00e3o mais pobre.<\/p>\n<p>A sa\u00edda adotada aprofunda a crise e a mis\u00e9ria e dificulta ainda mais a retomada do crescimento econ\u00f4mico.<\/p>\n<p><a href=\"http:\/\/www.psol50.org.br\/blog\/2017\/02\/01\/com-ajuste-fiscal-taxa-de-desemprego-e-a-maior-desde-2012\/\" target=\"_blank\" rel=\"noopener\"><em><strong><span style=\"color: #0000ff\">Leia mais sobre os dados, divulgados nesta ter\u00e7a-feira (31\/01)<\/span><\/strong><\/em><\/a>.<\/p>\n<p><img loading=\"lazy\" decoding=\"async\" class=\"wp-image-15277 aligncenter\" src=\"http:\/\/www.psol50.org.br\/2017teste\/inc\/uploads\/2017\/02\/Taxa-de-desemprego-janeiro-2017-300x201.png\" alt=\"\" width=\"499\" height=\"334\" \/><\/p>\n","protected":false},"excerpt":{"rendered":"<p>O mesmo dia em que foi anunciado o maior d\u00e9ficit do setor p\u00fablico desde 1997, dados do IBGE revelam\u00a0a maior taxa de desemprego desde o in\u00edcio da s\u00e9rie hist\u00f3rica em 2012. O Brasil fechou 2016 com 12,3 milh\u00f5es de pessoas desempregadas, com o \u00edndice de 12%\u00a0no 4\u00ba trimestre. Apesar de todo o esfor\u00e7o da grande [&hellip;]<\/p>\n","protected":false},"author":2,"featured_media":15278,"comment_status":"open","ping_status":"open","sticky":false,"template":"","format":"standard","meta":{"_acf_changed":false,"footnotes":""},"categories":[3,1882,6],"tags":[1432,2869,2220,2793,555,552,2794,2870],"class_list":{"0":"post-15276","1":"post","2":"type-post","3":"status-publish","4":"format-standard","5":"has-post-thumbnail","7":"category-artigos-e-entrevistas","8":"category-brasil","9":"category-noticias","10":"tag-ajuste-fiscal","11":"tag-deficit","12":"tag-governo-temer","13":"tag-henrique-meirelles","14":"tag-ibge","15":"tag-ivan-valente","16":"tag-joaquim-levy","17":"tag-taxa-de-desemprego"},"acf":[],"yoast_head":"<!-- This site is optimized with the Yoast SEO plugin v26.5 - https:\/\/yoast.com\/wordpress\/plugins\/seo\/ -->\n<title>Ivan Valente | Ajuste Fiscal, agravado por Temer, s\u00f3 aumenta o desemprego - PSOL 50<\/title>\n<meta name=\"robots\" content=\"index, follow, max-snippet:-1, max-image-preview:large, max-video-preview:-1\" \/>\n<link rel=\"canonical\" href=\"https:\/\/psol50.org.br\/ivan-valente-ajuste-fiscal-agravado-por-temer-so-aumenta-o-desemprego\/\" \/>\n<meta property=\"og:locale\" content=\"pt_BR\" \/>\n<meta property=\"og:type\" content=\"article\" \/>\n<meta property=\"og:title\" content=\"Ivan Valente | Ajuste Fiscal, agravado por Temer, s\u00f3 aumenta o desemprego - PSOL 50\" \/>\n<meta property=\"og:description\" content=\"O mesmo dia em que foi anunciado o maior d\u00e9ficit do setor p\u00fablico desde 1997, dados do IBGE revelam\u00a0a maior taxa de desemprego desde o in\u00edcio da s\u00e9rie hist\u00f3rica em 2012. O Brasil fechou 2016 com 12,3 milh\u00f5es de pessoas desempregadas, com o \u00edndice de 12%\u00a0no 4\u00ba trimestre. Apesar de todo o esfor\u00e7o da grande [&hellip;]\" \/>\n<meta property=\"og:url\" content=\"https:\/\/psol50.org.br\/ivan-valente-ajuste-fiscal-agravado-por-temer-so-aumenta-o-desemprego\/\" \/>\n<meta property=\"og:site_name\" content=\"PSOL 50\" \/>\n<meta property=\"article:publisher\" content=\"https:\/\/www.facebook.com\/psol50\" \/>\n<meta property=\"article:published_time\" content=\"2017-02-01T12:02:27+00:00\" \/>\n<meta property=\"og:image\" content=\"https:\/\/psol50.org.br\/inc\/uploads\/2018\/07\/capa.png\" \/>\n\t<meta property=\"og:image:width\" content=\"1350\" \/>\n\t<meta property=\"og:image:height\" content=\"900\" \/>\n\t<meta property=\"og:image:type\" content=\"image\/png\" \/>\n<meta name=\"author\" content=\"Comunica\u00e7\u00e3o PSOL\" \/>\n<meta name=\"twitter:card\" content=\"summary_large_image\" \/>\n<meta name=\"twitter:creator\" content=\"@psol50\" \/>\n<meta name=\"twitter:site\" content=\"@psol50\" \/>\n<meta name=\"twitter:label1\" content=\"Escrito por\" \/>\n\t<meta name=\"twitter:data1\" content=\"Comunica\u00e7\u00e3o PSOL\" \/>\n\t<meta name=\"twitter:label2\" content=\"Est. tempo de leitura\" \/>\n\t<meta name=\"twitter:data2\" content=\"1 minuto\" \/>\n<script type=\"application\/ld+json\" class=\"yoast-schema-graph\">{\"@context\":\"https:\/\/schema.org\",\"@graph\":[{\"@type\":\"Article\",\"@id\":\"https:\/\/psol50.org.br\/ivan-valente-ajuste-fiscal-agravado-por-temer-so-aumenta-o-desemprego\/#article\",\"isPartOf\":{\"@id\":\"https:\/\/psol50.org.br\/ivan-valente-ajuste-fiscal-agravado-por-temer-so-aumenta-o-desemprego\/\"},\"author\":{\"name\":\"Comunica\u00e7\u00e3o PSOL\",\"@id\":\"https:\/\/psol50.org.br\/#\/schema\/person\/475dfa57d0b815993c714c2e96491fcd\"},\"headline\":\"Ivan Valente | Ajuste Fiscal, agravado por Temer, s\u00f3 aumenta o desemprego\",\"datePublished\":\"2017-02-01T12:02:27+00:00\",\"mainEntityOfPage\":{\"@id\":\"https:\/\/psol50.org.br\/ivan-valente-ajuste-fiscal-agravado-por-temer-so-aumenta-o-desemprego\/\"},\"wordCount\":251,\"commentCount\":0,\"publisher\":{\"@id\":\"https:\/\/psol50.org.br\/#organization\"},\"image\":{\"@id\":\"https:\/\/psol50.org.br\/ivan-valente-ajuste-fiscal-agravado-por-temer-so-aumenta-o-desemprego\/#primaryimage\"},\"thumbnailUrl\":\"\",\"keywords\":[\"Ajuste Fiscal\",\"d\u00e9ficit\",\"governo Temer\",\"Henrique Meirelles\",\"IBGE\",\"Ivan Valente\",\"Joaquim Levy\",\"taxa de desemprego\"],\"articleSection\":[\"Artigos\",\"Brasil\",\"Not\u00edcias\"],\"inLanguage\":\"pt-BR\",\"potentialAction\":[{\"@type\":\"CommentAction\",\"name\":\"Comment\",\"target\":[\"https:\/\/psol50.org.br\/ivan-valente-ajuste-fiscal-agravado-por-temer-so-aumenta-o-desemprego\/#respond\"]}]},{\"@type\":\"WebPage\",\"@id\":\"https:\/\/psol50.org.br\/ivan-valente-ajuste-fiscal-agravado-por-temer-so-aumenta-o-desemprego\/\",\"url\":\"https:\/\/psol50.org.br\/ivan-valente-ajuste-fiscal-agravado-por-temer-so-aumenta-o-desemprego\/\",\"name\":\"Ivan Valente | Ajuste Fiscal, agravado por Temer, s\u00f3 aumenta o desemprego - PSOL 50\",\"isPartOf\":{\"@id\":\"https:\/\/psol50.org.br\/#website\"},\"primaryImageOfPage\":{\"@id\":\"https:\/\/psol50.org.br\/ivan-valente-ajuste-fiscal-agravado-por-temer-so-aumenta-o-desemprego\/#primaryimage\"},\"image\":{\"@id\":\"https:\/\/psol50.org.br\/ivan-valente-ajuste-fiscal-agravado-por-temer-so-aumenta-o-desemprego\/#primaryimage\"},\"thumbnailUrl\":\"\",\"datePublished\":\"2017-02-01T12:02:27+00:00\",\"breadcrumb\":{\"@id\":\"https:\/\/psol50.org.br\/ivan-valente-ajuste-fiscal-agravado-por-temer-so-aumenta-o-desemprego\/#breadcrumb\"},\"inLanguage\":\"pt-BR\",\"potentialAction\":[{\"@type\":\"ReadAction\",\"target\":[\"https:\/\/psol50.org.br\/ivan-valente-ajuste-fiscal-agravado-por-temer-so-aumenta-o-desemprego\/\"]}]},{\"@type\":\"ImageObject\",\"inLanguage\":\"pt-BR\",\"@id\":\"https:\/\/psol50.org.br\/ivan-valente-ajuste-fiscal-agravado-por-temer-so-aumenta-o-desemprego\/#primaryimage\",\"url\":\"\",\"contentUrl\":\"\"},{\"@type\":\"BreadcrumbList\",\"@id\":\"https:\/\/psol50.org.br\/ivan-valente-ajuste-fiscal-agravado-por-temer-so-aumenta-o-desemprego\/#breadcrumb\",\"itemListElement\":[{\"@type\":\"ListItem\",\"position\":1,\"name\":\"In\u00edcio\",\"item\":\"https:\/\/psol50.org.br\/\"},{\"@type\":\"ListItem\",\"position\":2,\"name\":\"Ivan Valente | Ajuste Fiscal, agravado por Temer, s\u00f3 aumenta o desemprego\"}]},{\"@type\":\"WebSite\",\"@id\":\"https:\/\/psol50.org.br\/#website\",\"url\":\"https:\/\/psol50.org.br\/\",\"name\":\"PSOL 50\",\"description\":\"Site oficial do Partido Socialismo e Liberdade\",\"publisher\":{\"@id\":\"https:\/\/psol50.org.br\/#organization\"},\"alternateName\":\"PSOL50\",\"potentialAction\":[{\"@type\":\"SearchAction\",\"target\":{\"@type\":\"EntryPoint\",\"urlTemplate\":\"https:\/\/psol50.org.br\/?s={search_term_string}\"},\"query-input\":{\"@type\":\"PropertyValueSpecification\",\"valueRequired\":true,\"valueName\":\"search_term_string\"}}],\"inLanguage\":\"pt-BR\"},{\"@type\":\"Organization\",\"@id\":\"https:\/\/psol50.org.br\/#organization\",\"name\":\"PSOL 50\",\"alternateName\":\"PSOL 50\",\"url\":\"https:\/\/psol50.org.br\/\",\"logo\":{\"@type\":\"ImageObject\",\"inLanguage\":\"pt-BR\",\"@id\":\"https:\/\/psol50.org.br\/#\/schema\/logo\/image\/\",\"url\":\"https:\/\/psol50.org.br\/inc\/uploads\/2018\/07\/capa.png\",\"contentUrl\":\"https:\/\/psol50.org.br\/inc\/uploads\/2018\/07\/capa.png\",\"width\":1350,\"height\":900,\"caption\":\"PSOL 50\"},\"image\":{\"@id\":\"https:\/\/psol50.org.br\/#\/schema\/logo\/image\/\"},\"sameAs\":[\"https:\/\/www.facebook.com\/psol50\",\"https:\/\/x.com\/psol50\",\"https:\/\/www.instagram.com\/psol50\/\",\"https:\/\/www.youtube.com\/channel\/UC7SnJS5o1os7a6CaiNabzcg\"]},{\"@type\":\"Person\",\"@id\":\"https:\/\/psol50.org.br\/#\/schema\/person\/475dfa57d0b815993c714c2e96491fcd\",\"name\":\"Comunica\u00e7\u00e3o PSOL\",\"image\":{\"@type\":\"ImageObject\",\"inLanguage\":\"pt-BR\",\"@id\":\"https:\/\/psol50.org.br\/#\/schema\/person\/image\/\",\"url\":\"https:\/\/secure.gravatar.com\/avatar\/b34fc4f4e468a4e51785917065a3db57b841f5c95dba6ad8c73aaf8f66f8f9bf?s=96&d=mm&r=g\",\"contentUrl\":\"https:\/\/secure.gravatar.com\/avatar\/b34fc4f4e468a4e51785917065a3db57b841f5c95dba6ad8c73aaf8f66f8f9bf?s=96&d=mm&r=g\",\"caption\":\"Comunica\u00e7\u00e3o PSOL\"}}]}<\/script>\n<!-- \/ Yoast SEO plugin. -->","yoast_head_json":{"title":"Ivan Valente | Ajuste Fiscal, agravado por Temer, s\u00f3 aumenta o desemprego - PSOL 50","robots":{"index":"index","follow":"follow","max-snippet":"max-snippet:-1","max-image-preview":"max-image-preview:large","max-video-preview":"max-video-preview:-1"},"canonical":"https:\/\/psol50.org.br\/ivan-valente-ajuste-fiscal-agravado-por-temer-so-aumenta-o-desemprego\/","og_locale":"pt_BR","og_type":"article","og_title":"Ivan Valente | Ajuste Fiscal, agravado por Temer, s\u00f3 aumenta o desemprego - PSOL 50","og_description":"O mesmo dia em que foi anunciado o maior d\u00e9ficit do setor p\u00fablico desde 1997, dados do IBGE revelam\u00a0a maior taxa de desemprego desde o in\u00edcio da s\u00e9rie hist\u00f3rica em 2012. O Brasil fechou 2016 com 12,3 milh\u00f5es de pessoas desempregadas, com o \u00edndice de 12%\u00a0no 4\u00ba trimestre. Apesar de todo o esfor\u00e7o da grande [&hellip;]","og_url":"https:\/\/psol50.org.br\/ivan-valente-ajuste-fiscal-agravado-por-temer-so-aumenta-o-desemprego\/","og_site_name":"PSOL 50","article_publisher":"https:\/\/www.facebook.com\/psol50","article_published_time":"2017-02-01T12:02:27+00:00","og_image":[{"width":1350,"height":900,"url":"https:\/\/psol50.org.br\/inc\/uploads\/2018\/07\/capa.png","type":"image\/png"}],"author":"Comunica\u00e7\u00e3o PSOL","twitter_card":"summary_large_image","twitter_creator":"@psol50","twitter_site":"@psol50","twitter_misc":{"Escrito por":"Comunica\u00e7\u00e3o PSOL","Est. tempo de leitura":"1 minuto"},"schema":{"@context":"https:\/\/schema.org","@graph":[{"@type":"Article","@id":"https:\/\/psol50.org.br\/ivan-valente-ajuste-fiscal-agravado-por-temer-so-aumenta-o-desemprego\/#article","isPartOf":{"@id":"https:\/\/psol50.org.br\/ivan-valente-ajuste-fiscal-agravado-por-temer-so-aumenta-o-desemprego\/"},"author":{"name":"Comunica\u00e7\u00e3o PSOL","@id":"https:\/\/psol50.org.br\/#\/schema\/person\/475dfa57d0b815993c714c2e96491fcd"},"headline":"Ivan Valente | Ajuste Fiscal, agravado por Temer, s\u00f3 aumenta o desemprego","datePublished":"2017-02-01T12:02:27+00:00","mainEntityOfPage":{"@id":"https:\/\/psol50.org.br\/ivan-valente-ajuste-fiscal-agravado-por-temer-so-aumenta-o-desemprego\/"},"wordCount":251,"commentCount":0,"publisher":{"@id":"https:\/\/psol50.org.br\/#organization"},"image":{"@id":"https:\/\/psol50.org.br\/ivan-valente-ajuste-fiscal-agravado-por-temer-so-aumenta-o-desemprego\/#primaryimage"},"thumbnailUrl":"","keywords":["Ajuste Fiscal","d\u00e9ficit","governo Temer","Henrique Meirelles","IBGE","Ivan Valente","Joaquim Levy","taxa de desemprego"],"articleSection":["Artigos","Brasil","Not\u00edcias"],"inLanguage":"pt-BR","potentialAction":[{"@type":"CommentAction","name":"Comment","target":["https:\/\/psol50.org.br\/ivan-valente-ajuste-fiscal-agravado-por-temer-so-aumenta-o-desemprego\/#respond"]}]},{"@type":"WebPage","@id":"https:\/\/psol50.org.br\/ivan-valente-ajuste-fiscal-agravado-por-temer-so-aumenta-o-desemprego\/","url":"https:\/\/psol50.org.br\/ivan-valente-ajuste-fiscal-agravado-por-temer-so-aumenta-o-desemprego\/","name":"Ivan Valente | Ajuste Fiscal, agravado por Temer, s\u00f3 aumenta o desemprego - PSOL 50","isPartOf":{"@id":"https:\/\/psol50.org.br\/#website"},"primaryImageOfPage":{"@id":"https:\/\/psol50.org.br\/ivan-valente-ajuste-fiscal-agravado-por-temer-so-aumenta-o-desemprego\/#primaryimage"},"image":{"@id":"https:\/\/psol50.org.br\/ivan-valente-ajuste-fiscal-agravado-por-temer-so-aumenta-o-desemprego\/#primaryimage"},"thumbnailUrl":"","datePublished":"2017-02-01T12:02:27+00:00","breadcrumb":{"@id":"https:\/\/psol50.org.br\/ivan-valente-ajuste-fiscal-agravado-por-temer-so-aumenta-o-desemprego\/#breadcrumb"},"inLanguage":"pt-BR","potentialAction":[{"@type":"ReadAction","target":["https:\/\/psol50.org.br\/ivan-valente-ajuste-fiscal-agravado-por-temer-so-aumenta-o-desemprego\/"]}]},{"@type":"ImageObject","inLanguage":"pt-BR","@id":"https:\/\/psol50.org.br\/ivan-valente-ajuste-fiscal-agravado-por-temer-so-aumenta-o-desemprego\/#primaryimage","url":"","contentUrl":""},{"@type":"BreadcrumbList","@id":"https:\/\/psol50.org.br\/ivan-valente-ajuste-fiscal-agravado-por-temer-so-aumenta-o-desemprego\/#breadcrumb","itemListElement":[{"@type":"ListItem","position":1,"name":"In\u00edcio","item":"https:\/\/psol50.org.br\/"},{"@type":"ListItem","position":2,"name":"Ivan Valente | Ajuste Fiscal, agravado por Temer, s\u00f3 aumenta o desemprego"}]},{"@type":"WebSite","@id":"https:\/\/psol50.org.br\/#website","url":"https:\/\/psol50.org.br\/","name":"PSOL 50","description":"Site oficial do Partido Socialismo e Liberdade","publisher":{"@id":"https:\/\/psol50.org.br\/#organization"},"alternateName":"PSOL50","potentialAction":[{"@type":"SearchAction","target":{"@type":"EntryPoint","urlTemplate":"https:\/\/psol50.org.br\/?s={search_term_string}"},"query-input":{"@type":"PropertyValueSpecification","valueRequired":true,"valueName":"search_term_string"}}],"inLanguage":"pt-BR"},{"@type":"Organization","@id":"https:\/\/psol50.org.br\/#organization","name":"PSOL 50","alternateName":"PSOL 50","url":"https:\/\/psol50.org.br\/","logo":{"@type":"ImageObject","inLanguage":"pt-BR","@id":"https:\/\/psol50.org.br\/#\/schema\/logo\/image\/","url":"https:\/\/psol50.org.br\/inc\/uploads\/2018\/07\/capa.png","contentUrl":"https:\/\/psol50.org.br\/inc\/uploads\/2018\/07\/capa.png","width":1350,"height":900,"caption":"PSOL 50"},"image":{"@id":"https:\/\/psol50.org.br\/#\/schema\/logo\/image\/"},"sameAs":["https:\/\/www.facebook.com\/psol50","https:\/\/x.com\/psol50","https:\/\/www.instagram.com\/psol50\/","https:\/\/www.youtube.com\/channel\/UC7SnJS5o1os7a6CaiNabzcg"]},{"@type":"Person","@id":"https:\/\/psol50.org.br\/#\/schema\/person\/475dfa57d0b815993c714c2e96491fcd","name":"Comunica\u00e7\u00e3o PSOL","image":{"@type":"ImageObject","inLanguage":"pt-BR","@id":"https:\/\/psol50.org.br\/#\/schema\/person\/image\/","url":"https:\/\/secure.gravatar.com\/avatar\/b34fc4f4e468a4e51785917065a3db57b841f5c95dba6ad8c73aaf8f66f8f9bf?s=96&d=mm&r=g","contentUrl":"https:\/\/secure.gravatar.com\/avatar\/b34fc4f4e468a4e51785917065a3db57b841f5c95dba6ad8c73aaf8f66f8f9bf?s=96&d=mm&r=g","caption":"Comunica\u00e7\u00e3o PSOL"}}]}},"_links":{"self":[{"href":"https:\/\/psol50.org.br\/rest\/wp\/v2\/posts\/15276","targetHints":{"allow":["GET"]}}],"collection":[{"href":"https:\/\/psol50.org.br\/rest\/wp\/v2\/posts"}],"about":[{"href":"https:\/\/psol50.org.br\/rest\/wp\/v2\/types\/post"}],"author":[{"embeddable":true,"href":"https:\/\/psol50.org.br\/rest\/wp\/v2\/users\/2"}],"replies":[{"embeddable":true,"href":"https:\/\/psol50.org.br\/rest\/wp\/v2\/comments?post=15276"}],"version-history":[{"count":0,"href":"https:\/\/psol50.org.br\/rest\/wp\/v2\/posts\/15276\/revisions"}],"wp:featuredmedia":[{"embeddable":true,"href":"https:\/\/psol50.org.br\/rest\/"}],"wp:attachment":[{"href":"https:\/\/psol50.org.br\/rest\/wp\/v2\/media?parent=15276"}],"wp:term":[{"taxonomy":"category","embeddable":true,"href":"https:\/\/psol50.org.br\/rest\/wp\/v2\/categories?post=15276"},{"taxonomy":"post_tag","embeddable":true,"href":"https:\/\/psol50.org.br\/rest\/wp\/v2\/tags?post=15276"}],"curies":[{"name":"wp","href":"https:\/\/api.w.org\/{rel}","templated":true}]}}