{"id":15280,"date":"2017-02-01T12:52:06","date_gmt":"2017-02-01T12:52:06","guid":{"rendered":"http:\/\/www.psol50.org.br\/?p=15280"},"modified":"2017-02-01T12:52:06","modified_gmt":"2017-02-01T12:52:06","slug":"com-ajuste-fiscal-taxa-de-desemprego-e-a-maior-desde-2012","status":"publish","type":"post","link":"https:\/\/psol50.org.br\/com-ajuste-fiscal-taxa-de-desemprego-e-a-maior-desde-2012\/","title":{"rendered":"Com ajuste fiscal, taxa de desemprego \u00e9 a maior desde 2012"},"content":{"rendered":"<p>As graves consequ\u00eancias das medidas do ajuste fiscal implementado pelos sucessivos governos j\u00e1 est\u00e3o sendo sentidas por grande parcela da classe trabalhadora. \u00c9 o que aponta a <a href=\"http:\/\/www.ibge.gov.br\/home\/estatistica\/indicadores\/trabalhoerendimento\/pnad_continua_mensal\/default.shtm\" target=\"_blank\" rel=\"noopener\"><strong><span style=\"color: #0000ff\">Pesquisa Nacional por Amostra de Domic\u00edlio Cont\u00ednua<\/span> <\/strong><\/a>(Pnad), divulgada nesta ter\u00e7a-feira (31\/01) pelo Instituto Brasileiro de Geografia e Estat\u00edstica (IBGE). Segundo os dados, a taxa de desemprego em 2016 fechou em 12,3 milh\u00f5es, encerrando o quatro trimestre em 12%. Essa \u00e9 a maior taxa desde 2012, quando a pesquisa foi iniciada. \u00a0Em rela\u00e7\u00e3o ao 4\u00ba trimestre m\u00f3vel de 2015 (9%), a taxa de desemprego cresceu 3,1%.<\/p>\n<p>O Pnad mostra, ainda, que a popula\u00e7\u00e3o desempregada aumentou 2,7% frente ao trimestre de julho a setembro, aumentando 36% (ou mais 3,3 milh\u00f5es de pessoas desempregadas) em rela\u00e7\u00e3o ao mesmo trimestre de 2015.<\/p>\n<p>J\u00e1 a popula\u00e7\u00e3o ocupada, de 90,3 milh\u00f5es de pessoas, \u00e9 2,1% menor que no mesmo per\u00edodo em 2015, quando o contingente de empregados era de 92,245 milh\u00f5es. Houve alta de 0,5% em rela\u00e7\u00e3o ao trimestre encerrado em setembro, quando 89,835 milh\u00f5es estavam trabalhando. No quarto trimestre do ano passado, a for\u00e7a de trabalho aumentou 0,7% (ou 747 mil pessoas ante o terceiro trimestre) e cresceu 1,3% (1,286 milh\u00e3o de pessoas) ante o mesmo per\u00edodo em 2015. O que mostra que muitas pessoas continuaram a entrar no mercado de trabalho \u00e0 procura de um emprego, sem encontr\u00e1-lo.<\/p>\n<p>Ainda segundo a pesquisa, entre os dois \u00faltimos trimestres do ano passado, houve retra\u00e7\u00f5es em setores como o da administra\u00e7\u00e3o p\u00fablica, defesa, seguridade social, educa\u00e7\u00e3o, sa\u00fade e servi\u00e7os sociais, que juntos registraram queda de 1,3% na taxa m\u00e9dia m\u00f3vel de desocupa\u00e7\u00e3o, o equivalente a 199 mil pessoas. Essa taxa dever\u00e1 diminuir ainda mais nos pr\u00f3ximos anos, considerando o in\u00edcio da aplica\u00e7\u00e3o da <a href=\"http:\/\/www.planalto.gov.br\/ccivil_03\/constituicao\/emendas\/emc\/emc95.htm\" target=\"_blank\" rel=\"noopener\"><span style=\"color: #0000ff\"><strong>Emenda Constitucional n\u00ba 95\/2016<\/strong><\/span><\/a>, oriunda da PEC do teto de gastos, aprovada no final do ano no Congresso Nacional.<\/p>\n<p>O deputado Ivan Valente (PSOL-SP) considera que o governo de Michel Temer tenta passar, por meio dos aliados na grande m\u00eddia, uma imagem de que o pior j\u00e1 teria passado, mas a realidade insiste em bater na porta. \u201cDesde que Temer assumiu, em maio de 2016, a taxa de desemprego aumentou. Em rela\u00e7\u00e3o a isso, duas quest\u00f5es s\u00e3o fundamentais: primeiro, a taxa de desempregados \u00e9 muito maior, considerando aqueles que desistem de procurar emprego ou acabam aceitando bicos; em segundo lugar, os poucos empregos criados durante a crise s\u00e3o de pior qualidade, obrigando os trabalhadores a aceitarem sal\u00e1rios menores e condi\u00e7\u00f5es de trabalho pioradas\u201d.<\/p>\n<p>O parlamentar tamb\u00e9m responsabilizou o governo anterior, que deu in\u00edcio \u00e0s medidas de ajuste fiscal, aprofundadas atualmente. \u201cO aumento da taxa de desemprego tamb\u00e9m deixa claro o desastre do ajuste fiscal iniciado por Joaquim Levy e aprofundado por Henrique Meirelles. A pol\u00edtica de cortes no or\u00e7amento e de direitos sociais s\u00f3 tem levado a mais flagelo, em especial, para a popula\u00e7\u00e3o mais pobre\u201d, pontua Valente.<\/p>\n<p>&nbsp;<\/p>\n","protected":false},"excerpt":{"rendered":"<p>As graves consequ\u00eancias das medidas do ajuste fiscal implementado pelos sucessivos governos j\u00e1 est\u00e3o sendo sentidas por grande parcela da classe trabalhadora. \u00c9 o que aponta a Pesquisa Nacional por Amostra de Domic\u00edlio Cont\u00ednua (Pnad), divulgada nesta ter\u00e7a-feira (31\/01) pelo Instituto Brasileiro de Geografia e Estat\u00edstica (IBGE). Segundo os dados, a taxa de desemprego em [&hellip;]<\/p>\n","protected":false},"author":2,"featured_media":15281,"comment_status":"open","ping_status":"open","sticky":false,"template":"","format":"standard","meta":{"_acf_changed":false,"footnotes":""},"categories":[1882,6],"tags":[1432,2793,555,2794,1748,2871,2870,222],"class_list":{"0":"post-15280","1":"post","2":"type-post","3":"status-publish","4":"format-standard","5":"has-post-thumbnail","7":"category-brasil","8":"category-noticias","9":"tag-ajuste-fiscal","10":"tag-henrique-meirelles","11":"tag-ibge","12":"tag-joaquim-levy","13":"tag-michel-temer","14":"tag-pnade","15":"tag-taxa-de-desemprego","16":"tag-trabalhadores"},"acf":[],"yoast_head":"<!-- This site is optimized with the Yoast SEO plugin v26.5 - https:\/\/yoast.com\/wordpress\/plugins\/seo\/ -->\n<title>Com ajuste fiscal, taxa de desemprego \u00e9 a maior desde 2012 - PSOL 50<\/title>\n<meta name=\"robots\" content=\"index, follow, max-snippet:-1, max-image-preview:large, max-video-preview:-1\" \/>\n<link rel=\"canonical\" href=\"https:\/\/psol50.org.br\/com-ajuste-fiscal-taxa-de-desemprego-e-a-maior-desde-2012\/\" \/>\n<meta property=\"og:locale\" content=\"pt_BR\" \/>\n<meta property=\"og:type\" content=\"article\" \/>\n<meta property=\"og:title\" content=\"Com ajuste fiscal, taxa de desemprego \u00e9 a maior desde 2012 - PSOL 50\" \/>\n<meta property=\"og:description\" content=\"As graves consequ\u00eancias das medidas do ajuste fiscal implementado pelos sucessivos governos j\u00e1 est\u00e3o sendo sentidas por grande parcela da classe trabalhadora. \u00c9 o que aponta a Pesquisa Nacional por Amostra de Domic\u00edlio Cont\u00ednua (Pnad), divulgada nesta ter\u00e7a-feira (31\/01) pelo Instituto Brasileiro de Geografia e Estat\u00edstica (IBGE). Segundo os dados, a taxa de desemprego em [&hellip;]\" \/>\n<meta property=\"og:url\" content=\"https:\/\/psol50.org.br\/com-ajuste-fiscal-taxa-de-desemprego-e-a-maior-desde-2012\/\" \/>\n<meta property=\"og:site_name\" content=\"PSOL 50\" \/>\n<meta property=\"article:publisher\" content=\"https:\/\/www.facebook.com\/psol50\" \/>\n<meta property=\"article:published_time\" content=\"2017-02-01T12:52:06+00:00\" \/>\n<meta property=\"og:image\" content=\"https:\/\/psol50.org.br\/inc\/uploads\/2018\/07\/capa.png\" \/>\n\t<meta property=\"og:image:width\" content=\"1350\" \/>\n\t<meta property=\"og:image:height\" content=\"900\" \/>\n\t<meta property=\"og:image:type\" content=\"image\/png\" \/>\n<meta name=\"author\" content=\"Comunica\u00e7\u00e3o PSOL\" \/>\n<meta name=\"twitter:card\" content=\"summary_large_image\" \/>\n<meta name=\"twitter:creator\" content=\"@psol50\" \/>\n<meta name=\"twitter:site\" content=\"@psol50\" \/>\n<meta name=\"twitter:label1\" content=\"Escrito por\" \/>\n\t<meta name=\"twitter:data1\" content=\"Comunica\u00e7\u00e3o PSOL\" \/>\n\t<meta name=\"twitter:label2\" content=\"Est. tempo de leitura\" \/>\n\t<meta name=\"twitter:data2\" content=\"2 minutos\" \/>\n<script type=\"application\/ld+json\" class=\"yoast-schema-graph\">{\"@context\":\"https:\/\/schema.org\",\"@graph\":[{\"@type\":\"Article\",\"@id\":\"https:\/\/psol50.org.br\/com-ajuste-fiscal-taxa-de-desemprego-e-a-maior-desde-2012\/#article\",\"isPartOf\":{\"@id\":\"https:\/\/psol50.org.br\/com-ajuste-fiscal-taxa-de-desemprego-e-a-maior-desde-2012\/\"},\"author\":{\"name\":\"Comunica\u00e7\u00e3o PSOL\",\"@id\":\"https:\/\/psol50.org.br\/#\/schema\/person\/475dfa57d0b815993c714c2e96491fcd\"},\"headline\":\"Com ajuste fiscal, taxa de desemprego \u00e9 a maior desde 2012\",\"datePublished\":\"2017-02-01T12:52:06+00:00\",\"mainEntityOfPage\":{\"@id\":\"https:\/\/psol50.org.br\/com-ajuste-fiscal-taxa-de-desemprego-e-a-maior-desde-2012\/\"},\"wordCount\":496,\"commentCount\":0,\"publisher\":{\"@id\":\"https:\/\/psol50.org.br\/#organization\"},\"image\":{\"@id\":\"https:\/\/psol50.org.br\/com-ajuste-fiscal-taxa-de-desemprego-e-a-maior-desde-2012\/#primaryimage\"},\"thumbnailUrl\":\"\",\"keywords\":[\"Ajuste Fiscal\",\"Henrique Meirelles\",\"IBGE\",\"Joaquim Levy\",\"Michel Temer\",\"Pnade\",\"taxa de desemprego\",\"trabalhadores\"],\"articleSection\":[\"Brasil\",\"Not\u00edcias\"],\"inLanguage\":\"pt-BR\",\"potentialAction\":[{\"@type\":\"CommentAction\",\"name\":\"Comment\",\"target\":[\"https:\/\/psol50.org.br\/com-ajuste-fiscal-taxa-de-desemprego-e-a-maior-desde-2012\/#respond\"]}]},{\"@type\":\"WebPage\",\"@id\":\"https:\/\/psol50.org.br\/com-ajuste-fiscal-taxa-de-desemprego-e-a-maior-desde-2012\/\",\"url\":\"https:\/\/psol50.org.br\/com-ajuste-fiscal-taxa-de-desemprego-e-a-maior-desde-2012\/\",\"name\":\"Com ajuste fiscal, taxa de desemprego \u00e9 a maior desde 2012 - PSOL 50\",\"isPartOf\":{\"@id\":\"https:\/\/psol50.org.br\/#website\"},\"primaryImageOfPage\":{\"@id\":\"https:\/\/psol50.org.br\/com-ajuste-fiscal-taxa-de-desemprego-e-a-maior-desde-2012\/#primaryimage\"},\"image\":{\"@id\":\"https:\/\/psol50.org.br\/com-ajuste-fiscal-taxa-de-desemprego-e-a-maior-desde-2012\/#primaryimage\"},\"thumbnailUrl\":\"\",\"datePublished\":\"2017-02-01T12:52:06+00:00\",\"breadcrumb\":{\"@id\":\"https:\/\/psol50.org.br\/com-ajuste-fiscal-taxa-de-desemprego-e-a-maior-desde-2012\/#breadcrumb\"},\"inLanguage\":\"pt-BR\",\"potentialAction\":[{\"@type\":\"ReadAction\",\"target\":[\"https:\/\/psol50.org.br\/com-ajuste-fiscal-taxa-de-desemprego-e-a-maior-desde-2012\/\"]}]},{\"@type\":\"ImageObject\",\"inLanguage\":\"pt-BR\",\"@id\":\"https:\/\/psol50.org.br\/com-ajuste-fiscal-taxa-de-desemprego-e-a-maior-desde-2012\/#primaryimage\",\"url\":\"\",\"contentUrl\":\"\"},{\"@type\":\"BreadcrumbList\",\"@id\":\"https:\/\/psol50.org.br\/com-ajuste-fiscal-taxa-de-desemprego-e-a-maior-desde-2012\/#breadcrumb\",\"itemListElement\":[{\"@type\":\"ListItem\",\"position\":1,\"name\":\"In\u00edcio\",\"item\":\"https:\/\/psol50.org.br\/\"},{\"@type\":\"ListItem\",\"position\":2,\"name\":\"Com ajuste fiscal, taxa de desemprego \u00e9 a maior desde 2012\"}]},{\"@type\":\"WebSite\",\"@id\":\"https:\/\/psol50.org.br\/#website\",\"url\":\"https:\/\/psol50.org.br\/\",\"name\":\"PSOL 50\",\"description\":\"Site oficial do Partido Socialismo e Liberdade\",\"publisher\":{\"@id\":\"https:\/\/psol50.org.br\/#organization\"},\"alternateName\":\"PSOL50\",\"potentialAction\":[{\"@type\":\"SearchAction\",\"target\":{\"@type\":\"EntryPoint\",\"urlTemplate\":\"https:\/\/psol50.org.br\/?s={search_term_string}\"},\"query-input\":{\"@type\":\"PropertyValueSpecification\",\"valueRequired\":true,\"valueName\":\"search_term_string\"}}],\"inLanguage\":\"pt-BR\"},{\"@type\":\"Organization\",\"@id\":\"https:\/\/psol50.org.br\/#organization\",\"name\":\"PSOL 50\",\"alternateName\":\"PSOL 50\",\"url\":\"https:\/\/psol50.org.br\/\",\"logo\":{\"@type\":\"ImageObject\",\"inLanguage\":\"pt-BR\",\"@id\":\"https:\/\/psol50.org.br\/#\/schema\/logo\/image\/\",\"url\":\"https:\/\/psol50.org.br\/inc\/uploads\/2018\/07\/capa.png\",\"contentUrl\":\"https:\/\/psol50.org.br\/inc\/uploads\/2018\/07\/capa.png\",\"width\":1350,\"height\":900,\"caption\":\"PSOL 50\"},\"image\":{\"@id\":\"https:\/\/psol50.org.br\/#\/schema\/logo\/image\/\"},\"sameAs\":[\"https:\/\/www.facebook.com\/psol50\",\"https:\/\/x.com\/psol50\",\"https:\/\/www.instagram.com\/psol50\/\",\"https:\/\/www.youtube.com\/channel\/UC7SnJS5o1os7a6CaiNabzcg\"]},{\"@type\":\"Person\",\"@id\":\"https:\/\/psol50.org.br\/#\/schema\/person\/475dfa57d0b815993c714c2e96491fcd\",\"name\":\"Comunica\u00e7\u00e3o PSOL\",\"image\":{\"@type\":\"ImageObject\",\"inLanguage\":\"pt-BR\",\"@id\":\"https:\/\/psol50.org.br\/#\/schema\/person\/image\/\",\"url\":\"https:\/\/secure.gravatar.com\/avatar\/b34fc4f4e468a4e51785917065a3db57b841f5c95dba6ad8c73aaf8f66f8f9bf?s=96&d=mm&r=g\",\"contentUrl\":\"https:\/\/secure.gravatar.com\/avatar\/b34fc4f4e468a4e51785917065a3db57b841f5c95dba6ad8c73aaf8f66f8f9bf?s=96&d=mm&r=g\",\"caption\":\"Comunica\u00e7\u00e3o PSOL\"}}]}<\/script>\n<!-- \/ Yoast SEO plugin. -->","yoast_head_json":{"title":"Com ajuste fiscal, taxa de desemprego \u00e9 a maior desde 2012 - PSOL 50","robots":{"index":"index","follow":"follow","max-snippet":"max-snippet:-1","max-image-preview":"max-image-preview:large","max-video-preview":"max-video-preview:-1"},"canonical":"https:\/\/psol50.org.br\/com-ajuste-fiscal-taxa-de-desemprego-e-a-maior-desde-2012\/","og_locale":"pt_BR","og_type":"article","og_title":"Com ajuste fiscal, taxa de desemprego \u00e9 a maior desde 2012 - PSOL 50","og_description":"As graves consequ\u00eancias das medidas do ajuste fiscal implementado pelos sucessivos governos j\u00e1 est\u00e3o sendo sentidas por grande parcela da classe trabalhadora. \u00c9 o que aponta a Pesquisa Nacional por Amostra de Domic\u00edlio Cont\u00ednua (Pnad), divulgada nesta ter\u00e7a-feira (31\/01) pelo Instituto Brasileiro de Geografia e Estat\u00edstica (IBGE). Segundo os dados, a taxa de desemprego em [&hellip;]","og_url":"https:\/\/psol50.org.br\/com-ajuste-fiscal-taxa-de-desemprego-e-a-maior-desde-2012\/","og_site_name":"PSOL 50","article_publisher":"https:\/\/www.facebook.com\/psol50","article_published_time":"2017-02-01T12:52:06+00:00","og_image":[{"width":1350,"height":900,"url":"https:\/\/psol50.org.br\/inc\/uploads\/2018\/07\/capa.png","type":"image\/png"}],"author":"Comunica\u00e7\u00e3o PSOL","twitter_card":"summary_large_image","twitter_creator":"@psol50","twitter_site":"@psol50","twitter_misc":{"Escrito por":"Comunica\u00e7\u00e3o PSOL","Est. tempo de leitura":"2 minutos"},"schema":{"@context":"https:\/\/schema.org","@graph":[{"@type":"Article","@id":"https:\/\/psol50.org.br\/com-ajuste-fiscal-taxa-de-desemprego-e-a-maior-desde-2012\/#article","isPartOf":{"@id":"https:\/\/psol50.org.br\/com-ajuste-fiscal-taxa-de-desemprego-e-a-maior-desde-2012\/"},"author":{"name":"Comunica\u00e7\u00e3o PSOL","@id":"https:\/\/psol50.org.br\/#\/schema\/person\/475dfa57d0b815993c714c2e96491fcd"},"headline":"Com ajuste fiscal, taxa de desemprego \u00e9 a maior desde 2012","datePublished":"2017-02-01T12:52:06+00:00","mainEntityOfPage":{"@id":"https:\/\/psol50.org.br\/com-ajuste-fiscal-taxa-de-desemprego-e-a-maior-desde-2012\/"},"wordCount":496,"commentCount":0,"publisher":{"@id":"https:\/\/psol50.org.br\/#organization"},"image":{"@id":"https:\/\/psol50.org.br\/com-ajuste-fiscal-taxa-de-desemprego-e-a-maior-desde-2012\/#primaryimage"},"thumbnailUrl":"","keywords":["Ajuste Fiscal","Henrique Meirelles","IBGE","Joaquim Levy","Michel Temer","Pnade","taxa de desemprego","trabalhadores"],"articleSection":["Brasil","Not\u00edcias"],"inLanguage":"pt-BR","potentialAction":[{"@type":"CommentAction","name":"Comment","target":["https:\/\/psol50.org.br\/com-ajuste-fiscal-taxa-de-desemprego-e-a-maior-desde-2012\/#respond"]}]},{"@type":"WebPage","@id":"https:\/\/psol50.org.br\/com-ajuste-fiscal-taxa-de-desemprego-e-a-maior-desde-2012\/","url":"https:\/\/psol50.org.br\/com-ajuste-fiscal-taxa-de-desemprego-e-a-maior-desde-2012\/","name":"Com ajuste fiscal, taxa de desemprego \u00e9 a maior desde 2012 - PSOL 50","isPartOf":{"@id":"https:\/\/psol50.org.br\/#website"},"primaryImageOfPage":{"@id":"https:\/\/psol50.org.br\/com-ajuste-fiscal-taxa-de-desemprego-e-a-maior-desde-2012\/#primaryimage"},"image":{"@id":"https:\/\/psol50.org.br\/com-ajuste-fiscal-taxa-de-desemprego-e-a-maior-desde-2012\/#primaryimage"},"thumbnailUrl":"","datePublished":"2017-02-01T12:52:06+00:00","breadcrumb":{"@id":"https:\/\/psol50.org.br\/com-ajuste-fiscal-taxa-de-desemprego-e-a-maior-desde-2012\/#breadcrumb"},"inLanguage":"pt-BR","potentialAction":[{"@type":"ReadAction","target":["https:\/\/psol50.org.br\/com-ajuste-fiscal-taxa-de-desemprego-e-a-maior-desde-2012\/"]}]},{"@type":"ImageObject","inLanguage":"pt-BR","@id":"https:\/\/psol50.org.br\/com-ajuste-fiscal-taxa-de-desemprego-e-a-maior-desde-2012\/#primaryimage","url":"","contentUrl":""},{"@type":"BreadcrumbList","@id":"https:\/\/psol50.org.br\/com-ajuste-fiscal-taxa-de-desemprego-e-a-maior-desde-2012\/#breadcrumb","itemListElement":[{"@type":"ListItem","position":1,"name":"In\u00edcio","item":"https:\/\/psol50.org.br\/"},{"@type":"ListItem","position":2,"name":"Com ajuste fiscal, taxa de desemprego \u00e9 a maior desde 2012"}]},{"@type":"WebSite","@id":"https:\/\/psol50.org.br\/#website","url":"https:\/\/psol50.org.br\/","name":"PSOL 50","description":"Site oficial do Partido Socialismo e Liberdade","publisher":{"@id":"https:\/\/psol50.org.br\/#organization"},"alternateName":"PSOL50","potentialAction":[{"@type":"SearchAction","target":{"@type":"EntryPoint","urlTemplate":"https:\/\/psol50.org.br\/?s={search_term_string}"},"query-input":{"@type":"PropertyValueSpecification","valueRequired":true,"valueName":"search_term_string"}}],"inLanguage":"pt-BR"},{"@type":"Organization","@id":"https:\/\/psol50.org.br\/#organization","name":"PSOL 50","alternateName":"PSOL 50","url":"https:\/\/psol50.org.br\/","logo":{"@type":"ImageObject","inLanguage":"pt-BR","@id":"https:\/\/psol50.org.br\/#\/schema\/logo\/image\/","url":"https:\/\/psol50.org.br\/inc\/uploads\/2018\/07\/capa.png","contentUrl":"https:\/\/psol50.org.br\/inc\/uploads\/2018\/07\/capa.png","width":1350,"height":900,"caption":"PSOL 50"},"image":{"@id":"https:\/\/psol50.org.br\/#\/schema\/logo\/image\/"},"sameAs":["https:\/\/www.facebook.com\/psol50","https:\/\/x.com\/psol50","https:\/\/www.instagram.com\/psol50\/","https:\/\/www.youtube.com\/channel\/UC7SnJS5o1os7a6CaiNabzcg"]},{"@type":"Person","@id":"https:\/\/psol50.org.br\/#\/schema\/person\/475dfa57d0b815993c714c2e96491fcd","name":"Comunica\u00e7\u00e3o PSOL","image":{"@type":"ImageObject","inLanguage":"pt-BR","@id":"https:\/\/psol50.org.br\/#\/schema\/person\/image\/","url":"https:\/\/secure.gravatar.com\/avatar\/b34fc4f4e468a4e51785917065a3db57b841f5c95dba6ad8c73aaf8f66f8f9bf?s=96&d=mm&r=g","contentUrl":"https:\/\/secure.gravatar.com\/avatar\/b34fc4f4e468a4e51785917065a3db57b841f5c95dba6ad8c73aaf8f66f8f9bf?s=96&d=mm&r=g","caption":"Comunica\u00e7\u00e3o PSOL"}}]}},"_links":{"self":[{"href":"https:\/\/psol50.org.br\/rest\/wp\/v2\/posts\/15280","targetHints":{"allow":["GET"]}}],"collection":[{"href":"https:\/\/psol50.org.br\/rest\/wp\/v2\/posts"}],"about":[{"href":"https:\/\/psol50.org.br\/rest\/wp\/v2\/types\/post"}],"author":[{"embeddable":true,"href":"https:\/\/psol50.org.br\/rest\/wp\/v2\/users\/2"}],"replies":[{"embeddable":true,"href":"https:\/\/psol50.org.br\/rest\/wp\/v2\/comments?post=15280"}],"version-history":[{"count":0,"href":"https:\/\/psol50.org.br\/rest\/wp\/v2\/posts\/15280\/revisions"}],"wp:featuredmedia":[{"embeddable":true,"href":"https:\/\/psol50.org.br\/rest\/"}],"wp:attachment":[{"href":"https:\/\/psol50.org.br\/rest\/wp\/v2\/media?parent=15280"}],"wp:term":[{"taxonomy":"category","embeddable":true,"href":"https:\/\/psol50.org.br\/rest\/wp\/v2\/categories?post=15280"},{"taxonomy":"post_tag","embeddable":true,"href":"https:\/\/psol50.org.br\/rest\/wp\/v2\/tags?post=15280"}],"curies":[{"name":"wp","href":"https:\/\/api.w.org\/{rel}","templated":true}]}}