{"id":1529,"date":"2011-04-19T00:00:00","date_gmt":"2011-04-19T00:00:00","guid":{"rendered":"http:\/\/psol50.org.br\/arquivo\/2011\/04\/19\/urgente-psol-conclama-pela-unidade-de-acao-em-defesa-das-vitimas-da-enchente-no-amapa\/"},"modified":"2011-04-19T00:00:00","modified_gmt":"2011-04-19T00:00:00","slug":"urgente-psol-conclama-pela-unidade-de-acao-em-defesa-das-vitimas-da-enchente-no-amapa","status":"publish","type":"post","link":"https:\/\/psol50.org.br\/urgente-psol-conclama-pela-unidade-de-acao-em-defesa-das-vitimas-da-enchente-no-amapa\/","title":{"rendered":"URGENTE: PSOL conclama pela unidade de a\u00e7\u00e3o em defesa das v\u00edtimas da enchente no Amap\u00e1"},"content":{"rendered":"<p><a rel=\"attachment wp-att-7779\" href=\"http:\/\/psol50.org.br\/blog\/2011\/04\/19\/urgente-psol-conclama-pela-unidade-de-acao-em-defesa-das-vitimas-da-enchente-no-amapa\/amapapedesolidariedade1\/\"><img loading=\"lazy\" decoding=\"async\" class=\"aligncenter size-medium wp-image-7779\" src=\"http:\/\/psol50.org.br\/files\/2011\/04\/AmapaPedeSolidariedade1-300x201.jpg\" alt=\"\" width=\"300\" height=\"201\" \/><\/a><\/p>\n<p style=\"text-align: center\"><em><strong>NOTA DA SECRETARIA DE INTERIOR DO PARTIDO SOCIALISMO E LIBERDADE<\/strong><\/em><\/p>\n<p>O Partido Socialismo e Liberdade, atrav\u00e9s da Secretaria de Interior visitou no \u00faltimo final de semana, os munic\u00edpios de Porto Grande e Ferreira Gomes, que v\u00eam sofrendo com as cheias do dos Rios Amapar\u00ed e Araguar\u00ed.<\/p>\n<p>A situa\u00e7\u00e3o na cidade de Porto Grande, apesar de parte da Orla da Cidade estar debaixo d&#8217;\u00e1gua, segundo a prefeitura e a Defesa Civil, est\u00e1 controlada, mas a situa\u00e7\u00e3o dos moradores das \u00e1reas Ribeirinhas \u00e9 muito dif\u00edcil. H\u00e1 relatos de fam\u00edlias que perderam toda a produ\u00e7\u00e3o e a cria\u00e7\u00e3o de animais, al\u00e9m de suas casas e seus pertences, cerca de 80 fam\u00edlias produtoras foram atingidas.<\/p>\n<p>Na cidade de Ferreira Gomes a situa\u00e7\u00e3o \u00e9 muito mais grave. Al\u00e9m de parte da cidade est\u00e1 debaixo d&#8217;\u00e1gua, inclusive o Pr\u00e9dio da Prefeitura e do Minist\u00e9rio P\u00fablico, v\u00e1rias escolas da cidade est\u00e3o abrigando as fam\u00edlias atingidas pela cheia. O n\u00famero de fam\u00edlias desabrigadas j\u00e1 chegam a 97, entre as \u00e1reas urbana, ribeirinha e produtores. A previs\u00e3o de chuva para os pr\u00f3ximos dias n\u00e3o \u00e9 favor\u00e1vel.<\/p>\n<p>Diante deste quadro, os dois munic\u00edpios j\u00e1 decretaram estado de emerg\u00eancia. As prefeituras, junto com a Defesa Civil est\u00e3o numa for\u00e7a tarefa para dar apoio \u00e0s v\u00edtimas.<\/p>\n<p>Assim, o PSOL, atrav\u00e9s desta Secretaria vem se solidarizar com as v\u00edtimas das enchentes e com o povo de Porto Grande e Ferreira Gomes e fazer um apelo a seus filiados e simpatizantes, assim como sindicatos, centrais sindicais, ONGs, associa\u00e7\u00f5es de bairros, sociedade civil organizada, partidos pol\u00edticos e empresariado, para fazermos uma grande campanha de arrecada\u00e7\u00e3o de alimentos e de \u00e1gua pot\u00e1vel, visto que este segundo item \u00e9 o de mais necessidade neste momento.<\/p>\n<p>Entendemos ser fundamental, independente de qualquer diferen\u00e7a, a uni\u00e3o de todos os esfor\u00e7os, para que possamos ajudar as v\u00edtimas das enchentes e o povo desses munic\u00edpios a terem as condi\u00e7\u00f5es m\u00ednimas de alimenta\u00e7\u00e3o.<\/p>\n<p><strong>Macap\u00e1, 19 de abril de 2011.<br \/>\nMaykom Magalh\u00e3es<br \/>\nSecret\u00e1rio de Interior do PSOL-AP <\/strong><\/p>\n","protected":false},"excerpt":{"rendered":"<p>NOTA DA SECRETARIA DE INTERIOR DO PARTIDO SOCIALISMO E LIBERDADE O Partido Socialismo e Liberdade, atrav\u00e9s da Secretaria de Interior visitou no \u00faltimo final de semana, os munic\u00edpios de Porto Grande e Ferreira Gomes, que v\u00eam sofrendo com as cheias do dos Rios Amapar\u00ed e Araguar\u00ed. A situa\u00e7\u00e3o na cidade de Porto Grande, apesar de [&hellip;]<\/p>\n","protected":false},"author":2,"featured_media":0,"comment_status":"open","ping_status":"open","sticky":false,"template":"","format":"standard","meta":{"_acf_changed":false,"footnotes":""},"categories":[4766],"tags":[],"class_list":{"0":"post-1529","1":"post","2":"type-post","3":"status-publish","4":"format-standard","6":"category-arquivo"},"acf":[],"yoast_head":"<!-- This site is optimized with the Yoast SEO plugin v26.5 - https:\/\/yoast.com\/wordpress\/plugins\/seo\/ -->\n<title>URGENTE: PSOL conclama pela unidade de a\u00e7\u00e3o em defesa das v\u00edtimas da enchente no Amap\u00e1 - PSOL 50<\/title>\n<meta name=\"robots\" content=\"index, follow, max-snippet:-1, max-image-preview:large, max-video-preview:-1\" \/>\n<link rel=\"canonical\" href=\"https:\/\/psol50.org.br\/urgente-psol-conclama-pela-unidade-de-acao-em-defesa-das-vitimas-da-enchente-no-amapa\/\" \/>\n<meta property=\"og:locale\" content=\"pt_BR\" \/>\n<meta property=\"og:type\" content=\"article\" \/>\n<meta property=\"og:title\" content=\"URGENTE: PSOL conclama pela unidade de a\u00e7\u00e3o em defesa das v\u00edtimas da enchente no Amap\u00e1 - PSOL 50\" \/>\n<meta property=\"og:description\" content=\"NOTA DA SECRETARIA DE INTERIOR DO PARTIDO SOCIALISMO E LIBERDADE O Partido Socialismo e Liberdade, atrav\u00e9s da Secretaria de Interior visitou no \u00faltimo final de semana, os munic\u00edpios de Porto Grande e Ferreira Gomes, que v\u00eam sofrendo com as cheias do dos Rios Amapar\u00ed e Araguar\u00ed. A situa\u00e7\u00e3o na cidade de Porto Grande, apesar de [&hellip;]\" \/>\n<meta property=\"og:url\" content=\"https:\/\/psol50.org.br\/urgente-psol-conclama-pela-unidade-de-acao-em-defesa-das-vitimas-da-enchente-no-amapa\/\" \/>\n<meta property=\"og:site_name\" content=\"PSOL 50\" \/>\n<meta property=\"article:publisher\" content=\"https:\/\/www.facebook.com\/psol50\" \/>\n<meta property=\"article:published_time\" content=\"2011-04-19T00:00:00+00:00\" \/>\n<meta property=\"og:image\" content=\"http:\/\/psol50.org.br\/files\/2011\/04\/AmapaPedeSolidariedade1-300x201.jpg\" \/>\n<meta name=\"author\" content=\"Comunica\u00e7\u00e3o PSOL\" \/>\n<meta name=\"twitter:card\" content=\"summary_large_image\" \/>\n<meta name=\"twitter:creator\" content=\"@psol50\" \/>\n<meta name=\"twitter:site\" content=\"@psol50\" \/>\n<meta name=\"twitter:label1\" content=\"Escrito por\" \/>\n\t<meta name=\"twitter:data1\" content=\"Comunica\u00e7\u00e3o PSOL\" \/>\n\t<meta name=\"twitter:label2\" content=\"Est. tempo de leitura\" \/>\n\t<meta name=\"twitter:data2\" content=\"2 minutos\" \/>\n<script type=\"application\/ld+json\" class=\"yoast-schema-graph\">{\"@context\":\"https:\/\/schema.org\",\"@graph\":[{\"@type\":\"Article\",\"@id\":\"https:\/\/psol50.org.br\/urgente-psol-conclama-pela-unidade-de-acao-em-defesa-das-vitimas-da-enchente-no-amapa\/#article\",\"isPartOf\":{\"@id\":\"https:\/\/psol50.org.br\/urgente-psol-conclama-pela-unidade-de-acao-em-defesa-das-vitimas-da-enchente-no-amapa\/\"},\"author\":{\"name\":\"Comunica\u00e7\u00e3o PSOL\",\"@id\":\"https:\/\/psol50.org.br\/#\/schema\/person\/475dfa57d0b815993c714c2e96491fcd\"},\"headline\":\"URGENTE: PSOL conclama pela unidade de a\u00e7\u00e3o em defesa das v\u00edtimas da enchente no Amap\u00e1\",\"datePublished\":\"2011-04-19T00:00:00+00:00\",\"mainEntityOfPage\":{\"@id\":\"https:\/\/psol50.org.br\/urgente-psol-conclama-pela-unidade-de-acao-em-defesa-das-vitimas-da-enchente-no-amapa\/\"},\"wordCount\":381,\"commentCount\":0,\"publisher\":{\"@id\":\"https:\/\/psol50.org.br\/#organization\"},\"image\":{\"@id\":\"https:\/\/psol50.org.br\/urgente-psol-conclama-pela-unidade-de-acao-em-defesa-das-vitimas-da-enchente-no-amapa\/#primaryimage\"},\"thumbnailUrl\":\"http:\/\/psol50.org.br\/files\/2011\/04\/AmapaPedeSolidariedade1-300x201.jpg\",\"articleSection\":[\"Arquivo\"],\"inLanguage\":\"pt-BR\",\"potentialAction\":[{\"@type\":\"CommentAction\",\"name\":\"Comment\",\"target\":[\"https:\/\/psol50.org.br\/urgente-psol-conclama-pela-unidade-de-acao-em-defesa-das-vitimas-da-enchente-no-amapa\/#respond\"]}]},{\"@type\":\"WebPage\",\"@id\":\"https:\/\/psol50.org.br\/urgente-psol-conclama-pela-unidade-de-acao-em-defesa-das-vitimas-da-enchente-no-amapa\/\",\"url\":\"https:\/\/psol50.org.br\/urgente-psol-conclama-pela-unidade-de-acao-em-defesa-das-vitimas-da-enchente-no-amapa\/\",\"name\":\"URGENTE: PSOL conclama pela unidade de a\u00e7\u00e3o em defesa das v\u00edtimas da enchente no Amap\u00e1 - PSOL 50\",\"isPartOf\":{\"@id\":\"https:\/\/psol50.org.br\/#website\"},\"primaryImageOfPage\":{\"@id\":\"https:\/\/psol50.org.br\/urgente-psol-conclama-pela-unidade-de-acao-em-defesa-das-vitimas-da-enchente-no-amapa\/#primaryimage\"},\"image\":{\"@id\":\"https:\/\/psol50.org.br\/urgente-psol-conclama-pela-unidade-de-acao-em-defesa-das-vitimas-da-enchente-no-amapa\/#primaryimage\"},\"thumbnailUrl\":\"http:\/\/psol50.org.br\/files\/2011\/04\/AmapaPedeSolidariedade1-300x201.jpg\",\"datePublished\":\"2011-04-19T00:00:00+00:00\",\"breadcrumb\":{\"@id\":\"https:\/\/psol50.org.br\/urgente-psol-conclama-pela-unidade-de-acao-em-defesa-das-vitimas-da-enchente-no-amapa\/#breadcrumb\"},\"inLanguage\":\"pt-BR\",\"potentialAction\":[{\"@type\":\"ReadAction\",\"target\":[\"https:\/\/psol50.org.br\/urgente-psol-conclama-pela-unidade-de-acao-em-defesa-das-vitimas-da-enchente-no-amapa\/\"]}]},{\"@type\":\"ImageObject\",\"inLanguage\":\"pt-BR\",\"@id\":\"https:\/\/psol50.org.br\/urgente-psol-conclama-pela-unidade-de-acao-em-defesa-das-vitimas-da-enchente-no-amapa\/#primaryimage\",\"url\":\"http:\/\/psol50.org.br\/files\/2011\/04\/AmapaPedeSolidariedade1-300x201.jpg\",\"contentUrl\":\"http:\/\/psol50.org.br\/files\/2011\/04\/AmapaPedeSolidariedade1-300x201.jpg\"},{\"@type\":\"BreadcrumbList\",\"@id\":\"https:\/\/psol50.org.br\/urgente-psol-conclama-pela-unidade-de-acao-em-defesa-das-vitimas-da-enchente-no-amapa\/#breadcrumb\",\"itemListElement\":[{\"@type\":\"ListItem\",\"position\":1,\"name\":\"In\u00edcio\",\"item\":\"https:\/\/psol50.org.br\/\"},{\"@type\":\"ListItem\",\"position\":2,\"name\":\"URGENTE: PSOL conclama pela unidade de a\u00e7\u00e3o em defesa das v\u00edtimas da enchente no Amap\u00e1\"}]},{\"@type\":\"WebSite\",\"@id\":\"https:\/\/psol50.org.br\/#website\",\"url\":\"https:\/\/psol50.org.br\/\",\"name\":\"PSOL 50\",\"description\":\"Site oficial do Partido Socialismo e Liberdade\",\"publisher\":{\"@id\":\"https:\/\/psol50.org.br\/#organization\"},\"alternateName\":\"PSOL50\",\"potentialAction\":[{\"@type\":\"SearchAction\",\"target\":{\"@type\":\"EntryPoint\",\"urlTemplate\":\"https:\/\/psol50.org.br\/?s={search_term_string}\"},\"query-input\":{\"@type\":\"PropertyValueSpecification\",\"valueRequired\":true,\"valueName\":\"search_term_string\"}}],\"inLanguage\":\"pt-BR\"},{\"@type\":\"Organization\",\"@id\":\"https:\/\/psol50.org.br\/#organization\",\"name\":\"PSOL 50\",\"alternateName\":\"PSOL 50\",\"url\":\"https:\/\/psol50.org.br\/\",\"logo\":{\"@type\":\"ImageObject\",\"inLanguage\":\"pt-BR\",\"@id\":\"https:\/\/psol50.org.br\/#\/schema\/logo\/image\/\",\"url\":\"https:\/\/psol50.org.br\/inc\/uploads\/2018\/07\/capa.png\",\"contentUrl\":\"https:\/\/psol50.org.br\/inc\/uploads\/2018\/07\/capa.png\",\"width\":1350,\"height\":900,\"caption\":\"PSOL 50\"},\"image\":{\"@id\":\"https:\/\/psol50.org.br\/#\/schema\/logo\/image\/\"},\"sameAs\":[\"https:\/\/www.facebook.com\/psol50\",\"https:\/\/x.com\/psol50\",\"https:\/\/www.instagram.com\/psol50\/\",\"https:\/\/www.youtube.com\/channel\/UC7SnJS5o1os7a6CaiNabzcg\"]},{\"@type\":\"Person\",\"@id\":\"https:\/\/psol50.org.br\/#\/schema\/person\/475dfa57d0b815993c714c2e96491fcd\",\"name\":\"Comunica\u00e7\u00e3o PSOL\",\"image\":{\"@type\":\"ImageObject\",\"inLanguage\":\"pt-BR\",\"@id\":\"https:\/\/psol50.org.br\/#\/schema\/person\/image\/\",\"url\":\"https:\/\/secure.gravatar.com\/avatar\/b34fc4f4e468a4e51785917065a3db57b841f5c95dba6ad8c73aaf8f66f8f9bf?s=96&d=mm&r=g\",\"contentUrl\":\"https:\/\/secure.gravatar.com\/avatar\/b34fc4f4e468a4e51785917065a3db57b841f5c95dba6ad8c73aaf8f66f8f9bf?s=96&d=mm&r=g\",\"caption\":\"Comunica\u00e7\u00e3o PSOL\"}}]}<\/script>\n<!-- \/ Yoast SEO plugin. -->","yoast_head_json":{"title":"URGENTE: PSOL conclama pela unidade de a\u00e7\u00e3o em defesa das v\u00edtimas da enchente no Amap\u00e1 - PSOL 50","robots":{"index":"index","follow":"follow","max-snippet":"max-snippet:-1","max-image-preview":"max-image-preview:large","max-video-preview":"max-video-preview:-1"},"canonical":"https:\/\/psol50.org.br\/urgente-psol-conclama-pela-unidade-de-acao-em-defesa-das-vitimas-da-enchente-no-amapa\/","og_locale":"pt_BR","og_type":"article","og_title":"URGENTE: PSOL conclama pela unidade de a\u00e7\u00e3o em defesa das v\u00edtimas da enchente no Amap\u00e1 - PSOL 50","og_description":"NOTA DA SECRETARIA DE INTERIOR DO PARTIDO SOCIALISMO E LIBERDADE O Partido Socialismo e Liberdade, atrav\u00e9s da Secretaria de Interior visitou no \u00faltimo final de semana, os munic\u00edpios de Porto Grande e Ferreira Gomes, que v\u00eam sofrendo com as cheias do dos Rios Amapar\u00ed e Araguar\u00ed. A situa\u00e7\u00e3o na cidade de Porto Grande, apesar de [&hellip;]","og_url":"https:\/\/psol50.org.br\/urgente-psol-conclama-pela-unidade-de-acao-em-defesa-das-vitimas-da-enchente-no-amapa\/","og_site_name":"PSOL 50","article_publisher":"https:\/\/www.facebook.com\/psol50","article_published_time":"2011-04-19T00:00:00+00:00","og_image":[{"url":"http:\/\/psol50.org.br\/files\/2011\/04\/AmapaPedeSolidariedade1-300x201.jpg","type":"","width":"","height":""}],"author":"Comunica\u00e7\u00e3o PSOL","twitter_card":"summary_large_image","twitter_creator":"@psol50","twitter_site":"@psol50","twitter_misc":{"Escrito por":"Comunica\u00e7\u00e3o PSOL","Est. tempo de leitura":"2 minutos"},"schema":{"@context":"https:\/\/schema.org","@graph":[{"@type":"Article","@id":"https:\/\/psol50.org.br\/urgente-psol-conclama-pela-unidade-de-acao-em-defesa-das-vitimas-da-enchente-no-amapa\/#article","isPartOf":{"@id":"https:\/\/psol50.org.br\/urgente-psol-conclama-pela-unidade-de-acao-em-defesa-das-vitimas-da-enchente-no-amapa\/"},"author":{"name":"Comunica\u00e7\u00e3o PSOL","@id":"https:\/\/psol50.org.br\/#\/schema\/person\/475dfa57d0b815993c714c2e96491fcd"},"headline":"URGENTE: PSOL conclama pela unidade de a\u00e7\u00e3o em defesa das v\u00edtimas da enchente no Amap\u00e1","datePublished":"2011-04-19T00:00:00+00:00","mainEntityOfPage":{"@id":"https:\/\/psol50.org.br\/urgente-psol-conclama-pela-unidade-de-acao-em-defesa-das-vitimas-da-enchente-no-amapa\/"},"wordCount":381,"commentCount":0,"publisher":{"@id":"https:\/\/psol50.org.br\/#organization"},"image":{"@id":"https:\/\/psol50.org.br\/urgente-psol-conclama-pela-unidade-de-acao-em-defesa-das-vitimas-da-enchente-no-amapa\/#primaryimage"},"thumbnailUrl":"http:\/\/psol50.org.br\/files\/2011\/04\/AmapaPedeSolidariedade1-300x201.jpg","articleSection":["Arquivo"],"inLanguage":"pt-BR","potentialAction":[{"@type":"CommentAction","name":"Comment","target":["https:\/\/psol50.org.br\/urgente-psol-conclama-pela-unidade-de-acao-em-defesa-das-vitimas-da-enchente-no-amapa\/#respond"]}]},{"@type":"WebPage","@id":"https:\/\/psol50.org.br\/urgente-psol-conclama-pela-unidade-de-acao-em-defesa-das-vitimas-da-enchente-no-amapa\/","url":"https:\/\/psol50.org.br\/urgente-psol-conclama-pela-unidade-de-acao-em-defesa-das-vitimas-da-enchente-no-amapa\/","name":"URGENTE: PSOL conclama pela unidade de a\u00e7\u00e3o em defesa das v\u00edtimas da enchente no Amap\u00e1 - PSOL 50","isPartOf":{"@id":"https:\/\/psol50.org.br\/#website"},"primaryImageOfPage":{"@id":"https:\/\/psol50.org.br\/urgente-psol-conclama-pela-unidade-de-acao-em-defesa-das-vitimas-da-enchente-no-amapa\/#primaryimage"},"image":{"@id":"https:\/\/psol50.org.br\/urgente-psol-conclama-pela-unidade-de-acao-em-defesa-das-vitimas-da-enchente-no-amapa\/#primaryimage"},"thumbnailUrl":"http:\/\/psol50.org.br\/files\/2011\/04\/AmapaPedeSolidariedade1-300x201.jpg","datePublished":"2011-04-19T00:00:00+00:00","breadcrumb":{"@id":"https:\/\/psol50.org.br\/urgente-psol-conclama-pela-unidade-de-acao-em-defesa-das-vitimas-da-enchente-no-amapa\/#breadcrumb"},"inLanguage":"pt-BR","potentialAction":[{"@type":"ReadAction","target":["https:\/\/psol50.org.br\/urgente-psol-conclama-pela-unidade-de-acao-em-defesa-das-vitimas-da-enchente-no-amapa\/"]}]},{"@type":"ImageObject","inLanguage":"pt-BR","@id":"https:\/\/psol50.org.br\/urgente-psol-conclama-pela-unidade-de-acao-em-defesa-das-vitimas-da-enchente-no-amapa\/#primaryimage","url":"http:\/\/psol50.org.br\/files\/2011\/04\/AmapaPedeSolidariedade1-300x201.jpg","contentUrl":"http:\/\/psol50.org.br\/files\/2011\/04\/AmapaPedeSolidariedade1-300x201.jpg"},{"@type":"BreadcrumbList","@id":"https:\/\/psol50.org.br\/urgente-psol-conclama-pela-unidade-de-acao-em-defesa-das-vitimas-da-enchente-no-amapa\/#breadcrumb","itemListElement":[{"@type":"ListItem","position":1,"name":"In\u00edcio","item":"https:\/\/psol50.org.br\/"},{"@type":"ListItem","position":2,"name":"URGENTE: PSOL conclama pela unidade de a\u00e7\u00e3o em defesa das v\u00edtimas da enchente no Amap\u00e1"}]},{"@type":"WebSite","@id":"https:\/\/psol50.org.br\/#website","url":"https:\/\/psol50.org.br\/","name":"PSOL 50","description":"Site oficial do Partido Socialismo e Liberdade","publisher":{"@id":"https:\/\/psol50.org.br\/#organization"},"alternateName":"PSOL50","potentialAction":[{"@type":"SearchAction","target":{"@type":"EntryPoint","urlTemplate":"https:\/\/psol50.org.br\/?s={search_term_string}"},"query-input":{"@type":"PropertyValueSpecification","valueRequired":true,"valueName":"search_term_string"}}],"inLanguage":"pt-BR"},{"@type":"Organization","@id":"https:\/\/psol50.org.br\/#organization","name":"PSOL 50","alternateName":"PSOL 50","url":"https:\/\/psol50.org.br\/","logo":{"@type":"ImageObject","inLanguage":"pt-BR","@id":"https:\/\/psol50.org.br\/#\/schema\/logo\/image\/","url":"https:\/\/psol50.org.br\/inc\/uploads\/2018\/07\/capa.png","contentUrl":"https:\/\/psol50.org.br\/inc\/uploads\/2018\/07\/capa.png","width":1350,"height":900,"caption":"PSOL 50"},"image":{"@id":"https:\/\/psol50.org.br\/#\/schema\/logo\/image\/"},"sameAs":["https:\/\/www.facebook.com\/psol50","https:\/\/x.com\/psol50","https:\/\/www.instagram.com\/psol50\/","https:\/\/www.youtube.com\/channel\/UC7SnJS5o1os7a6CaiNabzcg"]},{"@type":"Person","@id":"https:\/\/psol50.org.br\/#\/schema\/person\/475dfa57d0b815993c714c2e96491fcd","name":"Comunica\u00e7\u00e3o PSOL","image":{"@type":"ImageObject","inLanguage":"pt-BR","@id":"https:\/\/psol50.org.br\/#\/schema\/person\/image\/","url":"https:\/\/secure.gravatar.com\/avatar\/b34fc4f4e468a4e51785917065a3db57b841f5c95dba6ad8c73aaf8f66f8f9bf?s=96&d=mm&r=g","contentUrl":"https:\/\/secure.gravatar.com\/avatar\/b34fc4f4e468a4e51785917065a3db57b841f5c95dba6ad8c73aaf8f66f8f9bf?s=96&d=mm&r=g","caption":"Comunica\u00e7\u00e3o PSOL"}}]}},"_links":{"self":[{"href":"https:\/\/psol50.org.br\/rest\/wp\/v2\/posts\/1529","targetHints":{"allow":["GET"]}}],"collection":[{"href":"https:\/\/psol50.org.br\/rest\/wp\/v2\/posts"}],"about":[{"href":"https:\/\/psol50.org.br\/rest\/wp\/v2\/types\/post"}],"author":[{"embeddable":true,"href":"https:\/\/psol50.org.br\/rest\/wp\/v2\/users\/2"}],"replies":[{"embeddable":true,"href":"https:\/\/psol50.org.br\/rest\/wp\/v2\/comments?post=1529"}],"version-history":[{"count":0,"href":"https:\/\/psol50.org.br\/rest\/wp\/v2\/posts\/1529\/revisions"}],"wp:attachment":[{"href":"https:\/\/psol50.org.br\/rest\/wp\/v2\/media?parent=1529"}],"wp:term":[{"taxonomy":"category","embeddable":true,"href":"https:\/\/psol50.org.br\/rest\/wp\/v2\/categories?post=1529"},{"taxonomy":"post_tag","embeddable":true,"href":"https:\/\/psol50.org.br\/rest\/wp\/v2\/tags?post=1529"}],"curies":[{"name":"wp","href":"https:\/\/api.w.org\/{rel}","templated":true}]}}