{"id":15322,"date":"2017-02-07T10:49:28","date_gmt":"2017-02-07T10:49:28","guid":{"rendered":"http:\/\/www.psol50.org.br\/?p=15322"},"modified":"2017-02-07T10:49:28","modified_gmt":"2017-02-07T10:49:28","slug":"um-tucano-no-stf-temer-indica-alexandre-de-moraes-para-vaga-deixada-por-teori","status":"publish","type":"post","link":"https:\/\/psol50.org.br\/um-tucano-no-stf-temer-indica-alexandre-de-moraes-para-vaga-deixada-por-teori\/","title":{"rendered":"Um tucano no STF: Temer indica Alexandre de Moraes para vaga deixada por Teori"},"content":{"rendered":"<p>Ap\u00f3s v\u00e1rias apostas sobre quem ocuparia a vaga no Supremo Tribunal Federal (STF), deixada por Teori Zavascki, falecido no dia 19 de janeiro, o governo de Michel Temer finalmente confirmou, nesta segunda-feira (06\/02), o nome do ministro da Justi\u00e7a, Alexandre de Moraes, para o cargo vago. Ex-secret\u00e1rio de Seguran\u00e7a P\u00fablica do governo de Geraldo Alckmin, em S\u00e3o Paulo, o futuro membro da mais alta corte do pa\u00eds acumula uma s\u00e9rie de atributos\u00a0que o colocam como uma das figuras pol\u00edticas da atualidade mais conservadoras do pa\u00eds. Do PSDB, Moraes foi advogado da fa\u00e7\u00e3o paulista Primeiro Comando da Capital (PCC) e \u00e9 o respons\u00e1vel pela maior crise vivida pelo sistema carcer\u00e1rio nos \u00faltimos anos.<\/p>\n<p>Durante a indica\u00e7\u00e3o do nome, em coletiva no Pal\u00e1cio do Planalto, o porta-voz da Presid\u00eancia da Rep\u00fablica, Alexandre Parola, explicou que Temer decidiu submeter o nome de Moraes \u00e0 aprova\u00e7\u00e3o do Senado tendo como base o seu curr\u00edculo. &#8220;As s\u00f3lidas credenciais acad\u00eamicas e profissionais do dr. Alexandre de Moraes o qualificam para essa elevada responsabilidade no cargo de ministro da Suprema Corte no Brasil&#8221;, disse o porta-voz. Para assumir a vaga, ele precisa antes ser sabatinado pela Comiss\u00e3o de Constitui\u00e7\u00e3o e Justi\u00e7a (CCJ) do Senado e, depois, aprovado pelos senadores.<\/p>\n<p>Segundo pessoas com acesso aos gabinetes do STF, Moraes foi apoiado pelo ministro Gilmar Mendes, que chegou a trabalhar informalmente pela sua indica\u00e7\u00e3o junto ao presidente.<\/p>\n<p>Se seu nome for aprovado pelo Senado, Moraes deve assumir o acervo de 7,5 mil processos que estavam no gabinete de Teori Zavascki, exceto as a\u00e7\u00f5es da Opera\u00e7\u00e3o Lava Jato. Entre as a\u00e7\u00f5es est\u00e3o pautas como a descriminaliza\u00e7\u00e3o das drogas, a validade de decis\u00f5es judiciais que determinam a entrega de rem\u00e9dios de alto custo para a popula\u00e7\u00e3o e a constitucionalidade da Lei de Responsabilidade Fiscal. Al\u00e9m disso, dever\u00e1 ser o revisor dos processos da Lava Jato no plen\u00e1rio do STF e ocupar\u00e1 a Primeira Turma, composta pelos ministros Lu\u00eds Roberto Barroso, Luiz Fux, Rosa Weber e Marco Aur\u00e9lio.<\/p>\n<p>A posi\u00e7\u00e3o que ocupar\u00e1 no Supremo \u00e9 o que mais preocupa organiza\u00e7\u00f5es sociais, que lutam na defesa dos direitos humanos, e organiza\u00e7\u00f5es de esquerda, como o PSOL. Com a indica\u00e7\u00e3o, Temer colocou no STF um forte aliado de seu governo e tamb\u00e9m de diversos pol\u00edticos tucanos citados nas dela\u00e7\u00f5es da Odebrecht. N\u00e3o \u00e0 toa, seu nome foi festejado por parlamentares do PSDB e de outros partidos do leque de apoio ao Pal\u00e1cio do Planalto.<\/p>\n<p>Desde cedo, logo que\u00a0come\u00e7ou a circular a decis\u00e3o de Temer, o PSOL teceu diversas cr\u00edticas. O deputado Chico Alencar (RJ) disse que a indica\u00e7\u00e3o de Moraes \u00e9 uma \u201cofensa\u201d, pois ele pode vir a atuar na Corte como revisor de processos da Lava Jato. &#8220;Um homem com biografia question\u00e1vel, e que demonstrou a mais absoluta inabilidade na administra\u00e7\u00e3o da recente crise do sistema prisional. Alexandre de Moraes tende a se tornar, pasmem, revisor da opera\u00e7\u00e3o Lava Jato. \u00c9 uma ofensa\u201d.<\/p>\n<p>Destacando a rela\u00e7\u00e3o do novo ministro com a alta c\u00fapula do governo Temer, o l\u00edder do PSOL, Glauber Braga (RJ), ironizou sobre como votariam os senadores A\u00e9cio Neves (PSDB-MG) e Romero Juc\u00e1 (PMDB-RR) durante a sabatina no Senado. Os dois est\u00e3o entre os nomes que teriam se beneficiado com o desvio de dinheiro investigado na Opera\u00e7\u00e3o Lava Jato. \u201cO homem indicado por Temer para o lugar de Teori Zavascki \u00e9 filiado ao PSDB. Alexandre de Moraes ser\u00e1 o revisor da Lava Jato no STF. Quem adivinha como votar\u00e1 Romero Juc\u00e1 e A\u00e9cio Neves quando o candidato a ministro do Supremo for sabatinado no Senado?\u201d.<\/p>\n<p>Para Ivan Valente (SP), a indica\u00e7\u00e3o de Alexandre de Moraes ao STF pode vir a ser um dos legados mais danosos do governo Temer e capaz de impor retrocessos imensos para a democracia no Brasil. \u201cDono de uma biografia que inclui ataques \u00e0 causa ind\u00edgena, aos estudantes e aos direitos humanos, o magistrado \u00e9 ainda porta-voz de posi\u00e7\u00f5es obsoletas em rela\u00e7\u00e3o \u00e0 quest\u00e3o das drogas e um apoiador da retirada de direitos b\u00e1sicos, como o de manifesta\u00e7\u00e3o. Sua indica\u00e7\u00e3o \u00e0 Suprema Corte \u00e9 um risco aos direitos garantidos na Constitui\u00e7\u00e3o de 1988 e o refor\u00e7o de legisla\u00e7\u00f5es conservadoras\u201d. O parlamentar critica ainda a liga\u00e7\u00e3o de Moraes com o PSDB. \u201cAl\u00e9m disso, esta indica\u00e7\u00e3o visa blindar o governo Temer das dela\u00e7\u00f5es da Lava Jato. O fato de Alexandre de Moraes ser filiado ao PSDB comprova a falta de isen\u00e7\u00e3o e equil\u00edbrio da indica\u00e7\u00e3o, justamente no momento em que os tucanos entraram na mira das dela\u00e7\u00f5es da Camargo Correa e da Odebrecht. Trata-se de uma indica\u00e7\u00e3o claramente pol\u00edtica, de vi\u00e9s partid\u00e1rio e com prop\u00f3sitos n\u00e3o republicanos. Um desgaste sem precedente para a imagem do STF, na medida em que amplia sua partidariza\u00e7\u00e3o e corr\u00f3i sua imparcialidade\u201d.<\/p>\n<p>Ivan chama a milit\u00e2ncia do PSOL e toda a sociedade a se unir contra a indica\u00e7\u00e3o de Alexandre de Moraes e pressionar os senadores a votarem contra o candidato.<\/p>\n<p><span style=\"color: #0000ff\"><em><strong>Leia mais: <a style=\"color: #0000ff\" href=\"https:\/\/noticias.uol.com.br\/ultimas-noticias\/agencia-estado\/2017\/02\/06\/tese-de-moraes-impediria-sua-nomeacao-ao-stf.htm\" target=\"_blank\" rel=\"noopener\">Tese de Moraes impediria sua nomea\u00e7\u00e3o no STF<\/a><\/strong><\/em><\/span><\/p>\n","protected":false},"excerpt":{"rendered":"<p>Ap\u00f3s v\u00e1rias apostas sobre quem ocuparia a vaga no Supremo Tribunal Federal (STF), deixada por Teori Zavascki, falecido no dia 19 de janeiro, o governo de Michel Temer finalmente confirmou, nesta segunda-feira (06\/02), o nome do ministro da Justi\u00e7a, Alexandre de Moraes, para o cargo vago. Ex-secret\u00e1rio de Seguran\u00e7a P\u00fablica do governo de Geraldo Alckmin, [&hellip;]<\/p>\n","protected":false},"author":2,"featured_media":15323,"comment_status":"open","ping_status":"open","sticky":false,"template":"","format":"standard","meta":{"_acf_changed":false,"footnotes":""},"categories":[1882,6],"tags":[615,1748,617,1749,1590,45,2817],"class_list":{"0":"post-15322","1":"post","2":"type-post","3":"status-publish","4":"format-standard","5":"has-post-thumbnail","7":"category-brasil","8":"category-noticias","9":"tag-alexandre-de-moraes","10":"tag-michel-temer","11":"tag-ministro","12":"tag-operacao-lava-jato","13":"tag-psdb","14":"tag-stf","15":"tag-teori-zavascki"},"acf":[],"yoast_head":"<!-- This site is optimized with the Yoast SEO plugin v26.5 - https:\/\/yoast.com\/wordpress\/plugins\/seo\/ -->\n<title>Um tucano no STF: Temer indica Alexandre de Moraes para vaga deixada por Teori - PSOL 50<\/title>\n<meta name=\"robots\" content=\"index, follow, max-snippet:-1, max-image-preview:large, max-video-preview:-1\" \/>\n<link rel=\"canonical\" href=\"https:\/\/psol50.org.br\/um-tucano-no-stf-temer-indica-alexandre-de-moraes-para-vaga-deixada-por-teori\/\" \/>\n<meta property=\"og:locale\" content=\"pt_BR\" \/>\n<meta property=\"og:type\" content=\"article\" \/>\n<meta property=\"og:title\" content=\"Um tucano no STF: Temer indica Alexandre de Moraes para vaga deixada por Teori - PSOL 50\" \/>\n<meta property=\"og:description\" content=\"Ap\u00f3s v\u00e1rias apostas sobre quem ocuparia a vaga no Supremo Tribunal Federal (STF), deixada por Teori Zavascki, falecido no dia 19 de janeiro, o governo de Michel Temer finalmente confirmou, nesta segunda-feira (06\/02), o nome do ministro da Justi\u00e7a, Alexandre de Moraes, para o cargo vago. Ex-secret\u00e1rio de Seguran\u00e7a P\u00fablica do governo de Geraldo Alckmin, [&hellip;]\" \/>\n<meta property=\"og:url\" content=\"https:\/\/psol50.org.br\/um-tucano-no-stf-temer-indica-alexandre-de-moraes-para-vaga-deixada-por-teori\/\" \/>\n<meta property=\"og:site_name\" content=\"PSOL 50\" \/>\n<meta property=\"article:publisher\" content=\"https:\/\/www.facebook.com\/psol50\" \/>\n<meta property=\"article:published_time\" content=\"2017-02-07T10:49:28+00:00\" \/>\n<meta property=\"og:image\" content=\"https:\/\/psol50.org.br\/inc\/uploads\/2018\/07\/capa.png\" \/>\n\t<meta property=\"og:image:width\" content=\"1350\" \/>\n\t<meta property=\"og:image:height\" content=\"900\" \/>\n\t<meta property=\"og:image:type\" content=\"image\/png\" \/>\n<meta name=\"author\" content=\"Comunica\u00e7\u00e3o PSOL\" \/>\n<meta name=\"twitter:card\" content=\"summary_large_image\" \/>\n<meta name=\"twitter:creator\" content=\"@psol50\" \/>\n<meta name=\"twitter:site\" content=\"@psol50\" \/>\n<meta name=\"twitter:label1\" content=\"Escrito por\" \/>\n\t<meta name=\"twitter:data1\" content=\"Comunica\u00e7\u00e3o PSOL\" \/>\n\t<meta name=\"twitter:label2\" content=\"Est. tempo de leitura\" \/>\n\t<meta name=\"twitter:data2\" content=\"4 minutos\" \/>\n<script type=\"application\/ld+json\" class=\"yoast-schema-graph\">{\"@context\":\"https:\/\/schema.org\",\"@graph\":[{\"@type\":\"Article\",\"@id\":\"https:\/\/psol50.org.br\/um-tucano-no-stf-temer-indica-alexandre-de-moraes-para-vaga-deixada-por-teori\/#article\",\"isPartOf\":{\"@id\":\"https:\/\/psol50.org.br\/um-tucano-no-stf-temer-indica-alexandre-de-moraes-para-vaga-deixada-por-teori\/\"},\"author\":{\"name\":\"Comunica\u00e7\u00e3o PSOL\",\"@id\":\"https:\/\/psol50.org.br\/#\/schema\/person\/475dfa57d0b815993c714c2e96491fcd\"},\"headline\":\"Um tucano no STF: Temer indica Alexandre de Moraes para vaga deixada por Teori\",\"datePublished\":\"2017-02-07T10:49:28+00:00\",\"mainEntityOfPage\":{\"@id\":\"https:\/\/psol50.org.br\/um-tucano-no-stf-temer-indica-alexandre-de-moraes-para-vaga-deixada-por-teori\/\"},\"wordCount\":908,\"commentCount\":0,\"publisher\":{\"@id\":\"https:\/\/psol50.org.br\/#organization\"},\"image\":{\"@id\":\"https:\/\/psol50.org.br\/um-tucano-no-stf-temer-indica-alexandre-de-moraes-para-vaga-deixada-por-teori\/#primaryimage\"},\"thumbnailUrl\":\"\",\"keywords\":[\"Alexandre de Moraes\",\"Michel Temer\",\"ministro\",\"Opera\u00e7\u00e3o Lava-Jato\",\"PSDB\",\"STF\",\"Teori Zavascki\"],\"articleSection\":[\"Brasil\",\"Not\u00edcias\"],\"inLanguage\":\"pt-BR\",\"potentialAction\":[{\"@type\":\"CommentAction\",\"name\":\"Comment\",\"target\":[\"https:\/\/psol50.org.br\/um-tucano-no-stf-temer-indica-alexandre-de-moraes-para-vaga-deixada-por-teori\/#respond\"]}]},{\"@type\":\"WebPage\",\"@id\":\"https:\/\/psol50.org.br\/um-tucano-no-stf-temer-indica-alexandre-de-moraes-para-vaga-deixada-por-teori\/\",\"url\":\"https:\/\/psol50.org.br\/um-tucano-no-stf-temer-indica-alexandre-de-moraes-para-vaga-deixada-por-teori\/\",\"name\":\"Um tucano no STF: Temer indica Alexandre de Moraes para vaga deixada por Teori - PSOL 50\",\"isPartOf\":{\"@id\":\"https:\/\/psol50.org.br\/#website\"},\"primaryImageOfPage\":{\"@id\":\"https:\/\/psol50.org.br\/um-tucano-no-stf-temer-indica-alexandre-de-moraes-para-vaga-deixada-por-teori\/#primaryimage\"},\"image\":{\"@id\":\"https:\/\/psol50.org.br\/um-tucano-no-stf-temer-indica-alexandre-de-moraes-para-vaga-deixada-por-teori\/#primaryimage\"},\"thumbnailUrl\":\"\",\"datePublished\":\"2017-02-07T10:49:28+00:00\",\"breadcrumb\":{\"@id\":\"https:\/\/psol50.org.br\/um-tucano-no-stf-temer-indica-alexandre-de-moraes-para-vaga-deixada-por-teori\/#breadcrumb\"},\"inLanguage\":\"pt-BR\",\"potentialAction\":[{\"@type\":\"ReadAction\",\"target\":[\"https:\/\/psol50.org.br\/um-tucano-no-stf-temer-indica-alexandre-de-moraes-para-vaga-deixada-por-teori\/\"]}]},{\"@type\":\"ImageObject\",\"inLanguage\":\"pt-BR\",\"@id\":\"https:\/\/psol50.org.br\/um-tucano-no-stf-temer-indica-alexandre-de-moraes-para-vaga-deixada-por-teori\/#primaryimage\",\"url\":\"\",\"contentUrl\":\"\"},{\"@type\":\"BreadcrumbList\",\"@id\":\"https:\/\/psol50.org.br\/um-tucano-no-stf-temer-indica-alexandre-de-moraes-para-vaga-deixada-por-teori\/#breadcrumb\",\"itemListElement\":[{\"@type\":\"ListItem\",\"position\":1,\"name\":\"In\u00edcio\",\"item\":\"https:\/\/psol50.org.br\/\"},{\"@type\":\"ListItem\",\"position\":2,\"name\":\"Um tucano no STF: Temer indica Alexandre de Moraes para vaga deixada por Teori\"}]},{\"@type\":\"WebSite\",\"@id\":\"https:\/\/psol50.org.br\/#website\",\"url\":\"https:\/\/psol50.org.br\/\",\"name\":\"PSOL 50\",\"description\":\"Site oficial do Partido Socialismo e Liberdade\",\"publisher\":{\"@id\":\"https:\/\/psol50.org.br\/#organization\"},\"alternateName\":\"PSOL50\",\"potentialAction\":[{\"@type\":\"SearchAction\",\"target\":{\"@type\":\"EntryPoint\",\"urlTemplate\":\"https:\/\/psol50.org.br\/?s={search_term_string}\"},\"query-input\":{\"@type\":\"PropertyValueSpecification\",\"valueRequired\":true,\"valueName\":\"search_term_string\"}}],\"inLanguage\":\"pt-BR\"},{\"@type\":\"Organization\",\"@id\":\"https:\/\/psol50.org.br\/#organization\",\"name\":\"PSOL 50\",\"alternateName\":\"PSOL 50\",\"url\":\"https:\/\/psol50.org.br\/\",\"logo\":{\"@type\":\"ImageObject\",\"inLanguage\":\"pt-BR\",\"@id\":\"https:\/\/psol50.org.br\/#\/schema\/logo\/image\/\",\"url\":\"https:\/\/psol50.org.br\/inc\/uploads\/2018\/07\/capa.png\",\"contentUrl\":\"https:\/\/psol50.org.br\/inc\/uploads\/2018\/07\/capa.png\",\"width\":1350,\"height\":900,\"caption\":\"PSOL 50\"},\"image\":{\"@id\":\"https:\/\/psol50.org.br\/#\/schema\/logo\/image\/\"},\"sameAs\":[\"https:\/\/www.facebook.com\/psol50\",\"https:\/\/x.com\/psol50\",\"https:\/\/www.instagram.com\/psol50\/\",\"https:\/\/www.youtube.com\/channel\/UC7SnJS5o1os7a6CaiNabzcg\"]},{\"@type\":\"Person\",\"@id\":\"https:\/\/psol50.org.br\/#\/schema\/person\/475dfa57d0b815993c714c2e96491fcd\",\"name\":\"Comunica\u00e7\u00e3o PSOL\",\"image\":{\"@type\":\"ImageObject\",\"inLanguage\":\"pt-BR\",\"@id\":\"https:\/\/psol50.org.br\/#\/schema\/person\/image\/\",\"url\":\"https:\/\/secure.gravatar.com\/avatar\/b34fc4f4e468a4e51785917065a3db57b841f5c95dba6ad8c73aaf8f66f8f9bf?s=96&d=mm&r=g\",\"contentUrl\":\"https:\/\/secure.gravatar.com\/avatar\/b34fc4f4e468a4e51785917065a3db57b841f5c95dba6ad8c73aaf8f66f8f9bf?s=96&d=mm&r=g\",\"caption\":\"Comunica\u00e7\u00e3o PSOL\"}}]}<\/script>\n<!-- \/ Yoast SEO plugin. -->","yoast_head_json":{"title":"Um tucano no STF: Temer indica Alexandre de Moraes para vaga deixada por Teori - PSOL 50","robots":{"index":"index","follow":"follow","max-snippet":"max-snippet:-1","max-image-preview":"max-image-preview:large","max-video-preview":"max-video-preview:-1"},"canonical":"https:\/\/psol50.org.br\/um-tucano-no-stf-temer-indica-alexandre-de-moraes-para-vaga-deixada-por-teori\/","og_locale":"pt_BR","og_type":"article","og_title":"Um tucano no STF: Temer indica Alexandre de Moraes para vaga deixada por Teori - PSOL 50","og_description":"Ap\u00f3s v\u00e1rias apostas sobre quem ocuparia a vaga no Supremo Tribunal Federal (STF), deixada por Teori Zavascki, falecido no dia 19 de janeiro, o governo de Michel Temer finalmente confirmou, nesta segunda-feira (06\/02), o nome do ministro da Justi\u00e7a, Alexandre de Moraes, para o cargo vago. Ex-secret\u00e1rio de Seguran\u00e7a P\u00fablica do governo de Geraldo Alckmin, [&hellip;]","og_url":"https:\/\/psol50.org.br\/um-tucano-no-stf-temer-indica-alexandre-de-moraes-para-vaga-deixada-por-teori\/","og_site_name":"PSOL 50","article_publisher":"https:\/\/www.facebook.com\/psol50","article_published_time":"2017-02-07T10:49:28+00:00","og_image":[{"width":1350,"height":900,"url":"https:\/\/psol50.org.br\/inc\/uploads\/2018\/07\/capa.png","type":"image\/png"}],"author":"Comunica\u00e7\u00e3o PSOL","twitter_card":"summary_large_image","twitter_creator":"@psol50","twitter_site":"@psol50","twitter_misc":{"Escrito por":"Comunica\u00e7\u00e3o PSOL","Est. tempo de leitura":"4 minutos"},"schema":{"@context":"https:\/\/schema.org","@graph":[{"@type":"Article","@id":"https:\/\/psol50.org.br\/um-tucano-no-stf-temer-indica-alexandre-de-moraes-para-vaga-deixada-por-teori\/#article","isPartOf":{"@id":"https:\/\/psol50.org.br\/um-tucano-no-stf-temer-indica-alexandre-de-moraes-para-vaga-deixada-por-teori\/"},"author":{"name":"Comunica\u00e7\u00e3o PSOL","@id":"https:\/\/psol50.org.br\/#\/schema\/person\/475dfa57d0b815993c714c2e96491fcd"},"headline":"Um tucano no STF: Temer indica Alexandre de Moraes para vaga deixada por Teori","datePublished":"2017-02-07T10:49:28+00:00","mainEntityOfPage":{"@id":"https:\/\/psol50.org.br\/um-tucano-no-stf-temer-indica-alexandre-de-moraes-para-vaga-deixada-por-teori\/"},"wordCount":908,"commentCount":0,"publisher":{"@id":"https:\/\/psol50.org.br\/#organization"},"image":{"@id":"https:\/\/psol50.org.br\/um-tucano-no-stf-temer-indica-alexandre-de-moraes-para-vaga-deixada-por-teori\/#primaryimage"},"thumbnailUrl":"","keywords":["Alexandre de Moraes","Michel Temer","ministro","Opera\u00e7\u00e3o Lava-Jato","PSDB","STF","Teori Zavascki"],"articleSection":["Brasil","Not\u00edcias"],"inLanguage":"pt-BR","potentialAction":[{"@type":"CommentAction","name":"Comment","target":["https:\/\/psol50.org.br\/um-tucano-no-stf-temer-indica-alexandre-de-moraes-para-vaga-deixada-por-teori\/#respond"]}]},{"@type":"WebPage","@id":"https:\/\/psol50.org.br\/um-tucano-no-stf-temer-indica-alexandre-de-moraes-para-vaga-deixada-por-teori\/","url":"https:\/\/psol50.org.br\/um-tucano-no-stf-temer-indica-alexandre-de-moraes-para-vaga-deixada-por-teori\/","name":"Um tucano no STF: Temer indica Alexandre de Moraes para vaga deixada por Teori - PSOL 50","isPartOf":{"@id":"https:\/\/psol50.org.br\/#website"},"primaryImageOfPage":{"@id":"https:\/\/psol50.org.br\/um-tucano-no-stf-temer-indica-alexandre-de-moraes-para-vaga-deixada-por-teori\/#primaryimage"},"image":{"@id":"https:\/\/psol50.org.br\/um-tucano-no-stf-temer-indica-alexandre-de-moraes-para-vaga-deixada-por-teori\/#primaryimage"},"thumbnailUrl":"","datePublished":"2017-02-07T10:49:28+00:00","breadcrumb":{"@id":"https:\/\/psol50.org.br\/um-tucano-no-stf-temer-indica-alexandre-de-moraes-para-vaga-deixada-por-teori\/#breadcrumb"},"inLanguage":"pt-BR","potentialAction":[{"@type":"ReadAction","target":["https:\/\/psol50.org.br\/um-tucano-no-stf-temer-indica-alexandre-de-moraes-para-vaga-deixada-por-teori\/"]}]},{"@type":"ImageObject","inLanguage":"pt-BR","@id":"https:\/\/psol50.org.br\/um-tucano-no-stf-temer-indica-alexandre-de-moraes-para-vaga-deixada-por-teori\/#primaryimage","url":"","contentUrl":""},{"@type":"BreadcrumbList","@id":"https:\/\/psol50.org.br\/um-tucano-no-stf-temer-indica-alexandre-de-moraes-para-vaga-deixada-por-teori\/#breadcrumb","itemListElement":[{"@type":"ListItem","position":1,"name":"In\u00edcio","item":"https:\/\/psol50.org.br\/"},{"@type":"ListItem","position":2,"name":"Um tucano no STF: Temer indica Alexandre de Moraes para vaga deixada por Teori"}]},{"@type":"WebSite","@id":"https:\/\/psol50.org.br\/#website","url":"https:\/\/psol50.org.br\/","name":"PSOL 50","description":"Site oficial do Partido Socialismo e Liberdade","publisher":{"@id":"https:\/\/psol50.org.br\/#organization"},"alternateName":"PSOL50","potentialAction":[{"@type":"SearchAction","target":{"@type":"EntryPoint","urlTemplate":"https:\/\/psol50.org.br\/?s={search_term_string}"},"query-input":{"@type":"PropertyValueSpecification","valueRequired":true,"valueName":"search_term_string"}}],"inLanguage":"pt-BR"},{"@type":"Organization","@id":"https:\/\/psol50.org.br\/#organization","name":"PSOL 50","alternateName":"PSOL 50","url":"https:\/\/psol50.org.br\/","logo":{"@type":"ImageObject","inLanguage":"pt-BR","@id":"https:\/\/psol50.org.br\/#\/schema\/logo\/image\/","url":"https:\/\/psol50.org.br\/inc\/uploads\/2018\/07\/capa.png","contentUrl":"https:\/\/psol50.org.br\/inc\/uploads\/2018\/07\/capa.png","width":1350,"height":900,"caption":"PSOL 50"},"image":{"@id":"https:\/\/psol50.org.br\/#\/schema\/logo\/image\/"},"sameAs":["https:\/\/www.facebook.com\/psol50","https:\/\/x.com\/psol50","https:\/\/www.instagram.com\/psol50\/","https:\/\/www.youtube.com\/channel\/UC7SnJS5o1os7a6CaiNabzcg"]},{"@type":"Person","@id":"https:\/\/psol50.org.br\/#\/schema\/person\/475dfa57d0b815993c714c2e96491fcd","name":"Comunica\u00e7\u00e3o PSOL","image":{"@type":"ImageObject","inLanguage":"pt-BR","@id":"https:\/\/psol50.org.br\/#\/schema\/person\/image\/","url":"https:\/\/secure.gravatar.com\/avatar\/b34fc4f4e468a4e51785917065a3db57b841f5c95dba6ad8c73aaf8f66f8f9bf?s=96&d=mm&r=g","contentUrl":"https:\/\/secure.gravatar.com\/avatar\/b34fc4f4e468a4e51785917065a3db57b841f5c95dba6ad8c73aaf8f66f8f9bf?s=96&d=mm&r=g","caption":"Comunica\u00e7\u00e3o PSOL"}}]}},"_links":{"self":[{"href":"https:\/\/psol50.org.br\/rest\/wp\/v2\/posts\/15322","targetHints":{"allow":["GET"]}}],"collection":[{"href":"https:\/\/psol50.org.br\/rest\/wp\/v2\/posts"}],"about":[{"href":"https:\/\/psol50.org.br\/rest\/wp\/v2\/types\/post"}],"author":[{"embeddable":true,"href":"https:\/\/psol50.org.br\/rest\/wp\/v2\/users\/2"}],"replies":[{"embeddable":true,"href":"https:\/\/psol50.org.br\/rest\/wp\/v2\/comments?post=15322"}],"version-history":[{"count":0,"href":"https:\/\/psol50.org.br\/rest\/wp\/v2\/posts\/15322\/revisions"}],"wp:featuredmedia":[{"embeddable":true,"href":"https:\/\/psol50.org.br\/rest\/"}],"wp:attachment":[{"href":"https:\/\/psol50.org.br\/rest\/wp\/v2\/media?parent=15322"}],"wp:term":[{"taxonomy":"category","embeddable":true,"href":"https:\/\/psol50.org.br\/rest\/wp\/v2\/categories?post=15322"},{"taxonomy":"post_tag","embeddable":true,"href":"https:\/\/psol50.org.br\/rest\/wp\/v2\/tags?post=15322"}],"curies":[{"name":"wp","href":"https:\/\/api.w.org\/{rel}","templated":true}]}}