{"id":15326,"date":"2017-02-07T11:15:01","date_gmt":"2017-02-07T11:15:01","guid":{"rendered":"http:\/\/www.psol50.org.br\/?p=15326"},"modified":"2017-02-07T11:15:01","modified_gmt":"2017-02-07T11:15:01","slug":"psol-protocola-na-justica-federal-acao-popular-contra-nomeacao-de-moreira-franco-como-ministro-de-temer","status":"publish","type":"post","link":"https:\/\/psol50.org.br\/psol-protocola-na-justica-federal-acao-popular-contra-nomeacao-de-moreira-franco-como-ministro-de-temer\/","title":{"rendered":"PSOL protocola, na Justi\u00e7a Federal, a\u00e7\u00e3o popular contra nomea\u00e7\u00e3o de Moreira Franco como ministro"},"content":{"rendered":"<p>O PSOL 50 protocolou na tarde desta segunda-feira (06\/02), na Justi\u00e7a Federal, em Bras\u00edlia, a\u00e7\u00e3o popular para anular a nomea\u00e7\u00e3o de Moreira Franco para o cargo de ministro da recriada Secretaria-Geral da Presid\u00eancia da Rep\u00fablica. A indica\u00e7\u00e3o foi feita por Michel Temer na semana passada e provocou muitas rea\u00e7\u00f5es pelo fato de Franco ser um dos citados nas dela\u00e7\u00e3o da Odebrecht, nas investiga\u00e7\u00f5es da opera\u00e7\u00e3o Lava Jato. Seu apelido no esquema \u00e9 \u201cGato angor\u00e1\u201d.<\/p>\n<p>Nesta ter\u00e7a-feira (07), a bancada do PSOL protocolar\u00e1 no Supremo Tribunal Federal (STF) mandado de seguran\u00e7a coletivo no mesmo sentido.<\/p>\n<p>Com a nomea\u00e7\u00e3o feita pelo governo Temer, Moreira passa a ter foro privilegiado. Na avalia\u00e7\u00e3o do PSOL, as 34 cita\u00e7\u00f5es \u00e0 Moreira Franco por ex-executivo da Odebrecht exigem o esclarecimento dos fatos e tornam incompat\u00edvel a altera\u00e7\u00e3o de foro no presente momento.<\/p>\n<p><a href=\"https:\/\/www.facebook.com\/psolnacamara\/posts\/1017775338326697\" target=\"_blank\" rel=\"noopener\"><strong><span style=\"color: #000080\">Confira aqui a \u00edntegra da a\u00e7\u00e3o popular<\/span><\/strong><\/a>.<\/p>\n","protected":false},"excerpt":{"rendered":"<p>O PSOL 50 protocolou na tarde desta segunda-feira (06\/02), na Justi\u00e7a Federal, em Bras\u00edlia, a\u00e7\u00e3o popular para anular a nomea\u00e7\u00e3o de Moreira Franco para o cargo de ministro da recriada Secretaria-Geral da Presid\u00eancia da Rep\u00fablica. A indica\u00e7\u00e3o foi feita por Michel Temer na semana passada e provocou muitas rea\u00e7\u00f5es pelo fato de Franco ser um [&hellip;]<\/p>\n","protected":false},"author":2,"featured_media":15327,"comment_status":"open","ping_status":"open","sticky":false,"template":"","format":"standard","meta":{"_acf_changed":false,"footnotes":""},"categories":[1882,6],"tags":[2865,1748,617,2454,2867,1749],"class_list":{"0":"post-15326","1":"post","2":"type-post","3":"status-publish","4":"format-standard","5":"has-post-thumbnail","7":"category-brasil","8":"category-noticias","9":"tag-delacoes","10":"tag-michel-temer","11":"tag-ministro","12":"tag-moreira-franco","13":"tag-odebrecht","14":"tag-operacao-lava-jato"},"acf":[],"yoast_head":"<!-- This site is optimized with the Yoast SEO plugin v26.5 - https:\/\/yoast.com\/wordpress\/plugins\/seo\/ -->\n<title>PSOL protocola, na Justi\u00e7a Federal, a\u00e7\u00e3o popular contra nomea\u00e7\u00e3o de Moreira Franco como ministro - PSOL 50<\/title>\n<meta name=\"robots\" content=\"index, follow, max-snippet:-1, max-image-preview:large, max-video-preview:-1\" \/>\n<link rel=\"canonical\" href=\"https:\/\/psol50.org.br\/psol-protocola-na-justica-federal-acao-popular-contra-nomeacao-de-moreira-franco-como-ministro-de-temer\/\" \/>\n<meta property=\"og:locale\" content=\"pt_BR\" \/>\n<meta property=\"og:type\" content=\"article\" \/>\n<meta property=\"og:title\" content=\"PSOL protocola, na Justi\u00e7a Federal, a\u00e7\u00e3o popular contra nomea\u00e7\u00e3o de Moreira Franco como ministro - PSOL 50\" \/>\n<meta property=\"og:description\" content=\"O PSOL 50 protocolou na tarde desta segunda-feira (06\/02), na Justi\u00e7a Federal, em Bras\u00edlia, a\u00e7\u00e3o popular para anular a nomea\u00e7\u00e3o de Moreira Franco para o cargo de ministro da recriada Secretaria-Geral da Presid\u00eancia da Rep\u00fablica. A indica\u00e7\u00e3o foi feita por Michel Temer na semana passada e provocou muitas rea\u00e7\u00f5es pelo fato de Franco ser um [&hellip;]\" \/>\n<meta property=\"og:url\" content=\"https:\/\/psol50.org.br\/psol-protocola-na-justica-federal-acao-popular-contra-nomeacao-de-moreira-franco-como-ministro-de-temer\/\" \/>\n<meta property=\"og:site_name\" content=\"PSOL 50\" \/>\n<meta property=\"article:publisher\" content=\"https:\/\/www.facebook.com\/psol50\" \/>\n<meta property=\"article:published_time\" content=\"2017-02-07T11:15:01+00:00\" \/>\n<meta property=\"og:image\" content=\"https:\/\/psol50.org.br\/inc\/uploads\/2018\/07\/capa.png\" \/>\n\t<meta property=\"og:image:width\" content=\"1350\" \/>\n\t<meta property=\"og:image:height\" content=\"900\" \/>\n\t<meta property=\"og:image:type\" content=\"image\/png\" \/>\n<meta name=\"author\" content=\"Comunica\u00e7\u00e3o PSOL\" \/>\n<meta name=\"twitter:card\" content=\"summary_large_image\" \/>\n<meta name=\"twitter:creator\" content=\"@psol50\" \/>\n<meta name=\"twitter:site\" content=\"@psol50\" \/>\n<meta name=\"twitter:label1\" content=\"Escrito por\" \/>\n\t<meta name=\"twitter:data1\" content=\"Comunica\u00e7\u00e3o PSOL\" \/>\n\t<meta name=\"twitter:label2\" content=\"Est. tempo de leitura\" \/>\n\t<meta name=\"twitter:data2\" content=\"1 minuto\" \/>\n<script type=\"application\/ld+json\" class=\"yoast-schema-graph\">{\"@context\":\"https:\/\/schema.org\",\"@graph\":[{\"@type\":\"Article\",\"@id\":\"https:\/\/psol50.org.br\/psol-protocola-na-justica-federal-acao-popular-contra-nomeacao-de-moreira-franco-como-ministro-de-temer\/#article\",\"isPartOf\":{\"@id\":\"https:\/\/psol50.org.br\/psol-protocola-na-justica-federal-acao-popular-contra-nomeacao-de-moreira-franco-como-ministro-de-temer\/\"},\"author\":{\"name\":\"Comunica\u00e7\u00e3o PSOL\",\"@id\":\"https:\/\/psol50.org.br\/#\/schema\/person\/475dfa57d0b815993c714c2e96491fcd\"},\"headline\":\"PSOL protocola, na Justi\u00e7a Federal, a\u00e7\u00e3o popular contra nomea\u00e7\u00e3o de Moreira Franco como ministro\",\"datePublished\":\"2017-02-07T11:15:01+00:00\",\"mainEntityOfPage\":{\"@id\":\"https:\/\/psol50.org.br\/psol-protocola-na-justica-federal-acao-popular-contra-nomeacao-de-moreira-franco-como-ministro-de-temer\/\"},\"wordCount\":173,\"commentCount\":0,\"publisher\":{\"@id\":\"https:\/\/psol50.org.br\/#organization\"},\"image\":{\"@id\":\"https:\/\/psol50.org.br\/psol-protocola-na-justica-federal-acao-popular-contra-nomeacao-de-moreira-franco-como-ministro-de-temer\/#primaryimage\"},\"thumbnailUrl\":\"\",\"keywords\":[\"dela\u00e7\u00f5es\",\"Michel Temer\",\"ministro\",\"Moreira Franco\",\"Odebrecht\",\"Opera\u00e7\u00e3o Lava-Jato\"],\"articleSection\":[\"Brasil\",\"Not\u00edcias\"],\"inLanguage\":\"pt-BR\",\"potentialAction\":[{\"@type\":\"CommentAction\",\"name\":\"Comment\",\"target\":[\"https:\/\/psol50.org.br\/psol-protocola-na-justica-federal-acao-popular-contra-nomeacao-de-moreira-franco-como-ministro-de-temer\/#respond\"]}]},{\"@type\":\"WebPage\",\"@id\":\"https:\/\/psol50.org.br\/psol-protocola-na-justica-federal-acao-popular-contra-nomeacao-de-moreira-franco-como-ministro-de-temer\/\",\"url\":\"https:\/\/psol50.org.br\/psol-protocola-na-justica-federal-acao-popular-contra-nomeacao-de-moreira-franco-como-ministro-de-temer\/\",\"name\":\"PSOL protocola, na Justi\u00e7a Federal, a\u00e7\u00e3o popular contra nomea\u00e7\u00e3o de Moreira Franco como ministro - PSOL 50\",\"isPartOf\":{\"@id\":\"https:\/\/psol50.org.br\/#website\"},\"primaryImageOfPage\":{\"@id\":\"https:\/\/psol50.org.br\/psol-protocola-na-justica-federal-acao-popular-contra-nomeacao-de-moreira-franco-como-ministro-de-temer\/#primaryimage\"},\"image\":{\"@id\":\"https:\/\/psol50.org.br\/psol-protocola-na-justica-federal-acao-popular-contra-nomeacao-de-moreira-franco-como-ministro-de-temer\/#primaryimage\"},\"thumbnailUrl\":\"\",\"datePublished\":\"2017-02-07T11:15:01+00:00\",\"breadcrumb\":{\"@id\":\"https:\/\/psol50.org.br\/psol-protocola-na-justica-federal-acao-popular-contra-nomeacao-de-moreira-franco-como-ministro-de-temer\/#breadcrumb\"},\"inLanguage\":\"pt-BR\",\"potentialAction\":[{\"@type\":\"ReadAction\",\"target\":[\"https:\/\/psol50.org.br\/psol-protocola-na-justica-federal-acao-popular-contra-nomeacao-de-moreira-franco-como-ministro-de-temer\/\"]}]},{\"@type\":\"ImageObject\",\"inLanguage\":\"pt-BR\",\"@id\":\"https:\/\/psol50.org.br\/psol-protocola-na-justica-federal-acao-popular-contra-nomeacao-de-moreira-franco-como-ministro-de-temer\/#primaryimage\",\"url\":\"\",\"contentUrl\":\"\"},{\"@type\":\"BreadcrumbList\",\"@id\":\"https:\/\/psol50.org.br\/psol-protocola-na-justica-federal-acao-popular-contra-nomeacao-de-moreira-franco-como-ministro-de-temer\/#breadcrumb\",\"itemListElement\":[{\"@type\":\"ListItem\",\"position\":1,\"name\":\"In\u00edcio\",\"item\":\"https:\/\/psol50.org.br\/\"},{\"@type\":\"ListItem\",\"position\":2,\"name\":\"PSOL protocola, na Justi\u00e7a Federal, a\u00e7\u00e3o popular contra nomea\u00e7\u00e3o de Moreira Franco como ministro\"}]},{\"@type\":\"WebSite\",\"@id\":\"https:\/\/psol50.org.br\/#website\",\"url\":\"https:\/\/psol50.org.br\/\",\"name\":\"PSOL 50\",\"description\":\"Site oficial do Partido Socialismo e Liberdade\",\"publisher\":{\"@id\":\"https:\/\/psol50.org.br\/#organization\"},\"alternateName\":\"PSOL50\",\"potentialAction\":[{\"@type\":\"SearchAction\",\"target\":{\"@type\":\"EntryPoint\",\"urlTemplate\":\"https:\/\/psol50.org.br\/?s={search_term_string}\"},\"query-input\":{\"@type\":\"PropertyValueSpecification\",\"valueRequired\":true,\"valueName\":\"search_term_string\"}}],\"inLanguage\":\"pt-BR\"},{\"@type\":\"Organization\",\"@id\":\"https:\/\/psol50.org.br\/#organization\",\"name\":\"PSOL 50\",\"alternateName\":\"PSOL 50\",\"url\":\"https:\/\/psol50.org.br\/\",\"logo\":{\"@type\":\"ImageObject\",\"inLanguage\":\"pt-BR\",\"@id\":\"https:\/\/psol50.org.br\/#\/schema\/logo\/image\/\",\"url\":\"https:\/\/psol50.org.br\/inc\/uploads\/2018\/07\/capa.png\",\"contentUrl\":\"https:\/\/psol50.org.br\/inc\/uploads\/2018\/07\/capa.png\",\"width\":1350,\"height\":900,\"caption\":\"PSOL 50\"},\"image\":{\"@id\":\"https:\/\/psol50.org.br\/#\/schema\/logo\/image\/\"},\"sameAs\":[\"https:\/\/www.facebook.com\/psol50\",\"https:\/\/x.com\/psol50\",\"https:\/\/www.instagram.com\/psol50\/\",\"https:\/\/www.youtube.com\/channel\/UC7SnJS5o1os7a6CaiNabzcg\"]},{\"@type\":\"Person\",\"@id\":\"https:\/\/psol50.org.br\/#\/schema\/person\/475dfa57d0b815993c714c2e96491fcd\",\"name\":\"Comunica\u00e7\u00e3o PSOL\",\"image\":{\"@type\":\"ImageObject\",\"inLanguage\":\"pt-BR\",\"@id\":\"https:\/\/psol50.org.br\/#\/schema\/person\/image\/\",\"url\":\"https:\/\/secure.gravatar.com\/avatar\/b34fc4f4e468a4e51785917065a3db57b841f5c95dba6ad8c73aaf8f66f8f9bf?s=96&d=mm&r=g\",\"contentUrl\":\"https:\/\/secure.gravatar.com\/avatar\/b34fc4f4e468a4e51785917065a3db57b841f5c95dba6ad8c73aaf8f66f8f9bf?s=96&d=mm&r=g\",\"caption\":\"Comunica\u00e7\u00e3o PSOL\"}}]}<\/script>\n<!-- \/ Yoast SEO plugin. -->","yoast_head_json":{"title":"PSOL protocola, na Justi\u00e7a Federal, a\u00e7\u00e3o popular contra nomea\u00e7\u00e3o de Moreira Franco como ministro - PSOL 50","robots":{"index":"index","follow":"follow","max-snippet":"max-snippet:-1","max-image-preview":"max-image-preview:large","max-video-preview":"max-video-preview:-1"},"canonical":"https:\/\/psol50.org.br\/psol-protocola-na-justica-federal-acao-popular-contra-nomeacao-de-moreira-franco-como-ministro-de-temer\/","og_locale":"pt_BR","og_type":"article","og_title":"PSOL protocola, na Justi\u00e7a Federal, a\u00e7\u00e3o popular contra nomea\u00e7\u00e3o de Moreira Franco como ministro - PSOL 50","og_description":"O PSOL 50 protocolou na tarde desta segunda-feira (06\/02), na Justi\u00e7a Federal, em Bras\u00edlia, a\u00e7\u00e3o popular para anular a nomea\u00e7\u00e3o de Moreira Franco para o cargo de ministro da recriada Secretaria-Geral da Presid\u00eancia da Rep\u00fablica. A indica\u00e7\u00e3o foi feita por Michel Temer na semana passada e provocou muitas rea\u00e7\u00f5es pelo fato de Franco ser um [&hellip;]","og_url":"https:\/\/psol50.org.br\/psol-protocola-na-justica-federal-acao-popular-contra-nomeacao-de-moreira-franco-como-ministro-de-temer\/","og_site_name":"PSOL 50","article_publisher":"https:\/\/www.facebook.com\/psol50","article_published_time":"2017-02-07T11:15:01+00:00","og_image":[{"width":1350,"height":900,"url":"https:\/\/psol50.org.br\/inc\/uploads\/2018\/07\/capa.png","type":"image\/png"}],"author":"Comunica\u00e7\u00e3o PSOL","twitter_card":"summary_large_image","twitter_creator":"@psol50","twitter_site":"@psol50","twitter_misc":{"Escrito por":"Comunica\u00e7\u00e3o PSOL","Est. tempo de leitura":"1 minuto"},"schema":{"@context":"https:\/\/schema.org","@graph":[{"@type":"Article","@id":"https:\/\/psol50.org.br\/psol-protocola-na-justica-federal-acao-popular-contra-nomeacao-de-moreira-franco-como-ministro-de-temer\/#article","isPartOf":{"@id":"https:\/\/psol50.org.br\/psol-protocola-na-justica-federal-acao-popular-contra-nomeacao-de-moreira-franco-como-ministro-de-temer\/"},"author":{"name":"Comunica\u00e7\u00e3o PSOL","@id":"https:\/\/psol50.org.br\/#\/schema\/person\/475dfa57d0b815993c714c2e96491fcd"},"headline":"PSOL protocola, na Justi\u00e7a Federal, a\u00e7\u00e3o popular contra nomea\u00e7\u00e3o de Moreira Franco como ministro","datePublished":"2017-02-07T11:15:01+00:00","mainEntityOfPage":{"@id":"https:\/\/psol50.org.br\/psol-protocola-na-justica-federal-acao-popular-contra-nomeacao-de-moreira-franco-como-ministro-de-temer\/"},"wordCount":173,"commentCount":0,"publisher":{"@id":"https:\/\/psol50.org.br\/#organization"},"image":{"@id":"https:\/\/psol50.org.br\/psol-protocola-na-justica-federal-acao-popular-contra-nomeacao-de-moreira-franco-como-ministro-de-temer\/#primaryimage"},"thumbnailUrl":"","keywords":["dela\u00e7\u00f5es","Michel Temer","ministro","Moreira Franco","Odebrecht","Opera\u00e7\u00e3o Lava-Jato"],"articleSection":["Brasil","Not\u00edcias"],"inLanguage":"pt-BR","potentialAction":[{"@type":"CommentAction","name":"Comment","target":["https:\/\/psol50.org.br\/psol-protocola-na-justica-federal-acao-popular-contra-nomeacao-de-moreira-franco-como-ministro-de-temer\/#respond"]}]},{"@type":"WebPage","@id":"https:\/\/psol50.org.br\/psol-protocola-na-justica-federal-acao-popular-contra-nomeacao-de-moreira-franco-como-ministro-de-temer\/","url":"https:\/\/psol50.org.br\/psol-protocola-na-justica-federal-acao-popular-contra-nomeacao-de-moreira-franco-como-ministro-de-temer\/","name":"PSOL protocola, na Justi\u00e7a Federal, a\u00e7\u00e3o popular contra nomea\u00e7\u00e3o de Moreira Franco como ministro - PSOL 50","isPartOf":{"@id":"https:\/\/psol50.org.br\/#website"},"primaryImageOfPage":{"@id":"https:\/\/psol50.org.br\/psol-protocola-na-justica-federal-acao-popular-contra-nomeacao-de-moreira-franco-como-ministro-de-temer\/#primaryimage"},"image":{"@id":"https:\/\/psol50.org.br\/psol-protocola-na-justica-federal-acao-popular-contra-nomeacao-de-moreira-franco-como-ministro-de-temer\/#primaryimage"},"thumbnailUrl":"","datePublished":"2017-02-07T11:15:01+00:00","breadcrumb":{"@id":"https:\/\/psol50.org.br\/psol-protocola-na-justica-federal-acao-popular-contra-nomeacao-de-moreira-franco-como-ministro-de-temer\/#breadcrumb"},"inLanguage":"pt-BR","potentialAction":[{"@type":"ReadAction","target":["https:\/\/psol50.org.br\/psol-protocola-na-justica-federal-acao-popular-contra-nomeacao-de-moreira-franco-como-ministro-de-temer\/"]}]},{"@type":"ImageObject","inLanguage":"pt-BR","@id":"https:\/\/psol50.org.br\/psol-protocola-na-justica-federal-acao-popular-contra-nomeacao-de-moreira-franco-como-ministro-de-temer\/#primaryimage","url":"","contentUrl":""},{"@type":"BreadcrumbList","@id":"https:\/\/psol50.org.br\/psol-protocola-na-justica-federal-acao-popular-contra-nomeacao-de-moreira-franco-como-ministro-de-temer\/#breadcrumb","itemListElement":[{"@type":"ListItem","position":1,"name":"In\u00edcio","item":"https:\/\/psol50.org.br\/"},{"@type":"ListItem","position":2,"name":"PSOL protocola, na Justi\u00e7a Federal, a\u00e7\u00e3o popular contra nomea\u00e7\u00e3o de Moreira Franco como ministro"}]},{"@type":"WebSite","@id":"https:\/\/psol50.org.br\/#website","url":"https:\/\/psol50.org.br\/","name":"PSOL 50","description":"Site oficial do Partido Socialismo e Liberdade","publisher":{"@id":"https:\/\/psol50.org.br\/#organization"},"alternateName":"PSOL50","potentialAction":[{"@type":"SearchAction","target":{"@type":"EntryPoint","urlTemplate":"https:\/\/psol50.org.br\/?s={search_term_string}"},"query-input":{"@type":"PropertyValueSpecification","valueRequired":true,"valueName":"search_term_string"}}],"inLanguage":"pt-BR"},{"@type":"Organization","@id":"https:\/\/psol50.org.br\/#organization","name":"PSOL 50","alternateName":"PSOL 50","url":"https:\/\/psol50.org.br\/","logo":{"@type":"ImageObject","inLanguage":"pt-BR","@id":"https:\/\/psol50.org.br\/#\/schema\/logo\/image\/","url":"https:\/\/psol50.org.br\/inc\/uploads\/2018\/07\/capa.png","contentUrl":"https:\/\/psol50.org.br\/inc\/uploads\/2018\/07\/capa.png","width":1350,"height":900,"caption":"PSOL 50"},"image":{"@id":"https:\/\/psol50.org.br\/#\/schema\/logo\/image\/"},"sameAs":["https:\/\/www.facebook.com\/psol50","https:\/\/x.com\/psol50","https:\/\/www.instagram.com\/psol50\/","https:\/\/www.youtube.com\/channel\/UC7SnJS5o1os7a6CaiNabzcg"]},{"@type":"Person","@id":"https:\/\/psol50.org.br\/#\/schema\/person\/475dfa57d0b815993c714c2e96491fcd","name":"Comunica\u00e7\u00e3o PSOL","image":{"@type":"ImageObject","inLanguage":"pt-BR","@id":"https:\/\/psol50.org.br\/#\/schema\/person\/image\/","url":"https:\/\/secure.gravatar.com\/avatar\/b34fc4f4e468a4e51785917065a3db57b841f5c95dba6ad8c73aaf8f66f8f9bf?s=96&d=mm&r=g","contentUrl":"https:\/\/secure.gravatar.com\/avatar\/b34fc4f4e468a4e51785917065a3db57b841f5c95dba6ad8c73aaf8f66f8f9bf?s=96&d=mm&r=g","caption":"Comunica\u00e7\u00e3o PSOL"}}]}},"_links":{"self":[{"href":"https:\/\/psol50.org.br\/rest\/wp\/v2\/posts\/15326","targetHints":{"allow":["GET"]}}],"collection":[{"href":"https:\/\/psol50.org.br\/rest\/wp\/v2\/posts"}],"about":[{"href":"https:\/\/psol50.org.br\/rest\/wp\/v2\/types\/post"}],"author":[{"embeddable":true,"href":"https:\/\/psol50.org.br\/rest\/wp\/v2\/users\/2"}],"replies":[{"embeddable":true,"href":"https:\/\/psol50.org.br\/rest\/wp\/v2\/comments?post=15326"}],"version-history":[{"count":0,"href":"https:\/\/psol50.org.br\/rest\/wp\/v2\/posts\/15326\/revisions"}],"wp:featuredmedia":[{"embeddable":true,"href":"https:\/\/psol50.org.br\/rest\/"}],"wp:attachment":[{"href":"https:\/\/psol50.org.br\/rest\/wp\/v2\/media?parent=15326"}],"wp:term":[{"taxonomy":"category","embeddable":true,"href":"https:\/\/psol50.org.br\/rest\/wp\/v2\/categories?post=15326"},{"taxonomy":"post_tag","embeddable":true,"href":"https:\/\/psol50.org.br\/rest\/wp\/v2\/tags?post=15326"}],"curies":[{"name":"wp","href":"https:\/\/api.w.org\/{rel}","templated":true}]}}