{"id":15340,"date":"2017-02-08T12:45:38","date_gmt":"2017-02-08T12:45:38","guid":{"rendered":"http:\/\/www.psol50.org.br\/?p=15340"},"modified":"2017-02-08T12:45:38","modified_gmt":"2017-02-08T12:45:38","slug":"nota-da-bancada-do-psol-sobre-a-indicacao-de-alexandre-de-moraes-ao-stf","status":"publish","type":"post","link":"https:\/\/psol50.org.br\/nota-da-bancada-do-psol-sobre-a-indicacao-de-alexandre-de-moraes-ao-stf\/","title":{"rendered":"Nota da bancada do PSOL sobre a indica\u00e7\u00e3o de Alexandre de Moraes ao STF"},"content":{"rendered":"<p>O presidente Michel Temer <a href=\"http:\/\/www.psol50.org.br\/blog\/2017\/02\/07\/um-tucano-no-stf-temer-indica-alexandre-de-moraes-para-vaga-deixada-por-teori\/\" target=\"_blank\" rel=\"noopener\"><strong><span style=\"color: #000080\">decidiu indicar ao Supremo Tribunal Federal o atual Ministro da Justi\u00e7a, Alexandre de Moraes<\/span><\/strong><\/a>. A vaga para a Suprema Corte brasileira foi aberta pelo falecimento do ministro Teori Zavascki, no \u00faltimo dia 19 de janeiro. A indica\u00e7\u00e3o n\u00e3o assegura automaticamente a nomea\u00e7\u00e3o de Moraes como ministro do STF. Antes ele dever\u00e1 ser sabatinado e aprovado pelo Senado Federal.<\/p>\n<p>A bancada do PSOL considera inaceit\u00e1vel a indica\u00e7\u00e3o, para o STF, de um ministro que n\u00e3o re\u00fane os requisitos da imparcialidade, da modera\u00e7\u00e3o e da serenidade, que manteve durante os \u00faltimos anos v\u00ednculos com partidos conservadores (DEM, PMDB e PSDB) e que atualmente integra o primeiro escal\u00e3o de um governo cujo presidente, Michel Temer, \u00e9 citado 43 vezes em dela\u00e7\u00e3o premiada da empreiteira Odebrecht. Temos, pois, fortes raz\u00f5es para acreditar que essa indica\u00e7\u00e3o cumpre a fun\u00e7\u00e3o de criar uma \u201cbarreira de conten\u00e7\u00e3o\u201d contra governistas investigados pela Justi\u00e7a, uma vez que Moraes cumprir\u00e1 a fun\u00e7\u00e3o de ministro-revisor dos processos da Opera\u00e7\u00e3o Lava Jato, caso aprovado.<\/p>\n<p>Al\u00e9m disso, sua atua\u00e7\u00e3o como Secret\u00e1rio de Seguran\u00e7a no estado de S\u00e3o Paulo, recorrendo constantemente \u00e0 repress\u00e3o policial contra in\u00fameros protestos pac\u00edficos \u2013 especialmente durante as manifesta\u00e7\u00f5es de junho de 2013 \u2013 denotam completa incompatibilidade com o cargo de ministro do STF.<\/p>\n<p>Por isso, a bancada do PSOL na C\u00e2mara dos Deputados, em conjunto com as demais for\u00e7as democr\u00e1ticas, atuar\u00e1 para impedir a nomea\u00e7\u00e3o de Alexandre de Moraes para o Supremo Tribunal Federal e repudia mais esse insulto de Temer ao Judici\u00e1rio brasileiro.<\/p>\n<p>Bancada do PSOL na C\u00e2mara dos Deputados<br \/>\nBras\u00edlia, 7 de fevereiro de 2017<\/p>\n","protected":false},"excerpt":{"rendered":"<p>O presidente Michel Temer decidiu indicar ao Supremo Tribunal Federal o atual Ministro da Justi\u00e7a, Alexandre de Moraes. A vaga para a Suprema Corte brasileira foi aberta pelo falecimento do ministro Teori Zavascki, no \u00faltimo dia 19 de janeiro. A indica\u00e7\u00e3o n\u00e3o assegura automaticamente a nomea\u00e7\u00e3o de Moraes como ministro do STF. Antes ele dever\u00e1 [&hellip;]<\/p>\n","protected":false},"author":2,"featured_media":15180,"comment_status":"open","ping_status":"open","sticky":false,"template":"","format":"standard","meta":{"_acf_changed":false,"footnotes":""},"categories":[10,1882,6],"tags":[615,2734,1748,597,45,2817],"class_list":{"0":"post-15340","1":"post","2":"type-post","3":"status-publish","4":"format-standard","5":"has-post-thumbnail","7":"category-acao-parlamentares","8":"category-brasil","9":"category-noticias","10":"tag-alexandre-de-moraes","11":"tag-bancada-do-psol","12":"tag-michel-temer","13":"tag-ministro-da-justica","14":"tag-stf","15":"tag-teori-zavascki"},"acf":[],"yoast_head":"<!-- This site is optimized with the Yoast SEO plugin v26.5 - https:\/\/yoast.com\/wordpress\/plugins\/seo\/ -->\n<title>Nota da bancada do PSOL sobre a indica\u00e7\u00e3o de Alexandre de Moraes ao STF - PSOL 50<\/title>\n<meta name=\"robots\" content=\"index, follow, max-snippet:-1, max-image-preview:large, max-video-preview:-1\" \/>\n<link rel=\"canonical\" href=\"https:\/\/psol50.org.br\/nota-da-bancada-do-psol-sobre-a-indicacao-de-alexandre-de-moraes-ao-stf\/\" \/>\n<meta property=\"og:locale\" content=\"pt_BR\" \/>\n<meta property=\"og:type\" content=\"article\" \/>\n<meta property=\"og:title\" content=\"Nota da bancada do PSOL sobre a indica\u00e7\u00e3o de Alexandre de Moraes ao STF - PSOL 50\" \/>\n<meta property=\"og:description\" content=\"O presidente Michel Temer decidiu indicar ao Supremo Tribunal Federal o atual Ministro da Justi\u00e7a, Alexandre de Moraes. A vaga para a Suprema Corte brasileira foi aberta pelo falecimento do ministro Teori Zavascki, no \u00faltimo dia 19 de janeiro. A indica\u00e7\u00e3o n\u00e3o assegura automaticamente a nomea\u00e7\u00e3o de Moraes como ministro do STF. Antes ele dever\u00e1 [&hellip;]\" \/>\n<meta property=\"og:url\" content=\"https:\/\/psol50.org.br\/nota-da-bancada-do-psol-sobre-a-indicacao-de-alexandre-de-moraes-ao-stf\/\" \/>\n<meta property=\"og:site_name\" content=\"PSOL 50\" \/>\n<meta property=\"article:publisher\" content=\"https:\/\/www.facebook.com\/psol50\" \/>\n<meta property=\"article:published_time\" content=\"2017-02-08T12:45:38+00:00\" \/>\n<meta property=\"og:image\" content=\"https:\/\/psol50.org.br\/inc\/uploads\/2018\/07\/capa.png\" \/>\n\t<meta property=\"og:image:width\" content=\"1350\" \/>\n\t<meta property=\"og:image:height\" content=\"900\" \/>\n\t<meta property=\"og:image:type\" content=\"image\/png\" \/>\n<meta name=\"author\" content=\"Comunica\u00e7\u00e3o PSOL\" \/>\n<meta name=\"twitter:card\" content=\"summary_large_image\" \/>\n<meta name=\"twitter:creator\" content=\"@psol50\" \/>\n<meta name=\"twitter:site\" content=\"@psol50\" \/>\n<meta name=\"twitter:label1\" content=\"Escrito por\" \/>\n\t<meta name=\"twitter:data1\" content=\"Comunica\u00e7\u00e3o PSOL\" \/>\n\t<meta name=\"twitter:label2\" content=\"Est. tempo de leitura\" \/>\n\t<meta name=\"twitter:data2\" content=\"1 minuto\" \/>\n<script type=\"application\/ld+json\" class=\"yoast-schema-graph\">{\"@context\":\"https:\/\/schema.org\",\"@graph\":[{\"@type\":\"Article\",\"@id\":\"https:\/\/psol50.org.br\/nota-da-bancada-do-psol-sobre-a-indicacao-de-alexandre-de-moraes-ao-stf\/#article\",\"isPartOf\":{\"@id\":\"https:\/\/psol50.org.br\/nota-da-bancada-do-psol-sobre-a-indicacao-de-alexandre-de-moraes-ao-stf\/\"},\"author\":{\"name\":\"Comunica\u00e7\u00e3o PSOL\",\"@id\":\"https:\/\/psol50.org.br\/#\/schema\/person\/475dfa57d0b815993c714c2e96491fcd\"},\"headline\":\"Nota da bancada do PSOL sobre a indica\u00e7\u00e3o de Alexandre de Moraes ao STF\",\"datePublished\":\"2017-02-08T12:45:38+00:00\",\"mainEntityOfPage\":{\"@id\":\"https:\/\/psol50.org.br\/nota-da-bancada-do-psol-sobre-a-indicacao-de-alexandre-de-moraes-ao-stf\/\"},\"wordCount\":303,\"commentCount\":0,\"publisher\":{\"@id\":\"https:\/\/psol50.org.br\/#organization\"},\"image\":{\"@id\":\"https:\/\/psol50.org.br\/nota-da-bancada-do-psol-sobre-a-indicacao-de-alexandre-de-moraes-ao-stf\/#primaryimage\"},\"thumbnailUrl\":\"\",\"keywords\":[\"Alexandre de Moraes\",\"Bancada do PSOL\",\"Michel Temer\",\"ministro da Justi\u00e7a\",\"STF\",\"Teori Zavascki\"],\"articleSection\":[\"A\u00e7\u00e3o Parlamentar\",\"Brasil\",\"Not\u00edcias\"],\"inLanguage\":\"pt-BR\",\"potentialAction\":[{\"@type\":\"CommentAction\",\"name\":\"Comment\",\"target\":[\"https:\/\/psol50.org.br\/nota-da-bancada-do-psol-sobre-a-indicacao-de-alexandre-de-moraes-ao-stf\/#respond\"]}]},{\"@type\":\"WebPage\",\"@id\":\"https:\/\/psol50.org.br\/nota-da-bancada-do-psol-sobre-a-indicacao-de-alexandre-de-moraes-ao-stf\/\",\"url\":\"https:\/\/psol50.org.br\/nota-da-bancada-do-psol-sobre-a-indicacao-de-alexandre-de-moraes-ao-stf\/\",\"name\":\"Nota da bancada do PSOL sobre a indica\u00e7\u00e3o de Alexandre de Moraes ao STF - PSOL 50\",\"isPartOf\":{\"@id\":\"https:\/\/psol50.org.br\/#website\"},\"primaryImageOfPage\":{\"@id\":\"https:\/\/psol50.org.br\/nota-da-bancada-do-psol-sobre-a-indicacao-de-alexandre-de-moraes-ao-stf\/#primaryimage\"},\"image\":{\"@id\":\"https:\/\/psol50.org.br\/nota-da-bancada-do-psol-sobre-a-indicacao-de-alexandre-de-moraes-ao-stf\/#primaryimage\"},\"thumbnailUrl\":\"\",\"datePublished\":\"2017-02-08T12:45:38+00:00\",\"breadcrumb\":{\"@id\":\"https:\/\/psol50.org.br\/nota-da-bancada-do-psol-sobre-a-indicacao-de-alexandre-de-moraes-ao-stf\/#breadcrumb\"},\"inLanguage\":\"pt-BR\",\"potentialAction\":[{\"@type\":\"ReadAction\",\"target\":[\"https:\/\/psol50.org.br\/nota-da-bancada-do-psol-sobre-a-indicacao-de-alexandre-de-moraes-ao-stf\/\"]}]},{\"@type\":\"ImageObject\",\"inLanguage\":\"pt-BR\",\"@id\":\"https:\/\/psol50.org.br\/nota-da-bancada-do-psol-sobre-a-indicacao-de-alexandre-de-moraes-ao-stf\/#primaryimage\",\"url\":\"\",\"contentUrl\":\"\"},{\"@type\":\"BreadcrumbList\",\"@id\":\"https:\/\/psol50.org.br\/nota-da-bancada-do-psol-sobre-a-indicacao-de-alexandre-de-moraes-ao-stf\/#breadcrumb\",\"itemListElement\":[{\"@type\":\"ListItem\",\"position\":1,\"name\":\"In\u00edcio\",\"item\":\"https:\/\/psol50.org.br\/\"},{\"@type\":\"ListItem\",\"position\":2,\"name\":\"Nota da bancada do PSOL sobre a indica\u00e7\u00e3o de Alexandre de Moraes ao STF\"}]},{\"@type\":\"WebSite\",\"@id\":\"https:\/\/psol50.org.br\/#website\",\"url\":\"https:\/\/psol50.org.br\/\",\"name\":\"PSOL 50\",\"description\":\"Site oficial do Partido Socialismo e Liberdade\",\"publisher\":{\"@id\":\"https:\/\/psol50.org.br\/#organization\"},\"alternateName\":\"PSOL50\",\"potentialAction\":[{\"@type\":\"SearchAction\",\"target\":{\"@type\":\"EntryPoint\",\"urlTemplate\":\"https:\/\/psol50.org.br\/?s={search_term_string}\"},\"query-input\":{\"@type\":\"PropertyValueSpecification\",\"valueRequired\":true,\"valueName\":\"search_term_string\"}}],\"inLanguage\":\"pt-BR\"},{\"@type\":\"Organization\",\"@id\":\"https:\/\/psol50.org.br\/#organization\",\"name\":\"PSOL 50\",\"alternateName\":\"PSOL 50\",\"url\":\"https:\/\/psol50.org.br\/\",\"logo\":{\"@type\":\"ImageObject\",\"inLanguage\":\"pt-BR\",\"@id\":\"https:\/\/psol50.org.br\/#\/schema\/logo\/image\/\",\"url\":\"https:\/\/psol50.org.br\/inc\/uploads\/2018\/07\/capa.png\",\"contentUrl\":\"https:\/\/psol50.org.br\/inc\/uploads\/2018\/07\/capa.png\",\"width\":1350,\"height\":900,\"caption\":\"PSOL 50\"},\"image\":{\"@id\":\"https:\/\/psol50.org.br\/#\/schema\/logo\/image\/\"},\"sameAs\":[\"https:\/\/www.facebook.com\/psol50\",\"https:\/\/x.com\/psol50\",\"https:\/\/www.instagram.com\/psol50\/\",\"https:\/\/www.youtube.com\/channel\/UC7SnJS5o1os7a6CaiNabzcg\"]},{\"@type\":\"Person\",\"@id\":\"https:\/\/psol50.org.br\/#\/schema\/person\/475dfa57d0b815993c714c2e96491fcd\",\"name\":\"Comunica\u00e7\u00e3o PSOL\",\"image\":{\"@type\":\"ImageObject\",\"inLanguage\":\"pt-BR\",\"@id\":\"https:\/\/psol50.org.br\/#\/schema\/person\/image\/\",\"url\":\"https:\/\/secure.gravatar.com\/avatar\/b34fc4f4e468a4e51785917065a3db57b841f5c95dba6ad8c73aaf8f66f8f9bf?s=96&d=mm&r=g\",\"contentUrl\":\"https:\/\/secure.gravatar.com\/avatar\/b34fc4f4e468a4e51785917065a3db57b841f5c95dba6ad8c73aaf8f66f8f9bf?s=96&d=mm&r=g\",\"caption\":\"Comunica\u00e7\u00e3o PSOL\"}}]}<\/script>\n<!-- \/ Yoast SEO plugin. -->","yoast_head_json":{"title":"Nota da bancada do PSOL sobre a indica\u00e7\u00e3o de Alexandre de Moraes ao STF - PSOL 50","robots":{"index":"index","follow":"follow","max-snippet":"max-snippet:-1","max-image-preview":"max-image-preview:large","max-video-preview":"max-video-preview:-1"},"canonical":"https:\/\/psol50.org.br\/nota-da-bancada-do-psol-sobre-a-indicacao-de-alexandre-de-moraes-ao-stf\/","og_locale":"pt_BR","og_type":"article","og_title":"Nota da bancada do PSOL sobre a indica\u00e7\u00e3o de Alexandre de Moraes ao STF - PSOL 50","og_description":"O presidente Michel Temer decidiu indicar ao Supremo Tribunal Federal o atual Ministro da Justi\u00e7a, Alexandre de Moraes. A vaga para a Suprema Corte brasileira foi aberta pelo falecimento do ministro Teori Zavascki, no \u00faltimo dia 19 de janeiro. A indica\u00e7\u00e3o n\u00e3o assegura automaticamente a nomea\u00e7\u00e3o de Moraes como ministro do STF. Antes ele dever\u00e1 [&hellip;]","og_url":"https:\/\/psol50.org.br\/nota-da-bancada-do-psol-sobre-a-indicacao-de-alexandre-de-moraes-ao-stf\/","og_site_name":"PSOL 50","article_publisher":"https:\/\/www.facebook.com\/psol50","article_published_time":"2017-02-08T12:45:38+00:00","og_image":[{"width":1350,"height":900,"url":"https:\/\/psol50.org.br\/inc\/uploads\/2018\/07\/capa.png","type":"image\/png"}],"author":"Comunica\u00e7\u00e3o PSOL","twitter_card":"summary_large_image","twitter_creator":"@psol50","twitter_site":"@psol50","twitter_misc":{"Escrito por":"Comunica\u00e7\u00e3o PSOL","Est. tempo de leitura":"1 minuto"},"schema":{"@context":"https:\/\/schema.org","@graph":[{"@type":"Article","@id":"https:\/\/psol50.org.br\/nota-da-bancada-do-psol-sobre-a-indicacao-de-alexandre-de-moraes-ao-stf\/#article","isPartOf":{"@id":"https:\/\/psol50.org.br\/nota-da-bancada-do-psol-sobre-a-indicacao-de-alexandre-de-moraes-ao-stf\/"},"author":{"name":"Comunica\u00e7\u00e3o PSOL","@id":"https:\/\/psol50.org.br\/#\/schema\/person\/475dfa57d0b815993c714c2e96491fcd"},"headline":"Nota da bancada do PSOL sobre a indica\u00e7\u00e3o de Alexandre de Moraes ao STF","datePublished":"2017-02-08T12:45:38+00:00","mainEntityOfPage":{"@id":"https:\/\/psol50.org.br\/nota-da-bancada-do-psol-sobre-a-indicacao-de-alexandre-de-moraes-ao-stf\/"},"wordCount":303,"commentCount":0,"publisher":{"@id":"https:\/\/psol50.org.br\/#organization"},"image":{"@id":"https:\/\/psol50.org.br\/nota-da-bancada-do-psol-sobre-a-indicacao-de-alexandre-de-moraes-ao-stf\/#primaryimage"},"thumbnailUrl":"","keywords":["Alexandre de Moraes","Bancada do PSOL","Michel Temer","ministro da Justi\u00e7a","STF","Teori Zavascki"],"articleSection":["A\u00e7\u00e3o Parlamentar","Brasil","Not\u00edcias"],"inLanguage":"pt-BR","potentialAction":[{"@type":"CommentAction","name":"Comment","target":["https:\/\/psol50.org.br\/nota-da-bancada-do-psol-sobre-a-indicacao-de-alexandre-de-moraes-ao-stf\/#respond"]}]},{"@type":"WebPage","@id":"https:\/\/psol50.org.br\/nota-da-bancada-do-psol-sobre-a-indicacao-de-alexandre-de-moraes-ao-stf\/","url":"https:\/\/psol50.org.br\/nota-da-bancada-do-psol-sobre-a-indicacao-de-alexandre-de-moraes-ao-stf\/","name":"Nota da bancada do PSOL sobre a indica\u00e7\u00e3o de Alexandre de Moraes ao STF - PSOL 50","isPartOf":{"@id":"https:\/\/psol50.org.br\/#website"},"primaryImageOfPage":{"@id":"https:\/\/psol50.org.br\/nota-da-bancada-do-psol-sobre-a-indicacao-de-alexandre-de-moraes-ao-stf\/#primaryimage"},"image":{"@id":"https:\/\/psol50.org.br\/nota-da-bancada-do-psol-sobre-a-indicacao-de-alexandre-de-moraes-ao-stf\/#primaryimage"},"thumbnailUrl":"","datePublished":"2017-02-08T12:45:38+00:00","breadcrumb":{"@id":"https:\/\/psol50.org.br\/nota-da-bancada-do-psol-sobre-a-indicacao-de-alexandre-de-moraes-ao-stf\/#breadcrumb"},"inLanguage":"pt-BR","potentialAction":[{"@type":"ReadAction","target":["https:\/\/psol50.org.br\/nota-da-bancada-do-psol-sobre-a-indicacao-de-alexandre-de-moraes-ao-stf\/"]}]},{"@type":"ImageObject","inLanguage":"pt-BR","@id":"https:\/\/psol50.org.br\/nota-da-bancada-do-psol-sobre-a-indicacao-de-alexandre-de-moraes-ao-stf\/#primaryimage","url":"","contentUrl":""},{"@type":"BreadcrumbList","@id":"https:\/\/psol50.org.br\/nota-da-bancada-do-psol-sobre-a-indicacao-de-alexandre-de-moraes-ao-stf\/#breadcrumb","itemListElement":[{"@type":"ListItem","position":1,"name":"In\u00edcio","item":"https:\/\/psol50.org.br\/"},{"@type":"ListItem","position":2,"name":"Nota da bancada do PSOL sobre a indica\u00e7\u00e3o de Alexandre de Moraes ao STF"}]},{"@type":"WebSite","@id":"https:\/\/psol50.org.br\/#website","url":"https:\/\/psol50.org.br\/","name":"PSOL 50","description":"Site oficial do Partido Socialismo e Liberdade","publisher":{"@id":"https:\/\/psol50.org.br\/#organization"},"alternateName":"PSOL50","potentialAction":[{"@type":"SearchAction","target":{"@type":"EntryPoint","urlTemplate":"https:\/\/psol50.org.br\/?s={search_term_string}"},"query-input":{"@type":"PropertyValueSpecification","valueRequired":true,"valueName":"search_term_string"}}],"inLanguage":"pt-BR"},{"@type":"Organization","@id":"https:\/\/psol50.org.br\/#organization","name":"PSOL 50","alternateName":"PSOL 50","url":"https:\/\/psol50.org.br\/","logo":{"@type":"ImageObject","inLanguage":"pt-BR","@id":"https:\/\/psol50.org.br\/#\/schema\/logo\/image\/","url":"https:\/\/psol50.org.br\/inc\/uploads\/2018\/07\/capa.png","contentUrl":"https:\/\/psol50.org.br\/inc\/uploads\/2018\/07\/capa.png","width":1350,"height":900,"caption":"PSOL 50"},"image":{"@id":"https:\/\/psol50.org.br\/#\/schema\/logo\/image\/"},"sameAs":["https:\/\/www.facebook.com\/psol50","https:\/\/x.com\/psol50","https:\/\/www.instagram.com\/psol50\/","https:\/\/www.youtube.com\/channel\/UC7SnJS5o1os7a6CaiNabzcg"]},{"@type":"Person","@id":"https:\/\/psol50.org.br\/#\/schema\/person\/475dfa57d0b815993c714c2e96491fcd","name":"Comunica\u00e7\u00e3o PSOL","image":{"@type":"ImageObject","inLanguage":"pt-BR","@id":"https:\/\/psol50.org.br\/#\/schema\/person\/image\/","url":"https:\/\/secure.gravatar.com\/avatar\/b34fc4f4e468a4e51785917065a3db57b841f5c95dba6ad8c73aaf8f66f8f9bf?s=96&d=mm&r=g","contentUrl":"https:\/\/secure.gravatar.com\/avatar\/b34fc4f4e468a4e51785917065a3db57b841f5c95dba6ad8c73aaf8f66f8f9bf?s=96&d=mm&r=g","caption":"Comunica\u00e7\u00e3o PSOL"}}]}},"_links":{"self":[{"href":"https:\/\/psol50.org.br\/rest\/wp\/v2\/posts\/15340","targetHints":{"allow":["GET"]}}],"collection":[{"href":"https:\/\/psol50.org.br\/rest\/wp\/v2\/posts"}],"about":[{"href":"https:\/\/psol50.org.br\/rest\/wp\/v2\/types\/post"}],"author":[{"embeddable":true,"href":"https:\/\/psol50.org.br\/rest\/wp\/v2\/users\/2"}],"replies":[{"embeddable":true,"href":"https:\/\/psol50.org.br\/rest\/wp\/v2\/comments?post=15340"}],"version-history":[{"count":0,"href":"https:\/\/psol50.org.br\/rest\/wp\/v2\/posts\/15340\/revisions"}],"wp:featuredmedia":[{"embeddable":true,"href":"https:\/\/psol50.org.br\/rest\/"}],"wp:attachment":[{"href":"https:\/\/psol50.org.br\/rest\/wp\/v2\/media?parent=15340"}],"wp:term":[{"taxonomy":"category","embeddable":true,"href":"https:\/\/psol50.org.br\/rest\/wp\/v2\/categories?post=15340"},{"taxonomy":"post_tag","embeddable":true,"href":"https:\/\/psol50.org.br\/rest\/wp\/v2\/tags?post=15340"}],"curies":[{"name":"wp","href":"https:\/\/api.w.org\/{rel}","templated":true}]}}