{"id":15342,"date":"2017-02-08T13:32:41","date_gmt":"2017-02-08T13:32:41","guid":{"rendered":"http:\/\/www.psol50.org.br\/?p=15342"},"modified":"2017-02-08T13:32:41","modified_gmt":"2017-02-08T13:32:41","slug":"senado-aprova-mp-que-enfraquece-carater-publico-da-ebc","status":"publish","type":"post","link":"https:\/\/psol50.org.br\/senado-aprova-mp-que-enfraquece-carater-publico-da-ebc\/","title":{"rendered":"Senado aprova MP que enfraquece car\u00e1ter p\u00fablico da EBC"},"content":{"rendered":"<p>O Senado aprovou na noite desta ter\u00e7a-feira (07\/02) a Medida Provis\u00f3ria n\u00ba 744, de 1\u00ba de setembro de 2016, alterando a Lei n\u00ba 11.652, que criou a EBC (Empresa Brasil de Comunica\u00e7\u00e3o) e o projeto de comunica\u00e7\u00e3o p\u00fablica no pa\u00eds.<\/p>\n<p>A MP, umas das primeiras medidas de Michel Temer t\u00e3o logo assumiu o governo, extingue o Conselho Curador da EBC e o mandato de diretor-presidente da empresa, que passa a ser de livre nomea\u00e7\u00e3o pelo presidente da Rep\u00fablica. O Conselho Curador zelava pelos princ\u00edpios e pela autonomia da EBC, impedido inger\u00eancia indevida do governo e do mercado. A inst\u00e2ncia era composta por 22 membros, sendo 15 representantes da sociedade civil \u2013 indicados via consulta popular, quatro do governo federal, um da C\u00e2mara dos Deputados e um do Senado Federal, al\u00e9m de um representante dos trabalhadores da empresa. Ap\u00f3s cr\u00edticas contundentes \u00e0 extin\u00e7\u00e3o do Conselho, o relator da MP na C\u00e2mara, deputado Lasier Martins (PSD-RS), incluiu o Comit\u00ea Editorial e de Programa\u00e7\u00e3o, que ainda n\u00e3o foi regulamentado. O mandato fixo de quatro anos para diretor-presidente, tamb\u00e9m extinto pela MP, impedia a troca do comando da empresa a partir de cada mudan\u00e7a do Executivo.<\/p>\n<p>Bia Barbosa, secret\u00e1ria de Comunica\u00e7\u00e3o do FNDC, explica que esses dois elementos conferiam \u00e0 EBC o car\u00e1ter p\u00fablico. \u201cAl\u00e9m da presid\u00eancia da empresa ficar \u00e0 merc\u00ea do governo de plant\u00e3o, o Conselho de Administra\u00e7\u00e3o ter\u00e1 seus membros indicados pela Presid\u00eancia da Rep\u00fablica, com exce\u00e7\u00e3o do representante dos funcion\u00e1rios, e n\u00e3o se sabe quais s\u00e3o os crit\u00e9rios de preenchimento do Comit\u00ea Editorial e de Programa\u00e7\u00e3o\u201d, afirma. \u201cIsso claramente transforma a EBC numa empresa de comunica\u00e7\u00e3o governamental\u201d, refor\u00e7a Bia.<\/p>\n<p>De acordo com o texto aprovado, o comit\u00ea editorial ter\u00e1 onze membros e a fun\u00e7\u00e3o de deliberar sobre os planos editoriais propostos pela diretoria da EBC e tamb\u00e9m sobre altera\u00e7\u00f5es na linha editorial da programa\u00e7\u00e3o, entre outras medidas. A mat\u00e9ria segue agora para a san\u00e7\u00e3o do presidente.<\/p>\n<p>Na pr\u00e1tica, essa medida d\u00e1 maior poder ao governo para interferir na decis\u00e3o do \u00f3rg\u00e3o e acaba com a sua autonomia na defini\u00e7\u00e3o de produ\u00e7\u00e3o, programa\u00e7\u00e3o e distribui\u00e7\u00e3o de conte\u00fado no sistema p\u00fablico de radiodifus\u00e3o, com car\u00e1ter plural e democr\u00e1tico.<\/p>\n<p><a href=\"http:\/\/www.fndc.org.br\/noticias\/aprovacao-da-mp-744-nao-encerra-luta-em-defesa-da-ebc-924783\/\" target=\"_blank\" rel=\"noopener\"><span style=\"color: #000080\"><strong>Leia mais, no site do FNDC, sobre as inconsist\u00eancias da MP<\/strong><\/span><\/a>.<\/p>\n","protected":false},"excerpt":{"rendered":"<p>O Senado aprovou na noite desta ter\u00e7a-feira (07\/02) a Medida Provis\u00f3ria n\u00ba 744, de 1\u00ba de setembro de 2016, alterando a Lei n\u00ba 11.652, que criou a EBC (Empresa Brasil de Comunica\u00e7\u00e3o) e o projeto de comunica\u00e7\u00e3o p\u00fablica no pa\u00eds. A MP, umas das primeiras medidas de Michel Temer t\u00e3o logo assumiu o governo, extingue [&hellip;]<\/p>\n","protected":false},"author":2,"featured_media":15343,"comment_status":"open","ping_status":"open","sticky":false,"template":"","format":"standard","meta":{"_acf_changed":false,"footnotes":""},"categories":[1882,1104,6],"tags":[2879,730,2880,731,1748,2881],"class_list":{"0":"post-15342","1":"post","2":"type-post","3":"status-publish","4":"format-standard","5":"has-post-thumbnail","7":"category-brasil","8":"category-movimento","9":"category-noticias","10":"tag-comite-editorial","11":"tag-comunicacao-publica","12":"tag-conselho-curador","13":"tag-ebc","14":"tag-michel-temer","15":"tag-mp-744"},"acf":[],"yoast_head":"<!-- This site is optimized with the Yoast SEO plugin v26.5 - https:\/\/yoast.com\/wordpress\/plugins\/seo\/ -->\n<title>Senado aprova MP que enfraquece car\u00e1ter p\u00fablico da EBC - PSOL 50<\/title>\n<meta name=\"robots\" content=\"index, follow, max-snippet:-1, max-image-preview:large, max-video-preview:-1\" \/>\n<link rel=\"canonical\" href=\"https:\/\/psol50.org.br\/senado-aprova-mp-que-enfraquece-carater-publico-da-ebc\/\" \/>\n<meta property=\"og:locale\" content=\"pt_BR\" \/>\n<meta property=\"og:type\" content=\"article\" \/>\n<meta property=\"og:title\" content=\"Senado aprova MP que enfraquece car\u00e1ter p\u00fablico da EBC - PSOL 50\" \/>\n<meta property=\"og:description\" content=\"O Senado aprovou na noite desta ter\u00e7a-feira (07\/02) a Medida Provis\u00f3ria n\u00ba 744, de 1\u00ba de setembro de 2016, alterando a Lei n\u00ba 11.652, que criou a EBC (Empresa Brasil de Comunica\u00e7\u00e3o) e o projeto de comunica\u00e7\u00e3o p\u00fablica no pa\u00eds. A MP, umas das primeiras medidas de Michel Temer t\u00e3o logo assumiu o governo, extingue [&hellip;]\" \/>\n<meta property=\"og:url\" content=\"https:\/\/psol50.org.br\/senado-aprova-mp-que-enfraquece-carater-publico-da-ebc\/\" \/>\n<meta property=\"og:site_name\" content=\"PSOL 50\" \/>\n<meta property=\"article:publisher\" content=\"https:\/\/www.facebook.com\/psol50\" \/>\n<meta property=\"article:published_time\" content=\"2017-02-08T13:32:41+00:00\" \/>\n<meta property=\"og:image\" content=\"https:\/\/psol50.org.br\/inc\/uploads\/2017\/02\/ConselhoCuradorEBC_ABr.jpg\" \/>\n\t<meta property=\"og:image:width\" content=\"700\" \/>\n\t<meta property=\"og:image:height\" content=\"400\" \/>\n\t<meta property=\"og:image:type\" content=\"image\/jpeg\" \/>\n<meta name=\"author\" content=\"Comunica\u00e7\u00e3o PSOL\" \/>\n<meta name=\"twitter:card\" content=\"summary_large_image\" \/>\n<meta name=\"twitter:creator\" content=\"@psol50\" \/>\n<meta name=\"twitter:site\" content=\"@psol50\" \/>\n<meta name=\"twitter:label1\" content=\"Escrito por\" \/>\n\t<meta name=\"twitter:data1\" content=\"Comunica\u00e7\u00e3o PSOL\" \/>\n\t<meta name=\"twitter:label2\" content=\"Est. tempo de leitura\" \/>\n\t<meta name=\"twitter:data2\" content=\"2 minutos\" \/>\n<script type=\"application\/ld+json\" class=\"yoast-schema-graph\">{\"@context\":\"https:\/\/schema.org\",\"@graph\":[{\"@type\":\"Article\",\"@id\":\"https:\/\/psol50.org.br\/senado-aprova-mp-que-enfraquece-carater-publico-da-ebc\/#article\",\"isPartOf\":{\"@id\":\"https:\/\/psol50.org.br\/senado-aprova-mp-que-enfraquece-carater-publico-da-ebc\/\"},\"author\":{\"name\":\"Comunica\u00e7\u00e3o PSOL\",\"@id\":\"https:\/\/psol50.org.br\/#\/schema\/person\/475dfa57d0b815993c714c2e96491fcd\"},\"headline\":\"Senado aprova MP que enfraquece car\u00e1ter p\u00fablico da EBC\",\"datePublished\":\"2017-02-08T13:32:41+00:00\",\"mainEntityOfPage\":{\"@id\":\"https:\/\/psol50.org.br\/senado-aprova-mp-que-enfraquece-carater-publico-da-ebc\/\"},\"wordCount\":426,\"commentCount\":0,\"publisher\":{\"@id\":\"https:\/\/psol50.org.br\/#organization\"},\"image\":{\"@id\":\"https:\/\/psol50.org.br\/senado-aprova-mp-que-enfraquece-carater-publico-da-ebc\/#primaryimage\"},\"thumbnailUrl\":\"https:\/\/psol50.org.br\/inc\/uploads\/2017\/02\/ConselhoCuradorEBC_ABr.jpg\",\"keywords\":[\"comit\u00ea editorial\",\"comunica\u00e7\u00e3o p\u00fablica\",\"Conselho Curador\",\"EBC\",\"Michel Temer\",\"MP 744\"],\"articleSection\":[\"Brasil\",\"Movimento\",\"Not\u00edcias\"],\"inLanguage\":\"pt-BR\",\"potentialAction\":[{\"@type\":\"CommentAction\",\"name\":\"Comment\",\"target\":[\"https:\/\/psol50.org.br\/senado-aprova-mp-que-enfraquece-carater-publico-da-ebc\/#respond\"]}]},{\"@type\":\"WebPage\",\"@id\":\"https:\/\/psol50.org.br\/senado-aprova-mp-que-enfraquece-carater-publico-da-ebc\/\",\"url\":\"https:\/\/psol50.org.br\/senado-aprova-mp-que-enfraquece-carater-publico-da-ebc\/\",\"name\":\"Senado aprova MP que enfraquece car\u00e1ter p\u00fablico da EBC - PSOL 50\",\"isPartOf\":{\"@id\":\"https:\/\/psol50.org.br\/#website\"},\"primaryImageOfPage\":{\"@id\":\"https:\/\/psol50.org.br\/senado-aprova-mp-que-enfraquece-carater-publico-da-ebc\/#primaryimage\"},\"image\":{\"@id\":\"https:\/\/psol50.org.br\/senado-aprova-mp-que-enfraquece-carater-publico-da-ebc\/#primaryimage\"},\"thumbnailUrl\":\"https:\/\/psol50.org.br\/inc\/uploads\/2017\/02\/ConselhoCuradorEBC_ABr.jpg\",\"datePublished\":\"2017-02-08T13:32:41+00:00\",\"breadcrumb\":{\"@id\":\"https:\/\/psol50.org.br\/senado-aprova-mp-que-enfraquece-carater-publico-da-ebc\/#breadcrumb\"},\"inLanguage\":\"pt-BR\",\"potentialAction\":[{\"@type\":\"ReadAction\",\"target\":[\"https:\/\/psol50.org.br\/senado-aprova-mp-que-enfraquece-carater-publico-da-ebc\/\"]}]},{\"@type\":\"ImageObject\",\"inLanguage\":\"pt-BR\",\"@id\":\"https:\/\/psol50.org.br\/senado-aprova-mp-que-enfraquece-carater-publico-da-ebc\/#primaryimage\",\"url\":\"https:\/\/psol50.org.br\/inc\/uploads\/2017\/02\/ConselhoCuradorEBC_ABr.jpg\",\"contentUrl\":\"https:\/\/psol50.org.br\/inc\/uploads\/2017\/02\/ConselhoCuradorEBC_ABr.jpg\",\"width\":700,\"height\":400},{\"@type\":\"BreadcrumbList\",\"@id\":\"https:\/\/psol50.org.br\/senado-aprova-mp-que-enfraquece-carater-publico-da-ebc\/#breadcrumb\",\"itemListElement\":[{\"@type\":\"ListItem\",\"position\":1,\"name\":\"In\u00edcio\",\"item\":\"https:\/\/psol50.org.br\/\"},{\"@type\":\"ListItem\",\"position\":2,\"name\":\"Senado aprova MP que enfraquece car\u00e1ter p\u00fablico da EBC\"}]},{\"@type\":\"WebSite\",\"@id\":\"https:\/\/psol50.org.br\/#website\",\"url\":\"https:\/\/psol50.org.br\/\",\"name\":\"PSOL 50\",\"description\":\"Site oficial do Partido Socialismo e Liberdade\",\"publisher\":{\"@id\":\"https:\/\/psol50.org.br\/#organization\"},\"alternateName\":\"PSOL50\",\"potentialAction\":[{\"@type\":\"SearchAction\",\"target\":{\"@type\":\"EntryPoint\",\"urlTemplate\":\"https:\/\/psol50.org.br\/?s={search_term_string}\"},\"query-input\":{\"@type\":\"PropertyValueSpecification\",\"valueRequired\":true,\"valueName\":\"search_term_string\"}}],\"inLanguage\":\"pt-BR\"},{\"@type\":\"Organization\",\"@id\":\"https:\/\/psol50.org.br\/#organization\",\"name\":\"PSOL 50\",\"alternateName\":\"PSOL 50\",\"url\":\"https:\/\/psol50.org.br\/\",\"logo\":{\"@type\":\"ImageObject\",\"inLanguage\":\"pt-BR\",\"@id\":\"https:\/\/psol50.org.br\/#\/schema\/logo\/image\/\",\"url\":\"https:\/\/psol50.org.br\/inc\/uploads\/2018\/07\/capa.png\",\"contentUrl\":\"https:\/\/psol50.org.br\/inc\/uploads\/2018\/07\/capa.png\",\"width\":1350,\"height\":900,\"caption\":\"PSOL 50\"},\"image\":{\"@id\":\"https:\/\/psol50.org.br\/#\/schema\/logo\/image\/\"},\"sameAs\":[\"https:\/\/www.facebook.com\/psol50\",\"https:\/\/x.com\/psol50\",\"https:\/\/www.instagram.com\/psol50\/\",\"https:\/\/www.youtube.com\/channel\/UC7SnJS5o1os7a6CaiNabzcg\"]},{\"@type\":\"Person\",\"@id\":\"https:\/\/psol50.org.br\/#\/schema\/person\/475dfa57d0b815993c714c2e96491fcd\",\"name\":\"Comunica\u00e7\u00e3o PSOL\",\"image\":{\"@type\":\"ImageObject\",\"inLanguage\":\"pt-BR\",\"@id\":\"https:\/\/psol50.org.br\/#\/schema\/person\/image\/\",\"url\":\"https:\/\/secure.gravatar.com\/avatar\/b34fc4f4e468a4e51785917065a3db57b841f5c95dba6ad8c73aaf8f66f8f9bf?s=96&d=mm&r=g\",\"contentUrl\":\"https:\/\/secure.gravatar.com\/avatar\/b34fc4f4e468a4e51785917065a3db57b841f5c95dba6ad8c73aaf8f66f8f9bf?s=96&d=mm&r=g\",\"caption\":\"Comunica\u00e7\u00e3o PSOL\"}}]}<\/script>\n<!-- \/ Yoast SEO plugin. -->","yoast_head_json":{"title":"Senado aprova MP que enfraquece car\u00e1ter p\u00fablico da EBC - PSOL 50","robots":{"index":"index","follow":"follow","max-snippet":"max-snippet:-1","max-image-preview":"max-image-preview:large","max-video-preview":"max-video-preview:-1"},"canonical":"https:\/\/psol50.org.br\/senado-aprova-mp-que-enfraquece-carater-publico-da-ebc\/","og_locale":"pt_BR","og_type":"article","og_title":"Senado aprova MP que enfraquece car\u00e1ter p\u00fablico da EBC - PSOL 50","og_description":"O Senado aprovou na noite desta ter\u00e7a-feira (07\/02) a Medida Provis\u00f3ria n\u00ba 744, de 1\u00ba de setembro de 2016, alterando a Lei n\u00ba 11.652, que criou a EBC (Empresa Brasil de Comunica\u00e7\u00e3o) e o projeto de comunica\u00e7\u00e3o p\u00fablica no pa\u00eds. A MP, umas das primeiras medidas de Michel Temer t\u00e3o logo assumiu o governo, extingue [&hellip;]","og_url":"https:\/\/psol50.org.br\/senado-aprova-mp-que-enfraquece-carater-publico-da-ebc\/","og_site_name":"PSOL 50","article_publisher":"https:\/\/www.facebook.com\/psol50","article_published_time":"2017-02-08T13:32:41+00:00","og_image":[{"width":700,"height":400,"url":"https:\/\/psol50.org.br\/inc\/uploads\/2017\/02\/ConselhoCuradorEBC_ABr.jpg","type":"image\/jpeg"}],"author":"Comunica\u00e7\u00e3o PSOL","twitter_card":"summary_large_image","twitter_creator":"@psol50","twitter_site":"@psol50","twitter_misc":{"Escrito por":"Comunica\u00e7\u00e3o PSOL","Est. tempo de leitura":"2 minutos"},"schema":{"@context":"https:\/\/schema.org","@graph":[{"@type":"Article","@id":"https:\/\/psol50.org.br\/senado-aprova-mp-que-enfraquece-carater-publico-da-ebc\/#article","isPartOf":{"@id":"https:\/\/psol50.org.br\/senado-aprova-mp-que-enfraquece-carater-publico-da-ebc\/"},"author":{"name":"Comunica\u00e7\u00e3o PSOL","@id":"https:\/\/psol50.org.br\/#\/schema\/person\/475dfa57d0b815993c714c2e96491fcd"},"headline":"Senado aprova MP que enfraquece car\u00e1ter p\u00fablico da EBC","datePublished":"2017-02-08T13:32:41+00:00","mainEntityOfPage":{"@id":"https:\/\/psol50.org.br\/senado-aprova-mp-que-enfraquece-carater-publico-da-ebc\/"},"wordCount":426,"commentCount":0,"publisher":{"@id":"https:\/\/psol50.org.br\/#organization"},"image":{"@id":"https:\/\/psol50.org.br\/senado-aprova-mp-que-enfraquece-carater-publico-da-ebc\/#primaryimage"},"thumbnailUrl":"https:\/\/psol50.org.br\/inc\/uploads\/2017\/02\/ConselhoCuradorEBC_ABr.jpg","keywords":["comit\u00ea editorial","comunica\u00e7\u00e3o p\u00fablica","Conselho Curador","EBC","Michel Temer","MP 744"],"articleSection":["Brasil","Movimento","Not\u00edcias"],"inLanguage":"pt-BR","potentialAction":[{"@type":"CommentAction","name":"Comment","target":["https:\/\/psol50.org.br\/senado-aprova-mp-que-enfraquece-carater-publico-da-ebc\/#respond"]}]},{"@type":"WebPage","@id":"https:\/\/psol50.org.br\/senado-aprova-mp-que-enfraquece-carater-publico-da-ebc\/","url":"https:\/\/psol50.org.br\/senado-aprova-mp-que-enfraquece-carater-publico-da-ebc\/","name":"Senado aprova MP que enfraquece car\u00e1ter p\u00fablico da EBC - PSOL 50","isPartOf":{"@id":"https:\/\/psol50.org.br\/#website"},"primaryImageOfPage":{"@id":"https:\/\/psol50.org.br\/senado-aprova-mp-que-enfraquece-carater-publico-da-ebc\/#primaryimage"},"image":{"@id":"https:\/\/psol50.org.br\/senado-aprova-mp-que-enfraquece-carater-publico-da-ebc\/#primaryimage"},"thumbnailUrl":"https:\/\/psol50.org.br\/inc\/uploads\/2017\/02\/ConselhoCuradorEBC_ABr.jpg","datePublished":"2017-02-08T13:32:41+00:00","breadcrumb":{"@id":"https:\/\/psol50.org.br\/senado-aprova-mp-que-enfraquece-carater-publico-da-ebc\/#breadcrumb"},"inLanguage":"pt-BR","potentialAction":[{"@type":"ReadAction","target":["https:\/\/psol50.org.br\/senado-aprova-mp-que-enfraquece-carater-publico-da-ebc\/"]}]},{"@type":"ImageObject","inLanguage":"pt-BR","@id":"https:\/\/psol50.org.br\/senado-aprova-mp-que-enfraquece-carater-publico-da-ebc\/#primaryimage","url":"https:\/\/psol50.org.br\/inc\/uploads\/2017\/02\/ConselhoCuradorEBC_ABr.jpg","contentUrl":"https:\/\/psol50.org.br\/inc\/uploads\/2017\/02\/ConselhoCuradorEBC_ABr.jpg","width":700,"height":400},{"@type":"BreadcrumbList","@id":"https:\/\/psol50.org.br\/senado-aprova-mp-que-enfraquece-carater-publico-da-ebc\/#breadcrumb","itemListElement":[{"@type":"ListItem","position":1,"name":"In\u00edcio","item":"https:\/\/psol50.org.br\/"},{"@type":"ListItem","position":2,"name":"Senado aprova MP que enfraquece car\u00e1ter p\u00fablico da EBC"}]},{"@type":"WebSite","@id":"https:\/\/psol50.org.br\/#website","url":"https:\/\/psol50.org.br\/","name":"PSOL 50","description":"Site oficial do Partido Socialismo e Liberdade","publisher":{"@id":"https:\/\/psol50.org.br\/#organization"},"alternateName":"PSOL50","potentialAction":[{"@type":"SearchAction","target":{"@type":"EntryPoint","urlTemplate":"https:\/\/psol50.org.br\/?s={search_term_string}"},"query-input":{"@type":"PropertyValueSpecification","valueRequired":true,"valueName":"search_term_string"}}],"inLanguage":"pt-BR"},{"@type":"Organization","@id":"https:\/\/psol50.org.br\/#organization","name":"PSOL 50","alternateName":"PSOL 50","url":"https:\/\/psol50.org.br\/","logo":{"@type":"ImageObject","inLanguage":"pt-BR","@id":"https:\/\/psol50.org.br\/#\/schema\/logo\/image\/","url":"https:\/\/psol50.org.br\/inc\/uploads\/2018\/07\/capa.png","contentUrl":"https:\/\/psol50.org.br\/inc\/uploads\/2018\/07\/capa.png","width":1350,"height":900,"caption":"PSOL 50"},"image":{"@id":"https:\/\/psol50.org.br\/#\/schema\/logo\/image\/"},"sameAs":["https:\/\/www.facebook.com\/psol50","https:\/\/x.com\/psol50","https:\/\/www.instagram.com\/psol50\/","https:\/\/www.youtube.com\/channel\/UC7SnJS5o1os7a6CaiNabzcg"]},{"@type":"Person","@id":"https:\/\/psol50.org.br\/#\/schema\/person\/475dfa57d0b815993c714c2e96491fcd","name":"Comunica\u00e7\u00e3o PSOL","image":{"@type":"ImageObject","inLanguage":"pt-BR","@id":"https:\/\/psol50.org.br\/#\/schema\/person\/image\/","url":"https:\/\/secure.gravatar.com\/avatar\/b34fc4f4e468a4e51785917065a3db57b841f5c95dba6ad8c73aaf8f66f8f9bf?s=96&d=mm&r=g","contentUrl":"https:\/\/secure.gravatar.com\/avatar\/b34fc4f4e468a4e51785917065a3db57b841f5c95dba6ad8c73aaf8f66f8f9bf?s=96&d=mm&r=g","caption":"Comunica\u00e7\u00e3o PSOL"}}]}},"_links":{"self":[{"href":"https:\/\/psol50.org.br\/rest\/wp\/v2\/posts\/15342","targetHints":{"allow":["GET"]}}],"collection":[{"href":"https:\/\/psol50.org.br\/rest\/wp\/v2\/posts"}],"about":[{"href":"https:\/\/psol50.org.br\/rest\/wp\/v2\/types\/post"}],"author":[{"embeddable":true,"href":"https:\/\/psol50.org.br\/rest\/wp\/v2\/users\/2"}],"replies":[{"embeddable":true,"href":"https:\/\/psol50.org.br\/rest\/wp\/v2\/comments?post=15342"}],"version-history":[{"count":0,"href":"https:\/\/psol50.org.br\/rest\/wp\/v2\/posts\/15342\/revisions"}],"wp:featuredmedia":[{"embeddable":true,"href":"https:\/\/psol50.org.br\/rest\/wp\/v2\/media\/15343"}],"wp:attachment":[{"href":"https:\/\/psol50.org.br\/rest\/wp\/v2\/media?parent=15342"}],"wp:term":[{"taxonomy":"category","embeddable":true,"href":"https:\/\/psol50.org.br\/rest\/wp\/v2\/categories?post=15342"},{"taxonomy":"post_tag","embeddable":true,"href":"https:\/\/psol50.org.br\/rest\/wp\/v2\/tags?post=15342"}],"curies":[{"name":"wp","href":"https:\/\/api.w.org\/{rel}","templated":true}]}}