{"id":15348,"date":"2017-02-09T12:39:10","date_gmt":"2017-02-09T12:39:10","guid":{"rendered":"http:\/\/www.psol50.org.br\/?p=15348"},"modified":"2017-02-09T12:39:10","modified_gmt":"2017-02-09T12:39:10","slug":"tre-decide-pela-cassacao-de-pezao-e-dornelles-apos-julgar-acao-impetrada-pelo-psol-rj","status":"publish","type":"post","link":"https:\/\/psol50.org.br\/tre-decide-pela-cassacao-de-pezao-e-dornelles-apos-julgar-acao-impetrada-pelo-psol-rj\/","title":{"rendered":"TRE decide pela cassa\u00e7\u00e3o de Pez\u00e3o e Dornelles, ap\u00f3s julgar a\u00e7\u00e3o impetrada pelo PSOL-RJ"},"content":{"rendered":"<p>O TRE do Rio cassou nesta quarta-feira (09\/02) o mandato da chapa do governador Luiz Fernando Pez\u00e3o e do vice Francisco Dornelles por abuso de poder econ\u00f4mico. Por tr\u00eas votos a dois, o tribunal considerou os argumentos do Minist\u00e9rio P\u00fablico Eleitoral. A decis\u00e3o foi em cima de a\u00e7\u00e3o impetrada pelo <a href=\"http:\/\/psolrj.org.br\/\" target=\"_blank\" rel=\"noopener\"><span style=\"color: #0000ff\"><strong>PSOL-RJ<\/strong><\/span><\/a>.<\/p>\n<p>A a\u00e7\u00e3o trata da produ\u00e7\u00e3o de material irregular de campanha, sem presta\u00e7\u00e3o de contas, em 2014. Segundo a Procuradoria Regional Eleitoral no Rio de Janeiro, foram omitidos gastos de mais de R$ 10 milh\u00f5es na campanha. Al\u00e9m disso, a procuradoria registrou que\u00a0algumas gr\u00e1ficas que produziram material de campanha receberam isen\u00e7\u00f5es quase equivalentes aos valores das doa\u00e7\u00f5es.<\/p>\n<p><strong>Entenda o caso<br \/>\n<\/strong>Em 2014, o deputado estadual Marcelo Freixo \u2013 l\u00edder do PSOL na Assembleia Legislativa do Rio de Janeiro (Alerj) \u2013 ajuizou uma A\u00e7\u00e3o de Investiga\u00e7\u00e3o Judicial Eleitoral (AIJE) contra o governador\u00a0Luiz Fernando de Souza Pez\u00e3o (PMDB), o vice-governador Francisco Dornelles (PP), a coliga\u00e7\u00e3o \u201cO Rio em 1\u00ba Lugar\u201d e o PMDB, por abuso de poder econ\u00f4mico.<\/p>\n<p>A a\u00e7\u00e3o tem o intuito de denunciar a rela\u00e7\u00e3o direta entre a celebra\u00e7\u00e3o de contratos p\u00fablicos e a imediata doa\u00e7\u00e3o de campanha. O comparativo foi realizado entre as doa\u00e7\u00f5es de campanha nas contas de Pez\u00e3o, do Comit\u00ea Financeiro \u00danico do PMDB\/RJ e da Dire\u00e7\u00e3o Estadual do PMDB\/RJ.<\/p>\n<p><strong>Dos doadores<br \/>\n<\/strong>Conforme mencionado, o Comit\u00ea Financeiro \u00danico do PMDB\/RJ recebeu um total de\u00a0R$14.889.000,00\u00a0(catorze milh\u00f5es e oitocentos e oitenta e nove mil reais), da seguinte forma:<\/p>\n<p><img loading=\"lazy\" decoding=\"async\" class=\"aligncenter wp-image-15349 size-full\" src=\"http:\/\/www.psol50.org.br\/2017teste\/inc\/uploads\/2017\/02\/quadro1.jpg\" width=\"592\" height=\"377\" \/><\/p>\n<p>O investigado Luiz Fernando Pez\u00e3o, por sua vez, recebeu doa\u00e7\u00f5es no total de\u00a0R$5.795.690,0<strong>0<\/strong>\u00a0(cinco milh\u00f5es e setecentos e noventa e cinco mil e seiscentos e noventa reais), sendo:<\/p>\n<p><img loading=\"lazy\" decoding=\"async\" class=\"aligncenter wp-image-15350 size-full\" src=\"http:\/\/www.psol50.org.br\/2017teste\/inc\/uploads\/2017\/02\/quadro2.jpg\" width=\"595\" height=\"132\" srcset=\"https:\/\/psol50.org.br\/inc\/uploads\/2017\/02\/quadro2.jpg 595w, https:\/\/psol50.org.br\/inc\/uploads\/2017\/02\/quadro2-300x67.jpg 300w, https:\/\/psol50.org.br\/inc\/uploads\/2017\/02\/quadro2-150x33.jpg 150w\" sizes=\"auto, (max-width: 595px) 100vw, 595px\" \/><br \/>\nV\u00ea-se, portanto, que apenas a t\u00edtulo de apura\u00e7\u00e3o inicial, a Justi\u00e7a Eleitoral j\u00e1 adiantou que a referida empresa estava, no momento da opera\u00e7\u00e3o, de posse de documentos fiscais que apontavam o\u00a0recebimento de R$900.000,00 (novecentos mil reais) tendo como emitente a Secretaria Estadual da Casa Civil, e, no mesmo endere\u00e7o, produzia material como se ela (\u201cHigh Level Signs\u201d) fosse diversas outras pessoas jur\u00eddicas visivelmente interpostas. Dentre as raz\u00f5es sociais utilizadas foram enumeradas:<\/p>\n<p><img loading=\"lazy\" decoding=\"async\" class=\"aligncenter wp-image-15351 size-full\" src=\"http:\/\/www.psol50.org.br\/2017teste\/inc\/uploads\/2017\/02\/quadro3.jpg\" width=\"591\" height=\"315\" srcset=\"https:\/\/psol50.org.br\/inc\/uploads\/2017\/02\/quadro3.jpg 591w, https:\/\/psol50.org.br\/inc\/uploads\/2017\/02\/quadro3-300x160.jpg 300w, https:\/\/psol50.org.br\/inc\/uploads\/2017\/02\/quadro3-150x80.jpg 150w\" sizes=\"auto, (max-width: 591px) 100vw, 591px\" \/><\/p>\n<p>&nbsp;<\/p>\n<p><strong>Pedidos<br \/>\n<\/strong>O PSOL-RJ requereu a cassa\u00e7\u00e3o dos registros de candidaturas dos investigados, a declara\u00e7\u00e3o da inelegibilidade de Pez\u00e3o e Dornelles por oito anos, por abuso de poder econ\u00f4mico.<\/p>\n<p><strong>Decis\u00e3o<br \/>\n<\/strong>Por tr\u00eas votos a dois, os r\u00e9us foram cassados e ficar\u00e3o ineleg\u00edveis por oito anos. Segundo a decis\u00e3o, dever\u00e3o ocorrer novas elei\u00e7\u00f5es diretas. O prazo para publica\u00e7\u00e3o do ac\u00f3rd\u00e3o \u00e9 de tr\u00eas dias. Os r\u00e9us t\u00eam tamb\u00e9m tr\u00eas dias para apresentarem recurso ao TSE, ap\u00f3s a publica\u00e7\u00e3o do ac\u00f3rd\u00e3o. O recurso tem efeito suspensivo.<\/p>\n<p><em>Fonte: PSOL-RJ<\/em><\/p>\n<p>&nbsp;<\/p>\n","protected":false},"excerpt":{"rendered":"<p>O TRE do Rio cassou nesta quarta-feira (09\/02) o mandato da chapa do governador Luiz Fernando Pez\u00e3o e do vice Francisco Dornelles por abuso de poder econ\u00f4mico. Por tr\u00eas votos a dois, o tribunal considerou os argumentos do Minist\u00e9rio P\u00fablico Eleitoral. A decis\u00e3o foi em cima de a\u00e7\u00e3o impetrada pelo PSOL-RJ. A a\u00e7\u00e3o trata da [&hellip;]<\/p>\n","protected":false},"author":2,"featured_media":15352,"comment_status":"open","ping_status":"open","sticky":false,"template":"","format":"standard","meta":{"_acf_changed":false,"footnotes":""},"categories":[654,6,14],"tags":[2885,2886,2240,161,2152,2334,2887],"class_list":{"0":"post-15348","1":"post","2":"type-post","3":"status-publish","4":"format-standard","5":"has-post-thumbnail","7":"category-estados","8":"category-noticias","9":"category-partido","10":"tag-abuso-de-poder-economico","11":"tag-francisco-dornelles","12":"tag-luiz-fernando-pezao","13":"tag-marcelo-freixo","14":"tag-pmdb","15":"tag-psol-rj","16":"tag-tre-rj"},"acf":[],"yoast_head":"<!-- This site is optimized with the Yoast SEO plugin v26.5 - https:\/\/yoast.com\/wordpress\/plugins\/seo\/ -->\n<title>TRE decide pela cassa\u00e7\u00e3o de Pez\u00e3o e Dornelles, ap\u00f3s julgar a\u00e7\u00e3o impetrada pelo PSOL-RJ - PSOL 50<\/title>\n<meta name=\"robots\" content=\"index, follow, max-snippet:-1, max-image-preview:large, max-video-preview:-1\" \/>\n<link rel=\"canonical\" href=\"https:\/\/psol50.org.br\/tre-decide-pela-cassacao-de-pezao-e-dornelles-apos-julgar-acao-impetrada-pelo-psol-rj\/\" \/>\n<meta property=\"og:locale\" content=\"pt_BR\" \/>\n<meta property=\"og:type\" content=\"article\" \/>\n<meta property=\"og:title\" content=\"TRE decide pela cassa\u00e7\u00e3o de Pez\u00e3o e Dornelles, ap\u00f3s julgar a\u00e7\u00e3o impetrada pelo PSOL-RJ - PSOL 50\" \/>\n<meta property=\"og:description\" content=\"O TRE do Rio cassou nesta quarta-feira (09\/02) o mandato da chapa do governador Luiz Fernando Pez\u00e3o e do vice Francisco Dornelles por abuso de poder econ\u00f4mico. Por tr\u00eas votos a dois, o tribunal considerou os argumentos do Minist\u00e9rio P\u00fablico Eleitoral. A decis\u00e3o foi em cima de a\u00e7\u00e3o impetrada pelo PSOL-RJ. A a\u00e7\u00e3o trata da [&hellip;]\" \/>\n<meta property=\"og:url\" content=\"https:\/\/psol50.org.br\/tre-decide-pela-cassacao-de-pezao-e-dornelles-apos-julgar-acao-impetrada-pelo-psol-rj\/\" \/>\n<meta property=\"og:site_name\" content=\"PSOL 50\" \/>\n<meta property=\"article:publisher\" content=\"https:\/\/www.facebook.com\/psol50\" \/>\n<meta property=\"article:published_time\" content=\"2017-02-09T12:39:10+00:00\" \/>\n<meta property=\"og:image\" content=\"https:\/\/psol50.org.br\/inc\/uploads\/2018\/07\/capa.png\" \/>\n\t<meta property=\"og:image:width\" content=\"1350\" \/>\n\t<meta property=\"og:image:height\" content=\"900\" \/>\n\t<meta property=\"og:image:type\" content=\"image\/png\" \/>\n<meta name=\"author\" content=\"Comunica\u00e7\u00e3o PSOL\" \/>\n<meta name=\"twitter:card\" content=\"summary_large_image\" \/>\n<meta name=\"twitter:creator\" content=\"@psol50\" \/>\n<meta name=\"twitter:site\" content=\"@psol50\" \/>\n<meta name=\"twitter:label1\" content=\"Escrito por\" \/>\n\t<meta name=\"twitter:data1\" content=\"Comunica\u00e7\u00e3o PSOL\" \/>\n\t<meta name=\"twitter:label2\" content=\"Est. tempo de leitura\" \/>\n\t<meta name=\"twitter:data2\" content=\"2 minutos\" \/>\n<script type=\"application\/ld+json\" class=\"yoast-schema-graph\">{\"@context\":\"https:\/\/schema.org\",\"@graph\":[{\"@type\":\"Article\",\"@id\":\"https:\/\/psol50.org.br\/tre-decide-pela-cassacao-de-pezao-e-dornelles-apos-julgar-acao-impetrada-pelo-psol-rj\/#article\",\"isPartOf\":{\"@id\":\"https:\/\/psol50.org.br\/tre-decide-pela-cassacao-de-pezao-e-dornelles-apos-julgar-acao-impetrada-pelo-psol-rj\/\"},\"author\":{\"name\":\"Comunica\u00e7\u00e3o PSOL\",\"@id\":\"https:\/\/psol50.org.br\/#\/schema\/person\/475dfa57d0b815993c714c2e96491fcd\"},\"headline\":\"TRE decide pela cassa\u00e7\u00e3o de Pez\u00e3o e Dornelles, ap\u00f3s julgar a\u00e7\u00e3o impetrada pelo PSOL-RJ\",\"datePublished\":\"2017-02-09T12:39:10+00:00\",\"mainEntityOfPage\":{\"@id\":\"https:\/\/psol50.org.br\/tre-decide-pela-cassacao-de-pezao-e-dornelles-apos-julgar-acao-impetrada-pelo-psol-rj\/\"},\"wordCount\":509,\"commentCount\":0,\"publisher\":{\"@id\":\"https:\/\/psol50.org.br\/#organization\"},\"image\":{\"@id\":\"https:\/\/psol50.org.br\/tre-decide-pela-cassacao-de-pezao-e-dornelles-apos-julgar-acao-impetrada-pelo-psol-rj\/#primaryimage\"},\"thumbnailUrl\":\"\",\"keywords\":[\"abuso de poder econ\u00f4mico\",\"Francisco Dornelles\",\"Luiz Fernando Pez\u00e3o\",\"Marcelo Freixo\",\"PMDB\",\"PSOL-RJ\",\"TRE-RJ\"],\"articleSection\":[\"Estados\",\"Not\u00edcias\",\"Partido\"],\"inLanguage\":\"pt-BR\",\"potentialAction\":[{\"@type\":\"CommentAction\",\"name\":\"Comment\",\"target\":[\"https:\/\/psol50.org.br\/tre-decide-pela-cassacao-de-pezao-e-dornelles-apos-julgar-acao-impetrada-pelo-psol-rj\/#respond\"]}]},{\"@type\":\"WebPage\",\"@id\":\"https:\/\/psol50.org.br\/tre-decide-pela-cassacao-de-pezao-e-dornelles-apos-julgar-acao-impetrada-pelo-psol-rj\/\",\"url\":\"https:\/\/psol50.org.br\/tre-decide-pela-cassacao-de-pezao-e-dornelles-apos-julgar-acao-impetrada-pelo-psol-rj\/\",\"name\":\"TRE decide pela cassa\u00e7\u00e3o de Pez\u00e3o e Dornelles, ap\u00f3s julgar a\u00e7\u00e3o impetrada pelo PSOL-RJ - PSOL 50\",\"isPartOf\":{\"@id\":\"https:\/\/psol50.org.br\/#website\"},\"primaryImageOfPage\":{\"@id\":\"https:\/\/psol50.org.br\/tre-decide-pela-cassacao-de-pezao-e-dornelles-apos-julgar-acao-impetrada-pelo-psol-rj\/#primaryimage\"},\"image\":{\"@id\":\"https:\/\/psol50.org.br\/tre-decide-pela-cassacao-de-pezao-e-dornelles-apos-julgar-acao-impetrada-pelo-psol-rj\/#primaryimage\"},\"thumbnailUrl\":\"\",\"datePublished\":\"2017-02-09T12:39:10+00:00\",\"breadcrumb\":{\"@id\":\"https:\/\/psol50.org.br\/tre-decide-pela-cassacao-de-pezao-e-dornelles-apos-julgar-acao-impetrada-pelo-psol-rj\/#breadcrumb\"},\"inLanguage\":\"pt-BR\",\"potentialAction\":[{\"@type\":\"ReadAction\",\"target\":[\"https:\/\/psol50.org.br\/tre-decide-pela-cassacao-de-pezao-e-dornelles-apos-julgar-acao-impetrada-pelo-psol-rj\/\"]}]},{\"@type\":\"ImageObject\",\"inLanguage\":\"pt-BR\",\"@id\":\"https:\/\/psol50.org.br\/tre-decide-pela-cassacao-de-pezao-e-dornelles-apos-julgar-acao-impetrada-pelo-psol-rj\/#primaryimage\",\"url\":\"\",\"contentUrl\":\"\"},{\"@type\":\"BreadcrumbList\",\"@id\":\"https:\/\/psol50.org.br\/tre-decide-pela-cassacao-de-pezao-e-dornelles-apos-julgar-acao-impetrada-pelo-psol-rj\/#breadcrumb\",\"itemListElement\":[{\"@type\":\"ListItem\",\"position\":1,\"name\":\"In\u00edcio\",\"item\":\"https:\/\/psol50.org.br\/\"},{\"@type\":\"ListItem\",\"position\":2,\"name\":\"TRE decide pela cassa\u00e7\u00e3o de Pez\u00e3o e Dornelles, ap\u00f3s julgar a\u00e7\u00e3o impetrada pelo PSOL-RJ\"}]},{\"@type\":\"WebSite\",\"@id\":\"https:\/\/psol50.org.br\/#website\",\"url\":\"https:\/\/psol50.org.br\/\",\"name\":\"PSOL 50\",\"description\":\"Site oficial do Partido Socialismo e Liberdade\",\"publisher\":{\"@id\":\"https:\/\/psol50.org.br\/#organization\"},\"alternateName\":\"PSOL50\",\"potentialAction\":[{\"@type\":\"SearchAction\",\"target\":{\"@type\":\"EntryPoint\",\"urlTemplate\":\"https:\/\/psol50.org.br\/?s={search_term_string}\"},\"query-input\":{\"@type\":\"PropertyValueSpecification\",\"valueRequired\":true,\"valueName\":\"search_term_string\"}}],\"inLanguage\":\"pt-BR\"},{\"@type\":\"Organization\",\"@id\":\"https:\/\/psol50.org.br\/#organization\",\"name\":\"PSOL 50\",\"alternateName\":\"PSOL 50\",\"url\":\"https:\/\/psol50.org.br\/\",\"logo\":{\"@type\":\"ImageObject\",\"inLanguage\":\"pt-BR\",\"@id\":\"https:\/\/psol50.org.br\/#\/schema\/logo\/image\/\",\"url\":\"https:\/\/psol50.org.br\/inc\/uploads\/2018\/07\/capa.png\",\"contentUrl\":\"https:\/\/psol50.org.br\/inc\/uploads\/2018\/07\/capa.png\",\"width\":1350,\"height\":900,\"caption\":\"PSOL 50\"},\"image\":{\"@id\":\"https:\/\/psol50.org.br\/#\/schema\/logo\/image\/\"},\"sameAs\":[\"https:\/\/www.facebook.com\/psol50\",\"https:\/\/x.com\/psol50\",\"https:\/\/www.instagram.com\/psol50\/\",\"https:\/\/www.youtube.com\/channel\/UC7SnJS5o1os7a6CaiNabzcg\"]},{\"@type\":\"Person\",\"@id\":\"https:\/\/psol50.org.br\/#\/schema\/person\/475dfa57d0b815993c714c2e96491fcd\",\"name\":\"Comunica\u00e7\u00e3o PSOL\",\"image\":{\"@type\":\"ImageObject\",\"inLanguage\":\"pt-BR\",\"@id\":\"https:\/\/psol50.org.br\/#\/schema\/person\/image\/\",\"url\":\"https:\/\/secure.gravatar.com\/avatar\/b34fc4f4e468a4e51785917065a3db57b841f5c95dba6ad8c73aaf8f66f8f9bf?s=96&d=mm&r=g\",\"contentUrl\":\"https:\/\/secure.gravatar.com\/avatar\/b34fc4f4e468a4e51785917065a3db57b841f5c95dba6ad8c73aaf8f66f8f9bf?s=96&d=mm&r=g\",\"caption\":\"Comunica\u00e7\u00e3o PSOL\"}}]}<\/script>\n<!-- \/ Yoast SEO plugin. -->","yoast_head_json":{"title":"TRE decide pela cassa\u00e7\u00e3o de Pez\u00e3o e Dornelles, ap\u00f3s julgar a\u00e7\u00e3o impetrada pelo PSOL-RJ - PSOL 50","robots":{"index":"index","follow":"follow","max-snippet":"max-snippet:-1","max-image-preview":"max-image-preview:large","max-video-preview":"max-video-preview:-1"},"canonical":"https:\/\/psol50.org.br\/tre-decide-pela-cassacao-de-pezao-e-dornelles-apos-julgar-acao-impetrada-pelo-psol-rj\/","og_locale":"pt_BR","og_type":"article","og_title":"TRE decide pela cassa\u00e7\u00e3o de Pez\u00e3o e Dornelles, ap\u00f3s julgar a\u00e7\u00e3o impetrada pelo PSOL-RJ - PSOL 50","og_description":"O TRE do Rio cassou nesta quarta-feira (09\/02) o mandato da chapa do governador Luiz Fernando Pez\u00e3o e do vice Francisco Dornelles por abuso de poder econ\u00f4mico. Por tr\u00eas votos a dois, o tribunal considerou os argumentos do Minist\u00e9rio P\u00fablico Eleitoral. A decis\u00e3o foi em cima de a\u00e7\u00e3o impetrada pelo PSOL-RJ. A a\u00e7\u00e3o trata da [&hellip;]","og_url":"https:\/\/psol50.org.br\/tre-decide-pela-cassacao-de-pezao-e-dornelles-apos-julgar-acao-impetrada-pelo-psol-rj\/","og_site_name":"PSOL 50","article_publisher":"https:\/\/www.facebook.com\/psol50","article_published_time":"2017-02-09T12:39:10+00:00","og_image":[{"width":1350,"height":900,"url":"https:\/\/psol50.org.br\/inc\/uploads\/2018\/07\/capa.png","type":"image\/png"}],"author":"Comunica\u00e7\u00e3o PSOL","twitter_card":"summary_large_image","twitter_creator":"@psol50","twitter_site":"@psol50","twitter_misc":{"Escrito por":"Comunica\u00e7\u00e3o PSOL","Est. tempo de leitura":"2 minutos"},"schema":{"@context":"https:\/\/schema.org","@graph":[{"@type":"Article","@id":"https:\/\/psol50.org.br\/tre-decide-pela-cassacao-de-pezao-e-dornelles-apos-julgar-acao-impetrada-pelo-psol-rj\/#article","isPartOf":{"@id":"https:\/\/psol50.org.br\/tre-decide-pela-cassacao-de-pezao-e-dornelles-apos-julgar-acao-impetrada-pelo-psol-rj\/"},"author":{"name":"Comunica\u00e7\u00e3o PSOL","@id":"https:\/\/psol50.org.br\/#\/schema\/person\/475dfa57d0b815993c714c2e96491fcd"},"headline":"TRE decide pela cassa\u00e7\u00e3o de Pez\u00e3o e Dornelles, ap\u00f3s julgar a\u00e7\u00e3o impetrada pelo PSOL-RJ","datePublished":"2017-02-09T12:39:10+00:00","mainEntityOfPage":{"@id":"https:\/\/psol50.org.br\/tre-decide-pela-cassacao-de-pezao-e-dornelles-apos-julgar-acao-impetrada-pelo-psol-rj\/"},"wordCount":509,"commentCount":0,"publisher":{"@id":"https:\/\/psol50.org.br\/#organization"},"image":{"@id":"https:\/\/psol50.org.br\/tre-decide-pela-cassacao-de-pezao-e-dornelles-apos-julgar-acao-impetrada-pelo-psol-rj\/#primaryimage"},"thumbnailUrl":"","keywords":["abuso de poder econ\u00f4mico","Francisco Dornelles","Luiz Fernando Pez\u00e3o","Marcelo Freixo","PMDB","PSOL-RJ","TRE-RJ"],"articleSection":["Estados","Not\u00edcias","Partido"],"inLanguage":"pt-BR","potentialAction":[{"@type":"CommentAction","name":"Comment","target":["https:\/\/psol50.org.br\/tre-decide-pela-cassacao-de-pezao-e-dornelles-apos-julgar-acao-impetrada-pelo-psol-rj\/#respond"]}]},{"@type":"WebPage","@id":"https:\/\/psol50.org.br\/tre-decide-pela-cassacao-de-pezao-e-dornelles-apos-julgar-acao-impetrada-pelo-psol-rj\/","url":"https:\/\/psol50.org.br\/tre-decide-pela-cassacao-de-pezao-e-dornelles-apos-julgar-acao-impetrada-pelo-psol-rj\/","name":"TRE decide pela cassa\u00e7\u00e3o de Pez\u00e3o e Dornelles, ap\u00f3s julgar a\u00e7\u00e3o impetrada pelo PSOL-RJ - PSOL 50","isPartOf":{"@id":"https:\/\/psol50.org.br\/#website"},"primaryImageOfPage":{"@id":"https:\/\/psol50.org.br\/tre-decide-pela-cassacao-de-pezao-e-dornelles-apos-julgar-acao-impetrada-pelo-psol-rj\/#primaryimage"},"image":{"@id":"https:\/\/psol50.org.br\/tre-decide-pela-cassacao-de-pezao-e-dornelles-apos-julgar-acao-impetrada-pelo-psol-rj\/#primaryimage"},"thumbnailUrl":"","datePublished":"2017-02-09T12:39:10+00:00","breadcrumb":{"@id":"https:\/\/psol50.org.br\/tre-decide-pela-cassacao-de-pezao-e-dornelles-apos-julgar-acao-impetrada-pelo-psol-rj\/#breadcrumb"},"inLanguage":"pt-BR","potentialAction":[{"@type":"ReadAction","target":["https:\/\/psol50.org.br\/tre-decide-pela-cassacao-de-pezao-e-dornelles-apos-julgar-acao-impetrada-pelo-psol-rj\/"]}]},{"@type":"ImageObject","inLanguage":"pt-BR","@id":"https:\/\/psol50.org.br\/tre-decide-pela-cassacao-de-pezao-e-dornelles-apos-julgar-acao-impetrada-pelo-psol-rj\/#primaryimage","url":"","contentUrl":""},{"@type":"BreadcrumbList","@id":"https:\/\/psol50.org.br\/tre-decide-pela-cassacao-de-pezao-e-dornelles-apos-julgar-acao-impetrada-pelo-psol-rj\/#breadcrumb","itemListElement":[{"@type":"ListItem","position":1,"name":"In\u00edcio","item":"https:\/\/psol50.org.br\/"},{"@type":"ListItem","position":2,"name":"TRE decide pela cassa\u00e7\u00e3o de Pez\u00e3o e Dornelles, ap\u00f3s julgar a\u00e7\u00e3o impetrada pelo PSOL-RJ"}]},{"@type":"WebSite","@id":"https:\/\/psol50.org.br\/#website","url":"https:\/\/psol50.org.br\/","name":"PSOL 50","description":"Site oficial do Partido Socialismo e Liberdade","publisher":{"@id":"https:\/\/psol50.org.br\/#organization"},"alternateName":"PSOL50","potentialAction":[{"@type":"SearchAction","target":{"@type":"EntryPoint","urlTemplate":"https:\/\/psol50.org.br\/?s={search_term_string}"},"query-input":{"@type":"PropertyValueSpecification","valueRequired":true,"valueName":"search_term_string"}}],"inLanguage":"pt-BR"},{"@type":"Organization","@id":"https:\/\/psol50.org.br\/#organization","name":"PSOL 50","alternateName":"PSOL 50","url":"https:\/\/psol50.org.br\/","logo":{"@type":"ImageObject","inLanguage":"pt-BR","@id":"https:\/\/psol50.org.br\/#\/schema\/logo\/image\/","url":"https:\/\/psol50.org.br\/inc\/uploads\/2018\/07\/capa.png","contentUrl":"https:\/\/psol50.org.br\/inc\/uploads\/2018\/07\/capa.png","width":1350,"height":900,"caption":"PSOL 50"},"image":{"@id":"https:\/\/psol50.org.br\/#\/schema\/logo\/image\/"},"sameAs":["https:\/\/www.facebook.com\/psol50","https:\/\/x.com\/psol50","https:\/\/www.instagram.com\/psol50\/","https:\/\/www.youtube.com\/channel\/UC7SnJS5o1os7a6CaiNabzcg"]},{"@type":"Person","@id":"https:\/\/psol50.org.br\/#\/schema\/person\/475dfa57d0b815993c714c2e96491fcd","name":"Comunica\u00e7\u00e3o PSOL","image":{"@type":"ImageObject","inLanguage":"pt-BR","@id":"https:\/\/psol50.org.br\/#\/schema\/person\/image\/","url":"https:\/\/secure.gravatar.com\/avatar\/b34fc4f4e468a4e51785917065a3db57b841f5c95dba6ad8c73aaf8f66f8f9bf?s=96&d=mm&r=g","contentUrl":"https:\/\/secure.gravatar.com\/avatar\/b34fc4f4e468a4e51785917065a3db57b841f5c95dba6ad8c73aaf8f66f8f9bf?s=96&d=mm&r=g","caption":"Comunica\u00e7\u00e3o PSOL"}}]}},"_links":{"self":[{"href":"https:\/\/psol50.org.br\/rest\/wp\/v2\/posts\/15348","targetHints":{"allow":["GET"]}}],"collection":[{"href":"https:\/\/psol50.org.br\/rest\/wp\/v2\/posts"}],"about":[{"href":"https:\/\/psol50.org.br\/rest\/wp\/v2\/types\/post"}],"author":[{"embeddable":true,"href":"https:\/\/psol50.org.br\/rest\/wp\/v2\/users\/2"}],"replies":[{"embeddable":true,"href":"https:\/\/psol50.org.br\/rest\/wp\/v2\/comments?post=15348"}],"version-history":[{"count":0,"href":"https:\/\/psol50.org.br\/rest\/wp\/v2\/posts\/15348\/revisions"}],"wp:featuredmedia":[{"embeddable":true,"href":"https:\/\/psol50.org.br\/rest\/"}],"wp:attachment":[{"href":"https:\/\/psol50.org.br\/rest\/wp\/v2\/media?parent=15348"}],"wp:term":[{"taxonomy":"category","embeddable":true,"href":"https:\/\/psol50.org.br\/rest\/wp\/v2\/categories?post=15348"},{"taxonomy":"post_tag","embeddable":true,"href":"https:\/\/psol50.org.br\/rest\/wp\/v2\/tags?post=15348"}],"curies":[{"name":"wp","href":"https:\/\/api.w.org\/{rel}","templated":true}]}}