{"id":15355,"date":"2017-02-10T13:40:48","date_gmt":"2017-02-10T13:40:48","guid":{"rendered":"http:\/\/www.psol50.org.br\/?p=15355"},"modified":"2017-02-10T13:40:48","modified_gmt":"2017-02-10T13:40:48","slug":"governo-instala-comissao-especial-e-destaca-pressa-em-aprovar-reforma-da-previdencia","status":"publish","type":"post","link":"https:\/\/psol50.org.br\/governo-instala-comissao-especial-e-destaca-pressa-em-aprovar-reforma-da-previdencia\/","title":{"rendered":"Governo instala comiss\u00e3o especial e destaca pressa em aprovar reforma da Previd\u00eancia"},"content":{"rendered":"<p>Foi instalada esta semana a comiss\u00e3o especial que vai analisar a Proposta de Emenda \u00e0 Constitui\u00e7\u00e3o n\u00ba 287\/2016, referente \u00e0 reforma da Previd\u00eancia proposta pelo presidente Michel Temer. Como presidente, foi o eleito o deputado Carlos Marun (PMDB-MS), do mesmo partido de Temer e fiel defensor de Eduardo Cunha. O relator da mat\u00e9ria ser\u00e1 o deputado Arthur Oliveira Maia (PPS-BA), tamb\u00e9m da base aliada do Pal\u00e1cio do Planalto. Ambos garantiram que v\u00e3o trabalhar para que a PEC 287 seja aprovada na comiss\u00e3o no m\u00eas de abril.<\/p>\n<p>Reafirmando o seu compromisso em seguir \u00e0 risca a orienta\u00e7\u00e3o de Temer, que quer agilidade na segunda etapa do seu ajuste fiscal, Marun pretende, inclusive, driblar o que est\u00e1 previsto no Regimento Interno da Casa. Embora a comiss\u00e3o especial tenha de dez a 40 sess\u00f5es para debater e votar a PEC, o presidente disse n\u00e3o serem necess\u00e1rias as 40 sess\u00f5es para a tramita\u00e7\u00e3o da proposta. \u201cNossa ideia \u00e9 que se fa\u00e7a um debate produtivo e eficiente. Que n\u00f3s conhe\u00e7amos os argumentos que venham no sentido de entender que o projeto \u00e9 positivo, que possamos conhecer as contrariedades expressas e que num prazo razo\u00e1vel possamos oferecer essa mat\u00e9ria \u00e0 sociedade\u201d, disse o deputado, destacando a real inten\u00e7\u00e3o de agilizar a aprova\u00e7\u00e3o da mat\u00e9ria, que aumenta o tempo de contribui\u00e7\u00e3o para 49 anos e iguala a idade m\u00ednima de 65 anos para homens e mulheres, entre outros efeitos negativos.<\/p>\n<p>Para cumprir a pressa, Marun disse que a comiss\u00e3o ir\u00e1 se reunir no m\u00ednimo duas vezes por semana e, se necess\u00e1rio, poder\u00e1 se reunir todos os dias para debater e votar a reforma da Previd\u00eancia. A primeira reuni\u00e3o ser\u00e1 na pr\u00f3xima ter\u00e7a-feira (14\/02), \u00e0s 14h.<\/p>\n<p>J\u00e1 o relator Arthur Maia disse que pretende apresentar seu parecer sobre a reforma da Previd\u00eancia at\u00e9 a segunda quinzena de mar\u00e7o para que ela seja debatida e votada na comiss\u00e3o em abril.<\/p>\n<p>O l\u00edder do PSOL na C\u00e2mara, deputado Glauber Braga (RJ), na primeira reuni\u00e3o da comiss\u00e3o, disse que o partido vai trabalhar incessantemente para barrar essa proposta do governo Temer. Ele ressaltou, ainda, que o deputado Carlos Marun \u00e9 sempre destacado para cumprir tarefas dif\u00edceis para o seu partido, o PMDB, pois foi ele quem defendeu Eduardo Cunha, no Conselho de \u00c9tica, at\u00e9 o \u00faltimo momento para que o mesmo n\u00e3o fosse cassado. Agora, foi designado por Temer para garantir a aprova\u00e7\u00e3o da reforma da Previd\u00eancia, que retira direitos da maioria dos trabalhadores brasileiros.<\/p>\n<p>O deputado Ivan Valente apresentou, na sess\u00e3o, uma quest\u00e3o de ordem questionando a indica\u00e7\u00e3o do deputado Arthur Moreira Maia como relator da mat\u00e9ria. O deputado indicado recebeu na campanha de 2014 fartos recursos de empresas (bancos e seguradoras) diretamente interessadas no tema. O deputado do PSOL cobrou que todos os membros da Comiss\u00e3o, em especial, o relator, precisam ter a isen\u00e7\u00e3o necess\u00e1ria para tratar a mat\u00e9ria, n\u00e3o possuindo qualquer tipo de rela\u00e7\u00e3o com empresas ou bancos diretamente interessados no tema.<\/p>\n<p>&#8220;Tal fato, al\u00e9m de levantar suspeitas sobre a isen\u00e7\u00e3o do trabalho a ser desempenhado pelo relator da presente Comiss\u00e3o Especial, fere o disposto no Regimento Interno da C\u00e2mara dos Deputados e o C\u00f3digo de \u00c9tica e Decoro Parlamentar&#8221;, disse Valente.<\/p>\n<p>Confira, abaixo, as falas de Glauber Braga e Ivan Valente.<\/p>\n<p>https:\/\/www.facebook.com\/psolnacamara\/videos\/1020485248055706\/<\/p>\n<p>&nbsp;<\/p>\n<p>https:\/\/www.facebook.com\/IvanValentePSOL\/videos\/1468311719880372\/<\/p>\n","protected":false},"excerpt":{"rendered":"<p>Foi instalada esta semana a comiss\u00e3o especial que vai analisar a Proposta de Emenda \u00e0 Constitui\u00e7\u00e3o n\u00ba 287\/2016, referente \u00e0 reforma da Previd\u00eancia proposta pelo presidente Michel Temer. Como presidente, foi o eleito o deputado Carlos Marun (PMDB-MS), do mesmo partido de Temer e fiel defensor de Eduardo Cunha. O relator da mat\u00e9ria ser\u00e1 o [&hellip;]<\/p>\n","protected":false},"author":2,"featured_media":14811,"comment_status":"open","ping_status":"open","sticky":false,"template":"","format":"standard","meta":{"_acf_changed":false,"footnotes":""},"categories":[1882,6],"tags":[2888,2889,2348,406,2890,1191,1748,2831,39],"class_list":{"0":"post-15355","1":"post","2":"type-post","3":"status-publish","4":"format-standard","5":"has-post-thumbnail","7":"category-brasil","8":"category-noticias","9":"tag-arthur-oliveira-maia","10":"tag-carlos-marun","11":"tag-comissao-especial","12":"tag-direitos","13":"tag-eduardo-cunha","14":"tag-glauber-braga","15":"tag-michel-temer","16":"tag-pec-2872016","17":"tag-reforma-da-previdencia"},"acf":[],"yoast_head":"<!-- This site is optimized with the Yoast SEO plugin v26.5 - https:\/\/yoast.com\/wordpress\/plugins\/seo\/ -->\n<title>Governo instala comiss\u00e3o especial e destaca pressa em aprovar reforma da Previd\u00eancia - PSOL 50<\/title>\n<meta name=\"robots\" content=\"index, follow, max-snippet:-1, max-image-preview:large, max-video-preview:-1\" \/>\n<link rel=\"canonical\" href=\"https:\/\/psol50.org.br\/governo-instala-comissao-especial-e-destaca-pressa-em-aprovar-reforma-da-previdencia\/\" \/>\n<meta property=\"og:locale\" content=\"pt_BR\" \/>\n<meta property=\"og:type\" content=\"article\" \/>\n<meta property=\"og:title\" content=\"Governo instala comiss\u00e3o especial e destaca pressa em aprovar reforma da Previd\u00eancia - PSOL 50\" \/>\n<meta property=\"og:description\" content=\"Foi instalada esta semana a comiss\u00e3o especial que vai analisar a Proposta de Emenda \u00e0 Constitui\u00e7\u00e3o n\u00ba 287\/2016, referente \u00e0 reforma da Previd\u00eancia proposta pelo presidente Michel Temer. Como presidente, foi o eleito o deputado Carlos Marun (PMDB-MS), do mesmo partido de Temer e fiel defensor de Eduardo Cunha. O relator da mat\u00e9ria ser\u00e1 o [&hellip;]\" \/>\n<meta property=\"og:url\" content=\"https:\/\/psol50.org.br\/governo-instala-comissao-especial-e-destaca-pressa-em-aprovar-reforma-da-previdencia\/\" \/>\n<meta property=\"og:site_name\" content=\"PSOL 50\" \/>\n<meta property=\"article:publisher\" content=\"https:\/\/www.facebook.com\/psol50\" \/>\n<meta property=\"article:published_time\" content=\"2017-02-10T13:40:48+00:00\" \/>\n<meta property=\"og:image\" content=\"https:\/\/psol50.org.br\/inc\/uploads\/2018\/07\/capa.png\" \/>\n\t<meta property=\"og:image:width\" content=\"1350\" \/>\n\t<meta property=\"og:image:height\" content=\"900\" \/>\n\t<meta property=\"og:image:type\" content=\"image\/png\" \/>\n<meta name=\"author\" content=\"Comunica\u00e7\u00e3o PSOL\" \/>\n<meta name=\"twitter:card\" content=\"summary_large_image\" \/>\n<meta name=\"twitter:creator\" content=\"@psol50\" \/>\n<meta name=\"twitter:site\" content=\"@psol50\" \/>\n<meta name=\"twitter:label1\" content=\"Escrito por\" \/>\n\t<meta name=\"twitter:data1\" content=\"Comunica\u00e7\u00e3o PSOL\" \/>\n\t<meta name=\"twitter:label2\" content=\"Est. tempo de leitura\" \/>\n\t<meta name=\"twitter:data2\" content=\"3 minutos\" \/>\n<script type=\"application\/ld+json\" class=\"yoast-schema-graph\">{\"@context\":\"https:\/\/schema.org\",\"@graph\":[{\"@type\":\"Article\",\"@id\":\"https:\/\/psol50.org.br\/governo-instala-comissao-especial-e-destaca-pressa-em-aprovar-reforma-da-previdencia\/#article\",\"isPartOf\":{\"@id\":\"https:\/\/psol50.org.br\/governo-instala-comissao-especial-e-destaca-pressa-em-aprovar-reforma-da-previdencia\/\"},\"author\":{\"name\":\"Comunica\u00e7\u00e3o PSOL\",\"@id\":\"https:\/\/psol50.org.br\/#\/schema\/person\/475dfa57d0b815993c714c2e96491fcd\"},\"headline\":\"Governo instala comiss\u00e3o especial e destaca pressa em aprovar reforma da Previd\u00eancia\",\"datePublished\":\"2017-02-10T13:40:48+00:00\",\"mainEntityOfPage\":{\"@id\":\"https:\/\/psol50.org.br\/governo-instala-comissao-especial-e-destaca-pressa-em-aprovar-reforma-da-previdencia\/\"},\"wordCount\":605,\"commentCount\":0,\"publisher\":{\"@id\":\"https:\/\/psol50.org.br\/#organization\"},\"image\":{\"@id\":\"https:\/\/psol50.org.br\/governo-instala-comissao-especial-e-destaca-pressa-em-aprovar-reforma-da-previdencia\/#primaryimage\"},\"thumbnailUrl\":\"\",\"keywords\":[\"Arthur Oliveira Maia\",\"Carlos Marun\",\"Comiss\u00e3o Especial\",\"direitos\",\"Eduardo Cunha\",\"Glauber Braga\",\"Michel Temer\",\"PEC 287\/2016\",\"reforma da previd\u00eancia\"],\"articleSection\":[\"Brasil\",\"Not\u00edcias\"],\"inLanguage\":\"pt-BR\",\"potentialAction\":[{\"@type\":\"CommentAction\",\"name\":\"Comment\",\"target\":[\"https:\/\/psol50.org.br\/governo-instala-comissao-especial-e-destaca-pressa-em-aprovar-reforma-da-previdencia\/#respond\"]}]},{\"@type\":\"WebPage\",\"@id\":\"https:\/\/psol50.org.br\/governo-instala-comissao-especial-e-destaca-pressa-em-aprovar-reforma-da-previdencia\/\",\"url\":\"https:\/\/psol50.org.br\/governo-instala-comissao-especial-e-destaca-pressa-em-aprovar-reforma-da-previdencia\/\",\"name\":\"Governo instala comiss\u00e3o especial e destaca pressa em aprovar reforma da Previd\u00eancia - PSOL 50\",\"isPartOf\":{\"@id\":\"https:\/\/psol50.org.br\/#website\"},\"primaryImageOfPage\":{\"@id\":\"https:\/\/psol50.org.br\/governo-instala-comissao-especial-e-destaca-pressa-em-aprovar-reforma-da-previdencia\/#primaryimage\"},\"image\":{\"@id\":\"https:\/\/psol50.org.br\/governo-instala-comissao-especial-e-destaca-pressa-em-aprovar-reforma-da-previdencia\/#primaryimage\"},\"thumbnailUrl\":\"\",\"datePublished\":\"2017-02-10T13:40:48+00:00\",\"breadcrumb\":{\"@id\":\"https:\/\/psol50.org.br\/governo-instala-comissao-especial-e-destaca-pressa-em-aprovar-reforma-da-previdencia\/#breadcrumb\"},\"inLanguage\":\"pt-BR\",\"potentialAction\":[{\"@type\":\"ReadAction\",\"target\":[\"https:\/\/psol50.org.br\/governo-instala-comissao-especial-e-destaca-pressa-em-aprovar-reforma-da-previdencia\/\"]}]},{\"@type\":\"ImageObject\",\"inLanguage\":\"pt-BR\",\"@id\":\"https:\/\/psol50.org.br\/governo-instala-comissao-especial-e-destaca-pressa-em-aprovar-reforma-da-previdencia\/#primaryimage\",\"url\":\"\",\"contentUrl\":\"\"},{\"@type\":\"BreadcrumbList\",\"@id\":\"https:\/\/psol50.org.br\/governo-instala-comissao-especial-e-destaca-pressa-em-aprovar-reforma-da-previdencia\/#breadcrumb\",\"itemListElement\":[{\"@type\":\"ListItem\",\"position\":1,\"name\":\"In\u00edcio\",\"item\":\"https:\/\/psol50.org.br\/\"},{\"@type\":\"ListItem\",\"position\":2,\"name\":\"Governo instala comiss\u00e3o especial e destaca pressa em aprovar reforma da Previd\u00eancia\"}]},{\"@type\":\"WebSite\",\"@id\":\"https:\/\/psol50.org.br\/#website\",\"url\":\"https:\/\/psol50.org.br\/\",\"name\":\"PSOL 50\",\"description\":\"Site oficial do Partido Socialismo e Liberdade\",\"publisher\":{\"@id\":\"https:\/\/psol50.org.br\/#organization\"},\"alternateName\":\"PSOL50\",\"potentialAction\":[{\"@type\":\"SearchAction\",\"target\":{\"@type\":\"EntryPoint\",\"urlTemplate\":\"https:\/\/psol50.org.br\/?s={search_term_string}\"},\"query-input\":{\"@type\":\"PropertyValueSpecification\",\"valueRequired\":true,\"valueName\":\"search_term_string\"}}],\"inLanguage\":\"pt-BR\"},{\"@type\":\"Organization\",\"@id\":\"https:\/\/psol50.org.br\/#organization\",\"name\":\"PSOL 50\",\"alternateName\":\"PSOL 50\",\"url\":\"https:\/\/psol50.org.br\/\",\"logo\":{\"@type\":\"ImageObject\",\"inLanguage\":\"pt-BR\",\"@id\":\"https:\/\/psol50.org.br\/#\/schema\/logo\/image\/\",\"url\":\"https:\/\/psol50.org.br\/inc\/uploads\/2018\/07\/capa.png\",\"contentUrl\":\"https:\/\/psol50.org.br\/inc\/uploads\/2018\/07\/capa.png\",\"width\":1350,\"height\":900,\"caption\":\"PSOL 50\"},\"image\":{\"@id\":\"https:\/\/psol50.org.br\/#\/schema\/logo\/image\/\"},\"sameAs\":[\"https:\/\/www.facebook.com\/psol50\",\"https:\/\/x.com\/psol50\",\"https:\/\/www.instagram.com\/psol50\/\",\"https:\/\/www.youtube.com\/channel\/UC7SnJS5o1os7a6CaiNabzcg\"]},{\"@type\":\"Person\",\"@id\":\"https:\/\/psol50.org.br\/#\/schema\/person\/475dfa57d0b815993c714c2e96491fcd\",\"name\":\"Comunica\u00e7\u00e3o PSOL\",\"image\":{\"@type\":\"ImageObject\",\"inLanguage\":\"pt-BR\",\"@id\":\"https:\/\/psol50.org.br\/#\/schema\/person\/image\/\",\"url\":\"https:\/\/secure.gravatar.com\/avatar\/b34fc4f4e468a4e51785917065a3db57b841f5c95dba6ad8c73aaf8f66f8f9bf?s=96&d=mm&r=g\",\"contentUrl\":\"https:\/\/secure.gravatar.com\/avatar\/b34fc4f4e468a4e51785917065a3db57b841f5c95dba6ad8c73aaf8f66f8f9bf?s=96&d=mm&r=g\",\"caption\":\"Comunica\u00e7\u00e3o PSOL\"}}]}<\/script>\n<!-- \/ Yoast SEO plugin. -->","yoast_head_json":{"title":"Governo instala comiss\u00e3o especial e destaca pressa em aprovar reforma da Previd\u00eancia - PSOL 50","robots":{"index":"index","follow":"follow","max-snippet":"max-snippet:-1","max-image-preview":"max-image-preview:large","max-video-preview":"max-video-preview:-1"},"canonical":"https:\/\/psol50.org.br\/governo-instala-comissao-especial-e-destaca-pressa-em-aprovar-reforma-da-previdencia\/","og_locale":"pt_BR","og_type":"article","og_title":"Governo instala comiss\u00e3o especial e destaca pressa em aprovar reforma da Previd\u00eancia - PSOL 50","og_description":"Foi instalada esta semana a comiss\u00e3o especial que vai analisar a Proposta de Emenda \u00e0 Constitui\u00e7\u00e3o n\u00ba 287\/2016, referente \u00e0 reforma da Previd\u00eancia proposta pelo presidente Michel Temer. Como presidente, foi o eleito o deputado Carlos Marun (PMDB-MS), do mesmo partido de Temer e fiel defensor de Eduardo Cunha. O relator da mat\u00e9ria ser\u00e1 o [&hellip;]","og_url":"https:\/\/psol50.org.br\/governo-instala-comissao-especial-e-destaca-pressa-em-aprovar-reforma-da-previdencia\/","og_site_name":"PSOL 50","article_publisher":"https:\/\/www.facebook.com\/psol50","article_published_time":"2017-02-10T13:40:48+00:00","og_image":[{"width":1350,"height":900,"url":"https:\/\/psol50.org.br\/inc\/uploads\/2018\/07\/capa.png","type":"image\/png"}],"author":"Comunica\u00e7\u00e3o PSOL","twitter_card":"summary_large_image","twitter_creator":"@psol50","twitter_site":"@psol50","twitter_misc":{"Escrito por":"Comunica\u00e7\u00e3o PSOL","Est. tempo de leitura":"3 minutos"},"schema":{"@context":"https:\/\/schema.org","@graph":[{"@type":"Article","@id":"https:\/\/psol50.org.br\/governo-instala-comissao-especial-e-destaca-pressa-em-aprovar-reforma-da-previdencia\/#article","isPartOf":{"@id":"https:\/\/psol50.org.br\/governo-instala-comissao-especial-e-destaca-pressa-em-aprovar-reforma-da-previdencia\/"},"author":{"name":"Comunica\u00e7\u00e3o PSOL","@id":"https:\/\/psol50.org.br\/#\/schema\/person\/475dfa57d0b815993c714c2e96491fcd"},"headline":"Governo instala comiss\u00e3o especial e destaca pressa em aprovar reforma da Previd\u00eancia","datePublished":"2017-02-10T13:40:48+00:00","mainEntityOfPage":{"@id":"https:\/\/psol50.org.br\/governo-instala-comissao-especial-e-destaca-pressa-em-aprovar-reforma-da-previdencia\/"},"wordCount":605,"commentCount":0,"publisher":{"@id":"https:\/\/psol50.org.br\/#organization"},"image":{"@id":"https:\/\/psol50.org.br\/governo-instala-comissao-especial-e-destaca-pressa-em-aprovar-reforma-da-previdencia\/#primaryimage"},"thumbnailUrl":"","keywords":["Arthur Oliveira Maia","Carlos Marun","Comiss\u00e3o Especial","direitos","Eduardo Cunha","Glauber Braga","Michel Temer","PEC 287\/2016","reforma da previd\u00eancia"],"articleSection":["Brasil","Not\u00edcias"],"inLanguage":"pt-BR","potentialAction":[{"@type":"CommentAction","name":"Comment","target":["https:\/\/psol50.org.br\/governo-instala-comissao-especial-e-destaca-pressa-em-aprovar-reforma-da-previdencia\/#respond"]}]},{"@type":"WebPage","@id":"https:\/\/psol50.org.br\/governo-instala-comissao-especial-e-destaca-pressa-em-aprovar-reforma-da-previdencia\/","url":"https:\/\/psol50.org.br\/governo-instala-comissao-especial-e-destaca-pressa-em-aprovar-reforma-da-previdencia\/","name":"Governo instala comiss\u00e3o especial e destaca pressa em aprovar reforma da Previd\u00eancia - PSOL 50","isPartOf":{"@id":"https:\/\/psol50.org.br\/#website"},"primaryImageOfPage":{"@id":"https:\/\/psol50.org.br\/governo-instala-comissao-especial-e-destaca-pressa-em-aprovar-reforma-da-previdencia\/#primaryimage"},"image":{"@id":"https:\/\/psol50.org.br\/governo-instala-comissao-especial-e-destaca-pressa-em-aprovar-reforma-da-previdencia\/#primaryimage"},"thumbnailUrl":"","datePublished":"2017-02-10T13:40:48+00:00","breadcrumb":{"@id":"https:\/\/psol50.org.br\/governo-instala-comissao-especial-e-destaca-pressa-em-aprovar-reforma-da-previdencia\/#breadcrumb"},"inLanguage":"pt-BR","potentialAction":[{"@type":"ReadAction","target":["https:\/\/psol50.org.br\/governo-instala-comissao-especial-e-destaca-pressa-em-aprovar-reforma-da-previdencia\/"]}]},{"@type":"ImageObject","inLanguage":"pt-BR","@id":"https:\/\/psol50.org.br\/governo-instala-comissao-especial-e-destaca-pressa-em-aprovar-reforma-da-previdencia\/#primaryimage","url":"","contentUrl":""},{"@type":"BreadcrumbList","@id":"https:\/\/psol50.org.br\/governo-instala-comissao-especial-e-destaca-pressa-em-aprovar-reforma-da-previdencia\/#breadcrumb","itemListElement":[{"@type":"ListItem","position":1,"name":"In\u00edcio","item":"https:\/\/psol50.org.br\/"},{"@type":"ListItem","position":2,"name":"Governo instala comiss\u00e3o especial e destaca pressa em aprovar reforma da Previd\u00eancia"}]},{"@type":"WebSite","@id":"https:\/\/psol50.org.br\/#website","url":"https:\/\/psol50.org.br\/","name":"PSOL 50","description":"Site oficial do Partido Socialismo e Liberdade","publisher":{"@id":"https:\/\/psol50.org.br\/#organization"},"alternateName":"PSOL50","potentialAction":[{"@type":"SearchAction","target":{"@type":"EntryPoint","urlTemplate":"https:\/\/psol50.org.br\/?s={search_term_string}"},"query-input":{"@type":"PropertyValueSpecification","valueRequired":true,"valueName":"search_term_string"}}],"inLanguage":"pt-BR"},{"@type":"Organization","@id":"https:\/\/psol50.org.br\/#organization","name":"PSOL 50","alternateName":"PSOL 50","url":"https:\/\/psol50.org.br\/","logo":{"@type":"ImageObject","inLanguage":"pt-BR","@id":"https:\/\/psol50.org.br\/#\/schema\/logo\/image\/","url":"https:\/\/psol50.org.br\/inc\/uploads\/2018\/07\/capa.png","contentUrl":"https:\/\/psol50.org.br\/inc\/uploads\/2018\/07\/capa.png","width":1350,"height":900,"caption":"PSOL 50"},"image":{"@id":"https:\/\/psol50.org.br\/#\/schema\/logo\/image\/"},"sameAs":["https:\/\/www.facebook.com\/psol50","https:\/\/x.com\/psol50","https:\/\/www.instagram.com\/psol50\/","https:\/\/www.youtube.com\/channel\/UC7SnJS5o1os7a6CaiNabzcg"]},{"@type":"Person","@id":"https:\/\/psol50.org.br\/#\/schema\/person\/475dfa57d0b815993c714c2e96491fcd","name":"Comunica\u00e7\u00e3o PSOL","image":{"@type":"ImageObject","inLanguage":"pt-BR","@id":"https:\/\/psol50.org.br\/#\/schema\/person\/image\/","url":"https:\/\/secure.gravatar.com\/avatar\/b34fc4f4e468a4e51785917065a3db57b841f5c95dba6ad8c73aaf8f66f8f9bf?s=96&d=mm&r=g","contentUrl":"https:\/\/secure.gravatar.com\/avatar\/b34fc4f4e468a4e51785917065a3db57b841f5c95dba6ad8c73aaf8f66f8f9bf?s=96&d=mm&r=g","caption":"Comunica\u00e7\u00e3o PSOL"}}]}},"_links":{"self":[{"href":"https:\/\/psol50.org.br\/rest\/wp\/v2\/posts\/15355","targetHints":{"allow":["GET"]}}],"collection":[{"href":"https:\/\/psol50.org.br\/rest\/wp\/v2\/posts"}],"about":[{"href":"https:\/\/psol50.org.br\/rest\/wp\/v2\/types\/post"}],"author":[{"embeddable":true,"href":"https:\/\/psol50.org.br\/rest\/wp\/v2\/users\/2"}],"replies":[{"embeddable":true,"href":"https:\/\/psol50.org.br\/rest\/wp\/v2\/comments?post=15355"}],"version-history":[{"count":0,"href":"https:\/\/psol50.org.br\/rest\/wp\/v2\/posts\/15355\/revisions"}],"wp:featuredmedia":[{"embeddable":true,"href":"https:\/\/psol50.org.br\/rest\/"}],"wp:attachment":[{"href":"https:\/\/psol50.org.br\/rest\/wp\/v2\/media?parent=15355"}],"wp:term":[{"taxonomy":"category","embeddable":true,"href":"https:\/\/psol50.org.br\/rest\/wp\/v2\/categories?post=15355"},{"taxonomy":"post_tag","embeddable":true,"href":"https:\/\/psol50.org.br\/rest\/wp\/v2\/tags?post=15355"}],"curies":[{"name":"wp","href":"https:\/\/api.w.org\/{rel}","templated":true}]}}