{"id":15363,"date":"2017-02-13T13:24:40","date_gmt":"2017-02-13T13:24:40","guid":{"rendered":"http:\/\/www.psol50.org.br\/?p=15363"},"modified":"2017-02-13T13:24:40","modified_gmt":"2017-02-13T13:24:40","slug":"psol-defende-um-8-de-marco-de-luta-capaz-de-resistir-aos-ataques-e-a-retirada-de-direitos","status":"publish","type":"post","link":"https:\/\/psol50.org.br\/psol-defende-um-8-de-marco-de-luta-capaz-de-resistir-aos-ataques-e-a-retirada-de-direitos\/","title":{"rendered":"PSOL defende um 8 de mar\u00e7o de luta, capaz de resistir aos ataques e a retirada de direitos"},"content":{"rendered":"<p>Durante a reuni\u00e3o do \u00faltimo s\u00e1bado (11\/02), os dirigentes nacionais do PSOL tamb\u00e9m avaliaram os retrocessos que est\u00e3o sendo impostos contra as mulheres, especialmente com a reforma da Previd\u00eancia de Michel Temer, que prop\u00f5e igualar a idade m\u00ednima de aposentadoria para homens e mulheres, desconsiderando a realidade das trabalhadoras brasileiras. Diante do cen\u00e1rio de grandes ataques \u00e0s pautas de direitos humanos, a Executiva Nacional do partido avaliou que \u00e9 preciso uma atua\u00e7\u00e3o cada vez mais unificada com as demais organiza\u00e7\u00f5es do campo da esquerda que lutam em defesa das pautas feministas. Para isso, defende um 8 de mar\u00e7o, Dia Internacional das Mulheres, capaz de resistir aos ataques e a retirada de direitos.<\/p>\n<p>Confira, abaixo, a resolu\u00e7\u00e3o completa.<\/p>\n<p><strong><em>Por um 8 de mar\u00e7o de luta<\/em><\/strong><\/p>\n<p><em>A Executiva Nacional do PSOL adere ao chamado da Greve Internacional de Mulheres no dia 8 de mar\u00e7o de 2017, que foi primeiramente convocada pelo movimento \u201cNi Uma A Menos\u201d na Argentina, e posteriormente refor\u00e7ada pelas feministas estadunidenses, que participaram ativamente no dia 21 de janeiro da Marcha das Mulheres contra Trump, uma das maiores manifesta\u00e7\u00f5es do mundo.<\/em><\/p>\n<p><em>Em defesa do feminismo das e dos 99%, refor\u00e7amos a import\u00e2ncia do car\u00e1ter anticapitalista, antineoliberal, antirracista, antiLGBTf\u00f3bico e em defesa das refugiadas e dos refugiados e imigrantes. As recentes mobiliza\u00e7\u00f5es protagonizadas pelas mulheres, como na Pol\u00f4nia, EUA, Peru, Chile e Argentina, tem sido massivas e impactantes. A retirada de direitos neste contexto de crise mundial tem afetado diretamente o dia a dia das mulheres.<\/em><\/p>\n<p><em>No marco do centen\u00e1rio do 8 de mar\u00e7o que mudou a hist\u00f3ria da Revolu\u00e7\u00e3o Russa, no qual as mulheres foram linha de frente contra o czarismo e as consequ\u00eancias da guerra, podemos repetir uma data hist\u00f3rica.<\/em><\/p>\n<p><em>Vivemos uma primavera feminista desde 2015 no pa\u00eds. As mulheres est\u00e3o ocupando as redes e as ruas pautando suas demandas e influenciando a agenda pol\u00edtica. Neste ano, o 8 de mar\u00e7o acontecer\u00e1 numa conjuntura em que \u00e9 urgente resistir aos ataques e retirada de direitos.<\/em><\/p>\n<p><em>\u00c9 importante salientar a Reforma da Previd\u00eancia como um ataque \u00e0 classe trabalhadora, que atinge especialmente as mulheres. Com a equipara\u00e7\u00e3o da idade m\u00ednima \u00e9 negado que as mulheres trabalham mais, em condi\u00e7\u00f5es mais prec\u00e1rias, com duplas e triplas jornadas, exercendo trabalhos n\u00e3o remunerados e n\u00e3o valorizados socialmente.<\/em><\/p>\n<p><em>Por isso, o PSOL entende a import\u00e2ncia de participar ativamente da constru\u00e7\u00e3o de atos unit\u00e1rios em torno das seguintes pautas:<\/em><\/p>\n<p><em>&#8211; Nem Temer, nem Trump;<\/em><br \/>\n<em>&#8211; Contra a Reforma da Previd\u00eancia;<\/em><br \/>\n<em>&#8211; Nem uma a menos: contra o feminic\u00eddio;<\/em><br \/>\n<em>&#8211; Pela vida das mulheres;<\/em><br \/>\n<em>&#8211; Em defesa da legaliza\u00e7\u00e3o do aborto.<\/em><\/p>\n<p><strong><em>Executiva Nacional do PSOL<\/em><\/strong><br \/>\n<strong><em>Bras\u00edlia, 11 de fevereiro de 2017<\/em><\/strong><\/p>\n<p>&nbsp;<\/p>\n<p>&nbsp;<\/p>\n","protected":false},"excerpt":{"rendered":"<p>Durante a reuni\u00e3o do \u00faltimo s\u00e1bado (11\/02), os dirigentes nacionais do PSOL tamb\u00e9m avaliaram os retrocessos que est\u00e3o sendo impostos contra as mulheres, especialmente com a reforma da Previd\u00eancia de Michel Temer, que prop\u00f5e igualar a idade m\u00ednima de aposentadoria para homens e mulheres, desconsiderando a realidade das trabalhadoras brasileiras. Diante do cen\u00e1rio de grandes [&hellip;]<\/p>\n","protected":false},"author":2,"featured_media":16414,"comment_status":"open","ping_status":"open","sticky":false,"template":"","format":"standard","meta":{"_acf_changed":false,"footnotes":""},"categories":[1882,1104,6,14,72],"tags":[294,2892,2893,1244,242,47,2894,1748,22,39,1315,2207],"class_list":{"0":"post-15363","1":"post","2":"type-post","3":"status-publish","4":"format-standard","5":"has-post-thumbnail","7":"category-brasil","8":"category-movimento","9":"category-noticias","10":"category-partido","11":"category-resolucoes","12":"tag-8-de-marco","13":"tag-ataque-aos-direitos","14":"tag-dia-internacional-das-mulheres","15":"tag-donald-trump","16":"tag-executiva-nacional-do-psol","17":"tag-feminicidio","18":"tag-luta","19":"tag-michel-temer","20":"tag-psol","21":"tag-reforma-da-previdencia","22":"tag-resolucao","23":"tag-retrocessos"},"acf":[],"yoast_head":"<!-- This site is optimized with the Yoast SEO plugin v26.5 - https:\/\/yoast.com\/wordpress\/plugins\/seo\/ -->\n<title>PSOL defende um 8 de mar\u00e7o de luta, capaz de resistir aos ataques e a retirada de direitos - PSOL 50<\/title>\n<meta name=\"robots\" content=\"index, follow, max-snippet:-1, max-image-preview:large, max-video-preview:-1\" \/>\n<link rel=\"canonical\" href=\"https:\/\/psol50.org.br\/psol-defende-um-8-de-marco-de-luta-capaz-de-resistir-aos-ataques-e-a-retirada-de-direitos\/\" \/>\n<meta property=\"og:locale\" content=\"pt_BR\" \/>\n<meta property=\"og:type\" content=\"article\" \/>\n<meta property=\"og:title\" content=\"PSOL defende um 8 de mar\u00e7o de luta, capaz de resistir aos ataques e a retirada de direitos - PSOL 50\" \/>\n<meta property=\"og:description\" content=\"Durante a reuni\u00e3o do \u00faltimo s\u00e1bado (11\/02), os dirigentes nacionais do PSOL tamb\u00e9m avaliaram os retrocessos que est\u00e3o sendo impostos contra as mulheres, especialmente com a reforma da Previd\u00eancia de Michel Temer, que prop\u00f5e igualar a idade m\u00ednima de aposentadoria para homens e mulheres, desconsiderando a realidade das trabalhadoras brasileiras. Diante do cen\u00e1rio de grandes [&hellip;]\" \/>\n<meta property=\"og:url\" content=\"https:\/\/psol50.org.br\/psol-defende-um-8-de-marco-de-luta-capaz-de-resistir-aos-ataques-e-a-retirada-de-direitos\/\" \/>\n<meta property=\"og:site_name\" content=\"PSOL 50\" \/>\n<meta property=\"article:publisher\" content=\"https:\/\/www.facebook.com\/psol50\" \/>\n<meta property=\"article:published_time\" content=\"2017-02-13T13:24:40+00:00\" \/>\n<meta property=\"og:image\" content=\"https:\/\/psol50.org.br\/inc\/uploads\/2018\/07\/capa.png\" \/>\n\t<meta property=\"og:image:width\" content=\"1350\" \/>\n\t<meta property=\"og:image:height\" content=\"900\" \/>\n\t<meta property=\"og:image:type\" content=\"image\/png\" \/>\n<meta name=\"author\" content=\"Comunica\u00e7\u00e3o PSOL\" \/>\n<meta name=\"twitter:card\" content=\"summary_large_image\" \/>\n<meta name=\"twitter:creator\" content=\"@psol50\" \/>\n<meta name=\"twitter:site\" content=\"@psol50\" \/>\n<meta name=\"twitter:label1\" content=\"Escrito por\" \/>\n\t<meta name=\"twitter:data1\" content=\"Comunica\u00e7\u00e3o PSOL\" \/>\n\t<meta name=\"twitter:label2\" content=\"Est. tempo de leitura\" \/>\n\t<meta name=\"twitter:data2\" content=\"2 minutos\" \/>\n<script type=\"application\/ld+json\" class=\"yoast-schema-graph\">{\"@context\":\"https:\/\/schema.org\",\"@graph\":[{\"@type\":\"Article\",\"@id\":\"https:\/\/psol50.org.br\/psol-defende-um-8-de-marco-de-luta-capaz-de-resistir-aos-ataques-e-a-retirada-de-direitos\/#article\",\"isPartOf\":{\"@id\":\"https:\/\/psol50.org.br\/psol-defende-um-8-de-marco-de-luta-capaz-de-resistir-aos-ataques-e-a-retirada-de-direitos\/\"},\"author\":{\"name\":\"Comunica\u00e7\u00e3o PSOL\",\"@id\":\"https:\/\/psol50.org.br\/#\/schema\/person\/475dfa57d0b815993c714c2e96491fcd\"},\"headline\":\"PSOL defende um 8 de mar\u00e7o de luta, capaz de resistir aos ataques e a retirada de direitos\",\"datePublished\":\"2017-02-13T13:24:40+00:00\",\"mainEntityOfPage\":{\"@id\":\"https:\/\/psol50.org.br\/psol-defende-um-8-de-marco-de-luta-capaz-de-resistir-aos-ataques-e-a-retirada-de-direitos\/\"},\"wordCount\":485,\"commentCount\":0,\"publisher\":{\"@id\":\"https:\/\/psol50.org.br\/#organization\"},\"image\":{\"@id\":\"https:\/\/psol50.org.br\/psol-defende-um-8-de-marco-de-luta-capaz-de-resistir-aos-ataques-e-a-retirada-de-direitos\/#primaryimage\"},\"thumbnailUrl\":\"\",\"keywords\":[\"8 de mar\u00e7o\",\"ataque aos direitos\",\"Dia Internacional das Mulheres\",\"Donald Trump\",\"Executiva Nacional do PSOL\",\"feminic\u00eddio\",\"luta\",\"Michel Temer\",\"PSOL\",\"reforma da previd\u00eancia\",\"resolu\u00e7\u00e3o\",\"retrocessos\"],\"articleSection\":[\"Brasil\",\"Movimento\",\"Not\u00edcias\",\"Partido\",\"Resolu\u00e7\u00f5es\"],\"inLanguage\":\"pt-BR\",\"potentialAction\":[{\"@type\":\"CommentAction\",\"name\":\"Comment\",\"target\":[\"https:\/\/psol50.org.br\/psol-defende-um-8-de-marco-de-luta-capaz-de-resistir-aos-ataques-e-a-retirada-de-direitos\/#respond\"]}]},{\"@type\":\"WebPage\",\"@id\":\"https:\/\/psol50.org.br\/psol-defende-um-8-de-marco-de-luta-capaz-de-resistir-aos-ataques-e-a-retirada-de-direitos\/\",\"url\":\"https:\/\/psol50.org.br\/psol-defende-um-8-de-marco-de-luta-capaz-de-resistir-aos-ataques-e-a-retirada-de-direitos\/\",\"name\":\"PSOL defende um 8 de mar\u00e7o de luta, capaz de resistir aos ataques e a retirada de direitos - PSOL 50\",\"isPartOf\":{\"@id\":\"https:\/\/psol50.org.br\/#website\"},\"primaryImageOfPage\":{\"@id\":\"https:\/\/psol50.org.br\/psol-defende-um-8-de-marco-de-luta-capaz-de-resistir-aos-ataques-e-a-retirada-de-direitos\/#primaryimage\"},\"image\":{\"@id\":\"https:\/\/psol50.org.br\/psol-defende-um-8-de-marco-de-luta-capaz-de-resistir-aos-ataques-e-a-retirada-de-direitos\/#primaryimage\"},\"thumbnailUrl\":\"\",\"datePublished\":\"2017-02-13T13:24:40+00:00\",\"breadcrumb\":{\"@id\":\"https:\/\/psol50.org.br\/psol-defende-um-8-de-marco-de-luta-capaz-de-resistir-aos-ataques-e-a-retirada-de-direitos\/#breadcrumb\"},\"inLanguage\":\"pt-BR\",\"potentialAction\":[{\"@type\":\"ReadAction\",\"target\":[\"https:\/\/psol50.org.br\/psol-defende-um-8-de-marco-de-luta-capaz-de-resistir-aos-ataques-e-a-retirada-de-direitos\/\"]}]},{\"@type\":\"ImageObject\",\"inLanguage\":\"pt-BR\",\"@id\":\"https:\/\/psol50.org.br\/psol-defende-um-8-de-marco-de-luta-capaz-de-resistir-aos-ataques-e-a-retirada-de-direitos\/#primaryimage\",\"url\":\"\",\"contentUrl\":\"\"},{\"@type\":\"BreadcrumbList\",\"@id\":\"https:\/\/psol50.org.br\/psol-defende-um-8-de-marco-de-luta-capaz-de-resistir-aos-ataques-e-a-retirada-de-direitos\/#breadcrumb\",\"itemListElement\":[{\"@type\":\"ListItem\",\"position\":1,\"name\":\"In\u00edcio\",\"item\":\"https:\/\/psol50.org.br\/\"},{\"@type\":\"ListItem\",\"position\":2,\"name\":\"PSOL defende um 8 de mar\u00e7o de luta, capaz de resistir aos ataques e a retirada de direitos\"}]},{\"@type\":\"WebSite\",\"@id\":\"https:\/\/psol50.org.br\/#website\",\"url\":\"https:\/\/psol50.org.br\/\",\"name\":\"PSOL 50\",\"description\":\"Site oficial do Partido Socialismo e Liberdade\",\"publisher\":{\"@id\":\"https:\/\/psol50.org.br\/#organization\"},\"alternateName\":\"PSOL50\",\"potentialAction\":[{\"@type\":\"SearchAction\",\"target\":{\"@type\":\"EntryPoint\",\"urlTemplate\":\"https:\/\/psol50.org.br\/?s={search_term_string}\"},\"query-input\":{\"@type\":\"PropertyValueSpecification\",\"valueRequired\":true,\"valueName\":\"search_term_string\"}}],\"inLanguage\":\"pt-BR\"},{\"@type\":\"Organization\",\"@id\":\"https:\/\/psol50.org.br\/#organization\",\"name\":\"PSOL 50\",\"alternateName\":\"PSOL 50\",\"url\":\"https:\/\/psol50.org.br\/\",\"logo\":{\"@type\":\"ImageObject\",\"inLanguage\":\"pt-BR\",\"@id\":\"https:\/\/psol50.org.br\/#\/schema\/logo\/image\/\",\"url\":\"https:\/\/psol50.org.br\/inc\/uploads\/2018\/07\/capa.png\",\"contentUrl\":\"https:\/\/psol50.org.br\/inc\/uploads\/2018\/07\/capa.png\",\"width\":1350,\"height\":900,\"caption\":\"PSOL 50\"},\"image\":{\"@id\":\"https:\/\/psol50.org.br\/#\/schema\/logo\/image\/\"},\"sameAs\":[\"https:\/\/www.facebook.com\/psol50\",\"https:\/\/x.com\/psol50\",\"https:\/\/www.instagram.com\/psol50\/\",\"https:\/\/www.youtube.com\/channel\/UC7SnJS5o1os7a6CaiNabzcg\"]},{\"@type\":\"Person\",\"@id\":\"https:\/\/psol50.org.br\/#\/schema\/person\/475dfa57d0b815993c714c2e96491fcd\",\"name\":\"Comunica\u00e7\u00e3o PSOL\",\"image\":{\"@type\":\"ImageObject\",\"inLanguage\":\"pt-BR\",\"@id\":\"https:\/\/psol50.org.br\/#\/schema\/person\/image\/\",\"url\":\"https:\/\/secure.gravatar.com\/avatar\/b34fc4f4e468a4e51785917065a3db57b841f5c95dba6ad8c73aaf8f66f8f9bf?s=96&d=mm&r=g\",\"contentUrl\":\"https:\/\/secure.gravatar.com\/avatar\/b34fc4f4e468a4e51785917065a3db57b841f5c95dba6ad8c73aaf8f66f8f9bf?s=96&d=mm&r=g\",\"caption\":\"Comunica\u00e7\u00e3o PSOL\"}}]}<\/script>\n<!-- \/ Yoast SEO plugin. -->","yoast_head_json":{"title":"PSOL defende um 8 de mar\u00e7o de luta, capaz de resistir aos ataques e a retirada de direitos - PSOL 50","robots":{"index":"index","follow":"follow","max-snippet":"max-snippet:-1","max-image-preview":"max-image-preview:large","max-video-preview":"max-video-preview:-1"},"canonical":"https:\/\/psol50.org.br\/psol-defende-um-8-de-marco-de-luta-capaz-de-resistir-aos-ataques-e-a-retirada-de-direitos\/","og_locale":"pt_BR","og_type":"article","og_title":"PSOL defende um 8 de mar\u00e7o de luta, capaz de resistir aos ataques e a retirada de direitos - PSOL 50","og_description":"Durante a reuni\u00e3o do \u00faltimo s\u00e1bado (11\/02), os dirigentes nacionais do PSOL tamb\u00e9m avaliaram os retrocessos que est\u00e3o sendo impostos contra as mulheres, especialmente com a reforma da Previd\u00eancia de Michel Temer, que prop\u00f5e igualar a idade m\u00ednima de aposentadoria para homens e mulheres, desconsiderando a realidade das trabalhadoras brasileiras. Diante do cen\u00e1rio de grandes [&hellip;]","og_url":"https:\/\/psol50.org.br\/psol-defende-um-8-de-marco-de-luta-capaz-de-resistir-aos-ataques-e-a-retirada-de-direitos\/","og_site_name":"PSOL 50","article_publisher":"https:\/\/www.facebook.com\/psol50","article_published_time":"2017-02-13T13:24:40+00:00","og_image":[{"width":1350,"height":900,"url":"https:\/\/psol50.org.br\/inc\/uploads\/2018\/07\/capa.png","type":"image\/png"}],"author":"Comunica\u00e7\u00e3o PSOL","twitter_card":"summary_large_image","twitter_creator":"@psol50","twitter_site":"@psol50","twitter_misc":{"Escrito por":"Comunica\u00e7\u00e3o PSOL","Est. tempo de leitura":"2 minutos"},"schema":{"@context":"https:\/\/schema.org","@graph":[{"@type":"Article","@id":"https:\/\/psol50.org.br\/psol-defende-um-8-de-marco-de-luta-capaz-de-resistir-aos-ataques-e-a-retirada-de-direitos\/#article","isPartOf":{"@id":"https:\/\/psol50.org.br\/psol-defende-um-8-de-marco-de-luta-capaz-de-resistir-aos-ataques-e-a-retirada-de-direitos\/"},"author":{"name":"Comunica\u00e7\u00e3o PSOL","@id":"https:\/\/psol50.org.br\/#\/schema\/person\/475dfa57d0b815993c714c2e96491fcd"},"headline":"PSOL defende um 8 de mar\u00e7o de luta, capaz de resistir aos ataques e a retirada de direitos","datePublished":"2017-02-13T13:24:40+00:00","mainEntityOfPage":{"@id":"https:\/\/psol50.org.br\/psol-defende-um-8-de-marco-de-luta-capaz-de-resistir-aos-ataques-e-a-retirada-de-direitos\/"},"wordCount":485,"commentCount":0,"publisher":{"@id":"https:\/\/psol50.org.br\/#organization"},"image":{"@id":"https:\/\/psol50.org.br\/psol-defende-um-8-de-marco-de-luta-capaz-de-resistir-aos-ataques-e-a-retirada-de-direitos\/#primaryimage"},"thumbnailUrl":"","keywords":["8 de mar\u00e7o","ataque aos direitos","Dia Internacional das Mulheres","Donald Trump","Executiva Nacional do PSOL","feminic\u00eddio","luta","Michel Temer","PSOL","reforma da previd\u00eancia","resolu\u00e7\u00e3o","retrocessos"],"articleSection":["Brasil","Movimento","Not\u00edcias","Partido","Resolu\u00e7\u00f5es"],"inLanguage":"pt-BR","potentialAction":[{"@type":"CommentAction","name":"Comment","target":["https:\/\/psol50.org.br\/psol-defende-um-8-de-marco-de-luta-capaz-de-resistir-aos-ataques-e-a-retirada-de-direitos\/#respond"]}]},{"@type":"WebPage","@id":"https:\/\/psol50.org.br\/psol-defende-um-8-de-marco-de-luta-capaz-de-resistir-aos-ataques-e-a-retirada-de-direitos\/","url":"https:\/\/psol50.org.br\/psol-defende-um-8-de-marco-de-luta-capaz-de-resistir-aos-ataques-e-a-retirada-de-direitos\/","name":"PSOL defende um 8 de mar\u00e7o de luta, capaz de resistir aos ataques e a retirada de direitos - PSOL 50","isPartOf":{"@id":"https:\/\/psol50.org.br\/#website"},"primaryImageOfPage":{"@id":"https:\/\/psol50.org.br\/psol-defende-um-8-de-marco-de-luta-capaz-de-resistir-aos-ataques-e-a-retirada-de-direitos\/#primaryimage"},"image":{"@id":"https:\/\/psol50.org.br\/psol-defende-um-8-de-marco-de-luta-capaz-de-resistir-aos-ataques-e-a-retirada-de-direitos\/#primaryimage"},"thumbnailUrl":"","datePublished":"2017-02-13T13:24:40+00:00","breadcrumb":{"@id":"https:\/\/psol50.org.br\/psol-defende-um-8-de-marco-de-luta-capaz-de-resistir-aos-ataques-e-a-retirada-de-direitos\/#breadcrumb"},"inLanguage":"pt-BR","potentialAction":[{"@type":"ReadAction","target":["https:\/\/psol50.org.br\/psol-defende-um-8-de-marco-de-luta-capaz-de-resistir-aos-ataques-e-a-retirada-de-direitos\/"]}]},{"@type":"ImageObject","inLanguage":"pt-BR","@id":"https:\/\/psol50.org.br\/psol-defende-um-8-de-marco-de-luta-capaz-de-resistir-aos-ataques-e-a-retirada-de-direitos\/#primaryimage","url":"","contentUrl":""},{"@type":"BreadcrumbList","@id":"https:\/\/psol50.org.br\/psol-defende-um-8-de-marco-de-luta-capaz-de-resistir-aos-ataques-e-a-retirada-de-direitos\/#breadcrumb","itemListElement":[{"@type":"ListItem","position":1,"name":"In\u00edcio","item":"https:\/\/psol50.org.br\/"},{"@type":"ListItem","position":2,"name":"PSOL defende um 8 de mar\u00e7o de luta, capaz de resistir aos ataques e a retirada de direitos"}]},{"@type":"WebSite","@id":"https:\/\/psol50.org.br\/#website","url":"https:\/\/psol50.org.br\/","name":"PSOL 50","description":"Site oficial do Partido Socialismo e Liberdade","publisher":{"@id":"https:\/\/psol50.org.br\/#organization"},"alternateName":"PSOL50","potentialAction":[{"@type":"SearchAction","target":{"@type":"EntryPoint","urlTemplate":"https:\/\/psol50.org.br\/?s={search_term_string}"},"query-input":{"@type":"PropertyValueSpecification","valueRequired":true,"valueName":"search_term_string"}}],"inLanguage":"pt-BR"},{"@type":"Organization","@id":"https:\/\/psol50.org.br\/#organization","name":"PSOL 50","alternateName":"PSOL 50","url":"https:\/\/psol50.org.br\/","logo":{"@type":"ImageObject","inLanguage":"pt-BR","@id":"https:\/\/psol50.org.br\/#\/schema\/logo\/image\/","url":"https:\/\/psol50.org.br\/inc\/uploads\/2018\/07\/capa.png","contentUrl":"https:\/\/psol50.org.br\/inc\/uploads\/2018\/07\/capa.png","width":1350,"height":900,"caption":"PSOL 50"},"image":{"@id":"https:\/\/psol50.org.br\/#\/schema\/logo\/image\/"},"sameAs":["https:\/\/www.facebook.com\/psol50","https:\/\/x.com\/psol50","https:\/\/www.instagram.com\/psol50\/","https:\/\/www.youtube.com\/channel\/UC7SnJS5o1os7a6CaiNabzcg"]},{"@type":"Person","@id":"https:\/\/psol50.org.br\/#\/schema\/person\/475dfa57d0b815993c714c2e96491fcd","name":"Comunica\u00e7\u00e3o PSOL","image":{"@type":"ImageObject","inLanguage":"pt-BR","@id":"https:\/\/psol50.org.br\/#\/schema\/person\/image\/","url":"https:\/\/secure.gravatar.com\/avatar\/b34fc4f4e468a4e51785917065a3db57b841f5c95dba6ad8c73aaf8f66f8f9bf?s=96&d=mm&r=g","contentUrl":"https:\/\/secure.gravatar.com\/avatar\/b34fc4f4e468a4e51785917065a3db57b841f5c95dba6ad8c73aaf8f66f8f9bf?s=96&d=mm&r=g","caption":"Comunica\u00e7\u00e3o PSOL"}}]}},"_links":{"self":[{"href":"https:\/\/psol50.org.br\/rest\/wp\/v2\/posts\/15363","targetHints":{"allow":["GET"]}}],"collection":[{"href":"https:\/\/psol50.org.br\/rest\/wp\/v2\/posts"}],"about":[{"href":"https:\/\/psol50.org.br\/rest\/wp\/v2\/types\/post"}],"author":[{"embeddable":true,"href":"https:\/\/psol50.org.br\/rest\/wp\/v2\/users\/2"}],"replies":[{"embeddable":true,"href":"https:\/\/psol50.org.br\/rest\/wp\/v2\/comments?post=15363"}],"version-history":[{"count":0,"href":"https:\/\/psol50.org.br\/rest\/wp\/v2\/posts\/15363\/revisions"}],"wp:featuredmedia":[{"embeddable":true,"href":"https:\/\/psol50.org.br\/rest\/"}],"wp:attachment":[{"href":"https:\/\/psol50.org.br\/rest\/wp\/v2\/media?parent=15363"}],"wp:term":[{"taxonomy":"category","embeddable":true,"href":"https:\/\/psol50.org.br\/rest\/wp\/v2\/categories?post=15363"},{"taxonomy":"post_tag","embeddable":true,"href":"https:\/\/psol50.org.br\/rest\/wp\/v2\/tags?post=15363"}],"curies":[{"name":"wp","href":"https:\/\/api.w.org\/{rel}","templated":true}]}}