{"id":1537,"date":"2011-05-31T00:00:00","date_gmt":"2011-05-31T00:00:00","guid":{"rendered":"http:\/\/psol50.org.br\/arquivo\/2011\/05\/31\/adelino-ramos-dinhotomba-mais-um-heroi-na-guerra-no-campo\/"},"modified":"2011-05-31T00:00:00","modified_gmt":"2011-05-31T00:00:00","slug":"adelino-ramos-dinhotomba-mais-um-heroi-na-guerra-no-campo","status":"publish","type":"post","link":"https:\/\/psol50.org.br\/adelino-ramos-dinhotomba-mais-um-heroi-na-guerra-no-campo\/","title":{"rendered":"Adelino Ramos (Dinho):Tomba mais um her\u00f3i na guerra no campo"},"content":{"rendered":"<p><strong><a rel=\"attachment wp-att-8567\" href=\"http:\/\/psol50.org.br\/blog\/2011\/05\/31\/adelino-ramos-dinhotomba-mais-um-heroi-na-guerra-no-campo\/adelinoramos1a\/\"><img loading=\"lazy\" decoding=\"async\" class=\"alignleft size-thumbnail wp-image-8567\" src=\"http:\/\/psol50.org.br\/files\/2011\/05\/AdelinoRamos1a-150x107.jpg\" alt=\"\" width=\"150\" height=\"107\" \/><\/a>NOTA DE REP\u00daDIO AO ASSASSINATO DE ADELINO RAMOS<br \/>\n<\/strong><\/p>\n<p>O Partido Socialismo e Liberdade (PSOL\/RO) vem de p\u00fablico manifestar o seu rep\u00fadio e a sua indigna\u00e7\u00e3o pelo assassinato de Adelino Ramos (Dinho) l\u00edder do Movimento Campon\u00eas Corumbiara (MCC) neste dia 27 de maio no distrito de Vista Alegre do Abun\u00e3, em Porto Velho (RO). Dinho, lutador implac\u00e1vel contra o latif\u00fandio e com posi\u00e7\u00e3o demarcada sobre a defesa da reforma agr\u00e1ria, do meio ambiente e da justi\u00e7a no campo, foi v\u00edtima da viol\u00eancia no campo praticada por quem quer manter o controle do latif\u00fandio contra a agricultura familiar.<\/p>\n<p>O PSOL exige que os poderes p\u00fablicos apurem com maior urg\u00eancia e puna com rigor os culpados por esse brutal assassinato. N\u00e3o se pode admitir que a\u00e7\u00f5es como essa, e o recente assassinato do casal de extrativistas Jos\u00e9\u00a0Cl\u00e1udio Ribeiro da Silva\u00a0e Maria do Esp\u00edrito Santo,\u00a0em Nova Ipixuna, no Par\u00e1 possa ficar na impunidade.<\/p>\n<p>Exige-se que o governo brasileiro promova um reforma agr\u00e1ria que possa assentar os milhares de trabalhadores e trabalharas rurais sem terra desse Pa\u00eds, bem como exige do governo de Rond\u00f4nia que fiscalize e n\u00e3o permita que pessoas e\/ou grupos inescrupulosos que somente visam o lucro da terra e da \u00e1gua, utilizem em benef\u00edcios pr\u00f3prios as \u00c1reas de Preserva\u00e7\u00e3o Permanentes (APPs).<\/p>\n<p>Porto Velho, 28 de maio de 2011<\/p>\n<p style=\"text-align: center\"><em><strong>ALUIZIO VIDAL FLOR<\/strong><\/em><\/p>\n<p style=\"text-align: center\"><em><strong> <\/strong><\/em><\/p>\n<p style=\"text-align: center\"><em><strong>Presidente do PSOL\/RO<\/strong><\/em><\/p>\n","protected":false},"excerpt":{"rendered":"<p>NOTA DE REP\u00daDIO AO ASSASSINATO DE ADELINO RAMOS O Partido Socialismo e Liberdade (PSOL\/RO) vem de p\u00fablico manifestar o seu rep\u00fadio e a sua indigna\u00e7\u00e3o pelo assassinato de Adelino Ramos (Dinho) l\u00edder do Movimento Campon\u00eas Corumbiara (MCC) neste dia 27 de maio no distrito de Vista Alegre do Abun\u00e3, em Porto Velho (RO). Dinho, lutador [&hellip;]<\/p>\n","protected":false},"author":2,"featured_media":0,"comment_status":"open","ping_status":"open","sticky":false,"template":"","format":"standard","meta":{"_acf_changed":false,"footnotes":""},"categories":[4766],"tags":[],"class_list":{"0":"post-1537","1":"post","2":"type-post","3":"status-publish","4":"format-standard","6":"category-arquivo"},"acf":[],"yoast_head":"<!-- This site is optimized with the Yoast SEO plugin v26.5 - https:\/\/yoast.com\/wordpress\/plugins\/seo\/ -->\n<title>Adelino Ramos (Dinho):Tomba mais um her\u00f3i na guerra no campo - PSOL 50<\/title>\n<meta name=\"robots\" content=\"index, follow, max-snippet:-1, max-image-preview:large, max-video-preview:-1\" \/>\n<link rel=\"canonical\" href=\"https:\/\/psol50.org.br\/adelino-ramos-dinhotomba-mais-um-heroi-na-guerra-no-campo\/\" \/>\n<meta property=\"og:locale\" content=\"pt_BR\" \/>\n<meta property=\"og:type\" content=\"article\" \/>\n<meta property=\"og:title\" content=\"Adelino Ramos (Dinho):Tomba mais um her\u00f3i na guerra no campo - PSOL 50\" \/>\n<meta property=\"og:description\" content=\"NOTA DE REP\u00daDIO AO ASSASSINATO DE ADELINO RAMOS O Partido Socialismo e Liberdade (PSOL\/RO) vem de p\u00fablico manifestar o seu rep\u00fadio e a sua indigna\u00e7\u00e3o pelo assassinato de Adelino Ramos (Dinho) l\u00edder do Movimento Campon\u00eas Corumbiara (MCC) neste dia 27 de maio no distrito de Vista Alegre do Abun\u00e3, em Porto Velho (RO). Dinho, lutador [&hellip;]\" \/>\n<meta property=\"og:url\" content=\"https:\/\/psol50.org.br\/adelino-ramos-dinhotomba-mais-um-heroi-na-guerra-no-campo\/\" \/>\n<meta property=\"og:site_name\" content=\"PSOL 50\" \/>\n<meta property=\"article:publisher\" content=\"https:\/\/www.facebook.com\/psol50\" \/>\n<meta property=\"article:published_time\" content=\"2011-05-31T00:00:00+00:00\" \/>\n<meta property=\"og:image\" content=\"http:\/\/psol50.org.br\/files\/2011\/05\/AdelinoRamos1a-150x107.jpg\" \/>\n<meta name=\"author\" content=\"Comunica\u00e7\u00e3o PSOL\" \/>\n<meta name=\"twitter:card\" content=\"summary_large_image\" \/>\n<meta name=\"twitter:creator\" content=\"@psol50\" \/>\n<meta name=\"twitter:site\" content=\"@psol50\" \/>\n<meta name=\"twitter:label1\" content=\"Escrito por\" \/>\n\t<meta name=\"twitter:data1\" content=\"Comunica\u00e7\u00e3o PSOL\" \/>\n\t<meta name=\"twitter:label2\" content=\"Est. tempo de leitura\" \/>\n\t<meta name=\"twitter:data2\" content=\"1 minuto\" \/>\n<script type=\"application\/ld+json\" class=\"yoast-schema-graph\">{\"@context\":\"https:\/\/schema.org\",\"@graph\":[{\"@type\":\"Article\",\"@id\":\"https:\/\/psol50.org.br\/adelino-ramos-dinhotomba-mais-um-heroi-na-guerra-no-campo\/#article\",\"isPartOf\":{\"@id\":\"https:\/\/psol50.org.br\/adelino-ramos-dinhotomba-mais-um-heroi-na-guerra-no-campo\/\"},\"author\":{\"name\":\"Comunica\u00e7\u00e3o PSOL\",\"@id\":\"https:\/\/psol50.org.br\/#\/schema\/person\/475dfa57d0b815993c714c2e96491fcd\"},\"headline\":\"Adelino Ramos (Dinho):Tomba mais um her\u00f3i na guerra no campo\",\"datePublished\":\"2011-05-31T00:00:00+00:00\",\"mainEntityOfPage\":{\"@id\":\"https:\/\/psol50.org.br\/adelino-ramos-dinhotomba-mais-um-heroi-na-guerra-no-campo\/\"},\"wordCount\":264,\"commentCount\":0,\"publisher\":{\"@id\":\"https:\/\/psol50.org.br\/#organization\"},\"image\":{\"@id\":\"https:\/\/psol50.org.br\/adelino-ramos-dinhotomba-mais-um-heroi-na-guerra-no-campo\/#primaryimage\"},\"thumbnailUrl\":\"http:\/\/psol50.org.br\/files\/2011\/05\/AdelinoRamos1a-150x107.jpg\",\"articleSection\":[\"Arquivo\"],\"inLanguage\":\"pt-BR\",\"potentialAction\":[{\"@type\":\"CommentAction\",\"name\":\"Comment\",\"target\":[\"https:\/\/psol50.org.br\/adelino-ramos-dinhotomba-mais-um-heroi-na-guerra-no-campo\/#respond\"]}]},{\"@type\":\"WebPage\",\"@id\":\"https:\/\/psol50.org.br\/adelino-ramos-dinhotomba-mais-um-heroi-na-guerra-no-campo\/\",\"url\":\"https:\/\/psol50.org.br\/adelino-ramos-dinhotomba-mais-um-heroi-na-guerra-no-campo\/\",\"name\":\"Adelino Ramos (Dinho):Tomba mais um her\u00f3i na guerra no campo - PSOL 50\",\"isPartOf\":{\"@id\":\"https:\/\/psol50.org.br\/#website\"},\"primaryImageOfPage\":{\"@id\":\"https:\/\/psol50.org.br\/adelino-ramos-dinhotomba-mais-um-heroi-na-guerra-no-campo\/#primaryimage\"},\"image\":{\"@id\":\"https:\/\/psol50.org.br\/adelino-ramos-dinhotomba-mais-um-heroi-na-guerra-no-campo\/#primaryimage\"},\"thumbnailUrl\":\"http:\/\/psol50.org.br\/files\/2011\/05\/AdelinoRamos1a-150x107.jpg\",\"datePublished\":\"2011-05-31T00:00:00+00:00\",\"breadcrumb\":{\"@id\":\"https:\/\/psol50.org.br\/adelino-ramos-dinhotomba-mais-um-heroi-na-guerra-no-campo\/#breadcrumb\"},\"inLanguage\":\"pt-BR\",\"potentialAction\":[{\"@type\":\"ReadAction\",\"target\":[\"https:\/\/psol50.org.br\/adelino-ramos-dinhotomba-mais-um-heroi-na-guerra-no-campo\/\"]}]},{\"@type\":\"ImageObject\",\"inLanguage\":\"pt-BR\",\"@id\":\"https:\/\/psol50.org.br\/adelino-ramos-dinhotomba-mais-um-heroi-na-guerra-no-campo\/#primaryimage\",\"url\":\"http:\/\/psol50.org.br\/files\/2011\/05\/AdelinoRamos1a-150x107.jpg\",\"contentUrl\":\"http:\/\/psol50.org.br\/files\/2011\/05\/AdelinoRamos1a-150x107.jpg\"},{\"@type\":\"BreadcrumbList\",\"@id\":\"https:\/\/psol50.org.br\/adelino-ramos-dinhotomba-mais-um-heroi-na-guerra-no-campo\/#breadcrumb\",\"itemListElement\":[{\"@type\":\"ListItem\",\"position\":1,\"name\":\"In\u00edcio\",\"item\":\"https:\/\/psol50.org.br\/\"},{\"@type\":\"ListItem\",\"position\":2,\"name\":\"Adelino Ramos (Dinho):Tomba mais um her\u00f3i na guerra no campo\"}]},{\"@type\":\"WebSite\",\"@id\":\"https:\/\/psol50.org.br\/#website\",\"url\":\"https:\/\/psol50.org.br\/\",\"name\":\"PSOL 50\",\"description\":\"Site oficial do Partido Socialismo e Liberdade\",\"publisher\":{\"@id\":\"https:\/\/psol50.org.br\/#organization\"},\"alternateName\":\"PSOL50\",\"potentialAction\":[{\"@type\":\"SearchAction\",\"target\":{\"@type\":\"EntryPoint\",\"urlTemplate\":\"https:\/\/psol50.org.br\/?s={search_term_string}\"},\"query-input\":{\"@type\":\"PropertyValueSpecification\",\"valueRequired\":true,\"valueName\":\"search_term_string\"}}],\"inLanguage\":\"pt-BR\"},{\"@type\":\"Organization\",\"@id\":\"https:\/\/psol50.org.br\/#organization\",\"name\":\"PSOL 50\",\"alternateName\":\"PSOL 50\",\"url\":\"https:\/\/psol50.org.br\/\",\"logo\":{\"@type\":\"ImageObject\",\"inLanguage\":\"pt-BR\",\"@id\":\"https:\/\/psol50.org.br\/#\/schema\/logo\/image\/\",\"url\":\"https:\/\/psol50.org.br\/inc\/uploads\/2018\/07\/capa.png\",\"contentUrl\":\"https:\/\/psol50.org.br\/inc\/uploads\/2018\/07\/capa.png\",\"width\":1350,\"height\":900,\"caption\":\"PSOL 50\"},\"image\":{\"@id\":\"https:\/\/psol50.org.br\/#\/schema\/logo\/image\/\"},\"sameAs\":[\"https:\/\/www.facebook.com\/psol50\",\"https:\/\/x.com\/psol50\",\"https:\/\/www.instagram.com\/psol50\/\",\"https:\/\/www.youtube.com\/channel\/UC7SnJS5o1os7a6CaiNabzcg\"]},{\"@type\":\"Person\",\"@id\":\"https:\/\/psol50.org.br\/#\/schema\/person\/475dfa57d0b815993c714c2e96491fcd\",\"name\":\"Comunica\u00e7\u00e3o PSOL\",\"image\":{\"@type\":\"ImageObject\",\"inLanguage\":\"pt-BR\",\"@id\":\"https:\/\/psol50.org.br\/#\/schema\/person\/image\/\",\"url\":\"https:\/\/secure.gravatar.com\/avatar\/b34fc4f4e468a4e51785917065a3db57b841f5c95dba6ad8c73aaf8f66f8f9bf?s=96&d=mm&r=g\",\"contentUrl\":\"https:\/\/secure.gravatar.com\/avatar\/b34fc4f4e468a4e51785917065a3db57b841f5c95dba6ad8c73aaf8f66f8f9bf?s=96&d=mm&r=g\",\"caption\":\"Comunica\u00e7\u00e3o PSOL\"}}]}<\/script>\n<!-- \/ Yoast SEO plugin. -->","yoast_head_json":{"title":"Adelino Ramos (Dinho):Tomba mais um her\u00f3i na guerra no campo - PSOL 50","robots":{"index":"index","follow":"follow","max-snippet":"max-snippet:-1","max-image-preview":"max-image-preview:large","max-video-preview":"max-video-preview:-1"},"canonical":"https:\/\/psol50.org.br\/adelino-ramos-dinhotomba-mais-um-heroi-na-guerra-no-campo\/","og_locale":"pt_BR","og_type":"article","og_title":"Adelino Ramos (Dinho):Tomba mais um her\u00f3i na guerra no campo - PSOL 50","og_description":"NOTA DE REP\u00daDIO AO ASSASSINATO DE ADELINO RAMOS O Partido Socialismo e Liberdade (PSOL\/RO) vem de p\u00fablico manifestar o seu rep\u00fadio e a sua indigna\u00e7\u00e3o pelo assassinato de Adelino Ramos (Dinho) l\u00edder do Movimento Campon\u00eas Corumbiara (MCC) neste dia 27 de maio no distrito de Vista Alegre do Abun\u00e3, em Porto Velho (RO). Dinho, lutador [&hellip;]","og_url":"https:\/\/psol50.org.br\/adelino-ramos-dinhotomba-mais-um-heroi-na-guerra-no-campo\/","og_site_name":"PSOL 50","article_publisher":"https:\/\/www.facebook.com\/psol50","article_published_time":"2011-05-31T00:00:00+00:00","og_image":[{"url":"http:\/\/psol50.org.br\/files\/2011\/05\/AdelinoRamos1a-150x107.jpg","type":"","width":"","height":""}],"author":"Comunica\u00e7\u00e3o PSOL","twitter_card":"summary_large_image","twitter_creator":"@psol50","twitter_site":"@psol50","twitter_misc":{"Escrito por":"Comunica\u00e7\u00e3o PSOL","Est. tempo de leitura":"1 minuto"},"schema":{"@context":"https:\/\/schema.org","@graph":[{"@type":"Article","@id":"https:\/\/psol50.org.br\/adelino-ramos-dinhotomba-mais-um-heroi-na-guerra-no-campo\/#article","isPartOf":{"@id":"https:\/\/psol50.org.br\/adelino-ramos-dinhotomba-mais-um-heroi-na-guerra-no-campo\/"},"author":{"name":"Comunica\u00e7\u00e3o PSOL","@id":"https:\/\/psol50.org.br\/#\/schema\/person\/475dfa57d0b815993c714c2e96491fcd"},"headline":"Adelino Ramos (Dinho):Tomba mais um her\u00f3i na guerra no campo","datePublished":"2011-05-31T00:00:00+00:00","mainEntityOfPage":{"@id":"https:\/\/psol50.org.br\/adelino-ramos-dinhotomba-mais-um-heroi-na-guerra-no-campo\/"},"wordCount":264,"commentCount":0,"publisher":{"@id":"https:\/\/psol50.org.br\/#organization"},"image":{"@id":"https:\/\/psol50.org.br\/adelino-ramos-dinhotomba-mais-um-heroi-na-guerra-no-campo\/#primaryimage"},"thumbnailUrl":"http:\/\/psol50.org.br\/files\/2011\/05\/AdelinoRamos1a-150x107.jpg","articleSection":["Arquivo"],"inLanguage":"pt-BR","potentialAction":[{"@type":"CommentAction","name":"Comment","target":["https:\/\/psol50.org.br\/adelino-ramos-dinhotomba-mais-um-heroi-na-guerra-no-campo\/#respond"]}]},{"@type":"WebPage","@id":"https:\/\/psol50.org.br\/adelino-ramos-dinhotomba-mais-um-heroi-na-guerra-no-campo\/","url":"https:\/\/psol50.org.br\/adelino-ramos-dinhotomba-mais-um-heroi-na-guerra-no-campo\/","name":"Adelino Ramos (Dinho):Tomba mais um her\u00f3i na guerra no campo - PSOL 50","isPartOf":{"@id":"https:\/\/psol50.org.br\/#website"},"primaryImageOfPage":{"@id":"https:\/\/psol50.org.br\/adelino-ramos-dinhotomba-mais-um-heroi-na-guerra-no-campo\/#primaryimage"},"image":{"@id":"https:\/\/psol50.org.br\/adelino-ramos-dinhotomba-mais-um-heroi-na-guerra-no-campo\/#primaryimage"},"thumbnailUrl":"http:\/\/psol50.org.br\/files\/2011\/05\/AdelinoRamos1a-150x107.jpg","datePublished":"2011-05-31T00:00:00+00:00","breadcrumb":{"@id":"https:\/\/psol50.org.br\/adelino-ramos-dinhotomba-mais-um-heroi-na-guerra-no-campo\/#breadcrumb"},"inLanguage":"pt-BR","potentialAction":[{"@type":"ReadAction","target":["https:\/\/psol50.org.br\/adelino-ramos-dinhotomba-mais-um-heroi-na-guerra-no-campo\/"]}]},{"@type":"ImageObject","inLanguage":"pt-BR","@id":"https:\/\/psol50.org.br\/adelino-ramos-dinhotomba-mais-um-heroi-na-guerra-no-campo\/#primaryimage","url":"http:\/\/psol50.org.br\/files\/2011\/05\/AdelinoRamos1a-150x107.jpg","contentUrl":"http:\/\/psol50.org.br\/files\/2011\/05\/AdelinoRamos1a-150x107.jpg"},{"@type":"BreadcrumbList","@id":"https:\/\/psol50.org.br\/adelino-ramos-dinhotomba-mais-um-heroi-na-guerra-no-campo\/#breadcrumb","itemListElement":[{"@type":"ListItem","position":1,"name":"In\u00edcio","item":"https:\/\/psol50.org.br\/"},{"@type":"ListItem","position":2,"name":"Adelino Ramos (Dinho):Tomba mais um her\u00f3i na guerra no campo"}]},{"@type":"WebSite","@id":"https:\/\/psol50.org.br\/#website","url":"https:\/\/psol50.org.br\/","name":"PSOL 50","description":"Site oficial do Partido Socialismo e Liberdade","publisher":{"@id":"https:\/\/psol50.org.br\/#organization"},"alternateName":"PSOL50","potentialAction":[{"@type":"SearchAction","target":{"@type":"EntryPoint","urlTemplate":"https:\/\/psol50.org.br\/?s={search_term_string}"},"query-input":{"@type":"PropertyValueSpecification","valueRequired":true,"valueName":"search_term_string"}}],"inLanguage":"pt-BR"},{"@type":"Organization","@id":"https:\/\/psol50.org.br\/#organization","name":"PSOL 50","alternateName":"PSOL 50","url":"https:\/\/psol50.org.br\/","logo":{"@type":"ImageObject","inLanguage":"pt-BR","@id":"https:\/\/psol50.org.br\/#\/schema\/logo\/image\/","url":"https:\/\/psol50.org.br\/inc\/uploads\/2018\/07\/capa.png","contentUrl":"https:\/\/psol50.org.br\/inc\/uploads\/2018\/07\/capa.png","width":1350,"height":900,"caption":"PSOL 50"},"image":{"@id":"https:\/\/psol50.org.br\/#\/schema\/logo\/image\/"},"sameAs":["https:\/\/www.facebook.com\/psol50","https:\/\/x.com\/psol50","https:\/\/www.instagram.com\/psol50\/","https:\/\/www.youtube.com\/channel\/UC7SnJS5o1os7a6CaiNabzcg"]},{"@type":"Person","@id":"https:\/\/psol50.org.br\/#\/schema\/person\/475dfa57d0b815993c714c2e96491fcd","name":"Comunica\u00e7\u00e3o PSOL","image":{"@type":"ImageObject","inLanguage":"pt-BR","@id":"https:\/\/psol50.org.br\/#\/schema\/person\/image\/","url":"https:\/\/secure.gravatar.com\/avatar\/b34fc4f4e468a4e51785917065a3db57b841f5c95dba6ad8c73aaf8f66f8f9bf?s=96&d=mm&r=g","contentUrl":"https:\/\/secure.gravatar.com\/avatar\/b34fc4f4e468a4e51785917065a3db57b841f5c95dba6ad8c73aaf8f66f8f9bf?s=96&d=mm&r=g","caption":"Comunica\u00e7\u00e3o PSOL"}}]}},"_links":{"self":[{"href":"https:\/\/psol50.org.br\/rest\/wp\/v2\/posts\/1537","targetHints":{"allow":["GET"]}}],"collection":[{"href":"https:\/\/psol50.org.br\/rest\/wp\/v2\/posts"}],"about":[{"href":"https:\/\/psol50.org.br\/rest\/wp\/v2\/types\/post"}],"author":[{"embeddable":true,"href":"https:\/\/psol50.org.br\/rest\/wp\/v2\/users\/2"}],"replies":[{"embeddable":true,"href":"https:\/\/psol50.org.br\/rest\/wp\/v2\/comments?post=1537"}],"version-history":[{"count":0,"href":"https:\/\/psol50.org.br\/rest\/wp\/v2\/posts\/1537\/revisions"}],"wp:attachment":[{"href":"https:\/\/psol50.org.br\/rest\/wp\/v2\/media?parent=1537"}],"wp:term":[{"taxonomy":"category","embeddable":true,"href":"https:\/\/psol50.org.br\/rest\/wp\/v2\/categories?post=1537"},{"taxonomy":"post_tag","embeddable":true,"href":"https:\/\/psol50.org.br\/rest\/wp\/v2\/tags?post=1537"}],"curies":[{"name":"wp","href":"https:\/\/api.w.org\/{rel}","templated":true}]}}