{"id":15373,"date":"2017-02-14T14:59:22","date_gmt":"2017-02-14T14:59:22","guid":{"rendered":"http:\/\/www.psol50.org.br\/?p=15373"},"modified":"2017-02-14T14:59:22","modified_gmt":"2017-02-14T14:59:22","slug":"chico-alencar-com-que-autoridade","status":"publish","type":"post","link":"https:\/\/psol50.org.br\/chico-alencar-com-que-autoridade\/","title":{"rendered":"Chico Alencar | Com que autoridade?"},"content":{"rendered":"<p><em>Artigo publicado originalmente no <a href=\"http:\/\/noblat.oglobo.globo.com\/artigos\/noticia\/2017\/02\/com-que-autoridade.html\" target=\"_blank\" rel=\"noopener\">Blog do Noblat<\/a><\/em><\/p>\n<p>Virou lugar-comum: ou o governo Temer \u00e9 bem sucedido nas reformas ou ser\u00e1 devorado pela Lava Jato. \u00c9 preciso destrinchar essa afirma\u00e7\u00e3o.<\/p>\n<p>Primeiramente, o governo Temer \u2013 essa coaliza\u00e7\u00e3o de investigados, fisiol\u00f3gicos e privatistas \u2013 tem um defeito cong\u00eanito: n\u00e3o foi ungido pelas urnas.<\/p>\n<p>E para os que lembram, oportunamente, que Michel Temer era o vice de Dilma, vale destacar que, na campanha de sua chapa, nenhuma das propostas que ele tenta implementar foi apresentada \u00e0 popula\u00e7\u00e3o.<\/p>\n<p>Ali\u00e1s, o \u201cestelionato eleitoral\u201d come\u00e7ou a ser praticado pela pr\u00f3pria Dilma, em 2015, ao propor projetos do segmento derrotado, representado por A\u00e9cio.<\/p>\n<p>\u201cEstelionato\u201d compartilhado pelo PSDB, que naquele ano, como oposi\u00e7\u00e3o, votou contra o que sempre defendera. J\u00e1 no Imp\u00e9rio brasileiro, durante o segundo reinado, se dizia que \u201cnada \u00e9 mais parecido com um conservador do que um liberal no poder\u201d&#8230;<\/p>\n<p>Depois, \u00e9 necess\u00e1rio examinar o que se entende por \u201creformas\u201d. A palavra tem um conte\u00fado positivo. Reformar a casa, a estrada, at\u00e9 uma roupa \u00e9 sempre para melhorar. Mas \u201creformar\u201d a Previd\u00eancia sem uma real auditoria nas suas contas, conhecendo seus grandes devedores, e sem esclarecer quanto e como t\u00eam sido gastos os recursos superavit\u00e1rios da Seguridade Social \u00e9 come\u00e7ar muito mal.<\/p>\n<p>Propor 49 anos de contribui\u00e7\u00e3o para o usufruto da aposentadoria \u00e9 condena\u00e7\u00e3o a trabalhar at\u00e9 morrer.<\/p>\n<p>\u201cReformar\u201d a legisla\u00e7\u00e3o trabalhista em contexto de gigantesco desemprego, aproveitando-se da fragiliza\u00e7\u00e3o do fator Trabalho \u2013 historicamente bem menos remunerado que o Capital \u2013 \u00e9 flexibilizar a legisla\u00e7\u00e3o no exclusivo interesse do patronato.<\/p>\n<p>Nessas mal chamadas \u201creformas\u201d, a retirada de direitos dos \u201cde baixo\u201d \u00e9 a t\u00f4nica, e n\u00e3o o combate a privil\u00e9gios de casta, inclusive no servi\u00e7o p\u00fablico.<\/p>\n<p>A crise do nosso modelo econ\u00f4mico n\u00e3o ser\u00e1 superada radicalizando-se o que a produziu: redu\u00e7\u00e3o do investimento p\u00fablico e aposta exclusiva no investimento privado, t\u00e3o paparicado com irrespons\u00e1veis desonera\u00e7\u00f5es.<\/p>\n<p>Fazer uma reforma liberal-conservadora do Estado a fim de torn\u00e1-lo m\u00ednimo (exceto em sua fun\u00e7\u00e3o penal), precarizando os direitos sociais inscritos na Constitui\u00e7\u00e3o, n\u00e3o \u00e9 caminho civilizat\u00f3rio para o Brasil.<\/p>\n<p>O rumo devia ser outro: reforma tribut\u00e1ria progressiva, redu\u00e7\u00e3o dos juros, articula\u00e7\u00e3o internacional com novos blocos comerciais, est\u00edmulo a arranjos produtivos locais voltados para o mercado interno, garantia de direitos remunerat\u00f3rios que se refletem na retomada do dinamismo da economia.<\/p>\n<p>Tudo na perspectiva de uma nova forma, sustent\u00e1vel, de produzir e consumir. E reforma pol\u00edtica, claro.<\/p>\n<p>Por fim, o que as chamas da Lava Jato devem incinerar, superando os que agem para \u201cestancar sua sangria\u201d, \u00e9 o hist\u00f3rico conluio entre agentes p\u00fablicos e particulares, que sempre colocou o Estado a servi\u00e7o dos grandes grupos privados.<\/p>\n<p>Por isso, as iniciativas desse governo n\u00e3o t\u00eam autonomia em rela\u00e7\u00e3o a a\u00e7\u00f5es judiciais que desvendam um esquema estrutural de propinas montado para comprar exatamente essas pol\u00edticas, em licita\u00e7\u00f5es e aditivos fraudados, desonera\u00e7\u00f5es, projetos de lei ou emendas.<\/p>\n<p>A din\u00e2mica corrompida de um sistema o constitui.<\/p>\n<p>Um governo \u00e9 sempre reflexo das pr\u00e1ticas pol\u00edticas dos que o integram.<\/p>\n","protected":false},"excerpt":{"rendered":"<p>Artigo publicado originalmente no Blog do Noblat Virou lugar-comum: ou o governo Temer \u00e9 bem sucedido nas reformas ou ser\u00e1 devorado pela Lava Jato. \u00c9 preciso destrinchar essa afirma\u00e7\u00e3o. Primeiramente, o governo Temer \u2013 essa coaliza\u00e7\u00e3o de investigados, fisiol\u00f3gicos e privatistas \u2013 tem um defeito cong\u00eanito: n\u00e3o foi ungido pelas urnas. E para os que [&hellip;]<\/p>\n","protected":false},"author":2,"featured_media":15374,"comment_status":"open","ping_status":"open","sticky":false,"template":"","format":"standard","meta":{"_acf_changed":false,"footnotes":""},"categories":[3,1882,6],"tags":[1680,976,1748,39,1669],"class_list":{"0":"post-15373","1":"post","2":"type-post","3":"status-publish","4":"format-standard","5":"has-post-thumbnail","7":"category-artigos-e-entrevistas","8":"category-brasil","9":"category-noticias","10":"tag-chico-alencar","11":"tag-lava-jato","12":"tag-michel-temer","13":"tag-reforma-da-previdencia","14":"tag-reforma-trabalhista"},"acf":[],"yoast_head":"<!-- This site is optimized with the Yoast SEO plugin v26.5 - https:\/\/yoast.com\/wordpress\/plugins\/seo\/ -->\n<title>Chico Alencar | Com que autoridade? - PSOL 50<\/title>\n<meta name=\"robots\" content=\"index, follow, max-snippet:-1, max-image-preview:large, max-video-preview:-1\" \/>\n<link rel=\"canonical\" href=\"https:\/\/psol50.org.br\/chico-alencar-com-que-autoridade\/\" \/>\n<meta property=\"og:locale\" content=\"pt_BR\" \/>\n<meta property=\"og:type\" content=\"article\" \/>\n<meta property=\"og:title\" content=\"Chico Alencar | Com que autoridade? - PSOL 50\" \/>\n<meta property=\"og:description\" content=\"Artigo publicado originalmente no Blog do Noblat Virou lugar-comum: ou o governo Temer \u00e9 bem sucedido nas reformas ou ser\u00e1 devorado pela Lava Jato. \u00c9 preciso destrinchar essa afirma\u00e7\u00e3o. Primeiramente, o governo Temer \u2013 essa coaliza\u00e7\u00e3o de investigados, fisiol\u00f3gicos e privatistas \u2013 tem um defeito cong\u00eanito: n\u00e3o foi ungido pelas urnas. E para os que [&hellip;]\" \/>\n<meta property=\"og:url\" content=\"https:\/\/psol50.org.br\/chico-alencar-com-que-autoridade\/\" \/>\n<meta property=\"og:site_name\" content=\"PSOL 50\" \/>\n<meta property=\"article:publisher\" content=\"https:\/\/www.facebook.com\/psol50\" \/>\n<meta property=\"article:published_time\" content=\"2017-02-14T14:59:22+00:00\" \/>\n<meta property=\"og:image\" content=\"https:\/\/psol50.org.br\/inc\/uploads\/2018\/07\/capa.png\" \/>\n\t<meta property=\"og:image:width\" content=\"1350\" \/>\n\t<meta property=\"og:image:height\" content=\"900\" \/>\n\t<meta property=\"og:image:type\" content=\"image\/png\" \/>\n<meta name=\"author\" content=\"Comunica\u00e7\u00e3o PSOL\" \/>\n<meta name=\"twitter:card\" content=\"summary_large_image\" \/>\n<meta name=\"twitter:creator\" content=\"@psol50\" \/>\n<meta name=\"twitter:site\" content=\"@psol50\" \/>\n<meta name=\"twitter:label1\" content=\"Escrito por\" \/>\n\t<meta name=\"twitter:data1\" content=\"Comunica\u00e7\u00e3o PSOL\" \/>\n\t<meta name=\"twitter:label2\" content=\"Est. tempo de leitura\" \/>\n\t<meta name=\"twitter:data2\" content=\"3 minutos\" \/>\n<script type=\"application\/ld+json\" class=\"yoast-schema-graph\">{\"@context\":\"https:\/\/schema.org\",\"@graph\":[{\"@type\":\"Article\",\"@id\":\"https:\/\/psol50.org.br\/chico-alencar-com-que-autoridade\/#article\",\"isPartOf\":{\"@id\":\"https:\/\/psol50.org.br\/chico-alencar-com-que-autoridade\/\"},\"author\":{\"name\":\"Comunica\u00e7\u00e3o PSOL\",\"@id\":\"https:\/\/psol50.org.br\/#\/schema\/person\/475dfa57d0b815993c714c2e96491fcd\"},\"headline\":\"Chico Alencar | Com que autoridade?\",\"datePublished\":\"2017-02-14T14:59:22+00:00\",\"mainEntityOfPage\":{\"@id\":\"https:\/\/psol50.org.br\/chico-alencar-com-que-autoridade\/\"},\"wordCount\":541,\"commentCount\":0,\"publisher\":{\"@id\":\"https:\/\/psol50.org.br\/#organization\"},\"image\":{\"@id\":\"https:\/\/psol50.org.br\/chico-alencar-com-que-autoridade\/#primaryimage\"},\"thumbnailUrl\":\"\",\"keywords\":[\"Chico Alencar\",\"Lava Jato\",\"Michel Temer\",\"reforma da previd\u00eancia\",\"reforma trabalhista\"],\"articleSection\":[\"Artigos\",\"Brasil\",\"Not\u00edcias\"],\"inLanguage\":\"pt-BR\",\"potentialAction\":[{\"@type\":\"CommentAction\",\"name\":\"Comment\",\"target\":[\"https:\/\/psol50.org.br\/chico-alencar-com-que-autoridade\/#respond\"]}]},{\"@type\":\"WebPage\",\"@id\":\"https:\/\/psol50.org.br\/chico-alencar-com-que-autoridade\/\",\"url\":\"https:\/\/psol50.org.br\/chico-alencar-com-que-autoridade\/\",\"name\":\"Chico Alencar | Com que autoridade? - PSOL 50\",\"isPartOf\":{\"@id\":\"https:\/\/psol50.org.br\/#website\"},\"primaryImageOfPage\":{\"@id\":\"https:\/\/psol50.org.br\/chico-alencar-com-que-autoridade\/#primaryimage\"},\"image\":{\"@id\":\"https:\/\/psol50.org.br\/chico-alencar-com-que-autoridade\/#primaryimage\"},\"thumbnailUrl\":\"\",\"datePublished\":\"2017-02-14T14:59:22+00:00\",\"breadcrumb\":{\"@id\":\"https:\/\/psol50.org.br\/chico-alencar-com-que-autoridade\/#breadcrumb\"},\"inLanguage\":\"pt-BR\",\"potentialAction\":[{\"@type\":\"ReadAction\",\"target\":[\"https:\/\/psol50.org.br\/chico-alencar-com-que-autoridade\/\"]}]},{\"@type\":\"ImageObject\",\"inLanguage\":\"pt-BR\",\"@id\":\"https:\/\/psol50.org.br\/chico-alencar-com-que-autoridade\/#primaryimage\",\"url\":\"\",\"contentUrl\":\"\"},{\"@type\":\"BreadcrumbList\",\"@id\":\"https:\/\/psol50.org.br\/chico-alencar-com-que-autoridade\/#breadcrumb\",\"itemListElement\":[{\"@type\":\"ListItem\",\"position\":1,\"name\":\"In\u00edcio\",\"item\":\"https:\/\/psol50.org.br\/\"},{\"@type\":\"ListItem\",\"position\":2,\"name\":\"Chico Alencar | Com que autoridade?\"}]},{\"@type\":\"WebSite\",\"@id\":\"https:\/\/psol50.org.br\/#website\",\"url\":\"https:\/\/psol50.org.br\/\",\"name\":\"PSOL 50\",\"description\":\"Site oficial do Partido Socialismo e Liberdade\",\"publisher\":{\"@id\":\"https:\/\/psol50.org.br\/#organization\"},\"alternateName\":\"PSOL50\",\"potentialAction\":[{\"@type\":\"SearchAction\",\"target\":{\"@type\":\"EntryPoint\",\"urlTemplate\":\"https:\/\/psol50.org.br\/?s={search_term_string}\"},\"query-input\":{\"@type\":\"PropertyValueSpecification\",\"valueRequired\":true,\"valueName\":\"search_term_string\"}}],\"inLanguage\":\"pt-BR\"},{\"@type\":\"Organization\",\"@id\":\"https:\/\/psol50.org.br\/#organization\",\"name\":\"PSOL 50\",\"alternateName\":\"PSOL 50\",\"url\":\"https:\/\/psol50.org.br\/\",\"logo\":{\"@type\":\"ImageObject\",\"inLanguage\":\"pt-BR\",\"@id\":\"https:\/\/psol50.org.br\/#\/schema\/logo\/image\/\",\"url\":\"https:\/\/psol50.org.br\/inc\/uploads\/2018\/07\/capa.png\",\"contentUrl\":\"https:\/\/psol50.org.br\/inc\/uploads\/2018\/07\/capa.png\",\"width\":1350,\"height\":900,\"caption\":\"PSOL 50\"},\"image\":{\"@id\":\"https:\/\/psol50.org.br\/#\/schema\/logo\/image\/\"},\"sameAs\":[\"https:\/\/www.facebook.com\/psol50\",\"https:\/\/x.com\/psol50\",\"https:\/\/www.instagram.com\/psol50\/\",\"https:\/\/www.youtube.com\/channel\/UC7SnJS5o1os7a6CaiNabzcg\"]},{\"@type\":\"Person\",\"@id\":\"https:\/\/psol50.org.br\/#\/schema\/person\/475dfa57d0b815993c714c2e96491fcd\",\"name\":\"Comunica\u00e7\u00e3o PSOL\",\"image\":{\"@type\":\"ImageObject\",\"inLanguage\":\"pt-BR\",\"@id\":\"https:\/\/psol50.org.br\/#\/schema\/person\/image\/\",\"url\":\"https:\/\/secure.gravatar.com\/avatar\/b34fc4f4e468a4e51785917065a3db57b841f5c95dba6ad8c73aaf8f66f8f9bf?s=96&d=mm&r=g\",\"contentUrl\":\"https:\/\/secure.gravatar.com\/avatar\/b34fc4f4e468a4e51785917065a3db57b841f5c95dba6ad8c73aaf8f66f8f9bf?s=96&d=mm&r=g\",\"caption\":\"Comunica\u00e7\u00e3o PSOL\"}}]}<\/script>\n<!-- \/ Yoast SEO plugin. -->","yoast_head_json":{"title":"Chico Alencar | Com que autoridade? - PSOL 50","robots":{"index":"index","follow":"follow","max-snippet":"max-snippet:-1","max-image-preview":"max-image-preview:large","max-video-preview":"max-video-preview:-1"},"canonical":"https:\/\/psol50.org.br\/chico-alencar-com-que-autoridade\/","og_locale":"pt_BR","og_type":"article","og_title":"Chico Alencar | Com que autoridade? - PSOL 50","og_description":"Artigo publicado originalmente no Blog do Noblat Virou lugar-comum: ou o governo Temer \u00e9 bem sucedido nas reformas ou ser\u00e1 devorado pela Lava Jato. \u00c9 preciso destrinchar essa afirma\u00e7\u00e3o. Primeiramente, o governo Temer \u2013 essa coaliza\u00e7\u00e3o de investigados, fisiol\u00f3gicos e privatistas \u2013 tem um defeito cong\u00eanito: n\u00e3o foi ungido pelas urnas. E para os que [&hellip;]","og_url":"https:\/\/psol50.org.br\/chico-alencar-com-que-autoridade\/","og_site_name":"PSOL 50","article_publisher":"https:\/\/www.facebook.com\/psol50","article_published_time":"2017-02-14T14:59:22+00:00","og_image":[{"width":1350,"height":900,"url":"https:\/\/psol50.org.br\/inc\/uploads\/2018\/07\/capa.png","type":"image\/png"}],"author":"Comunica\u00e7\u00e3o PSOL","twitter_card":"summary_large_image","twitter_creator":"@psol50","twitter_site":"@psol50","twitter_misc":{"Escrito por":"Comunica\u00e7\u00e3o PSOL","Est. tempo de leitura":"3 minutos"},"schema":{"@context":"https:\/\/schema.org","@graph":[{"@type":"Article","@id":"https:\/\/psol50.org.br\/chico-alencar-com-que-autoridade\/#article","isPartOf":{"@id":"https:\/\/psol50.org.br\/chico-alencar-com-que-autoridade\/"},"author":{"name":"Comunica\u00e7\u00e3o PSOL","@id":"https:\/\/psol50.org.br\/#\/schema\/person\/475dfa57d0b815993c714c2e96491fcd"},"headline":"Chico Alencar | Com que autoridade?","datePublished":"2017-02-14T14:59:22+00:00","mainEntityOfPage":{"@id":"https:\/\/psol50.org.br\/chico-alencar-com-que-autoridade\/"},"wordCount":541,"commentCount":0,"publisher":{"@id":"https:\/\/psol50.org.br\/#organization"},"image":{"@id":"https:\/\/psol50.org.br\/chico-alencar-com-que-autoridade\/#primaryimage"},"thumbnailUrl":"","keywords":["Chico Alencar","Lava Jato","Michel Temer","reforma da previd\u00eancia","reforma trabalhista"],"articleSection":["Artigos","Brasil","Not\u00edcias"],"inLanguage":"pt-BR","potentialAction":[{"@type":"CommentAction","name":"Comment","target":["https:\/\/psol50.org.br\/chico-alencar-com-que-autoridade\/#respond"]}]},{"@type":"WebPage","@id":"https:\/\/psol50.org.br\/chico-alencar-com-que-autoridade\/","url":"https:\/\/psol50.org.br\/chico-alencar-com-que-autoridade\/","name":"Chico Alencar | Com que autoridade? - PSOL 50","isPartOf":{"@id":"https:\/\/psol50.org.br\/#website"},"primaryImageOfPage":{"@id":"https:\/\/psol50.org.br\/chico-alencar-com-que-autoridade\/#primaryimage"},"image":{"@id":"https:\/\/psol50.org.br\/chico-alencar-com-que-autoridade\/#primaryimage"},"thumbnailUrl":"","datePublished":"2017-02-14T14:59:22+00:00","breadcrumb":{"@id":"https:\/\/psol50.org.br\/chico-alencar-com-que-autoridade\/#breadcrumb"},"inLanguage":"pt-BR","potentialAction":[{"@type":"ReadAction","target":["https:\/\/psol50.org.br\/chico-alencar-com-que-autoridade\/"]}]},{"@type":"ImageObject","inLanguage":"pt-BR","@id":"https:\/\/psol50.org.br\/chico-alencar-com-que-autoridade\/#primaryimage","url":"","contentUrl":""},{"@type":"BreadcrumbList","@id":"https:\/\/psol50.org.br\/chico-alencar-com-que-autoridade\/#breadcrumb","itemListElement":[{"@type":"ListItem","position":1,"name":"In\u00edcio","item":"https:\/\/psol50.org.br\/"},{"@type":"ListItem","position":2,"name":"Chico Alencar | Com que autoridade?"}]},{"@type":"WebSite","@id":"https:\/\/psol50.org.br\/#website","url":"https:\/\/psol50.org.br\/","name":"PSOL 50","description":"Site oficial do Partido Socialismo e Liberdade","publisher":{"@id":"https:\/\/psol50.org.br\/#organization"},"alternateName":"PSOL50","potentialAction":[{"@type":"SearchAction","target":{"@type":"EntryPoint","urlTemplate":"https:\/\/psol50.org.br\/?s={search_term_string}"},"query-input":{"@type":"PropertyValueSpecification","valueRequired":true,"valueName":"search_term_string"}}],"inLanguage":"pt-BR"},{"@type":"Organization","@id":"https:\/\/psol50.org.br\/#organization","name":"PSOL 50","alternateName":"PSOL 50","url":"https:\/\/psol50.org.br\/","logo":{"@type":"ImageObject","inLanguage":"pt-BR","@id":"https:\/\/psol50.org.br\/#\/schema\/logo\/image\/","url":"https:\/\/psol50.org.br\/inc\/uploads\/2018\/07\/capa.png","contentUrl":"https:\/\/psol50.org.br\/inc\/uploads\/2018\/07\/capa.png","width":1350,"height":900,"caption":"PSOL 50"},"image":{"@id":"https:\/\/psol50.org.br\/#\/schema\/logo\/image\/"},"sameAs":["https:\/\/www.facebook.com\/psol50","https:\/\/x.com\/psol50","https:\/\/www.instagram.com\/psol50\/","https:\/\/www.youtube.com\/channel\/UC7SnJS5o1os7a6CaiNabzcg"]},{"@type":"Person","@id":"https:\/\/psol50.org.br\/#\/schema\/person\/475dfa57d0b815993c714c2e96491fcd","name":"Comunica\u00e7\u00e3o PSOL","image":{"@type":"ImageObject","inLanguage":"pt-BR","@id":"https:\/\/psol50.org.br\/#\/schema\/person\/image\/","url":"https:\/\/secure.gravatar.com\/avatar\/b34fc4f4e468a4e51785917065a3db57b841f5c95dba6ad8c73aaf8f66f8f9bf?s=96&d=mm&r=g","contentUrl":"https:\/\/secure.gravatar.com\/avatar\/b34fc4f4e468a4e51785917065a3db57b841f5c95dba6ad8c73aaf8f66f8f9bf?s=96&d=mm&r=g","caption":"Comunica\u00e7\u00e3o PSOL"}}]}},"_links":{"self":[{"href":"https:\/\/psol50.org.br\/rest\/wp\/v2\/posts\/15373","targetHints":{"allow":["GET"]}}],"collection":[{"href":"https:\/\/psol50.org.br\/rest\/wp\/v2\/posts"}],"about":[{"href":"https:\/\/psol50.org.br\/rest\/wp\/v2\/types\/post"}],"author":[{"embeddable":true,"href":"https:\/\/psol50.org.br\/rest\/wp\/v2\/users\/2"}],"replies":[{"embeddable":true,"href":"https:\/\/psol50.org.br\/rest\/wp\/v2\/comments?post=15373"}],"version-history":[{"count":0,"href":"https:\/\/psol50.org.br\/rest\/wp\/v2\/posts\/15373\/revisions"}],"wp:featuredmedia":[{"embeddable":true,"href":"https:\/\/psol50.org.br\/rest\/"}],"wp:attachment":[{"href":"https:\/\/psol50.org.br\/rest\/wp\/v2\/media?parent=15373"}],"wp:term":[{"taxonomy":"category","embeddable":true,"href":"https:\/\/psol50.org.br\/rest\/wp\/v2\/categories?post=15373"},{"taxonomy":"post_tag","embeddable":true,"href":"https:\/\/psol50.org.br\/rest\/wp\/v2\/tags?post=15373"}],"curies":[{"name":"wp","href":"https:\/\/api.w.org\/{rel}","templated":true}]}}